{"id":11604,"date":"2023-05-16T08:09:38","date_gmt":"2023-05-16T06:09:38","guid":{"rendered":"https:\/\/encompaniastj.org\/estivemos-em-fatima-mta-centro-de-elvas\/"},"modified":"2025-07-07T16:24:26","modified_gmt":"2025-07-07T14:24:26","slug":"estivemos-em-fatima-mta-centro-de-elvas","status":"publish","type":"post","link":"https:\/\/encompaniastj.org\/pt-pt\/estivemos-em-fatima-mta-centro-de-elvas\/","title":{"rendered":"Estivemos em F\u00e1tima-MTA Centro de Elvas"},"content":{"rendered":"<p>Na Peregrina\u00e7\u00e3o Internacional de 12 e 13 de Maio, em F\u00e1tima, O MTA do Centro de Elvas esteve presente.<\/p>\n<p>De autocarro e alguns a p\u00e9 ali estivemos, cerca 70 pessoas do MTA e da Fam\u00edlia Teresiana ligada ao Centro de Elvas-Portugal.<\/p>\n<p>N\u00e3o arredamos p\u00e9 na noite do dia 12 e na manh\u00e3 do dia 13 rezando e louvando a Deus, com Maria, por toda a fam\u00edlia teresiana. Ainda tivemos tempo para fazer a Via Sacra, na tarde de 12 de Maio, na Zona dos Valinhos e Calv\u00e1rio h\u00fangaro, lugares muito simb\u00f3licos para a Espiritualidade de F\u00e1tima.<\/p>\n<p>Este ano presidiu \u00e0s celebra\u00e7\u00f5es o cardeal, Pietro Parolin, secret\u00e1rio de Estado do Vaticano.<\/p>\n<p>Perante centenas de milhares de fi\u00e9is, o cardeal lembrou-nos que a maternidade de Maria \u00e9 universal e que a sua mensagem confiada aos pastorinhos em F\u00e1tima \u00e9 atual.<\/p>\n<p>Perante centenas de milhares de peregrinos a perder de vista, muitos deles provenientes de v\u00e1rios continentes, o Secret\u00e1rio de Estado do Vaticano afirmou que <strong>a maternidade de Maria \u00e9 universal<\/strong>, pois \u201cn\u00e3o conhece os muros das diversidades culturais, sociais, pol\u00edticas; antes, pelo contr\u00e1rio, ensina a dilatar os espa\u00e7os da Igreja, para que seja a Comunidade onde a harmonia das diferen\u00e7as inutiliza a vontade de dom\u00ednio e homologa\u00e7\u00e3o, ao servi\u00e7o da qual tantas vezes est\u00e3o injustamente as leis humanas seja por cumplicidade seja por cobardia.\u201d<\/p>\n<p>O cardeal Parolin recordou ainda as duas palavras-chave que irradiam deste lugar santo da Cova da Iria<strong>: \u201cPenit\u00eancia e Ora\u00e7\u00e3o\u201d.<\/strong> \u201cA penit\u00eancia aut\u00eantica faz-nos crescer numa justa rela\u00e7\u00e3o com o pr\u00f3ximo; a ora\u00e7\u00e3o verdadeira educa-nos para o encontro com a Sant\u00edssima Trindade. Pe\u00e7amos ao Senhor Jesus, amparados pela santa M\u00e3e de Deus, que aquelas palavras nunca se afastem do nosso cora\u00e7\u00e3o\u201d, pediu Parolin no final da homilia.<\/p>\n<p>E n\u00f3s como MTA e Fam\u00edlia Teresiana ali rezamos por toda a companhia e pudemos sentir o que Henrique de Oss\u00f3 sentiu tamb\u00e9m um dia:<\/p>\n<p>\u201cCANSADOS DE CAMINHAR VIEMOS A TEUS P\u00c9S\u2026\u201d<\/p>\n<p>\u201cJUNTO DE V\u00d3S ENCONTRAMOS A PAZ PERDIDA\u201d<\/p>\n<p>(Maria de F\u00e1tima Magalh\u00e3es stj)<\/p>\n<p>&nbsp;<\/p>\n<p><img loading=\"lazy\" decoding=\"async\" class=\"aligncenter wp-image-11341 size-large\" src=\"https:\/\/encompaniastj.org\/wp-content\/uploads\/2025\/05\/Bandeira-do-MTA-em-Fatima-scaled.jpg\" alt=\"\" width=\"1024\" height=\"821\" \/><\/p>\n<p><img loading=\"lazy\" decoding=\"async\" class=\"aligncenter wp-image-11343 size-large\" src=\"https:\/\/encompaniastj.org\/wp-content\/uploads\/2025\/05\/Fatima-G-2.jpg\" alt=\"\" width=\"768\" height=\"1024\" \/><\/p>\n","protected":false},"excerpt":{"rendered":"<p>Na Peregrina\u00e7\u00e3o Internacional de 12 e 13 de Maio, em F\u00e1tima, O MTA do Centro de Elvas esteve presente. De autocarro e alguns a p\u00e9 ali estivemos, cerca 70 pessoas [&hellip;]<\/p>\n","protected":false},"author":1,"featured_media":8361,"comment_status":"open","ping_status":"open","sticky":false,"template":"","format":"standard","meta":{"_acf_changed":false,"footnotes":""},"categories":[81],"tags":[],"class_list":["post-11604","post","type-post","status-publish","format-standard","has-post-thumbnail","hentry","category-stj-pt"],"acf":[],"yoast_head":"<!-- This site is optimized with the Yoast SEO plugin v27.5 - https:\/\/yoast.com\/product\/yoast-seo-wordpress\/ -->\n<title>Estivemos em F\u00e1tima-MTA Centro de Elvas - En Compa\u00f1\u00eda STJ<\/title>\n<meta name=\"robots\" content=\"index, follow, max-snippet:-1, max-image-preview:large, max-video-preview:-1\" \/>\n<link rel=\"canonical\" href=\"https:\/\/encompaniastj.org\/pt-pt\/estivemos-em-fatima-mta-centro-de-elvas\/\" \/>\n<meta property=\"og:locale\" content=\"pt_PT\" \/>\n<meta property=\"og:type\" content=\"article\" \/>\n<meta property=\"og:title\" content=\"Estivemos em F\u00e1tima-MTA Centro de Elvas - En Compa\u00f1\u00eda STJ\" \/>\n<meta property=\"og:description\" content=\"Na Peregrina\u00e7\u00e3o Internacional de 12 e 13 de Maio, em F\u00e1tima, O MTA do Centro de Elvas esteve presente. De autocarro e alguns a p\u00e9 ali estivemos, cerca 70 pessoas [&hellip;]\" \/>\n<meta property=\"og:url\" content=\"https:\/\/encompaniastj.org\/pt-pt\/estivemos-em-fatima-mta-centro-de-elvas\/\" \/>\n<meta property=\"og:site_name\" content=\"En Compa\u00f1\u00eda STJ\" \/>\n<meta property=\"article:published_time\" content=\"2023-05-16T06:09:38+00:00\" \/>\n<meta property=\"article:modified_time\" content=\"2025-07-07T14:24:26+00:00\" \/>\n<meta property=\"og:image\" content=\"https:\/\/encompaniastj.org\/wp-content\/uploads\/2025\/05\/Noite-de-12-de-maio.jpg\" \/>\n\t<meta property=\"og:image:width\" content=\"2500\" \/>\n\t<meta property=\"og:image:height\" content=\"1405\" \/>\n\t<meta property=\"og:image:type\" content=\"image\/jpeg\" \/>\n<meta name=\"author\" content=\"admin\" \/>\n<meta name=\"twitter:card\" content=\"summary_large_image\" \/>\n<meta name=\"twitter:label1\" content=\"Escrito por\" \/>\n\t<meta name=\"twitter:data1\" content=\"admin\" \/>\n\t<meta name=\"twitter:label2\" content=\"Tempo estimado de leitura\" \/>\n\t<meta name=\"twitter:data2\" content=\"2 minutos\" \/>\n<script type=\"application\/ld+json\" class=\"yoast-schema-graph\">{\"@context\":\"https:\\\/\\\/schema.org\",\"@graph\":[{\"@type\":\"Article\",\"@id\":\"https:\\\/\\\/encompaniastj.org\\\/pt-pt\\\/estivemos-em-fatima-mta-centro-de-elvas\\\/#article\",\"isPartOf\":{\"@id\":\"https:\\\/\\\/encompaniastj.org\\\/pt-pt\\\/estivemos-em-fatima-mta-centro-de-elvas\\\/\"},\"author\":{\"name\":\"admin\",\"@id\":\"https:\\\/\\\/encompaniastj.org\\\/pt-pt\\\/#\\\/schema\\\/person\\\/520e7ecc314793d40091993c2a02b651\"},\"headline\":\"Estivemos em F\u00e1tima-MTA Centro de Elvas\",\"datePublished\":\"2023-05-16T06:09:38+00:00\",\"dateModified\":\"2025-07-07T14:24:26+00:00\",\"mainEntityOfPage\":{\"@id\":\"https:\\\/\\\/encompaniastj.org\\\/pt-pt\\\/estivemos-em-fatima-mta-centro-de-elvas\\\/\"},\"wordCount\":374,\"commentCount\":0,\"publisher\":{\"@id\":\"https:\\\/\\\/encompaniastj.org\\\/pt-pt\\\/#organization\"},\"image\":{\"@id\":\"https:\\\/\\\/encompaniastj.org\\\/pt-pt\\\/estivemos-em-fatima-mta-centro-de-elvas\\\/#primaryimage\"},\"thumbnailUrl\":\"https:\\\/\\\/encompaniastj.org\\\/wp-content\\\/uploads\\\/2025\\\/05\\\/Noite-de-12-de-maio.jpg\",\"articleSection\":[\"STJ pt\"],\"inLanguage\":\"pt-PT\",\"potentialAction\":[{\"@type\":\"CommentAction\",\"name\":\"Comment\",\"target\":[\"https:\\\/\\\/encompaniastj.org\\\/pt-pt\\\/estivemos-em-fatima-mta-centro-de-elvas\\\/#respond\"]}]},{\"@type\":\"WebPage\",\"@id\":\"https:\\\/\\\/encompaniastj.org\\\/pt-pt\\\/estivemos-em-fatima-mta-centro-de-elvas\\\/\",\"url\":\"https:\\\/\\\/encompaniastj.org\\\/pt-pt\\\/estivemos-em-fatima-mta-centro-de-elvas\\\/\",\"name\":\"Estivemos em F\u00e1tima-MTA Centro de Elvas - En Compa\u00f1\u00eda STJ\",\"isPartOf\":{\"@id\":\"https:\\\/\\\/encompaniastj.org\\\/pt-pt\\\/#website\"},\"primaryImageOfPage\":{\"@id\":\"https:\\\/\\\/encompaniastj.org\\\/pt-pt\\\/estivemos-em-fatima-mta-centro-de-elvas\\\/#primaryimage\"},\"image\":{\"@id\":\"https:\\\/\\\/encompaniastj.org\\\/pt-pt\\\/estivemos-em-fatima-mta-centro-de-elvas\\\/#primaryimage\"},\"thumbnailUrl\":\"https:\\\/\\\/encompaniastj.org\\\/wp-content\\\/uploads\\\/2025\\\/05\\\/Noite-de-12-de-maio.jpg\",\"datePublished\":\"2023-05-16T06:09:38+00:00\",\"dateModified\":\"2025-07-07T14:24:26+00:00\",\"breadcrumb\":{\"@id\":\"https:\\\/\\\/encompaniastj.org\\\/pt-pt\\\/estivemos-em-fatima-mta-centro-de-elvas\\\/#breadcrumb\"},\"inLanguage\":\"pt-PT\",\"potentialAction\":[{\"@type\":\"ReadAction\",\"target\":[\"https:\\\/\\\/encompaniastj.org\\\/pt-pt\\\/estivemos-em-fatima-mta-centro-de-elvas\\\/\"]}]},{\"@type\":\"ImageObject\",\"inLanguage\":\"pt-PT\",\"@id\":\"https:\\\/\\\/encompaniastj.org\\\/pt-pt\\\/estivemos-em-fatima-mta-centro-de-elvas\\\/#primaryimage\",\"url\":\"https:\\\/\\\/encompaniastj.org\\\/wp-content\\\/uploads\\\/2025\\\/05\\\/Noite-de-12-de-maio.jpg\",\"contentUrl\":\"https:\\\/\\\/encompaniastj.org\\\/wp-content\\\/uploads\\\/2025\\\/05\\\/Noite-de-12-de-maio.jpg\",\"width\":2500,\"height\":1405},{\"@type\":\"BreadcrumbList\",\"@id\":\"https:\\\/\\\/encompaniastj.org\\\/pt-pt\\\/estivemos-em-fatima-mta-centro-de-elvas\\\/#breadcrumb\",\"itemListElement\":[{\"@type\":\"ListItem\",\"position\":1,\"name\":\"Portada\",\"item\":\"https:\\\/\\\/encompaniastj.org\\\/pt-pt\\\/\"},{\"@type\":\"ListItem\",\"position\":2,\"name\":\"Estivemos em F\u00e1tima-MTA Centro de Elvas\"}]},{\"@type\":\"WebSite\",\"@id\":\"https:\\\/\\\/encompaniastj.org\\\/pt-pt\\\/#website\",\"url\":\"https:\\\/\\\/encompaniastj.org\\\/pt-pt\\\/\",\"name\":\"En Compa\u00f1\u00eda STJ\",\"description\":\"Bolet\u00edn de la Compa\u00f1\u00eda de Santa Teresa de Jes\u00fas\",\"publisher\":{\"@id\":\"https:\\\/\\\/encompaniastj.org\\\/pt-pt\\\/#organization\"},\"potentialAction\":[{\"@type\":\"SearchAction\",\"target\":{\"@type\":\"EntryPoint\",\"urlTemplate\":\"https:\\\/\\\/encompaniastj.org\\\/pt-pt\\\/?s={search_term_string}\"},\"query-input\":{\"@type\":\"PropertyValueSpecification\",\"valueRequired\":true,\"valueName\":\"search_term_string\"}}],\"inLanguage\":\"pt-PT\"},{\"@type\":\"Organization\",\"@id\":\"https:\\\/\\\/encompaniastj.org\\\/pt-pt\\\/#organization\",\"name\":\"Compa\u00f1\u00eda de Santa Teresa de Jes\u00fas\",\"url\":\"https:\\\/\\\/encompaniastj.org\\\/pt-pt\\\/\",\"logo\":{\"@type\":\"ImageObject\",\"inLanguage\":\"pt-PT\",\"@id\":\"https:\\\/\\\/encompaniastj.org\\\/pt-pt\\\/#\\\/schema\\\/logo\\\/image\\\/\",\"url\":\"https:\\\/\\\/encompaniastj.org\\\/wp-content\\\/uploads\\\/2025\\\/04\\\/logo_provincias02-1-3.png\",\"contentUrl\":\"https:\\\/\\\/encompaniastj.org\\\/wp-content\\\/uploads\\\/2025\\\/04\\\/logo_provincias02-1-3.png\",\"width\":2368,\"height\":825,\"caption\":\"Compa\u00f1\u00eda de Santa Teresa de Jes\u00fas\"},\"image\":{\"@id\":\"https:\\\/\\\/encompaniastj.org\\\/pt-pt\\\/#\\\/schema\\\/logo\\\/image\\\/\"}},{\"@type\":\"Person\",\"@id\":\"https:\\\/\\\/encompaniastj.org\\\/pt-pt\\\/#\\\/schema\\\/person\\\/520e7ecc314793d40091993c2a02b651\",\"name\":\"admin\",\"image\":{\"@type\":\"ImageObject\",\"inLanguage\":\"pt-PT\",\"@id\":\"https:\\\/\\\/secure.gravatar.com\\\/avatar\\\/948b492cce32b586ac2db0eaa926ee87024f7afe218d73b397ea5ddfc5f43ea1?s=96&d=mm&r=g\",\"url\":\"https:\\\/\\\/secure.gravatar.com\\\/avatar\\\/948b492cce32b586ac2db0eaa926ee87024f7afe218d73b397ea5ddfc5f43ea1?s=96&d=mm&r=g\",\"contentUrl\":\"https:\\\/\\\/secure.gravatar.com\\\/avatar\\\/948b492cce32b586ac2db0eaa926ee87024f7afe218d73b397ea5ddfc5f43ea1?s=96&d=mm&r=g\",\"caption\":\"admin\"},\"sameAs\":[\"https:\\\/\\\/encompaniastj.org\"],\"url\":\"https:\\\/\\\/encompaniastj.org\\\/pt-pt\\\/author\\\/sjdigital\\\/\"}]}<\/script>\n<!-- \/ Yoast SEO plugin. -->","yoast_head_json":{"title":"Estivemos em F\u00e1tima-MTA Centro de Elvas - En Compa\u00f1\u00eda STJ","robots":{"index":"index","follow":"follow","max-snippet":"max-snippet:-1","max-image-preview":"max-image-preview:large","max-video-preview":"max-video-preview:-1"},"canonical":"https:\/\/encompaniastj.org\/pt-pt\/estivemos-em-fatima-mta-centro-de-elvas\/","og_locale":"pt_PT","og_type":"article","og_title":"Estivemos em F\u00e1tima-MTA Centro de Elvas - En Compa\u00f1\u00eda STJ","og_description":"Na Peregrina\u00e7\u00e3o Internacional de 12 e 13 de Maio, em F\u00e1tima, O MTA do Centro de Elvas esteve presente. De autocarro e alguns a p\u00e9 ali estivemos, cerca 70 pessoas [&hellip;]","og_url":"https:\/\/encompaniastj.org\/pt-pt\/estivemos-em-fatima-mta-centro-de-elvas\/","og_site_name":"En Compa\u00f1\u00eda STJ","article_published_time":"2023-05-16T06:09:38+00:00","article_modified_time":"2025-07-07T14:24:26+00:00","og_image":[{"width":2500,"height":1405,"url":"https:\/\/encompaniastj.org\/wp-content\/uploads\/2025\/05\/Noite-de-12-de-maio.jpg","type":"image\/jpeg"}],"author":"admin","twitter_card":"summary_large_image","twitter_misc":{"Escrito por":"admin","Tempo estimado de leitura":"2 minutos"},"schema":{"@context":"https:\/\/schema.org","@graph":[{"@type":"Article","@id":"https:\/\/encompaniastj.org\/pt-pt\/estivemos-em-fatima-mta-centro-de-elvas\/#article","isPartOf":{"@id":"https:\/\/encompaniastj.org\/pt-pt\/estivemos-em-fatima-mta-centro-de-elvas\/"},"author":{"name":"admin","@id":"https:\/\/encompaniastj.org\/pt-pt\/#\/schema\/person\/520e7ecc314793d40091993c2a02b651"},"headline":"Estivemos em F\u00e1tima-MTA Centro de Elvas","datePublished":"2023-05-16T06:09:38+00:00","dateModified":"2025-07-07T14:24:26+00:00","mainEntityOfPage":{"@id":"https:\/\/encompaniastj.org\/pt-pt\/estivemos-em-fatima-mta-centro-de-elvas\/"},"wordCount":374,"commentCount":0,"publisher":{"@id":"https:\/\/encompaniastj.org\/pt-pt\/#organization"},"image":{"@id":"https:\/\/encompaniastj.org\/pt-pt\/estivemos-em-fatima-mta-centro-de-elvas\/#primaryimage"},"thumbnailUrl":"https:\/\/encompaniastj.org\/wp-content\/uploads\/2025\/05\/Noite-de-12-de-maio.jpg","articleSection":["STJ pt"],"inLanguage":"pt-PT","potentialAction":[{"@type":"CommentAction","name":"Comment","target":["https:\/\/encompaniastj.org\/pt-pt\/estivemos-em-fatima-mta-centro-de-elvas\/#respond"]}]},{"@type":"WebPage","@id":"https:\/\/encompaniastj.org\/pt-pt\/estivemos-em-fatima-mta-centro-de-elvas\/","url":"https:\/\/encompaniastj.org\/pt-pt\/estivemos-em-fatima-mta-centro-de-elvas\/","name":"Estivemos em F\u00e1tima-MTA Centro de Elvas - En Compa\u00f1\u00eda STJ","isPartOf":{"@id":"https:\/\/encompaniastj.org\/pt-pt\/#website"},"primaryImageOfPage":{"@id":"https:\/\/encompaniastj.org\/pt-pt\/estivemos-em-fatima-mta-centro-de-elvas\/#primaryimage"},"image":{"@id":"https:\/\/encompaniastj.org\/pt-pt\/estivemos-em-fatima-mta-centro-de-elvas\/#primaryimage"},"thumbnailUrl":"https:\/\/encompaniastj.org\/wp-content\/uploads\/2025\/05\/Noite-de-12-de-maio.jpg","datePublished":"2023-05-16T06:09:38+00:00","dateModified":"2025-07-07T14:24:26+00:00","breadcrumb":{"@id":"https:\/\/encompaniastj.org\/pt-pt\/estivemos-em-fatima-mta-centro-de-elvas\/#breadcrumb"},"inLanguage":"pt-PT","potentialAction":[{"@type":"ReadAction","target":["https:\/\/encompaniastj.org\/pt-pt\/estivemos-em-fatima-mta-centro-de-elvas\/"]}]},{"@type":"ImageObject","inLanguage":"pt-PT","@id":"https:\/\/encompaniastj.org\/pt-pt\/estivemos-em-fatima-mta-centro-de-elvas\/#primaryimage","url":"https:\/\/encompaniastj.org\/wp-content\/uploads\/2025\/05\/Noite-de-12-de-maio.jpg","contentUrl":"https:\/\/encompaniastj.org\/wp-content\/uploads\/2025\/05\/Noite-de-12-de-maio.jpg","width":2500,"height":1405},{"@type":"BreadcrumbList","@id":"https:\/\/encompaniastj.org\/pt-pt\/estivemos-em-fatima-mta-centro-de-elvas\/#breadcrumb","itemListElement":[{"@type":"ListItem","position":1,"name":"Portada","item":"https:\/\/encompaniastj.org\/pt-pt\/"},{"@type":"ListItem","position":2,"name":"Estivemos em F\u00e1tima-MTA Centro de Elvas"}]},{"@type":"WebSite","@id":"https:\/\/encompaniastj.org\/pt-pt\/#website","url":"https:\/\/encompaniastj.org\/pt-pt\/","name":"En Compa\u00f1\u00eda STJ","description":"Bolet\u00edn de la Compa\u00f1\u00eda de Santa Teresa de Jes\u00fas","publisher":{"@id":"https:\/\/encompaniastj.org\/pt-pt\/#organization"},"potentialAction":[{"@type":"SearchAction","target":{"@type":"EntryPoint","urlTemplate":"https:\/\/encompaniastj.org\/pt-pt\/?s={search_term_string}"},"query-input":{"@type":"PropertyValueSpecification","valueRequired":true,"valueName":"search_term_string"}}],"inLanguage":"pt-PT"},{"@type":"Organization","@id":"https:\/\/encompaniastj.org\/pt-pt\/#organization","name":"Compa\u00f1\u00eda de Santa Teresa de Jes\u00fas","url":"https:\/\/encompaniastj.org\/pt-pt\/","logo":{"@type":"ImageObject","inLanguage":"pt-PT","@id":"https:\/\/encompaniastj.org\/pt-pt\/#\/schema\/logo\/image\/","url":"https:\/\/encompaniastj.org\/wp-content\/uploads\/2025\/04\/logo_provincias02-1-3.png","contentUrl":"https:\/\/encompaniastj.org\/wp-content\/uploads\/2025\/04\/logo_provincias02-1-3.png","width":2368,"height":825,"caption":"Compa\u00f1\u00eda de Santa Teresa de Jes\u00fas"},"image":{"@id":"https:\/\/encompaniastj.org\/pt-pt\/#\/schema\/logo\/image\/"}},{"@type":"Person","@id":"https:\/\/encompaniastj.org\/pt-pt\/#\/schema\/person\/520e7ecc314793d40091993c2a02b651","name":"admin","image":{"@type":"ImageObject","inLanguage":"pt-PT","@id":"https:\/\/secure.gravatar.com\/avatar\/948b492cce32b586ac2db0eaa926ee87024f7afe218d73b397ea5ddfc5f43ea1?s=96&d=mm&r=g","url":"https:\/\/secure.gravatar.com\/avatar\/948b492cce32b586ac2db0eaa926ee87024f7afe218d73b397ea5ddfc5f43ea1?s=96&d=mm&r=g","contentUrl":"https:\/\/secure.gravatar.com\/avatar\/948b492cce32b586ac2db0eaa926ee87024f7afe218d73b397ea5ddfc5f43ea1?s=96&d=mm&r=g","caption":"admin"},"sameAs":["https:\/\/encompaniastj.org"],"url":"https:\/\/encompaniastj.org\/pt-pt\/author\/sjdigital\/"}]}},"_links":{"self":[{"href":"https:\/\/encompaniastj.org\/pt-pt\/wp-json\/wp\/v2\/posts\/11604","targetHints":{"allow":["GET"]}}],"collection":[{"href":"https:\/\/encompaniastj.org\/pt-pt\/wp-json\/wp\/v2\/posts"}],"about":[{"href":"https:\/\/encompaniastj.org\/pt-pt\/wp-json\/wp\/v2\/types\/post"}],"author":[{"embeddable":true,"href":"https:\/\/encompaniastj.org\/pt-pt\/wp-json\/wp\/v2\/users\/1"}],"replies":[{"embeddable":true,"href":"https:\/\/encompaniastj.org\/pt-pt\/wp-json\/wp\/v2\/comments?post=11604"}],"version-history":[{"count":1,"href":"https:\/\/encompaniastj.org\/pt-pt\/wp-json\/wp\/v2\/posts\/11604\/revisions"}],"predecessor-version":[{"id":11605,"href":"https:\/\/encompaniastj.org\/pt-pt\/wp-json\/wp\/v2\/posts\/11604\/revisions\/11605"}],"wp:featuredmedia":[{"embeddable":true,"href":"https:\/\/encompaniastj.org\/pt-pt\/wp-json\/wp\/v2\/media\/8361"}],"wp:attachment":[{"href":"https:\/\/encompaniastj.org\/pt-pt\/wp-json\/wp\/v2\/media?parent=11604"}],"wp:term":[{"taxonomy":"category","embeddable":true,"href":"https:\/\/encompaniastj.org\/pt-pt\/wp-json\/wp\/v2\/categories?post=11604"},{"taxonomy":"post_tag","embeddable":true,"href":"https:\/\/encompaniastj.org\/pt-pt\/wp-json\/wp\/v2\/tags?post=11604"}],"curies":[{"name":"wp","href":"https:\/\/api.w.org\/{rel}","templated":true}]}}