{"id":11594,"date":"2023-05-05T06:34:49","date_gmt":"2023-05-05T04:34:49","guid":{"rendered":"https:\/\/encompaniastj.org\/comunidade-de-barcelona-napols\/"},"modified":"2025-07-07T16:24:25","modified_gmt":"2025-07-07T14:24:25","slug":"comunidade-de-barcelona-napols","status":"publish","type":"post","link":"https:\/\/encompaniastj.org\/pt-pt\/comunidade-de-barcelona-napols\/","title":{"rendered":"Comunidade de Barcelona-N\u00e0pols"},"content":{"rendered":"<h4><strong>DOIS ACONTECIMENTOS PARA DAR GRA\u00c7AS A DEUS<\/strong><\/h4>\n<p>A nossa comunidade viveu nesta semana dois eventos festivos que nos deixaram um gosto muito bom e que queremos partilhar com o resto da prov\u00edncia. Contamos.<\/p>\n<h4>Um convidado excepcional<\/h4>\n<p>No domingo, dia 16 de abril, tivemos um convidado excecional: Juan Mart\u00edn Askaiturrieta, Provincial dos Padres Claretianos da Catalunha. H\u00e1 pouco foi nomeado e, quando o cumpriment\u00e1mos um dia na igreja claretiana que, como sabem, est\u00e1 em frente \u00e0 nossa casa, disse-nos que era um ex-aluno do nosso col\u00e9gio em San Sebasti\u00e1n, onde tinha estado desde os 4 anos, at\u00e9 os 18, assim como todos os seus irm\u00e3os. Ele tamb\u00e9m acrescentou que tinha uma mem\u00f3ria maravilhosa e indel\u00e9vel daqueles anos escolares. Imediatamente se produziu a empatia entre ele e n\u00f3s e combinamos que um dia ele viria comer connosco. E assim foi.<\/p>\n<p>Foi uma refei\u00e7\u00e3o muito cordial em que ele partilhou algumas mem\u00f3rias do &#8220;seu col\u00e9gio&#8221;, contamos anedotas escolares, rimos muito e verificamos que Juan Mart\u00edn \u00e9 um homem fascinado pela educa\u00e7\u00e3o (sente um pouco da sua situa\u00e7\u00e3o anterior no col\u00e9gio de Bilbau) e cheio de projetos apost\u00f3licos. Tamb\u00e9m convers\u00e1mos sobre a juventude, voca\u00e7\u00f5es, a sua congrega\u00e7\u00e3o e a nossa&#8230; Em suma, estabelecemos com ele uma rela\u00e7\u00e3o muito boa que pode abrir a porta para um melhor conhecimento do ambiente e para colaborar num projeto no futuro<\/p>\n<h4>Apresenta\u00e7\u00e3o do novo livro da irm\u00e3 Vict\u00f3ria Molins<\/h4>\n<p>No dia 19, quarta-feira, \u00e0s 19 horas, no Hospital de Campanya da par\u00f3quia de Santa Anna, foi apresentado o \u00faltimo livro de nossa irm\u00e3 M. Vict\u00f3ria Molins. Chama-se ABRA\u00c7ADES (em portugu\u00eas ABRA\u00c7OS). Com o estilo narrativo e coloquial que a caracteriza, Vict\u00f3ria relata as suas experi\u00eancias dando e recebendo abra\u00e7os de diferentes pessoas. \u00c9 um livro que transborda ternura, amor, gratid\u00e3o&#8230; tudo o que nos constitui como pessoas e que vem de uma experi\u00eancia do evangelho de Jesus.<\/p>\n<p>A apresenta\u00e7\u00e3o esteve a cargo de Monsenhor Peio S\u00e1nchez, um dos promotores do Hospital de Campanya, que prefacia o livro, e Marina Rosell, reconhecida cantora e compositora; ambos s\u00e3o queridos amigos. Os aplausos n\u00e3o foram s\u00f3 para eles como tamb\u00e9m recompensaram a presen\u00e7a e as palavras de Dabo, um senegal\u00eas que chegou a Espanha de barco e que hoje faz parte da nossa fam\u00edlia. \u00c9 ele quem protagoniza o abra\u00e7o na capa do livro, e exprimiu emocionado a sua forte vincula\u00e7\u00e3o com Santa Anna e como mudou sua vida. As palavras de Vict\u00f3ria agradecendo a presen\u00e7a, amizade e apoio de todos terminaram com um pedido a Marina Rosell: uma m\u00fasica composta por ela com alguns versos do C\u00e2ntico Espiritual de Joan Maragall que dizem assim:<\/p>\n<p><em>Se o mundo j\u00e1 \u00e9 t\u00e3o lindo, Senhor, se olharmos para ele com a tua paz dentro dos olhos, o que mais nos podes dar na outra vida?<\/em><\/p>\n<p><em>&#8230;<\/em><\/p>\n<p><em>E quando chegar a hora do medo quando esses olhos humanos se fecharem, abre-me, Senhor, uns maiores para contemplar o teu rosto imenso. Que a morte seja um nascimento maior para mim!<\/em><\/p>\n<p>Se o mundo j\u00e1 \u00e9 t\u00e3o belo e se reflete, \u00f3 Senhor, com a tua paz nos olhos,<\/p>\n<p>o que mais nos podes dar na outra vida?<\/p>\n<p><em>\u2026<\/em><\/p>\n<p><em>E quando chegar a hora dos medos<\/em><\/p>\n<p><em>Quando estes olhos t\u00e3o humanos se fecharem, abre-me, Senhor, outros maiores, para<\/em><\/p>\n<p><em>poder olhar para o teu rosto imenso.<\/em><\/p>\n<p><em>\u00a0Que a morte seja outra Vida que se inicia!<\/em><\/p>\n<p>Entre o p\u00fablico, que ocupou grande parte da igreja, estavam, claro, as irm\u00e3s da nossa comunidade, volunt\u00e1rios do Hospital, pessoas que quiseram conhecer a Vit\u00f3ria e, sobretudo, amigos, muitos amigos de longa data, de tempos passados e tempos atuais. \u00c9 not\u00e1vel que a \u201cmesa da fraternidade\u201d que se vive no Hospital Campanya se expande cada vez mais. N\u00e3o \u00e9 que trabalhemos juntos, mas que vivamos, nos \u201cenvolvamos\u201d e SOMOS COM OUTROS e OUTRAS de diferentes origens, ocupa\u00e7\u00f5es, trabalhos, fam\u00edlias, religi\u00f5es. Unidos, n\u00e3o apenas juntos, estamos fazendo e abrindo caminhos para o Reino.<\/p>\n<p>Em seguida, os diversos participantes aproximaram-se para que Vict\u00f3ria autografasse o livro para eles.<\/p>\n<p>Um dia maravilhoso e, diga-se de passagem, em que tantos livros foram vendidos que a primeira edi\u00e7\u00e3o esgotou.<\/p>\n<p><img loading=\"lazy\" decoding=\"async\" class=\"aligncenter wp-image-11287 size-large\" src=\"https:\/\/encompaniastj.org\/wp-content\/uploads\/2025\/05\/IMG-20230419-WA0026.jpg\" alt=\"\" width=\"1024\" height=\"768\" \/><\/p>\n<p><img loading=\"lazy\" decoding=\"async\" class=\"aligncenter wp-image-11285 size-large\" src=\"https:\/\/encompaniastj.org\/wp-content\/uploads\/2025\/05\/IMG-20230419-WA0025.jpg\" alt=\"\" width=\"1024\" height=\"768\" \/><\/p>\n<p><img loading=\"lazy\" decoding=\"async\" class=\"aligncenter wp-image-11289 size-large\" src=\"https:\/\/encompaniastj.org\/wp-content\/uploads\/2025\/05\/IMG-20230419-WA0027.jpg\" alt=\"\" width=\"1024\" height=\"768\" \/><\/p>\n","protected":false},"excerpt":{"rendered":"<p>DOIS ACONTECIMENTOS PARA DAR GRA\u00c7AS A DEUS A nossa comunidade viveu nesta semana dois eventos festivos que nos deixaram um gosto muito bom e que queremos partilhar com o resto [&hellip;]<\/p>\n","protected":false},"author":1,"featured_media":8354,"comment_status":"open","ping_status":"open","sticky":false,"template":"","format":"standard","meta":{"_acf_changed":false,"footnotes":""},"categories":[61,62,68],"tags":[],"class_list":["post-11594","post","type-post","status-publish","format-standard","has-post-thumbnail","hentry","category-noticias","category-otras","category-outras"],"acf":[],"yoast_head":"<!-- This site is optimized with the Yoast SEO plugin v27.5 - https:\/\/yoast.com\/product\/yoast-seo-wordpress\/ -->\n<title>Comunidade de Barcelona-N\u00e0pols - En Compa\u00f1\u00eda STJ<\/title>\n<meta name=\"robots\" content=\"index, follow, max-snippet:-1, max-image-preview:large, max-video-preview:-1\" \/>\n<link rel=\"canonical\" href=\"https:\/\/encompaniastj.org\/pt-pt\/comunidade-de-barcelona-napols\/\" \/>\n<meta property=\"og:locale\" content=\"pt_PT\" \/>\n<meta property=\"og:type\" content=\"article\" \/>\n<meta property=\"og:title\" content=\"Comunidade de Barcelona-N\u00e0pols - En Compa\u00f1\u00eda STJ\" \/>\n<meta property=\"og:description\" content=\"DOIS ACONTECIMENTOS PARA DAR GRA\u00c7AS A DEUS A nossa comunidade viveu nesta semana dois eventos festivos que nos deixaram um gosto muito bom e que queremos partilhar com o resto [&hellip;]\" \/>\n<meta property=\"og:url\" content=\"https:\/\/encompaniastj.org\/pt-pt\/comunidade-de-barcelona-napols\/\" \/>\n<meta property=\"og:site_name\" content=\"En Compa\u00f1\u00eda STJ\" \/>\n<meta property=\"article:published_time\" content=\"2023-05-05T04:34:49+00:00\" \/>\n<meta property=\"article:modified_time\" content=\"2025-07-07T14:24:25+00:00\" \/>\n<meta property=\"og:image\" content=\"https:\/\/encompaniastj.org\/wp-content\/uploads\/2025\/05\/IMG-20230419-WA0036-1.jpg\" \/>\n\t<meta property=\"og:image:width\" content=\"1536\" \/>\n\t<meta property=\"og:image:height\" content=\"2048\" \/>\n\t<meta property=\"og:image:type\" content=\"image\/jpeg\" \/>\n<meta name=\"author\" content=\"admin\" \/>\n<meta name=\"twitter:card\" content=\"summary_large_image\" \/>\n<meta name=\"twitter:label1\" content=\"Escrito por\" \/>\n\t<meta name=\"twitter:data1\" content=\"admin\" \/>\n\t<meta name=\"twitter:label2\" content=\"Tempo estimado de leitura\" \/>\n\t<meta name=\"twitter:data2\" content=\"4 minutos\" \/>\n<script type=\"application\/ld+json\" class=\"yoast-schema-graph\">{\"@context\":\"https:\\\/\\\/schema.org\",\"@graph\":[{\"@type\":\"Article\",\"@id\":\"https:\\\/\\\/encompaniastj.org\\\/pt-pt\\\/comunidade-de-barcelona-napols\\\/#article\",\"isPartOf\":{\"@id\":\"https:\\\/\\\/encompaniastj.org\\\/pt-pt\\\/comunidade-de-barcelona-napols\\\/\"},\"author\":{\"name\":\"admin\",\"@id\":\"https:\\\/\\\/encompaniastj.org\\\/pt-pt\\\/#\\\/schema\\\/person\\\/520e7ecc314793d40091993c2a02b651\"},\"headline\":\"Comunidade de Barcelona-N\u00e0pols\",\"datePublished\":\"2023-05-05T04:34:49+00:00\",\"dateModified\":\"2025-07-07T14:24:25+00:00\",\"mainEntityOfPage\":{\"@id\":\"https:\\\/\\\/encompaniastj.org\\\/pt-pt\\\/comunidade-de-barcelona-napols\\\/\"},\"wordCount\":735,\"commentCount\":0,\"publisher\":{\"@id\":\"https:\\\/\\\/encompaniastj.org\\\/pt-pt\\\/#organization\"},\"image\":{\"@id\":\"https:\\\/\\\/encompaniastj.org\\\/pt-pt\\\/comunidade-de-barcelona-napols\\\/#primaryimage\"},\"thumbnailUrl\":\"https:\\\/\\\/encompaniastj.org\\\/wp-content\\\/uploads\\\/2025\\\/05\\\/IMG-20230419-WA0036-1.jpg\",\"articleSection\":[\"Noticias\",\"Otras\",\"Outras\"],\"inLanguage\":\"pt-PT\",\"potentialAction\":[{\"@type\":\"CommentAction\",\"name\":\"Comment\",\"target\":[\"https:\\\/\\\/encompaniastj.org\\\/pt-pt\\\/comunidade-de-barcelona-napols\\\/#respond\"]}]},{\"@type\":\"WebPage\",\"@id\":\"https:\\\/\\\/encompaniastj.org\\\/pt-pt\\\/comunidade-de-barcelona-napols\\\/\",\"url\":\"https:\\\/\\\/encompaniastj.org\\\/pt-pt\\\/comunidade-de-barcelona-napols\\\/\",\"name\":\"Comunidade de Barcelona-N\u00e0pols - En Compa\u00f1\u00eda STJ\",\"isPartOf\":{\"@id\":\"https:\\\/\\\/encompaniastj.org\\\/pt-pt\\\/#website\"},\"primaryImageOfPage\":{\"@id\":\"https:\\\/\\\/encompaniastj.org\\\/pt-pt\\\/comunidade-de-barcelona-napols\\\/#primaryimage\"},\"image\":{\"@id\":\"https:\\\/\\\/encompaniastj.org\\\/pt-pt\\\/comunidade-de-barcelona-napols\\\/#primaryimage\"},\"thumbnailUrl\":\"https:\\\/\\\/encompaniastj.org\\\/wp-content\\\/uploads\\\/2025\\\/05\\\/IMG-20230419-WA0036-1.jpg\",\"datePublished\":\"2023-05-05T04:34:49+00:00\",\"dateModified\":\"2025-07-07T14:24:25+00:00\",\"breadcrumb\":{\"@id\":\"https:\\\/\\\/encompaniastj.org\\\/pt-pt\\\/comunidade-de-barcelona-napols\\\/#breadcrumb\"},\"inLanguage\":\"pt-PT\",\"potentialAction\":[{\"@type\":\"ReadAction\",\"target\":[\"https:\\\/\\\/encompaniastj.org\\\/pt-pt\\\/comunidade-de-barcelona-napols\\\/\"]}]},{\"@type\":\"ImageObject\",\"inLanguage\":\"pt-PT\",\"@id\":\"https:\\\/\\\/encompaniastj.org\\\/pt-pt\\\/comunidade-de-barcelona-napols\\\/#primaryimage\",\"url\":\"https:\\\/\\\/encompaniastj.org\\\/wp-content\\\/uploads\\\/2025\\\/05\\\/IMG-20230419-WA0036-1.jpg\",\"contentUrl\":\"https:\\\/\\\/encompaniastj.org\\\/wp-content\\\/uploads\\\/2025\\\/05\\\/IMG-20230419-WA0036-1.jpg\",\"width\":1536,\"height\":2048},{\"@type\":\"BreadcrumbList\",\"@id\":\"https:\\\/\\\/encompaniastj.org\\\/pt-pt\\\/comunidade-de-barcelona-napols\\\/#breadcrumb\",\"itemListElement\":[{\"@type\":\"ListItem\",\"position\":1,\"name\":\"Portada\",\"item\":\"https:\\\/\\\/encompaniastj.org\\\/pt-pt\\\/\"},{\"@type\":\"ListItem\",\"position\":2,\"name\":\"Comunidade de Barcelona-N\u00e0pols\"}]},{\"@type\":\"WebSite\",\"@id\":\"https:\\\/\\\/encompaniastj.org\\\/pt-pt\\\/#website\",\"url\":\"https:\\\/\\\/encompaniastj.org\\\/pt-pt\\\/\",\"name\":\"En Compa\u00f1\u00eda STJ\",\"description\":\"Bolet\u00edn de la Compa\u00f1\u00eda de Santa Teresa de Jes\u00fas\",\"publisher\":{\"@id\":\"https:\\\/\\\/encompaniastj.org\\\/pt-pt\\\/#organization\"},\"potentialAction\":[{\"@type\":\"SearchAction\",\"target\":{\"@type\":\"EntryPoint\",\"urlTemplate\":\"https:\\\/\\\/encompaniastj.org\\\/pt-pt\\\/?s={search_term_string}\"},\"query-input\":{\"@type\":\"PropertyValueSpecification\",\"valueRequired\":true,\"valueName\":\"search_term_string\"}}],\"inLanguage\":\"pt-PT\"},{\"@type\":\"Organization\",\"@id\":\"https:\\\/\\\/encompaniastj.org\\\/pt-pt\\\/#organization\",\"name\":\"Compa\u00f1\u00eda de Santa Teresa de Jes\u00fas\",\"url\":\"https:\\\/\\\/encompaniastj.org\\\/pt-pt\\\/\",\"logo\":{\"@type\":\"ImageObject\",\"inLanguage\":\"pt-PT\",\"@id\":\"https:\\\/\\\/encompaniastj.org\\\/pt-pt\\\/#\\\/schema\\\/logo\\\/image\\\/\",\"url\":\"https:\\\/\\\/encompaniastj.org\\\/wp-content\\\/uploads\\\/2025\\\/04\\\/logo_provincias02-1-3.png\",\"contentUrl\":\"https:\\\/\\\/encompaniastj.org\\\/wp-content\\\/uploads\\\/2025\\\/04\\\/logo_provincias02-1-3.png\",\"width\":2368,\"height\":825,\"caption\":\"Compa\u00f1\u00eda de Santa Teresa de Jes\u00fas\"},\"image\":{\"@id\":\"https:\\\/\\\/encompaniastj.org\\\/pt-pt\\\/#\\\/schema\\\/logo\\\/image\\\/\"}},{\"@type\":\"Person\",\"@id\":\"https:\\\/\\\/encompaniastj.org\\\/pt-pt\\\/#\\\/schema\\\/person\\\/520e7ecc314793d40091993c2a02b651\",\"name\":\"admin\",\"image\":{\"@type\":\"ImageObject\",\"inLanguage\":\"pt-PT\",\"@id\":\"https:\\\/\\\/secure.gravatar.com\\\/avatar\\\/948b492cce32b586ac2db0eaa926ee87024f7afe218d73b397ea5ddfc5f43ea1?s=96&d=mm&r=g\",\"url\":\"https:\\\/\\\/secure.gravatar.com\\\/avatar\\\/948b492cce32b586ac2db0eaa926ee87024f7afe218d73b397ea5ddfc5f43ea1?s=96&d=mm&r=g\",\"contentUrl\":\"https:\\\/\\\/secure.gravatar.com\\\/avatar\\\/948b492cce32b586ac2db0eaa926ee87024f7afe218d73b397ea5ddfc5f43ea1?s=96&d=mm&r=g\",\"caption\":\"admin\"},\"sameAs\":[\"https:\\\/\\\/encompaniastj.org\"],\"url\":\"https:\\\/\\\/encompaniastj.org\\\/pt-pt\\\/author\\\/sjdigital\\\/\"}]}<\/script>\n<!-- \/ Yoast SEO plugin. -->","yoast_head_json":{"title":"Comunidade de Barcelona-N\u00e0pols - En Compa\u00f1\u00eda STJ","robots":{"index":"index","follow":"follow","max-snippet":"max-snippet:-1","max-image-preview":"max-image-preview:large","max-video-preview":"max-video-preview:-1"},"canonical":"https:\/\/encompaniastj.org\/pt-pt\/comunidade-de-barcelona-napols\/","og_locale":"pt_PT","og_type":"article","og_title":"Comunidade de Barcelona-N\u00e0pols - En Compa\u00f1\u00eda STJ","og_description":"DOIS ACONTECIMENTOS PARA DAR GRA\u00c7AS A DEUS A nossa comunidade viveu nesta semana dois eventos festivos que nos deixaram um gosto muito bom e que queremos partilhar com o resto [&hellip;]","og_url":"https:\/\/encompaniastj.org\/pt-pt\/comunidade-de-barcelona-napols\/","og_site_name":"En Compa\u00f1\u00eda STJ","article_published_time":"2023-05-05T04:34:49+00:00","article_modified_time":"2025-07-07T14:24:25+00:00","og_image":[{"width":1536,"height":2048,"url":"https:\/\/encompaniastj.org\/wp-content\/uploads\/2025\/05\/IMG-20230419-WA0036-1.jpg","type":"image\/jpeg"}],"author":"admin","twitter_card":"summary_large_image","twitter_misc":{"Escrito por":"admin","Tempo estimado de leitura":"4 minutos"},"schema":{"@context":"https:\/\/schema.org","@graph":[{"@type":"Article","@id":"https:\/\/encompaniastj.org\/pt-pt\/comunidade-de-barcelona-napols\/#article","isPartOf":{"@id":"https:\/\/encompaniastj.org\/pt-pt\/comunidade-de-barcelona-napols\/"},"author":{"name":"admin","@id":"https:\/\/encompaniastj.org\/pt-pt\/#\/schema\/person\/520e7ecc314793d40091993c2a02b651"},"headline":"Comunidade de Barcelona-N\u00e0pols","datePublished":"2023-05-05T04:34:49+00:00","dateModified":"2025-07-07T14:24:25+00:00","mainEntityOfPage":{"@id":"https:\/\/encompaniastj.org\/pt-pt\/comunidade-de-barcelona-napols\/"},"wordCount":735,"commentCount":0,"publisher":{"@id":"https:\/\/encompaniastj.org\/pt-pt\/#organization"},"image":{"@id":"https:\/\/encompaniastj.org\/pt-pt\/comunidade-de-barcelona-napols\/#primaryimage"},"thumbnailUrl":"https:\/\/encompaniastj.org\/wp-content\/uploads\/2025\/05\/IMG-20230419-WA0036-1.jpg","articleSection":["Noticias","Otras","Outras"],"inLanguage":"pt-PT","potentialAction":[{"@type":"CommentAction","name":"Comment","target":["https:\/\/encompaniastj.org\/pt-pt\/comunidade-de-barcelona-napols\/#respond"]}]},{"@type":"WebPage","@id":"https:\/\/encompaniastj.org\/pt-pt\/comunidade-de-barcelona-napols\/","url":"https:\/\/encompaniastj.org\/pt-pt\/comunidade-de-barcelona-napols\/","name":"Comunidade de Barcelona-N\u00e0pols - En Compa\u00f1\u00eda STJ","isPartOf":{"@id":"https:\/\/encompaniastj.org\/pt-pt\/#website"},"primaryImageOfPage":{"@id":"https:\/\/encompaniastj.org\/pt-pt\/comunidade-de-barcelona-napols\/#primaryimage"},"image":{"@id":"https:\/\/encompaniastj.org\/pt-pt\/comunidade-de-barcelona-napols\/#primaryimage"},"thumbnailUrl":"https:\/\/encompaniastj.org\/wp-content\/uploads\/2025\/05\/IMG-20230419-WA0036-1.jpg","datePublished":"2023-05-05T04:34:49+00:00","dateModified":"2025-07-07T14:24:25+00:00","breadcrumb":{"@id":"https:\/\/encompaniastj.org\/pt-pt\/comunidade-de-barcelona-napols\/#breadcrumb"},"inLanguage":"pt-PT","potentialAction":[{"@type":"ReadAction","target":["https:\/\/encompaniastj.org\/pt-pt\/comunidade-de-barcelona-napols\/"]}]},{"@type":"ImageObject","inLanguage":"pt-PT","@id":"https:\/\/encompaniastj.org\/pt-pt\/comunidade-de-barcelona-napols\/#primaryimage","url":"https:\/\/encompaniastj.org\/wp-content\/uploads\/2025\/05\/IMG-20230419-WA0036-1.jpg","contentUrl":"https:\/\/encompaniastj.org\/wp-content\/uploads\/2025\/05\/IMG-20230419-WA0036-1.jpg","width":1536,"height":2048},{"@type":"BreadcrumbList","@id":"https:\/\/encompaniastj.org\/pt-pt\/comunidade-de-barcelona-napols\/#breadcrumb","itemListElement":[{"@type":"ListItem","position":1,"name":"Portada","item":"https:\/\/encompaniastj.org\/pt-pt\/"},{"@type":"ListItem","position":2,"name":"Comunidade de Barcelona-N\u00e0pols"}]},{"@type":"WebSite","@id":"https:\/\/encompaniastj.org\/pt-pt\/#website","url":"https:\/\/encompaniastj.org\/pt-pt\/","name":"En Compa\u00f1\u00eda STJ","description":"Bolet\u00edn de la Compa\u00f1\u00eda de Santa Teresa de Jes\u00fas","publisher":{"@id":"https:\/\/encompaniastj.org\/pt-pt\/#organization"},"potentialAction":[{"@type":"SearchAction","target":{"@type":"EntryPoint","urlTemplate":"https:\/\/encompaniastj.org\/pt-pt\/?s={search_term_string}"},"query-input":{"@type":"PropertyValueSpecification","valueRequired":true,"valueName":"search_term_string"}}],"inLanguage":"pt-PT"},{"@type":"Organization","@id":"https:\/\/encompaniastj.org\/pt-pt\/#organization","name":"Compa\u00f1\u00eda de Santa Teresa de Jes\u00fas","url":"https:\/\/encompaniastj.org\/pt-pt\/","logo":{"@type":"ImageObject","inLanguage":"pt-PT","@id":"https:\/\/encompaniastj.org\/pt-pt\/#\/schema\/logo\/image\/","url":"https:\/\/encompaniastj.org\/wp-content\/uploads\/2025\/04\/logo_provincias02-1-3.png","contentUrl":"https:\/\/encompaniastj.org\/wp-content\/uploads\/2025\/04\/logo_provincias02-1-3.png","width":2368,"height":825,"caption":"Compa\u00f1\u00eda de Santa Teresa de Jes\u00fas"},"image":{"@id":"https:\/\/encompaniastj.org\/pt-pt\/#\/schema\/logo\/image\/"}},{"@type":"Person","@id":"https:\/\/encompaniastj.org\/pt-pt\/#\/schema\/person\/520e7ecc314793d40091993c2a02b651","name":"admin","image":{"@type":"ImageObject","inLanguage":"pt-PT","@id":"https:\/\/secure.gravatar.com\/avatar\/948b492cce32b586ac2db0eaa926ee87024f7afe218d73b397ea5ddfc5f43ea1?s=96&d=mm&r=g","url":"https:\/\/secure.gravatar.com\/avatar\/948b492cce32b586ac2db0eaa926ee87024f7afe218d73b397ea5ddfc5f43ea1?s=96&d=mm&r=g","contentUrl":"https:\/\/secure.gravatar.com\/avatar\/948b492cce32b586ac2db0eaa926ee87024f7afe218d73b397ea5ddfc5f43ea1?s=96&d=mm&r=g","caption":"admin"},"sameAs":["https:\/\/encompaniastj.org"],"url":"https:\/\/encompaniastj.org\/pt-pt\/author\/sjdigital\/"}]}},"_links":{"self":[{"href":"https:\/\/encompaniastj.org\/pt-pt\/wp-json\/wp\/v2\/posts\/11594","targetHints":{"allow":["GET"]}}],"collection":[{"href":"https:\/\/encompaniastj.org\/pt-pt\/wp-json\/wp\/v2\/posts"}],"about":[{"href":"https:\/\/encompaniastj.org\/pt-pt\/wp-json\/wp\/v2\/types\/post"}],"author":[{"embeddable":true,"href":"https:\/\/encompaniastj.org\/pt-pt\/wp-json\/wp\/v2\/users\/1"}],"replies":[{"embeddable":true,"href":"https:\/\/encompaniastj.org\/pt-pt\/wp-json\/wp\/v2\/comments?post=11594"}],"version-history":[{"count":1,"href":"https:\/\/encompaniastj.org\/pt-pt\/wp-json\/wp\/v2\/posts\/11594\/revisions"}],"predecessor-version":[{"id":11595,"href":"https:\/\/encompaniastj.org\/pt-pt\/wp-json\/wp\/v2\/posts\/11594\/revisions\/11595"}],"wp:featuredmedia":[{"embeddable":true,"href":"https:\/\/encompaniastj.org\/pt-pt\/wp-json\/wp\/v2\/media\/8354"}],"wp:attachment":[{"href":"https:\/\/encompaniastj.org\/pt-pt\/wp-json\/wp\/v2\/media?parent=11594"}],"wp:term":[{"taxonomy":"category","embeddable":true,"href":"https:\/\/encompaniastj.org\/pt-pt\/wp-json\/wp\/v2\/categories?post=11594"},{"taxonomy":"post_tag","embeddable":true,"href":"https:\/\/encompaniastj.org\/pt-pt\/wp-json\/wp\/v2\/tags?post=11594"}],"curies":[{"name":"wp","href":"https:\/\/api.w.org\/{rel}","templated":true}]}}