{"id":11574,"date":"2023-04-27T06:14:06","date_gmt":"2023-04-27T04:14:06","guid":{"rendered":"https:\/\/encompaniastj.org\/testemunho-semana-santa-en-portugal\/"},"modified":"2025-07-07T16:24:23","modified_gmt":"2025-07-07T14:24:23","slug":"testemunho-semana-santa-en-portugal","status":"publish","type":"post","link":"https:\/\/encompaniastj.org\/pt-pt\/testemunho-semana-santa-en-portugal\/","title":{"rendered":"Testemunho Semana Santa en Portugal"},"content":{"rendered":"<p><strong>\u201cem sa\u00edda\u201d<\/strong><\/p>\n<p><strong>em dimens\u00e3o vertical e horizontal<\/strong><\/p>\n<p>Come\u00e7amos a semana no domingo de Ramos e eu desejei viv\u00ea-la, como se fosse a \u00faltima da minha vida, assumindo o compromisso de a viver, tendo como s\u00edmbolo as duas dimens\u00f5es da cruz de Cristo:<\/p>\n<p>Na trave vertical viver a dimens\u00e3o da <strong>Interioridade<\/strong> e apoiando-me na riqu\u00edssima liturgia da semana participando, ativamente, nas celebra\u00e7\u00f5es e nelas \u201cencher\u201d a alma do dom de Deus, entrando nos sentimentos de Jesus vividos na sua Paix\u00e3o, e <strong>\u201ccontemplar para alcan\u00e7ar Amor\u201d <\/strong>(S. In\u00e1cio)<\/p>\n<p>Com os sentimentos de Jesus viver na trave horizontal a dimens\u00e3o da fraternidade para \u201csair\u201d ao encontro dos irm\u00e3os, onde Jesus vive hoje a sua paix\u00e3o vestida de pobre, fragilizado, carente e vulner\u00e1vel, sozinho, imigrante, refugiado, etc. (\u2026)<\/p>\n<p><strong>\u00a0<\/strong><strong>\u00a0\u00a0\u00a0\u00a0\u00a0\u00a0\u00a0\u00a0\u00a0\u00a0\u00a0\u00a0\u00a0\u00a0 2\u00aa e 3\u00aa feira santas<\/strong> foram dias de derramar, por dentro, todo<strong> perfume da minha vida ao Cora\u00e7\u00e3o de Jesus, fazendo n\u00e3o s\u00f3 tudo por Ele, mas como Ele. <\/strong>Derramei o perfume da caridade sobre os meus irm\u00e3os mais carenciados e empenhei-me com outros cerca de 30 volunt\u00e1rios a \u201ctrabalhar\u201d a trave horizontal da cruz, elaborando cerca de 400 cabazes de alimentos para apoio a fam\u00edlias carenciadas, incluindo imigrantes, refugiados, etc. \u00a0<strong>Era o perfume da nossa vida a ser derramado nos \u201cp\u00e9s de Jesus\u201d, hoje. <\/strong><\/p>\n<p><strong>\u00a0\u00a0\u00a0\u00a0\u00a0\u00a0\u00a0\u00a0\u00a0\u00a0\u00a0\u00a0\u00a0\u00a0 Quarta-feira Santa. <\/strong>organizamos um Via Sacra p\u00fablica, aberta a toda a cidade. Foram 3 horas de caminhada pelas ruas da cidade, desde um lugar de morte, o Pelourinho, at\u00e9 um lugar de Vida, o Santu\u00e1rio do Senhor Jesus da Piedade, onde depois da Via-Sacra muita gente se confessa. Todas as Par\u00f3quias e Movimentos da Igreja s\u00e3o convidadas a participar e a levar a Cruz numa esta\u00e7\u00e3o. Os testemunhos que ouvi, de alguns participantes, motivam-nos a n\u00e3o desistirmos desta manifesta\u00e7\u00e3o p\u00fablica da nossa F\u00e9: <strong>\u201cEncontrei paz\u201d,<\/strong> \u201c<strong>a minha F\u00e9 aumentou\u201d, \u201cno final, confessei-me\u201d, \u201ctamb\u00e9m eu hoje posso ser Cireneu de quem sobre\u201d, \u201cdiga em que posso ajudar\u201d, quanto Jesus sofreu porque me queixo tanto! <\/strong>C\u00e1 dentro, ressoava o pensamento de Teresa de Jesus<strong> \u201cNunca vos aparteis da Cruz nem a deixeis\u201d\u00a0\u00a0\u00a0\u00a0\u00a0\u00a0\u00a0\u00a0\u00a0\u00a0\u00a0\u00a0\u00a0\u00a0\u00a0\u00a0\u00a0\u00a0\u00a0\u00a0\u00a0\u00a0\u00a0\u00a0\u00a0\u00a0\u00a0\u00a0\u00a0\u00a0\u00a0\u00a0\u00a0\u00a0\u00a0\u00a0\u00a0\u00a0\u00a0\u00a0\u00a0\u00a0\u00a0\u00a0\u00a0\u00a0\u00a0\u00a0\u00a0\u00a0\u00a0\u00a0\u00a0\u00a0\u00a0\u00a0\u00a0\u00a0\u00a0\u00a0\u00a0\u00a0\u00a0\u00a0\u00a0\u00a0\u00a0\u00a0\u00a0\u00a0\u00a0\u00a0\u00a0\u00a0\u00a0\u00a0\u00a0\u00a0\u00a0\u00a0\u00a0\u00a0\u00a0\u00a0\u00a0\u00a0\u00a0\u00a0\u00a0\u00a0\u00a0\u00a0\u00a0\u00a0\u00a0\u00a0\u00a0\u00a0\u00a0\u00a0\u00a0\u00a0\u00a0\u00a0\u00a0\u00a0\u00a0\u00a0\u00a0\u00a0\u00a0\u00a0\u00a0\u00a0\u00a0\u00a0\u00a0\u00a0\u00a0 <\/strong><\/p>\n<p><strong>\u00a0<\/strong><strong>Quinta Feira-Santa\u00a0<\/strong><\/p>\n<p><strong>DIA DO AMOR<\/strong><\/p>\n<p>Um dia para saborear <strong>\u201cdesde<\/strong> <strong>dentro\u201d<\/strong> a entrega de JESUS <strong>at\u00e9 ao extremo.<\/strong><\/p>\n<p><strong>D\u00e1-se todo, deixa-nos em testamento a EUCARISTIA, o sacerd\u00f3cio, o mandamento novo e ensina-nos a viver de avental \u00e0 cintura, lavando os p\u00e9s aos nossos irm\u00e3os. \u201cDei-vos o exemplo. Como EU fiz fazei tamb\u00e9m\u201d. <\/strong>Temos \u00e0 nossa frente um programa de vida: <strong>Amar como ELE! <\/strong><\/p>\n<p>Para o imitar fomos, depois das celebra\u00e7\u00f5es, passar duas horas em conv\u00edvio com pessoas fragilizadas no centro para sem abrigo em Elvas (\u2026) com gestos e presen\u00e7a amiga a F\u00e9 \u00e9 melhor entendida.<\/p>\n<p><strong>\u00a0<\/strong><strong>Sexta Feira Santa: Adorar Jesus na Cruz Santa<\/strong><\/p>\n<p><strong>\u00a0Neste dia <\/strong>de dor interior porque o nosso Deus ofereceu a sua vida por n\u00f3s, adoramos a CRUZ rezamos pelo mundo inteiro e tamb\u00e9m rezamos pelos que morrem hoje e precisam de \u201cCireneus \u201cpara ajudar a carregar a Cruz e de \u201cVer\u00f3nicas\u201d que lhes limpe o Rosto. <strong>\u201cSempre com os olhos postos em Jesus\u201d,<\/strong> como nos repete S. Teresa de \u00c1vila, celebrarmos tamb\u00e9m este dia no Estabelecimento Prisional de Elvas onde dos 64 reclusos que a\u00ed \u201csobrevivem\u201d se inscreveram 52 para a Via sacra. Foi uma celebra\u00e7\u00e3o de profunda como\u00e7\u00e3o, quer seja pelo modo como participaram, com dignidade, respeito, sil\u00eancio, ora\u00e7\u00e3o e testemunhos espont\u00e2neos ajudaram-nos, uma vez mais, a n\u00e3o abandonarmos estes irm\u00e3os t\u00e3o sedentos de Deus mesmo sem o saberem.<\/p>\n<p><strong>S\u00c1BADO SANTO- ESPERANDO EM SIL\u00caNCIO COM MARIA<\/strong><\/p>\n<p>Cega o S\u00e1bado Santo. Um dia para parar, ficar em sil\u00eancio, orar, refletir, esperar\u2026 Para tr\u00e1s ficam as palavras da \u00faltima ceia, e as da cruz, que deram lugar ao sil\u00eancio. Hoje, temos que esperar, tal como os disc\u00edpulos esperam, Maria e as outras mulheres. Na imensa dor da perda, eles esperaram. Assim n\u00e3o esquecemos a trave horizontal da cruz e dedicamos este dia a visitar fam\u00edlias refugiadas que esperam a <strong>\u201cRessurrei\u00e7\u00e3o\u201d <\/strong>de dias melhores. Uma fam\u00edlia de refugiados do Sud\u00e3o Norte, uma refugiada ucraniana que vive sozinha e que sofreu ultimamente um AVC que lhe deixou sequelas foram visitados por n\u00f3s. \u00c0 senhora ucraniana convidei-a para vir almo\u00e7ar, no domingo de P\u00e1scoa, com a minha comunidade que aceitou com muita alegria. Enquanto esper\u00e1vamos com Maria a Ressurrei\u00e7\u00e3o do Senhor fomos sendo sinal de Esperan\u00e7a para estes irm\u00e3os sedentos de paz.<\/p>\n<p><strong>\u00a0<\/strong><strong>DOMINGO DE P\u00c1SCOA<\/strong><\/p>\n<p><strong>\u00a0Jesus Ressuscitou e vive no meio de n\u00f3s.<\/strong><\/p>\n<p>Depois da participa\u00e7\u00e3o na Vig\u00edlia Pascal, de 3h, na qual escutamos o preg\u00e3o pascal, \u201c\u00d3 FELIZ NOITE\u201d, escutamos a Palavra de Deus contando a hist\u00f3ria da nossa salva\u00e7\u00e3o, chegamos \u00e0 Ressurrei\u00e7\u00e3o do Senhor a \u201cANUNCIAR\u201d que a morte n\u00e3o tem a \u00faltima palavra e que o t\u00famulo est\u00e1 vazio porque Ele vive no meio de n\u00f3s.<\/p>\n<p>De velas acesas renov\u00e1mos as promessas do nosso batismo, comung\u00e1mos Jesus Ressuscitado e partimos para a vida a anunciar a todos a manh\u00e3 de P\u00e1scoa:<\/p>\n<p><strong>O NOSSO RENDENTOR VIVE <\/strong><\/p>\n<p>Passei a manh\u00e3 levando o p\u00e3o eucar\u00edstico e as am\u00eandoas \u00e0s pessoas doentes e a tarde a mostrar o lindo Alentejo florido (que tamb\u00e9m nos lembra a vida nova da p\u00e1scoa) a imigrantes e refugiados da Ucr\u00e2nia). (M\u00aa de F\u00e1tima Magalh\u00e3es stj)<\/p>\n<p><img loading=\"lazy\" decoding=\"async\" class=\"aligncenter wp-image-11237 size-large\" src=\"https:\/\/encompaniastj.org\/wp-content\/uploads\/2025\/05\/ninpos-viacrucis.jpg\" alt=\"\" width=\"1024\" height=\"768\" \/><\/p>\n<p><img loading=\"lazy\" decoding=\"async\" class=\"aligncenter wp-image-11235 size-full\" src=\"https:\/\/encompaniastj.org\/wp-content\/uploads\/2025\/05\/imagen-Fatima-SS.jpg\" alt=\"\" width=\"788\" height=\"591\" \/><\/p>\n","protected":false},"excerpt":{"rendered":"<p>\u201cem sa\u00edda\u201d em dimens\u00e3o vertical e horizontal Come\u00e7amos a semana no domingo de Ramos e eu desejei viv\u00ea-la, como se fosse a \u00faltima da minha vida, assumindo o compromisso de [&hellip;]<\/p>\n","protected":false},"author":1,"featured_media":8340,"comment_status":"open","ping_status":"open","sticky":false,"template":"","format":"standard","meta":{"_acf_changed":false,"footnotes":""},"categories":[61,62,68],"tags":[],"class_list":["post-11574","post","type-post","status-publish","format-standard","has-post-thumbnail","hentry","category-noticias","category-otras","category-outras"],"acf":[],"yoast_head":"<!-- This site is optimized with the Yoast SEO plugin v27.5 - https:\/\/yoast.com\/product\/yoast-seo-wordpress\/ -->\n<title>Testemunho Semana Santa en Portugal - En Compa\u00f1\u00eda STJ<\/title>\n<meta name=\"robots\" content=\"index, follow, max-snippet:-1, max-image-preview:large, max-video-preview:-1\" \/>\n<link rel=\"canonical\" href=\"https:\/\/encompaniastj.org\/pt-pt\/testemunho-semana-santa-en-portugal\/\" \/>\n<meta property=\"og:locale\" content=\"pt_PT\" \/>\n<meta property=\"og:type\" content=\"article\" \/>\n<meta property=\"og:title\" content=\"Testemunho Semana Santa en Portugal - En Compa\u00f1\u00eda STJ\" \/>\n<meta property=\"og:description\" content=\"\u201cem sa\u00edda\u201d em dimens\u00e3o vertical e horizontal Come\u00e7amos a semana no domingo de Ramos e eu desejei viv\u00ea-la, como se fosse a \u00faltima da minha vida, assumindo o compromisso de [&hellip;]\" \/>\n<meta property=\"og:url\" content=\"https:\/\/encompaniastj.org\/pt-pt\/testemunho-semana-santa-en-portugal\/\" \/>\n<meta property=\"og:site_name\" content=\"En Compa\u00f1\u00eda STJ\" \/>\n<meta property=\"article:published_time\" content=\"2023-04-27T04:14:06+00:00\" \/>\n<meta property=\"article:modified_time\" content=\"2025-07-07T14:24:23+00:00\" \/>\n<meta property=\"og:image\" content=\"https:\/\/encompaniastj.org\/wp-content\/uploads\/2025\/05\/viacrucis.jpg\" \/>\n\t<meta property=\"og:image:width\" content=\"1024\" \/>\n\t<meta property=\"og:image:height\" content=\"768\" \/>\n\t<meta property=\"og:image:type\" content=\"image\/jpeg\" \/>\n<meta name=\"author\" content=\"admin\" \/>\n<meta name=\"twitter:card\" content=\"summary_large_image\" \/>\n<meta name=\"twitter:label1\" content=\"Escrito por\" \/>\n\t<meta name=\"twitter:data1\" content=\"admin\" \/>\n\t<meta name=\"twitter:label2\" content=\"Tempo estimado de leitura\" \/>\n\t<meta name=\"twitter:data2\" content=\"5 minutos\" \/>\n<script type=\"application\/ld+json\" class=\"yoast-schema-graph\">{\"@context\":\"https:\\\/\\\/schema.org\",\"@graph\":[{\"@type\":\"Article\",\"@id\":\"https:\\\/\\\/encompaniastj.org\\\/pt-pt\\\/testemunho-semana-santa-en-portugal\\\/#article\",\"isPartOf\":{\"@id\":\"https:\\\/\\\/encompaniastj.org\\\/pt-pt\\\/testemunho-semana-santa-en-portugal\\\/\"},\"author\":{\"name\":\"admin\",\"@id\":\"https:\\\/\\\/encompaniastj.org\\\/pt-pt\\\/#\\\/schema\\\/person\\\/520e7ecc314793d40091993c2a02b651\"},\"headline\":\"Testemunho Semana Santa en Portugal\",\"datePublished\":\"2023-04-27T04:14:06+00:00\",\"dateModified\":\"2025-07-07T14:24:23+00:00\",\"mainEntityOfPage\":{\"@id\":\"https:\\\/\\\/encompaniastj.org\\\/pt-pt\\\/testemunho-semana-santa-en-portugal\\\/\"},\"wordCount\":932,\"commentCount\":0,\"publisher\":{\"@id\":\"https:\\\/\\\/encompaniastj.org\\\/pt-pt\\\/#organization\"},\"image\":{\"@id\":\"https:\\\/\\\/encompaniastj.org\\\/pt-pt\\\/testemunho-semana-santa-en-portugal\\\/#primaryimage\"},\"thumbnailUrl\":\"https:\\\/\\\/encompaniastj.org\\\/wp-content\\\/uploads\\\/2025\\\/05\\\/viacrucis.jpg\",\"articleSection\":[\"Noticias\",\"Otras\",\"Outras\"],\"inLanguage\":\"pt-PT\",\"potentialAction\":[{\"@type\":\"CommentAction\",\"name\":\"Comment\",\"target\":[\"https:\\\/\\\/encompaniastj.org\\\/pt-pt\\\/testemunho-semana-santa-en-portugal\\\/#respond\"]}]},{\"@type\":\"WebPage\",\"@id\":\"https:\\\/\\\/encompaniastj.org\\\/pt-pt\\\/testemunho-semana-santa-en-portugal\\\/\",\"url\":\"https:\\\/\\\/encompaniastj.org\\\/pt-pt\\\/testemunho-semana-santa-en-portugal\\\/\",\"name\":\"Testemunho Semana Santa en Portugal - En Compa\u00f1\u00eda STJ\",\"isPartOf\":{\"@id\":\"https:\\\/\\\/encompaniastj.org\\\/pt-pt\\\/#website\"},\"primaryImageOfPage\":{\"@id\":\"https:\\\/\\\/encompaniastj.org\\\/pt-pt\\\/testemunho-semana-santa-en-portugal\\\/#primaryimage\"},\"image\":{\"@id\":\"https:\\\/\\\/encompaniastj.org\\\/pt-pt\\\/testemunho-semana-santa-en-portugal\\\/#primaryimage\"},\"thumbnailUrl\":\"https:\\\/\\\/encompaniastj.org\\\/wp-content\\\/uploads\\\/2025\\\/05\\\/viacrucis.jpg\",\"datePublished\":\"2023-04-27T04:14:06+00:00\",\"dateModified\":\"2025-07-07T14:24:23+00:00\",\"breadcrumb\":{\"@id\":\"https:\\\/\\\/encompaniastj.org\\\/pt-pt\\\/testemunho-semana-santa-en-portugal\\\/#breadcrumb\"},\"inLanguage\":\"pt-PT\",\"potentialAction\":[{\"@type\":\"ReadAction\",\"target\":[\"https:\\\/\\\/encompaniastj.org\\\/pt-pt\\\/testemunho-semana-santa-en-portugal\\\/\"]}]},{\"@type\":\"ImageObject\",\"inLanguage\":\"pt-PT\",\"@id\":\"https:\\\/\\\/encompaniastj.org\\\/pt-pt\\\/testemunho-semana-santa-en-portugal\\\/#primaryimage\",\"url\":\"https:\\\/\\\/encompaniastj.org\\\/wp-content\\\/uploads\\\/2025\\\/05\\\/viacrucis.jpg\",\"contentUrl\":\"https:\\\/\\\/encompaniastj.org\\\/wp-content\\\/uploads\\\/2025\\\/05\\\/viacrucis.jpg\",\"width\":1024,\"height\":768},{\"@type\":\"BreadcrumbList\",\"@id\":\"https:\\\/\\\/encompaniastj.org\\\/pt-pt\\\/testemunho-semana-santa-en-portugal\\\/#breadcrumb\",\"itemListElement\":[{\"@type\":\"ListItem\",\"position\":1,\"name\":\"Portada\",\"item\":\"https:\\\/\\\/encompaniastj.org\\\/pt-pt\\\/\"},{\"@type\":\"ListItem\",\"position\":2,\"name\":\"Testemunho Semana Santa en Portugal\"}]},{\"@type\":\"WebSite\",\"@id\":\"https:\\\/\\\/encompaniastj.org\\\/pt-pt\\\/#website\",\"url\":\"https:\\\/\\\/encompaniastj.org\\\/pt-pt\\\/\",\"name\":\"En Compa\u00f1\u00eda STJ\",\"description\":\"Bolet\u00edn de la Compa\u00f1\u00eda de Santa Teresa de Jes\u00fas\",\"publisher\":{\"@id\":\"https:\\\/\\\/encompaniastj.org\\\/pt-pt\\\/#organization\"},\"potentialAction\":[{\"@type\":\"SearchAction\",\"target\":{\"@type\":\"EntryPoint\",\"urlTemplate\":\"https:\\\/\\\/encompaniastj.org\\\/pt-pt\\\/?s={search_term_string}\"},\"query-input\":{\"@type\":\"PropertyValueSpecification\",\"valueRequired\":true,\"valueName\":\"search_term_string\"}}],\"inLanguage\":\"pt-PT\"},{\"@type\":\"Organization\",\"@id\":\"https:\\\/\\\/encompaniastj.org\\\/pt-pt\\\/#organization\",\"name\":\"Compa\u00f1\u00eda de Santa Teresa de Jes\u00fas\",\"url\":\"https:\\\/\\\/encompaniastj.org\\\/pt-pt\\\/\",\"logo\":{\"@type\":\"ImageObject\",\"inLanguage\":\"pt-PT\",\"@id\":\"https:\\\/\\\/encompaniastj.org\\\/pt-pt\\\/#\\\/schema\\\/logo\\\/image\\\/\",\"url\":\"https:\\\/\\\/encompaniastj.org\\\/wp-content\\\/uploads\\\/2025\\\/04\\\/logo_provincias02-1-3.png\",\"contentUrl\":\"https:\\\/\\\/encompaniastj.org\\\/wp-content\\\/uploads\\\/2025\\\/04\\\/logo_provincias02-1-3.png\",\"width\":2368,\"height\":825,\"caption\":\"Compa\u00f1\u00eda de Santa Teresa de Jes\u00fas\"},\"image\":{\"@id\":\"https:\\\/\\\/encompaniastj.org\\\/pt-pt\\\/#\\\/schema\\\/logo\\\/image\\\/\"}},{\"@type\":\"Person\",\"@id\":\"https:\\\/\\\/encompaniastj.org\\\/pt-pt\\\/#\\\/schema\\\/person\\\/520e7ecc314793d40091993c2a02b651\",\"name\":\"admin\",\"image\":{\"@type\":\"ImageObject\",\"inLanguage\":\"pt-PT\",\"@id\":\"https:\\\/\\\/secure.gravatar.com\\\/avatar\\\/948b492cce32b586ac2db0eaa926ee87024f7afe218d73b397ea5ddfc5f43ea1?s=96&d=mm&r=g\",\"url\":\"https:\\\/\\\/secure.gravatar.com\\\/avatar\\\/948b492cce32b586ac2db0eaa926ee87024f7afe218d73b397ea5ddfc5f43ea1?s=96&d=mm&r=g\",\"contentUrl\":\"https:\\\/\\\/secure.gravatar.com\\\/avatar\\\/948b492cce32b586ac2db0eaa926ee87024f7afe218d73b397ea5ddfc5f43ea1?s=96&d=mm&r=g\",\"caption\":\"admin\"},\"sameAs\":[\"https:\\\/\\\/encompaniastj.org\"],\"url\":\"https:\\\/\\\/encompaniastj.org\\\/pt-pt\\\/author\\\/sjdigital\\\/\"}]}<\/script>\n<!-- \/ Yoast SEO plugin. -->","yoast_head_json":{"title":"Testemunho Semana Santa en Portugal - En Compa\u00f1\u00eda STJ","robots":{"index":"index","follow":"follow","max-snippet":"max-snippet:-1","max-image-preview":"max-image-preview:large","max-video-preview":"max-video-preview:-1"},"canonical":"https:\/\/encompaniastj.org\/pt-pt\/testemunho-semana-santa-en-portugal\/","og_locale":"pt_PT","og_type":"article","og_title":"Testemunho Semana Santa en Portugal - En Compa\u00f1\u00eda STJ","og_description":"\u201cem sa\u00edda\u201d em dimens\u00e3o vertical e horizontal Come\u00e7amos a semana no domingo de Ramos e eu desejei viv\u00ea-la, como se fosse a \u00faltima da minha vida, assumindo o compromisso de [&hellip;]","og_url":"https:\/\/encompaniastj.org\/pt-pt\/testemunho-semana-santa-en-portugal\/","og_site_name":"En Compa\u00f1\u00eda STJ","article_published_time":"2023-04-27T04:14:06+00:00","article_modified_time":"2025-07-07T14:24:23+00:00","og_image":[{"width":1024,"height":768,"url":"https:\/\/encompaniastj.org\/wp-content\/uploads\/2025\/05\/viacrucis.jpg","type":"image\/jpeg"}],"author":"admin","twitter_card":"summary_large_image","twitter_misc":{"Escrito por":"admin","Tempo estimado de leitura":"5 minutos"},"schema":{"@context":"https:\/\/schema.org","@graph":[{"@type":"Article","@id":"https:\/\/encompaniastj.org\/pt-pt\/testemunho-semana-santa-en-portugal\/#article","isPartOf":{"@id":"https:\/\/encompaniastj.org\/pt-pt\/testemunho-semana-santa-en-portugal\/"},"author":{"name":"admin","@id":"https:\/\/encompaniastj.org\/pt-pt\/#\/schema\/person\/520e7ecc314793d40091993c2a02b651"},"headline":"Testemunho Semana Santa en Portugal","datePublished":"2023-04-27T04:14:06+00:00","dateModified":"2025-07-07T14:24:23+00:00","mainEntityOfPage":{"@id":"https:\/\/encompaniastj.org\/pt-pt\/testemunho-semana-santa-en-portugal\/"},"wordCount":932,"commentCount":0,"publisher":{"@id":"https:\/\/encompaniastj.org\/pt-pt\/#organization"},"image":{"@id":"https:\/\/encompaniastj.org\/pt-pt\/testemunho-semana-santa-en-portugal\/#primaryimage"},"thumbnailUrl":"https:\/\/encompaniastj.org\/wp-content\/uploads\/2025\/05\/viacrucis.jpg","articleSection":["Noticias","Otras","Outras"],"inLanguage":"pt-PT","potentialAction":[{"@type":"CommentAction","name":"Comment","target":["https:\/\/encompaniastj.org\/pt-pt\/testemunho-semana-santa-en-portugal\/#respond"]}]},{"@type":"WebPage","@id":"https:\/\/encompaniastj.org\/pt-pt\/testemunho-semana-santa-en-portugal\/","url":"https:\/\/encompaniastj.org\/pt-pt\/testemunho-semana-santa-en-portugal\/","name":"Testemunho Semana Santa en Portugal - En Compa\u00f1\u00eda STJ","isPartOf":{"@id":"https:\/\/encompaniastj.org\/pt-pt\/#website"},"primaryImageOfPage":{"@id":"https:\/\/encompaniastj.org\/pt-pt\/testemunho-semana-santa-en-portugal\/#primaryimage"},"image":{"@id":"https:\/\/encompaniastj.org\/pt-pt\/testemunho-semana-santa-en-portugal\/#primaryimage"},"thumbnailUrl":"https:\/\/encompaniastj.org\/wp-content\/uploads\/2025\/05\/viacrucis.jpg","datePublished":"2023-04-27T04:14:06+00:00","dateModified":"2025-07-07T14:24:23+00:00","breadcrumb":{"@id":"https:\/\/encompaniastj.org\/pt-pt\/testemunho-semana-santa-en-portugal\/#breadcrumb"},"inLanguage":"pt-PT","potentialAction":[{"@type":"ReadAction","target":["https:\/\/encompaniastj.org\/pt-pt\/testemunho-semana-santa-en-portugal\/"]}]},{"@type":"ImageObject","inLanguage":"pt-PT","@id":"https:\/\/encompaniastj.org\/pt-pt\/testemunho-semana-santa-en-portugal\/#primaryimage","url":"https:\/\/encompaniastj.org\/wp-content\/uploads\/2025\/05\/viacrucis.jpg","contentUrl":"https:\/\/encompaniastj.org\/wp-content\/uploads\/2025\/05\/viacrucis.jpg","width":1024,"height":768},{"@type":"BreadcrumbList","@id":"https:\/\/encompaniastj.org\/pt-pt\/testemunho-semana-santa-en-portugal\/#breadcrumb","itemListElement":[{"@type":"ListItem","position":1,"name":"Portada","item":"https:\/\/encompaniastj.org\/pt-pt\/"},{"@type":"ListItem","position":2,"name":"Testemunho Semana Santa en Portugal"}]},{"@type":"WebSite","@id":"https:\/\/encompaniastj.org\/pt-pt\/#website","url":"https:\/\/encompaniastj.org\/pt-pt\/","name":"En Compa\u00f1\u00eda STJ","description":"Bolet\u00edn de la Compa\u00f1\u00eda de Santa Teresa de Jes\u00fas","publisher":{"@id":"https:\/\/encompaniastj.org\/pt-pt\/#organization"},"potentialAction":[{"@type":"SearchAction","target":{"@type":"EntryPoint","urlTemplate":"https:\/\/encompaniastj.org\/pt-pt\/?s={search_term_string}"},"query-input":{"@type":"PropertyValueSpecification","valueRequired":true,"valueName":"search_term_string"}}],"inLanguage":"pt-PT"},{"@type":"Organization","@id":"https:\/\/encompaniastj.org\/pt-pt\/#organization","name":"Compa\u00f1\u00eda de Santa Teresa de Jes\u00fas","url":"https:\/\/encompaniastj.org\/pt-pt\/","logo":{"@type":"ImageObject","inLanguage":"pt-PT","@id":"https:\/\/encompaniastj.org\/pt-pt\/#\/schema\/logo\/image\/","url":"https:\/\/encompaniastj.org\/wp-content\/uploads\/2025\/04\/logo_provincias02-1-3.png","contentUrl":"https:\/\/encompaniastj.org\/wp-content\/uploads\/2025\/04\/logo_provincias02-1-3.png","width":2368,"height":825,"caption":"Compa\u00f1\u00eda de Santa Teresa de Jes\u00fas"},"image":{"@id":"https:\/\/encompaniastj.org\/pt-pt\/#\/schema\/logo\/image\/"}},{"@type":"Person","@id":"https:\/\/encompaniastj.org\/pt-pt\/#\/schema\/person\/520e7ecc314793d40091993c2a02b651","name":"admin","image":{"@type":"ImageObject","inLanguage":"pt-PT","@id":"https:\/\/secure.gravatar.com\/avatar\/948b492cce32b586ac2db0eaa926ee87024f7afe218d73b397ea5ddfc5f43ea1?s=96&d=mm&r=g","url":"https:\/\/secure.gravatar.com\/avatar\/948b492cce32b586ac2db0eaa926ee87024f7afe218d73b397ea5ddfc5f43ea1?s=96&d=mm&r=g","contentUrl":"https:\/\/secure.gravatar.com\/avatar\/948b492cce32b586ac2db0eaa926ee87024f7afe218d73b397ea5ddfc5f43ea1?s=96&d=mm&r=g","caption":"admin"},"sameAs":["https:\/\/encompaniastj.org"],"url":"https:\/\/encompaniastj.org\/pt-pt\/author\/sjdigital\/"}]}},"_links":{"self":[{"href":"https:\/\/encompaniastj.org\/pt-pt\/wp-json\/wp\/v2\/posts\/11574","targetHints":{"allow":["GET"]}}],"collection":[{"href":"https:\/\/encompaniastj.org\/pt-pt\/wp-json\/wp\/v2\/posts"}],"about":[{"href":"https:\/\/encompaniastj.org\/pt-pt\/wp-json\/wp\/v2\/types\/post"}],"author":[{"embeddable":true,"href":"https:\/\/encompaniastj.org\/pt-pt\/wp-json\/wp\/v2\/users\/1"}],"replies":[{"embeddable":true,"href":"https:\/\/encompaniastj.org\/pt-pt\/wp-json\/wp\/v2\/comments?post=11574"}],"version-history":[{"count":1,"href":"https:\/\/encompaniastj.org\/pt-pt\/wp-json\/wp\/v2\/posts\/11574\/revisions"}],"predecessor-version":[{"id":11575,"href":"https:\/\/encompaniastj.org\/pt-pt\/wp-json\/wp\/v2\/posts\/11574\/revisions\/11575"}],"wp:featuredmedia":[{"embeddable":true,"href":"https:\/\/encompaniastj.org\/pt-pt\/wp-json\/wp\/v2\/media\/8340"}],"wp:attachment":[{"href":"https:\/\/encompaniastj.org\/pt-pt\/wp-json\/wp\/v2\/media?parent=11574"}],"wp:term":[{"taxonomy":"category","embeddable":true,"href":"https:\/\/encompaniastj.org\/pt-pt\/wp-json\/wp\/v2\/categories?post=11574"},{"taxonomy":"post_tag","embeddable":true,"href":"https:\/\/encompaniastj.org\/pt-pt\/wp-json\/wp\/v2\/tags?post=11574"}],"curies":[{"name":"wp","href":"https:\/\/api.w.org\/{rel}","templated":true}]}}