{"id":11566,"date":"2023-04-21T06:43:28","date_gmt":"2023-04-21T04:43:28","guid":{"rendered":"https:\/\/encompaniastj.org\/i-encontro-da-familia-teresiana-de-andaluzia\/"},"modified":"2025-07-07T16:24:22","modified_gmt":"2025-07-07T14:24:22","slug":"i-encontro-da-familia-teresiana-de-andaluzia","status":"publish","type":"post","link":"https:\/\/encompaniastj.org\/pt-pt\/i-encontro-da-familia-teresiana-de-andaluzia\/","title":{"rendered":"I Encontro da Fam\u00edlia Teresiana de Andaluzia"},"content":{"rendered":"<p>No s\u00e1bado, 15 de abril, neste tempo pascal, convoc\u00e1mos a todos n\u00f3s que fazemos parte da Fam\u00edlia Teresiana de Huelva e Sevilha para viver um dia de conv\u00edvio em El Rocio, aos p\u00e9s de Maria, a Pomba Branca. Ali, junto ao p\u00e2ntano, num dia ensolarado e bonito, vivemos o Primeiro Encontro da Fam\u00edlia Teresiana da Andaluzia.<\/p>\n<p>Reunimo-nos \u00e0s 11 horas na casa da Irmandade de Pilas, que nos acolheu generosamente. L\u00e1 nos reencontr\u00e1mos e conhecemos outros membros da Fam\u00edlia. Pepi Garc\u00eda, Delegado para a Educa\u00e7\u00e3o da Prov\u00edncia Teresiana da Europa, explicou-nos a origem da Fam\u00edlia Teresiana e de onde surgiu este encontro. Em seguida, numa breve apresenta\u00e7\u00e3o, conhecemos os diferentes grupos que a formamos, Antigas Alunas, Comunidades Educativas dos col\u00e9gios, Amigos, MTA, FundEO e irm\u00e3s da Companhia das diversas comunidades de Sevilha e Huelva. Depois de algumas din\u00e2micas que nos ajudaram a conhecer-nos um pouco melhor e que nos deram a oportunidade para conversar um pouco, partilh\u00e1mos uma deliciosa refei\u00e7\u00e3o em que prov\u00e1mos todas as iguarias e os bons vinhos que cada um de n\u00f3s trouxera. As crian\u00e7as tamb\u00e9m tiveram a sua possibilidade de encontro e brincadeira, divertindo-se como eles sabem fazer.<\/p>\n<p>Durante o conv\u00edvio fomos acompanhados pelas guitarras, as m\u00fasicas, o bom humor e a conversa de uns com os outros. Foi um momento de muita partilha onde a alegria se fez sentir em cada mesa e em cada recanto da casa.<\/p>\n<p>E conclu\u00edmos este encontro com a celebra\u00e7\u00e3o da Eucaristia no Santu\u00e1rio de El Roc\u00edo, onde com uma celebra\u00e7\u00e3o cuidada em todos os detalhes e com os cantos bem preparados pelo Coro da Fam\u00edlia Teresiana de Huelva, agradecemos a Deus por esta possibilidade, para continuar tornando poss\u00edvel o sonho e o carisma que Santo Henrique de Oss\u00f3 nos deu.<\/p>\n<p>Com a companhia de Maria, que est\u00e1 sempre ao nosso lado, regress\u00e1mos cada um ao seu lugar de origem com muita vontade de repetir este encontro carinhoso e de continuar a fazer crescer a Fam\u00edlia Teresiana na nossa realidade. Obrigada por tudo o que cada um de n\u00f3s colocou para torn\u00e1-la poss\u00edvel.<\/p>\n<p><img loading=\"lazy\" decoding=\"async\" class=\"aligncenter wp-image-11194 size-large\" src=\"https:\/\/encompaniastj.org\/wp-content\/uploads\/2025\/05\/f7.jpg\" alt=\"\" width=\"1024\" height=\"576\" \/> <img loading=\"lazy\" decoding=\"async\" class=\"aligncenter wp-image-11192 size-full\" src=\"https:\/\/encompaniastj.org\/wp-content\/uploads\/2025\/05\/f6.jpg\" alt=\"\" width=\"1024\" height=\"768\" \/> <img loading=\"lazy\" decoding=\"async\" class=\"aligncenter wp-image-11190 size-large\" src=\"https:\/\/encompaniastj.org\/wp-content\/uploads\/2025\/05\/f5-3.jpg\" alt=\"\" width=\"768\" height=\"1024\" \/> <img loading=\"lazy\" decoding=\"async\" class=\"aligncenter wp-image-11186 size-large\" src=\"https:\/\/encompaniastj.org\/wp-content\/uploads\/2025\/05\/f2-4.jpg\" alt=\"\" width=\"1024\" height=\"766\" \/><\/p>\n","protected":false},"excerpt":{"rendered":"<p>No s\u00e1bado, 15 de abril, neste tempo pascal, convoc\u00e1mos a todos n\u00f3s que fazemos parte da Fam\u00edlia Teresiana de Huelva e Sevilha para viver um dia de conv\u00edvio em El [&hellip;]<\/p>\n","protected":false},"author":1,"featured_media":8332,"comment_status":"open","ping_status":"open","sticky":false,"template":"","format":"standard","meta":{"_acf_changed":false,"footnotes":""},"categories":[79,81],"tags":[],"class_list":["post-11566","post","type-post","status-publish","format-standard","has-post-thumbnail","hentry","category-stj","category-stj-pt"],"acf":[],"yoast_head":"<!-- This site is optimized with the Yoast SEO plugin v27.5 - https:\/\/yoast.com\/product\/yoast-seo-wordpress\/ -->\n<title>I Encontro da Fam\u00edlia Teresiana de Andaluzia - En Compa\u00f1\u00eda STJ<\/title>\n<meta name=\"robots\" content=\"index, follow, max-snippet:-1, max-image-preview:large, max-video-preview:-1\" \/>\n<link rel=\"canonical\" href=\"https:\/\/encompaniastj.org\/pt-pt\/i-encontro-da-familia-teresiana-de-andaluzia\/\" \/>\n<meta property=\"og:locale\" content=\"pt_PT\" \/>\n<meta property=\"og:type\" content=\"article\" \/>\n<meta property=\"og:title\" content=\"I Encontro da Fam\u00edlia Teresiana de Andaluzia - En Compa\u00f1\u00eda STJ\" \/>\n<meta property=\"og:description\" content=\"No s\u00e1bado, 15 de abril, neste tempo pascal, convoc\u00e1mos a todos n\u00f3s que fazemos parte da Fam\u00edlia Teresiana de Huelva e Sevilha para viver um dia de conv\u00edvio em El [&hellip;]\" \/>\n<meta property=\"og:url\" content=\"https:\/\/encompaniastj.org\/pt-pt\/i-encontro-da-familia-teresiana-de-andaluzia\/\" \/>\n<meta property=\"og:site_name\" content=\"En Compa\u00f1\u00eda STJ\" \/>\n<meta property=\"article:published_time\" content=\"2023-04-21T04:43:28+00:00\" \/>\n<meta property=\"article:modified_time\" content=\"2025-07-07T14:24:22+00:00\" \/>\n<meta property=\"og:image\" content=\"https:\/\/encompaniastj.org\/wp-content\/uploads\/2025\/05\/f4-2.jpg\" \/>\n\t<meta property=\"og:image:width\" content=\"2016\" \/>\n\t<meta property=\"og:image:height\" content=\"1512\" \/>\n\t<meta property=\"og:image:type\" content=\"image\/jpeg\" \/>\n<meta name=\"author\" content=\"admin\" \/>\n<meta name=\"twitter:card\" content=\"summary_large_image\" \/>\n<meta name=\"twitter:label1\" content=\"Escrito por\" \/>\n\t<meta name=\"twitter:data1\" content=\"admin\" \/>\n\t<meta name=\"twitter:label2\" content=\"Tempo estimado de leitura\" \/>\n\t<meta name=\"twitter:data2\" content=\"3 minutos\" \/>\n<script type=\"application\/ld+json\" class=\"yoast-schema-graph\">{\"@context\":\"https:\\\/\\\/schema.org\",\"@graph\":[{\"@type\":\"Article\",\"@id\":\"https:\\\/\\\/encompaniastj.org\\\/pt-pt\\\/i-encontro-da-familia-teresiana-de-andaluzia\\\/#article\",\"isPartOf\":{\"@id\":\"https:\\\/\\\/encompaniastj.org\\\/pt-pt\\\/i-encontro-da-familia-teresiana-de-andaluzia\\\/\"},\"author\":{\"name\":\"admin\",\"@id\":\"https:\\\/\\\/encompaniastj.org\\\/pt-pt\\\/#\\\/schema\\\/person\\\/520e7ecc314793d40091993c2a02b651\"},\"headline\":\"I Encontro da Fam\u00edlia Teresiana de Andaluzia\",\"datePublished\":\"2023-04-21T04:43:28+00:00\",\"dateModified\":\"2025-07-07T14:24:22+00:00\",\"mainEntityOfPage\":{\"@id\":\"https:\\\/\\\/encompaniastj.org\\\/pt-pt\\\/i-encontro-da-familia-teresiana-de-andaluzia\\\/\"},\"wordCount\":387,\"commentCount\":0,\"publisher\":{\"@id\":\"https:\\\/\\\/encompaniastj.org\\\/pt-pt\\\/#organization\"},\"image\":{\"@id\":\"https:\\\/\\\/encompaniastj.org\\\/pt-pt\\\/i-encontro-da-familia-teresiana-de-andaluzia\\\/#primaryimage\"},\"thumbnailUrl\":\"https:\\\/\\\/encompaniastj.org\\\/wp-content\\\/uploads\\\/2025\\\/05\\\/f4-2.jpg\",\"articleSection\":[\"STJ\",\"STJ pt\"],\"inLanguage\":\"pt-PT\",\"potentialAction\":[{\"@type\":\"CommentAction\",\"name\":\"Comment\",\"target\":[\"https:\\\/\\\/encompaniastj.org\\\/pt-pt\\\/i-encontro-da-familia-teresiana-de-andaluzia\\\/#respond\"]}]},{\"@type\":\"WebPage\",\"@id\":\"https:\\\/\\\/encompaniastj.org\\\/pt-pt\\\/i-encontro-da-familia-teresiana-de-andaluzia\\\/\",\"url\":\"https:\\\/\\\/encompaniastj.org\\\/pt-pt\\\/i-encontro-da-familia-teresiana-de-andaluzia\\\/\",\"name\":\"I Encontro da Fam\u00edlia Teresiana de Andaluzia - En Compa\u00f1\u00eda STJ\",\"isPartOf\":{\"@id\":\"https:\\\/\\\/encompaniastj.org\\\/pt-pt\\\/#website\"},\"primaryImageOfPage\":{\"@id\":\"https:\\\/\\\/encompaniastj.org\\\/pt-pt\\\/i-encontro-da-familia-teresiana-de-andaluzia\\\/#primaryimage\"},\"image\":{\"@id\":\"https:\\\/\\\/encompaniastj.org\\\/pt-pt\\\/i-encontro-da-familia-teresiana-de-andaluzia\\\/#primaryimage\"},\"thumbnailUrl\":\"https:\\\/\\\/encompaniastj.org\\\/wp-content\\\/uploads\\\/2025\\\/05\\\/f4-2.jpg\",\"datePublished\":\"2023-04-21T04:43:28+00:00\",\"dateModified\":\"2025-07-07T14:24:22+00:00\",\"breadcrumb\":{\"@id\":\"https:\\\/\\\/encompaniastj.org\\\/pt-pt\\\/i-encontro-da-familia-teresiana-de-andaluzia\\\/#breadcrumb\"},\"inLanguage\":\"pt-PT\",\"potentialAction\":[{\"@type\":\"ReadAction\",\"target\":[\"https:\\\/\\\/encompaniastj.org\\\/pt-pt\\\/i-encontro-da-familia-teresiana-de-andaluzia\\\/\"]}]},{\"@type\":\"ImageObject\",\"inLanguage\":\"pt-PT\",\"@id\":\"https:\\\/\\\/encompaniastj.org\\\/pt-pt\\\/i-encontro-da-familia-teresiana-de-andaluzia\\\/#primaryimage\",\"url\":\"https:\\\/\\\/encompaniastj.org\\\/wp-content\\\/uploads\\\/2025\\\/05\\\/f4-2.jpg\",\"contentUrl\":\"https:\\\/\\\/encompaniastj.org\\\/wp-content\\\/uploads\\\/2025\\\/05\\\/f4-2.jpg\",\"width\":2016,\"height\":1512},{\"@type\":\"BreadcrumbList\",\"@id\":\"https:\\\/\\\/encompaniastj.org\\\/pt-pt\\\/i-encontro-da-familia-teresiana-de-andaluzia\\\/#breadcrumb\",\"itemListElement\":[{\"@type\":\"ListItem\",\"position\":1,\"name\":\"Portada\",\"item\":\"https:\\\/\\\/encompaniastj.org\\\/pt-pt\\\/\"},{\"@type\":\"ListItem\",\"position\":2,\"name\":\"I Encontro da Fam\u00edlia Teresiana de Andaluzia\"}]},{\"@type\":\"WebSite\",\"@id\":\"https:\\\/\\\/encompaniastj.org\\\/pt-pt\\\/#website\",\"url\":\"https:\\\/\\\/encompaniastj.org\\\/pt-pt\\\/\",\"name\":\"En Compa\u00f1\u00eda STJ\",\"description\":\"Bolet\u00edn de la Compa\u00f1\u00eda de Santa Teresa de Jes\u00fas\",\"publisher\":{\"@id\":\"https:\\\/\\\/encompaniastj.org\\\/pt-pt\\\/#organization\"},\"potentialAction\":[{\"@type\":\"SearchAction\",\"target\":{\"@type\":\"EntryPoint\",\"urlTemplate\":\"https:\\\/\\\/encompaniastj.org\\\/pt-pt\\\/?s={search_term_string}\"},\"query-input\":{\"@type\":\"PropertyValueSpecification\",\"valueRequired\":true,\"valueName\":\"search_term_string\"}}],\"inLanguage\":\"pt-PT\"},{\"@type\":\"Organization\",\"@id\":\"https:\\\/\\\/encompaniastj.org\\\/pt-pt\\\/#organization\",\"name\":\"Compa\u00f1\u00eda de Santa Teresa de Jes\u00fas\",\"url\":\"https:\\\/\\\/encompaniastj.org\\\/pt-pt\\\/\",\"logo\":{\"@type\":\"ImageObject\",\"inLanguage\":\"pt-PT\",\"@id\":\"https:\\\/\\\/encompaniastj.org\\\/pt-pt\\\/#\\\/schema\\\/logo\\\/image\\\/\",\"url\":\"https:\\\/\\\/encompaniastj.org\\\/wp-content\\\/uploads\\\/2025\\\/04\\\/logo_provincias02-1-3.png\",\"contentUrl\":\"https:\\\/\\\/encompaniastj.org\\\/wp-content\\\/uploads\\\/2025\\\/04\\\/logo_provincias02-1-3.png\",\"width\":2368,\"height\":825,\"caption\":\"Compa\u00f1\u00eda de Santa Teresa de Jes\u00fas\"},\"image\":{\"@id\":\"https:\\\/\\\/encompaniastj.org\\\/pt-pt\\\/#\\\/schema\\\/logo\\\/image\\\/\"}},{\"@type\":\"Person\",\"@id\":\"https:\\\/\\\/encompaniastj.org\\\/pt-pt\\\/#\\\/schema\\\/person\\\/520e7ecc314793d40091993c2a02b651\",\"name\":\"admin\",\"image\":{\"@type\":\"ImageObject\",\"inLanguage\":\"pt-PT\",\"@id\":\"https:\\\/\\\/secure.gravatar.com\\\/avatar\\\/948b492cce32b586ac2db0eaa926ee87024f7afe218d73b397ea5ddfc5f43ea1?s=96&d=mm&r=g\",\"url\":\"https:\\\/\\\/secure.gravatar.com\\\/avatar\\\/948b492cce32b586ac2db0eaa926ee87024f7afe218d73b397ea5ddfc5f43ea1?s=96&d=mm&r=g\",\"contentUrl\":\"https:\\\/\\\/secure.gravatar.com\\\/avatar\\\/948b492cce32b586ac2db0eaa926ee87024f7afe218d73b397ea5ddfc5f43ea1?s=96&d=mm&r=g\",\"caption\":\"admin\"},\"sameAs\":[\"https:\\\/\\\/encompaniastj.org\"],\"url\":\"https:\\\/\\\/encompaniastj.org\\\/pt-pt\\\/author\\\/sjdigital\\\/\"}]}<\/script>\n<!-- \/ Yoast SEO plugin. -->","yoast_head_json":{"title":"I Encontro da Fam\u00edlia Teresiana de Andaluzia - En Compa\u00f1\u00eda STJ","robots":{"index":"index","follow":"follow","max-snippet":"max-snippet:-1","max-image-preview":"max-image-preview:large","max-video-preview":"max-video-preview:-1"},"canonical":"https:\/\/encompaniastj.org\/pt-pt\/i-encontro-da-familia-teresiana-de-andaluzia\/","og_locale":"pt_PT","og_type":"article","og_title":"I Encontro da Fam\u00edlia Teresiana de Andaluzia - En Compa\u00f1\u00eda STJ","og_description":"No s\u00e1bado, 15 de abril, neste tempo pascal, convoc\u00e1mos a todos n\u00f3s que fazemos parte da Fam\u00edlia Teresiana de Huelva e Sevilha para viver um dia de conv\u00edvio em El [&hellip;]","og_url":"https:\/\/encompaniastj.org\/pt-pt\/i-encontro-da-familia-teresiana-de-andaluzia\/","og_site_name":"En Compa\u00f1\u00eda STJ","article_published_time":"2023-04-21T04:43:28+00:00","article_modified_time":"2025-07-07T14:24:22+00:00","og_image":[{"width":2016,"height":1512,"url":"https:\/\/encompaniastj.org\/wp-content\/uploads\/2025\/05\/f4-2.jpg","type":"image\/jpeg"}],"author":"admin","twitter_card":"summary_large_image","twitter_misc":{"Escrito por":"admin","Tempo estimado de leitura":"3 minutos"},"schema":{"@context":"https:\/\/schema.org","@graph":[{"@type":"Article","@id":"https:\/\/encompaniastj.org\/pt-pt\/i-encontro-da-familia-teresiana-de-andaluzia\/#article","isPartOf":{"@id":"https:\/\/encompaniastj.org\/pt-pt\/i-encontro-da-familia-teresiana-de-andaluzia\/"},"author":{"name":"admin","@id":"https:\/\/encompaniastj.org\/pt-pt\/#\/schema\/person\/520e7ecc314793d40091993c2a02b651"},"headline":"I Encontro da Fam\u00edlia Teresiana de Andaluzia","datePublished":"2023-04-21T04:43:28+00:00","dateModified":"2025-07-07T14:24:22+00:00","mainEntityOfPage":{"@id":"https:\/\/encompaniastj.org\/pt-pt\/i-encontro-da-familia-teresiana-de-andaluzia\/"},"wordCount":387,"commentCount":0,"publisher":{"@id":"https:\/\/encompaniastj.org\/pt-pt\/#organization"},"image":{"@id":"https:\/\/encompaniastj.org\/pt-pt\/i-encontro-da-familia-teresiana-de-andaluzia\/#primaryimage"},"thumbnailUrl":"https:\/\/encompaniastj.org\/wp-content\/uploads\/2025\/05\/f4-2.jpg","articleSection":["STJ","STJ pt"],"inLanguage":"pt-PT","potentialAction":[{"@type":"CommentAction","name":"Comment","target":["https:\/\/encompaniastj.org\/pt-pt\/i-encontro-da-familia-teresiana-de-andaluzia\/#respond"]}]},{"@type":"WebPage","@id":"https:\/\/encompaniastj.org\/pt-pt\/i-encontro-da-familia-teresiana-de-andaluzia\/","url":"https:\/\/encompaniastj.org\/pt-pt\/i-encontro-da-familia-teresiana-de-andaluzia\/","name":"I Encontro da Fam\u00edlia Teresiana de Andaluzia - En Compa\u00f1\u00eda STJ","isPartOf":{"@id":"https:\/\/encompaniastj.org\/pt-pt\/#website"},"primaryImageOfPage":{"@id":"https:\/\/encompaniastj.org\/pt-pt\/i-encontro-da-familia-teresiana-de-andaluzia\/#primaryimage"},"image":{"@id":"https:\/\/encompaniastj.org\/pt-pt\/i-encontro-da-familia-teresiana-de-andaluzia\/#primaryimage"},"thumbnailUrl":"https:\/\/encompaniastj.org\/wp-content\/uploads\/2025\/05\/f4-2.jpg","datePublished":"2023-04-21T04:43:28+00:00","dateModified":"2025-07-07T14:24:22+00:00","breadcrumb":{"@id":"https:\/\/encompaniastj.org\/pt-pt\/i-encontro-da-familia-teresiana-de-andaluzia\/#breadcrumb"},"inLanguage":"pt-PT","potentialAction":[{"@type":"ReadAction","target":["https:\/\/encompaniastj.org\/pt-pt\/i-encontro-da-familia-teresiana-de-andaluzia\/"]}]},{"@type":"ImageObject","inLanguage":"pt-PT","@id":"https:\/\/encompaniastj.org\/pt-pt\/i-encontro-da-familia-teresiana-de-andaluzia\/#primaryimage","url":"https:\/\/encompaniastj.org\/wp-content\/uploads\/2025\/05\/f4-2.jpg","contentUrl":"https:\/\/encompaniastj.org\/wp-content\/uploads\/2025\/05\/f4-2.jpg","width":2016,"height":1512},{"@type":"BreadcrumbList","@id":"https:\/\/encompaniastj.org\/pt-pt\/i-encontro-da-familia-teresiana-de-andaluzia\/#breadcrumb","itemListElement":[{"@type":"ListItem","position":1,"name":"Portada","item":"https:\/\/encompaniastj.org\/pt-pt\/"},{"@type":"ListItem","position":2,"name":"I Encontro da Fam\u00edlia Teresiana de Andaluzia"}]},{"@type":"WebSite","@id":"https:\/\/encompaniastj.org\/pt-pt\/#website","url":"https:\/\/encompaniastj.org\/pt-pt\/","name":"En Compa\u00f1\u00eda STJ","description":"Bolet\u00edn de la Compa\u00f1\u00eda de Santa Teresa de Jes\u00fas","publisher":{"@id":"https:\/\/encompaniastj.org\/pt-pt\/#organization"},"potentialAction":[{"@type":"SearchAction","target":{"@type":"EntryPoint","urlTemplate":"https:\/\/encompaniastj.org\/pt-pt\/?s={search_term_string}"},"query-input":{"@type":"PropertyValueSpecification","valueRequired":true,"valueName":"search_term_string"}}],"inLanguage":"pt-PT"},{"@type":"Organization","@id":"https:\/\/encompaniastj.org\/pt-pt\/#organization","name":"Compa\u00f1\u00eda de Santa Teresa de Jes\u00fas","url":"https:\/\/encompaniastj.org\/pt-pt\/","logo":{"@type":"ImageObject","inLanguage":"pt-PT","@id":"https:\/\/encompaniastj.org\/pt-pt\/#\/schema\/logo\/image\/","url":"https:\/\/encompaniastj.org\/wp-content\/uploads\/2025\/04\/logo_provincias02-1-3.png","contentUrl":"https:\/\/encompaniastj.org\/wp-content\/uploads\/2025\/04\/logo_provincias02-1-3.png","width":2368,"height":825,"caption":"Compa\u00f1\u00eda de Santa Teresa de Jes\u00fas"},"image":{"@id":"https:\/\/encompaniastj.org\/pt-pt\/#\/schema\/logo\/image\/"}},{"@type":"Person","@id":"https:\/\/encompaniastj.org\/pt-pt\/#\/schema\/person\/520e7ecc314793d40091993c2a02b651","name":"admin","image":{"@type":"ImageObject","inLanguage":"pt-PT","@id":"https:\/\/secure.gravatar.com\/avatar\/948b492cce32b586ac2db0eaa926ee87024f7afe218d73b397ea5ddfc5f43ea1?s=96&d=mm&r=g","url":"https:\/\/secure.gravatar.com\/avatar\/948b492cce32b586ac2db0eaa926ee87024f7afe218d73b397ea5ddfc5f43ea1?s=96&d=mm&r=g","contentUrl":"https:\/\/secure.gravatar.com\/avatar\/948b492cce32b586ac2db0eaa926ee87024f7afe218d73b397ea5ddfc5f43ea1?s=96&d=mm&r=g","caption":"admin"},"sameAs":["https:\/\/encompaniastj.org"],"url":"https:\/\/encompaniastj.org\/pt-pt\/author\/sjdigital\/"}]}},"_links":{"self":[{"href":"https:\/\/encompaniastj.org\/pt-pt\/wp-json\/wp\/v2\/posts\/11566","targetHints":{"allow":["GET"]}}],"collection":[{"href":"https:\/\/encompaniastj.org\/pt-pt\/wp-json\/wp\/v2\/posts"}],"about":[{"href":"https:\/\/encompaniastj.org\/pt-pt\/wp-json\/wp\/v2\/types\/post"}],"author":[{"embeddable":true,"href":"https:\/\/encompaniastj.org\/pt-pt\/wp-json\/wp\/v2\/users\/1"}],"replies":[{"embeddable":true,"href":"https:\/\/encompaniastj.org\/pt-pt\/wp-json\/wp\/v2\/comments?post=11566"}],"version-history":[{"count":1,"href":"https:\/\/encompaniastj.org\/pt-pt\/wp-json\/wp\/v2\/posts\/11566\/revisions"}],"predecessor-version":[{"id":11567,"href":"https:\/\/encompaniastj.org\/pt-pt\/wp-json\/wp\/v2\/posts\/11566\/revisions\/11567"}],"wp:featuredmedia":[{"embeddable":true,"href":"https:\/\/encompaniastj.org\/pt-pt\/wp-json\/wp\/v2\/media\/8332"}],"wp:attachment":[{"href":"https:\/\/encompaniastj.org\/pt-pt\/wp-json\/wp\/v2\/media?parent=11566"}],"wp:term":[{"taxonomy":"category","embeddable":true,"href":"https:\/\/encompaniastj.org\/pt-pt\/wp-json\/wp\/v2\/categories?post=11566"},{"taxonomy":"post_tag","embeddable":true,"href":"https:\/\/encompaniastj.org\/pt-pt\/wp-json\/wp\/v2\/tags?post=11566"}],"curies":[{"name":"wp","href":"https:\/\/api.w.org\/{rel}","templated":true}]}}