{"id":11558,"date":"2023-04-12T12:50:01","date_gmt":"2023-04-12T10:50:01","guid":{"rendered":"https:\/\/encompaniastj.org\/angeles-delgado-delgado-12-de-abril-de-2023-valladolid-residencia-2\/"},"modified":"2025-07-07T16:24:21","modified_gmt":"2025-07-07T14:24:21","slug":"angeles-delgado-delgado-12-de-abril-de-2023-valladolid-residencia-2","status":"publish","type":"post","link":"https:\/\/encompaniastj.org\/pt-pt\/angeles-delgado-delgado-12-de-abril-de-2023-valladolid-residencia-2\/","title":{"rendered":"\u00c1ngeles Delgado Delgado. 12 de abril de 2023 (Valladolid-Residencia)"},"content":{"rendered":"<p>No dia 12 de abril de 2023, quarta-feira de P\u00e1scoa, faleceu em Valladolid a nossa Irm\u00e3 M\u00aa de los \u00c1ngeles de Cristo Rey Delgado, aos 94 anos de idade e 70 anos de vida na Companhia.<\/p>\n<p>Nasceu em Berrueces (Valladolid) no dia 2 de agosto de 1928 e entrou na Companhia no m\u00eas de mar\u00e7o de 1951. Ao longo da sua vida viveu e exerceu o seu apostolado, principalmente como professora de Hist\u00f3ria, nas comunidades e col\u00e9gios de Barcelona-Ganduxer-Casa Madre, San Juan de Aznalfarache (Sevilha), Valencia-Cirilo Amor\u00f3s, onde fez os votos perp\u00e9tuos em 1956, Huelva, Barcelona-Rambla-Diagonal, Salamanca e Valladolid-Resid\u00eancia. Esteve tr\u00eas vezes na comunidade de San Juan de Aznalfarache e duas em Huelva. Chegou \u00e0 comunidade de Valladolid-Resid\u00eancia, onde faleceu em 1973. Por isso, viveu ali 50 anos.<\/p>\n<p>Os \u00faltimos 6 meses da sua vida foram passados \u200b\u200bna Resid\u00eancia Bento Menni, das Irm\u00e3s Hospitaleiras. Foi uma decis\u00e3o dif\u00edcil e dura para a comunidade, mas necess\u00e1ria para que ela pudesse receber o cuidado e a aten\u00e7\u00e3o profissional de que precisava. Continu\u00e1mos a visit\u00e1-la e a cuidar dela com o mesmo carinho que faz\u00edamos enquanto estava na comunidade.<\/p>\n<p>At\u00e9 ao momento da sua morte, ela manteve a plena lucidez e sua a mem\u00f3ria extraordin\u00e1ria, falando com normalidade com a Irm\u00e3 que nesse dia a foi ver, e mostrando grande interesse em ser informada sobre as Irm\u00e3s escolhidas no Cap\u00edtulo Provincial para participar do Cap\u00edtulo Geral e sobre as celebra\u00e7\u00f5es da Semana Santa de Valladolid. Naquela mesma noite, um problema card\u00edaco inesperado p\u00f4s fim \u00e0 sua longa vida de uma forma serena, sem sofrimento.<\/p>\n<p>O grande n\u00famero de pessoas que passaram na capela funer\u00e1ria, instalada na capela do col\u00e9gio, e participara na eucaristia antes do enterro - ex-alunas, pais, professores&#8230; - bem como os muitos testemunhos que foram publicados nas redes sociais, e os que recebemos diretamente, s\u00e3o uma amostra do quanto algumas das suas ex-alunas a valorizaram, e de que \u00c1ngeles continuava sendo uma institui\u00e7\u00e3o na cidade que ela tanto amava.<\/p>\n<p>As Irm\u00e3s que convivemos com ela sabemos do seu car\u00e1ter forte e complexo. Aqueles de n\u00f3s que partilh\u00e1mos da sua vida e sua doen\u00e7a nos \u00faltimos anos experiment\u00e1mos o que \u00e9 a fraqueza e limita\u00e7\u00e3o. Aprendemos a acolher o mist\u00e9rio, a sair de n\u00f3s mesmas e a dar-lhe o nosso carinho e cuidado, nos quais tamb\u00e9m foram muito importantes as pessoas que nos ajudaram a cuidar dela.<\/p>\n<p>Deus quis dar-lhe a sua presen\u00e7a e o seu abra\u00e7o durante a semana da P\u00e1scoa. Vivemos este acontecimento inesperado com muita paz e, embora com dor, agradecemos a Deus por ela ter vivido os seus \u00faltimos meses, serena e em paz, e experiment\u00e1mos a alegria e a felicidade de saber que ela j\u00e1 est\u00e1 nas suas m\u00e3os. Descanse em paz a nossa Irm\u00e3.<\/p>\n","protected":false},"excerpt":{"rendered":"<p>No dia 12 de abril de 2023, quarta-feira de P\u00e1scoa, faleceu em Valladolid a nossa Irm\u00e3 M\u00aa de los \u00c1ngeles de Cristo Rey Delgado, aos 94 anos de idade e [&hellip;]<\/p>\n","protected":false},"author":1,"featured_media":8326,"comment_status":"open","ping_status":"open","sticky":false,"template":"","format":"standard","meta":{"_acf_changed":false,"footnotes":""},"categories":[69],"tags":[],"class_list":["post-11558","post","type-post","status-publish","format-standard","has-post-thumbnail","hentry","category-falecimentos"],"acf":[],"yoast_head":"<!-- This site is optimized with the Yoast SEO plugin v27.5 - https:\/\/yoast.com\/product\/yoast-seo-wordpress\/ -->\n<title>\u00c1ngeles Delgado Delgado. 12 de abril de 2023 (Valladolid-Residencia) - En Compa\u00f1\u00eda STJ<\/title>\n<meta name=\"robots\" content=\"index, follow, max-snippet:-1, max-image-preview:large, max-video-preview:-1\" \/>\n<link rel=\"canonical\" href=\"https:\/\/encompaniastj.org\/pt-pt\/angeles-delgado-delgado-12-de-abril-de-2023-valladolid-residencia-2\/\" \/>\n<meta property=\"og:locale\" content=\"pt_PT\" \/>\n<meta property=\"og:type\" content=\"article\" \/>\n<meta property=\"og:title\" content=\"\u00c1ngeles Delgado Delgado. 12 de abril de 2023 (Valladolid-Residencia) - En Compa\u00f1\u00eda STJ\" \/>\n<meta property=\"og:description\" content=\"No dia 12 de abril de 2023, quarta-feira de P\u00e1scoa, faleceu em Valladolid a nossa Irm\u00e3 M\u00aa de los \u00c1ngeles de Cristo Rey Delgado, aos 94 anos de idade e [&hellip;]\" \/>\n<meta property=\"og:url\" content=\"https:\/\/encompaniastj.org\/pt-pt\/angeles-delgado-delgado-12-de-abril-de-2023-valladolid-residencia-2\/\" \/>\n<meta property=\"og:site_name\" content=\"En Compa\u00f1\u00eda STJ\" \/>\n<meta property=\"article:published_time\" content=\"2023-04-12T10:50:01+00:00\" \/>\n<meta property=\"article:modified_time\" content=\"2025-07-07T14:24:21+00:00\" \/>\n<meta property=\"og:image\" content=\"https:\/\/encompaniastj.org\/wp-content\/uploads\/2025\/05\/foto3-1-3.jpg\" \/>\n\t<meta property=\"og:image:width\" content=\"612\" \/>\n\t<meta property=\"og:image:height\" content=\"408\" \/>\n\t<meta property=\"og:image:type\" content=\"image\/jpeg\" \/>\n<meta name=\"author\" content=\"admin\" \/>\n<meta name=\"twitter:card\" content=\"summary_large_image\" \/>\n<meta name=\"twitter:label1\" content=\"Escrito por\" \/>\n\t<meta name=\"twitter:data1\" content=\"admin\" \/>\n\t<meta name=\"twitter:label2\" content=\"Tempo estimado de leitura\" \/>\n\t<meta name=\"twitter:data2\" content=\"3 minutos\" \/>\n<script type=\"application\/ld+json\" class=\"yoast-schema-graph\">{\"@context\":\"https:\\\/\\\/schema.org\",\"@graph\":[{\"@type\":\"Article\",\"@id\":\"https:\\\/\\\/encompaniastj.org\\\/pt-pt\\\/angeles-delgado-delgado-12-de-abril-de-2023-valladolid-residencia-2\\\/#article\",\"isPartOf\":{\"@id\":\"https:\\\/\\\/encompaniastj.org\\\/pt-pt\\\/angeles-delgado-delgado-12-de-abril-de-2023-valladolid-residencia-2\\\/\"},\"author\":{\"name\":\"admin\",\"@id\":\"https:\\\/\\\/encompaniastj.org\\\/pt-pt\\\/#\\\/schema\\\/person\\\/520e7ecc314793d40091993c2a02b651\"},\"headline\":\"\u00c1ngeles Delgado Delgado. 12 de abril de 2023 (Valladolid-Residencia)\",\"datePublished\":\"2023-04-12T10:50:01+00:00\",\"dateModified\":\"2025-07-07T14:24:21+00:00\",\"mainEntityOfPage\":{\"@id\":\"https:\\\/\\\/encompaniastj.org\\\/pt-pt\\\/angeles-delgado-delgado-12-de-abril-de-2023-valladolid-residencia-2\\\/\"},\"wordCount\":499,\"commentCount\":0,\"publisher\":{\"@id\":\"https:\\\/\\\/encompaniastj.org\\\/pt-pt\\\/#organization\"},\"image\":{\"@id\":\"https:\\\/\\\/encompaniastj.org\\\/pt-pt\\\/angeles-delgado-delgado-12-de-abril-de-2023-valladolid-residencia-2\\\/#primaryimage\"},\"thumbnailUrl\":\"https:\\\/\\\/encompaniastj.org\\\/wp-content\\\/uploads\\\/2025\\\/05\\\/foto3-1-3.jpg\",\"articleSection\":[\"Falecimentos\"],\"inLanguage\":\"pt-PT\",\"potentialAction\":[{\"@type\":\"CommentAction\",\"name\":\"Comment\",\"target\":[\"https:\\\/\\\/encompaniastj.org\\\/pt-pt\\\/angeles-delgado-delgado-12-de-abril-de-2023-valladolid-residencia-2\\\/#respond\"]}]},{\"@type\":\"WebPage\",\"@id\":\"https:\\\/\\\/encompaniastj.org\\\/pt-pt\\\/angeles-delgado-delgado-12-de-abril-de-2023-valladolid-residencia-2\\\/\",\"url\":\"https:\\\/\\\/encompaniastj.org\\\/pt-pt\\\/angeles-delgado-delgado-12-de-abril-de-2023-valladolid-residencia-2\\\/\",\"name\":\"\u00c1ngeles Delgado Delgado. 12 de abril de 2023 (Valladolid-Residencia) - En Compa\u00f1\u00eda STJ\",\"isPartOf\":{\"@id\":\"https:\\\/\\\/encompaniastj.org\\\/pt-pt\\\/#website\"},\"primaryImageOfPage\":{\"@id\":\"https:\\\/\\\/encompaniastj.org\\\/pt-pt\\\/angeles-delgado-delgado-12-de-abril-de-2023-valladolid-residencia-2\\\/#primaryimage\"},\"image\":{\"@id\":\"https:\\\/\\\/encompaniastj.org\\\/pt-pt\\\/angeles-delgado-delgado-12-de-abril-de-2023-valladolid-residencia-2\\\/#primaryimage\"},\"thumbnailUrl\":\"https:\\\/\\\/encompaniastj.org\\\/wp-content\\\/uploads\\\/2025\\\/05\\\/foto3-1-3.jpg\",\"datePublished\":\"2023-04-12T10:50:01+00:00\",\"dateModified\":\"2025-07-07T14:24:21+00:00\",\"breadcrumb\":{\"@id\":\"https:\\\/\\\/encompaniastj.org\\\/pt-pt\\\/angeles-delgado-delgado-12-de-abril-de-2023-valladolid-residencia-2\\\/#breadcrumb\"},\"inLanguage\":\"pt-PT\",\"potentialAction\":[{\"@type\":\"ReadAction\",\"target\":[\"https:\\\/\\\/encompaniastj.org\\\/pt-pt\\\/angeles-delgado-delgado-12-de-abril-de-2023-valladolid-residencia-2\\\/\"]}]},{\"@type\":\"ImageObject\",\"inLanguage\":\"pt-PT\",\"@id\":\"https:\\\/\\\/encompaniastj.org\\\/pt-pt\\\/angeles-delgado-delgado-12-de-abril-de-2023-valladolid-residencia-2\\\/#primaryimage\",\"url\":\"https:\\\/\\\/encompaniastj.org\\\/wp-content\\\/uploads\\\/2025\\\/05\\\/foto3-1-3.jpg\",\"contentUrl\":\"https:\\\/\\\/encompaniastj.org\\\/wp-content\\\/uploads\\\/2025\\\/05\\\/foto3-1-3.jpg\",\"width\":612,\"height\":408,\"caption\":\"Flores de a\u00e7afr\u00e3o da primavera. Os primeiros a\u00e7afr\u00f5es numa manh\u00e3 de sol.\"},{\"@type\":\"BreadcrumbList\",\"@id\":\"https:\\\/\\\/encompaniastj.org\\\/pt-pt\\\/angeles-delgado-delgado-12-de-abril-de-2023-valladolid-residencia-2\\\/#breadcrumb\",\"itemListElement\":[{\"@type\":\"ListItem\",\"position\":1,\"name\":\"Portada\",\"item\":\"https:\\\/\\\/encompaniastj.org\\\/pt-pt\\\/\"},{\"@type\":\"ListItem\",\"position\":2,\"name\":\"\u00c1ngeles Delgado Delgado. 12 de abril de 2023 (Valladolid-Residencia)\"}]},{\"@type\":\"WebSite\",\"@id\":\"https:\\\/\\\/encompaniastj.org\\\/pt-pt\\\/#website\",\"url\":\"https:\\\/\\\/encompaniastj.org\\\/pt-pt\\\/\",\"name\":\"En Compa\u00f1\u00eda STJ\",\"description\":\"Bolet\u00edn de la Compa\u00f1\u00eda de Santa Teresa de Jes\u00fas\",\"publisher\":{\"@id\":\"https:\\\/\\\/encompaniastj.org\\\/pt-pt\\\/#organization\"},\"potentialAction\":[{\"@type\":\"SearchAction\",\"target\":{\"@type\":\"EntryPoint\",\"urlTemplate\":\"https:\\\/\\\/encompaniastj.org\\\/pt-pt\\\/?s={search_term_string}\"},\"query-input\":{\"@type\":\"PropertyValueSpecification\",\"valueRequired\":true,\"valueName\":\"search_term_string\"}}],\"inLanguage\":\"pt-PT\"},{\"@type\":\"Organization\",\"@id\":\"https:\\\/\\\/encompaniastj.org\\\/pt-pt\\\/#organization\",\"name\":\"Compa\u00f1\u00eda de Santa Teresa de Jes\u00fas\",\"url\":\"https:\\\/\\\/encompaniastj.org\\\/pt-pt\\\/\",\"logo\":{\"@type\":\"ImageObject\",\"inLanguage\":\"pt-PT\",\"@id\":\"https:\\\/\\\/encompaniastj.org\\\/pt-pt\\\/#\\\/schema\\\/logo\\\/image\\\/\",\"url\":\"https:\\\/\\\/encompaniastj.org\\\/wp-content\\\/uploads\\\/2025\\\/04\\\/logo_provincias02-1-3.png\",\"contentUrl\":\"https:\\\/\\\/encompaniastj.org\\\/wp-content\\\/uploads\\\/2025\\\/04\\\/logo_provincias02-1-3.png\",\"width\":2368,\"height\":825,\"caption\":\"Compa\u00f1\u00eda de Santa Teresa de Jes\u00fas\"},\"image\":{\"@id\":\"https:\\\/\\\/encompaniastj.org\\\/pt-pt\\\/#\\\/schema\\\/logo\\\/image\\\/\"}},{\"@type\":\"Person\",\"@id\":\"https:\\\/\\\/encompaniastj.org\\\/pt-pt\\\/#\\\/schema\\\/person\\\/520e7ecc314793d40091993c2a02b651\",\"name\":\"admin\",\"image\":{\"@type\":\"ImageObject\",\"inLanguage\":\"pt-PT\",\"@id\":\"https:\\\/\\\/secure.gravatar.com\\\/avatar\\\/948b492cce32b586ac2db0eaa926ee87024f7afe218d73b397ea5ddfc5f43ea1?s=96&d=mm&r=g\",\"url\":\"https:\\\/\\\/secure.gravatar.com\\\/avatar\\\/948b492cce32b586ac2db0eaa926ee87024f7afe218d73b397ea5ddfc5f43ea1?s=96&d=mm&r=g\",\"contentUrl\":\"https:\\\/\\\/secure.gravatar.com\\\/avatar\\\/948b492cce32b586ac2db0eaa926ee87024f7afe218d73b397ea5ddfc5f43ea1?s=96&d=mm&r=g\",\"caption\":\"admin\"},\"sameAs\":[\"https:\\\/\\\/encompaniastj.org\"],\"url\":\"https:\\\/\\\/encompaniastj.org\\\/pt-pt\\\/author\\\/sjdigital\\\/\"}]}<\/script>\n<!-- \/ Yoast SEO plugin. -->","yoast_head_json":{"title":"\u00c1ngeles Delgado Delgado. 12 de abril de 2023 (Valladolid-Residencia) - En Compa\u00f1\u00eda STJ","robots":{"index":"index","follow":"follow","max-snippet":"max-snippet:-1","max-image-preview":"max-image-preview:large","max-video-preview":"max-video-preview:-1"},"canonical":"https:\/\/encompaniastj.org\/pt-pt\/angeles-delgado-delgado-12-de-abril-de-2023-valladolid-residencia-2\/","og_locale":"pt_PT","og_type":"article","og_title":"\u00c1ngeles Delgado Delgado. 12 de abril de 2023 (Valladolid-Residencia) - En Compa\u00f1\u00eda STJ","og_description":"No dia 12 de abril de 2023, quarta-feira de P\u00e1scoa, faleceu em Valladolid a nossa Irm\u00e3 M\u00aa de los \u00c1ngeles de Cristo Rey Delgado, aos 94 anos de idade e [&hellip;]","og_url":"https:\/\/encompaniastj.org\/pt-pt\/angeles-delgado-delgado-12-de-abril-de-2023-valladolid-residencia-2\/","og_site_name":"En Compa\u00f1\u00eda STJ","article_published_time":"2023-04-12T10:50:01+00:00","article_modified_time":"2025-07-07T14:24:21+00:00","og_image":[{"width":612,"height":408,"url":"https:\/\/encompaniastj.org\/wp-content\/uploads\/2025\/05\/foto3-1-3.jpg","type":"image\/jpeg"}],"author":"admin","twitter_card":"summary_large_image","twitter_misc":{"Escrito por":"admin","Tempo estimado de leitura":"3 minutos"},"schema":{"@context":"https:\/\/schema.org","@graph":[{"@type":"Article","@id":"https:\/\/encompaniastj.org\/pt-pt\/angeles-delgado-delgado-12-de-abril-de-2023-valladolid-residencia-2\/#article","isPartOf":{"@id":"https:\/\/encompaniastj.org\/pt-pt\/angeles-delgado-delgado-12-de-abril-de-2023-valladolid-residencia-2\/"},"author":{"name":"admin","@id":"https:\/\/encompaniastj.org\/pt-pt\/#\/schema\/person\/520e7ecc314793d40091993c2a02b651"},"headline":"\u00c1ngeles Delgado Delgado. 12 de abril de 2023 (Valladolid-Residencia)","datePublished":"2023-04-12T10:50:01+00:00","dateModified":"2025-07-07T14:24:21+00:00","mainEntityOfPage":{"@id":"https:\/\/encompaniastj.org\/pt-pt\/angeles-delgado-delgado-12-de-abril-de-2023-valladolid-residencia-2\/"},"wordCount":499,"commentCount":0,"publisher":{"@id":"https:\/\/encompaniastj.org\/pt-pt\/#organization"},"image":{"@id":"https:\/\/encompaniastj.org\/pt-pt\/angeles-delgado-delgado-12-de-abril-de-2023-valladolid-residencia-2\/#primaryimage"},"thumbnailUrl":"https:\/\/encompaniastj.org\/wp-content\/uploads\/2025\/05\/foto3-1-3.jpg","articleSection":["Falecimentos"],"inLanguage":"pt-PT","potentialAction":[{"@type":"CommentAction","name":"Comment","target":["https:\/\/encompaniastj.org\/pt-pt\/angeles-delgado-delgado-12-de-abril-de-2023-valladolid-residencia-2\/#respond"]}]},{"@type":"WebPage","@id":"https:\/\/encompaniastj.org\/pt-pt\/angeles-delgado-delgado-12-de-abril-de-2023-valladolid-residencia-2\/","url":"https:\/\/encompaniastj.org\/pt-pt\/angeles-delgado-delgado-12-de-abril-de-2023-valladolid-residencia-2\/","name":"\u00c1ngeles Delgado Delgado. 12 de abril de 2023 (Valladolid-Residencia) - En Compa\u00f1\u00eda STJ","isPartOf":{"@id":"https:\/\/encompaniastj.org\/pt-pt\/#website"},"primaryImageOfPage":{"@id":"https:\/\/encompaniastj.org\/pt-pt\/angeles-delgado-delgado-12-de-abril-de-2023-valladolid-residencia-2\/#primaryimage"},"image":{"@id":"https:\/\/encompaniastj.org\/pt-pt\/angeles-delgado-delgado-12-de-abril-de-2023-valladolid-residencia-2\/#primaryimage"},"thumbnailUrl":"https:\/\/encompaniastj.org\/wp-content\/uploads\/2025\/05\/foto3-1-3.jpg","datePublished":"2023-04-12T10:50:01+00:00","dateModified":"2025-07-07T14:24:21+00:00","breadcrumb":{"@id":"https:\/\/encompaniastj.org\/pt-pt\/angeles-delgado-delgado-12-de-abril-de-2023-valladolid-residencia-2\/#breadcrumb"},"inLanguage":"pt-PT","potentialAction":[{"@type":"ReadAction","target":["https:\/\/encompaniastj.org\/pt-pt\/angeles-delgado-delgado-12-de-abril-de-2023-valladolid-residencia-2\/"]}]},{"@type":"ImageObject","inLanguage":"pt-PT","@id":"https:\/\/encompaniastj.org\/pt-pt\/angeles-delgado-delgado-12-de-abril-de-2023-valladolid-residencia-2\/#primaryimage","url":"https:\/\/encompaniastj.org\/wp-content\/uploads\/2025\/05\/foto3-1-3.jpg","contentUrl":"https:\/\/encompaniastj.org\/wp-content\/uploads\/2025\/05\/foto3-1-3.jpg","width":612,"height":408,"caption":"Flores de a\u00e7afr\u00e3o da primavera. Os primeiros a\u00e7afr\u00f5es numa manh\u00e3 de sol."},{"@type":"BreadcrumbList","@id":"https:\/\/encompaniastj.org\/pt-pt\/angeles-delgado-delgado-12-de-abril-de-2023-valladolid-residencia-2\/#breadcrumb","itemListElement":[{"@type":"ListItem","position":1,"name":"Portada","item":"https:\/\/encompaniastj.org\/pt-pt\/"},{"@type":"ListItem","position":2,"name":"\u00c1ngeles Delgado Delgado. 12 de abril de 2023 (Valladolid-Residencia)"}]},{"@type":"WebSite","@id":"https:\/\/encompaniastj.org\/pt-pt\/#website","url":"https:\/\/encompaniastj.org\/pt-pt\/","name":"En Compa\u00f1\u00eda STJ","description":"Bolet\u00edn de la Compa\u00f1\u00eda de Santa Teresa de Jes\u00fas","publisher":{"@id":"https:\/\/encompaniastj.org\/pt-pt\/#organization"},"potentialAction":[{"@type":"SearchAction","target":{"@type":"EntryPoint","urlTemplate":"https:\/\/encompaniastj.org\/pt-pt\/?s={search_term_string}"},"query-input":{"@type":"PropertyValueSpecification","valueRequired":true,"valueName":"search_term_string"}}],"inLanguage":"pt-PT"},{"@type":"Organization","@id":"https:\/\/encompaniastj.org\/pt-pt\/#organization","name":"Compa\u00f1\u00eda de Santa Teresa de Jes\u00fas","url":"https:\/\/encompaniastj.org\/pt-pt\/","logo":{"@type":"ImageObject","inLanguage":"pt-PT","@id":"https:\/\/encompaniastj.org\/pt-pt\/#\/schema\/logo\/image\/","url":"https:\/\/encompaniastj.org\/wp-content\/uploads\/2025\/04\/logo_provincias02-1-3.png","contentUrl":"https:\/\/encompaniastj.org\/wp-content\/uploads\/2025\/04\/logo_provincias02-1-3.png","width":2368,"height":825,"caption":"Compa\u00f1\u00eda de Santa Teresa de Jes\u00fas"},"image":{"@id":"https:\/\/encompaniastj.org\/pt-pt\/#\/schema\/logo\/image\/"}},{"@type":"Person","@id":"https:\/\/encompaniastj.org\/pt-pt\/#\/schema\/person\/520e7ecc314793d40091993c2a02b651","name":"admin","image":{"@type":"ImageObject","inLanguage":"pt-PT","@id":"https:\/\/secure.gravatar.com\/avatar\/948b492cce32b586ac2db0eaa926ee87024f7afe218d73b397ea5ddfc5f43ea1?s=96&d=mm&r=g","url":"https:\/\/secure.gravatar.com\/avatar\/948b492cce32b586ac2db0eaa926ee87024f7afe218d73b397ea5ddfc5f43ea1?s=96&d=mm&r=g","contentUrl":"https:\/\/secure.gravatar.com\/avatar\/948b492cce32b586ac2db0eaa926ee87024f7afe218d73b397ea5ddfc5f43ea1?s=96&d=mm&r=g","caption":"admin"},"sameAs":["https:\/\/encompaniastj.org"],"url":"https:\/\/encompaniastj.org\/pt-pt\/author\/sjdigital\/"}]}},"_links":{"self":[{"href":"https:\/\/encompaniastj.org\/pt-pt\/wp-json\/wp\/v2\/posts\/11558","targetHints":{"allow":["GET"]}}],"collection":[{"href":"https:\/\/encompaniastj.org\/pt-pt\/wp-json\/wp\/v2\/posts"}],"about":[{"href":"https:\/\/encompaniastj.org\/pt-pt\/wp-json\/wp\/v2\/types\/post"}],"author":[{"embeddable":true,"href":"https:\/\/encompaniastj.org\/pt-pt\/wp-json\/wp\/v2\/users\/1"}],"replies":[{"embeddable":true,"href":"https:\/\/encompaniastj.org\/pt-pt\/wp-json\/wp\/v2\/comments?post=11558"}],"version-history":[{"count":1,"href":"https:\/\/encompaniastj.org\/pt-pt\/wp-json\/wp\/v2\/posts\/11558\/revisions"}],"predecessor-version":[{"id":11559,"href":"https:\/\/encompaniastj.org\/pt-pt\/wp-json\/wp\/v2\/posts\/11558\/revisions\/11559"}],"wp:featuredmedia":[{"embeddable":true,"href":"https:\/\/encompaniastj.org\/pt-pt\/wp-json\/wp\/v2\/media\/8326"}],"wp:attachment":[{"href":"https:\/\/encompaniastj.org\/pt-pt\/wp-json\/wp\/v2\/media?parent=11558"}],"wp:term":[{"taxonomy":"category","embeddable":true,"href":"https:\/\/encompaniastj.org\/pt-pt\/wp-json\/wp\/v2\/categories?post=11558"},{"taxonomy":"post_tag","embeddable":true,"href":"https:\/\/encompaniastj.org\/pt-pt\/wp-json\/wp\/v2\/tags?post=11558"}],"curies":[{"name":"wp","href":"https:\/\/api.w.org\/{rel}","templated":true}]}}