{"id":11546,"date":"2023-04-10T11:41:20","date_gmt":"2023-04-10T09:41:20","guid":{"rendered":"https:\/\/encompaniastj.org\/quem-bem-te-quer-te-fara-anunciar\/"},"modified":"2025-07-07T16:24:20","modified_gmt":"2025-07-07T14:24:20","slug":"quem-bem-te-quer-te-fara-anunciar","status":"publish","type":"post","link":"https:\/\/encompaniastj.org\/pt-pt\/quem-bem-te-quer-te-fara-anunciar\/","title":{"rendered":"Quem bem te quer, te far\u00e1 anunciar"},"content":{"rendered":"<p>No fim de semana de 19 a 20 de mar\u00e7o, reunimo-nos em \u00c1vila, um grupo de 28 pessoas para nos formarmos no \u00e2mbito da catequese, seguindo o guia pr\u00e1tico do Catequista Henrique de Oss\u00f3. Todos sabemos que foi escrito h\u00e1 mais de 150 anos.<\/p>\n<p>\u201cHenrique de Oss\u00f3 viveu as palavras de Jesus \u201c<em>deixai vir a Mim as crian\u00e7as<\/em>\u201d; com e para eles, conseguiu chegar a todos os recantos de Tortosa, e a in\u00fameras fam\u00edlias. Ele entende a Catequese como o verdadeiro ENCONTRO do crist\u00e3o com Deus em Jesus, por meio da Igreja e na pessoa do catequista. Da\u00ed a import\u00e2ncia fundamental de quem participa na catequese da crian\u00e7a e de Jesus, os dois protagonistas do encontro. Tamb\u00e9m \u00e9 essencial o papel da media\u00e7\u00e3o eclesial, do catequista que deve aprender a pedagogia da f\u00e9, pois sua miss\u00e3o \u00e9 favorecer esse encontro com uma linguagem existencial, inspirada na pedagogia da Encarna\u00e7\u00e3o\u201d (1)<\/p>\n<p>Poder\u00edamos continuar expondo o que diz \u00c1ngel Rubio de Castro, mas este n\u00e3o foi o nosso objetivo, mas sim partilhar a experi\u00eancia de vida que temos neste \u00e2mbito. Nos nossos di\u00e1logos de grupo, de assembleia, constat\u00e1mos uma vis\u00e3o diferente da realidade dos v\u00e1rios lugares que represent\u00e1mos: \u00c1vila, Huelva, Madrid, San Sebasti\u00e1n, Tortosa, Tarragona, Zaragoza, Ciudad Rodrigo e busc\u00e1mos como pod\u00edamos responder na mesma. Insistimos na import\u00e2ncia da forma\u00e7\u00e3o da pessoa que transmite a f\u00e9 e como podemos realiz\u00e1-la.<\/p>\n<p>O foco das nossas sess\u00f5es de catequese \u00e9 a pessoa de Jesus; saber quem \u00e9, o que fez e, sobretudo, despertar a necessidade de ensinar a rezar como fazia Teresa: &#8220;tratando de amizade com quem sabemos que nos ama&#8221;.<\/p>\n<p>Fazemos nosso um fragmento do Papa Francisco: \u201cNunca nos cansamos de ser catequistas. Somos convidadas a encontrar os melhores meios para que a comunica\u00e7\u00e3o da f\u00e9 se adapte \u00e0 idade e \u00e0 prepara\u00e7\u00e3o das pessoas que nos escutam; (2)<\/p>\n<p>Obrigada a todas as irm\u00e3s e leigas que participaram neste encontro. Todas avan\u00e7\u00e1mos e pusemos os p\u00e3es que cada uma tinha ao servi\u00e7o das outras. S\u00f3 assim podemos dizer: Juntos constru\u00edmos a Igreja.<\/p>\n<p>Equipa do \u00c2mbito Paroquial e outros Servi\u00e7os Eclesiais.<\/p>\n<ul>\n<li>\u00c1ngel Rubio de Castro<\/li>\n<li>Congresso internacional de catequistas em setembro de 2022, Papa Francisco.<\/li>\n<\/ul>\n<p><img loading=\"lazy\" decoding=\"async\" class=\"alignnone wp-image-11136 size-full\" src=\"https:\/\/encompaniastj.org\/wp-content\/uploads\/2025\/05\/foto1-9.jpg\" alt=\"\" width=\"768\" height=\"1024\" \/><\/p>\n<p><img loading=\"lazy\" decoding=\"async\" class=\"aligncenter wp-image-11138 size-full\" src=\"https:\/\/encompaniastj.org\/wp-content\/uploads\/2025\/05\/foto2-7.jpg\" alt=\"\" width=\"1024\" height=\"768\" \/><\/p>\n<p><img loading=\"lazy\" decoding=\"async\" class=\"aligncenter wp-image-11140 size-full\" src=\"https:\/\/encompaniastj.org\/wp-content\/uploads\/2025\/05\/foto3-3.jpg\" alt=\"\" width=\"1024\" height=\"768\" \/><\/p>\n","protected":false},"excerpt":{"rendered":"<p>No fim de semana de 19 a 20 de mar\u00e7o, reunimo-nos em \u00c1vila, um grupo de 28 pessoas para nos formarmos no \u00e2mbito da catequese, seguindo o guia pr\u00e1tico do [&hellip;]<\/p>\n","protected":false},"author":1,"featured_media":8323,"comment_status":"open","ping_status":"open","sticky":false,"template":"","format":"standard","meta":{"_acf_changed":false,"footnotes":""},"categories":[61,80,78],"tags":[],"class_list":["post-11546","post","type-post","status-publish","format-standard","has-post-thumbnail","hentry","category-noticias","category-paroquial-eclesial","category-parroquial-eclesial"],"acf":[],"yoast_head":"<!-- This site is optimized with the Yoast SEO plugin v27.5 - https:\/\/yoast.com\/product\/yoast-seo-wordpress\/ -->\n<title>Quem bem te quer, te far\u00e1 anunciar - En Compa\u00f1\u00eda STJ<\/title>\n<meta name=\"robots\" content=\"index, follow, max-snippet:-1, max-image-preview:large, max-video-preview:-1\" \/>\n<link rel=\"canonical\" href=\"https:\/\/encompaniastj.org\/pt-pt\/quem-bem-te-quer-te-fara-anunciar\/\" \/>\n<meta property=\"og:locale\" content=\"pt_PT\" \/>\n<meta property=\"og:type\" content=\"article\" \/>\n<meta property=\"og:title\" content=\"Quem bem te quer, te far\u00e1 anunciar - En Compa\u00f1\u00eda STJ\" \/>\n<meta property=\"og:description\" content=\"No fim de semana de 19 a 20 de mar\u00e7o, reunimo-nos em \u00c1vila, um grupo de 28 pessoas para nos formarmos no \u00e2mbito da catequese, seguindo o guia pr\u00e1tico do [&hellip;]\" \/>\n<meta property=\"og:url\" content=\"https:\/\/encompaniastj.org\/pt-pt\/quem-bem-te-quer-te-fara-anunciar\/\" \/>\n<meta property=\"og:site_name\" content=\"En Compa\u00f1\u00eda STJ\" \/>\n<meta property=\"article:published_time\" content=\"2023-04-10T09:41:20+00:00\" \/>\n<meta property=\"article:modified_time\" content=\"2025-07-07T14:24:20+00:00\" \/>\n<meta property=\"og:image\" content=\"https:\/\/encompaniastj.org\/wp-content\/uploads\/2025\/05\/foto4-2.jpg\" \/>\n\t<meta property=\"og:image:width\" content=\"1024\" \/>\n\t<meta property=\"og:image:height\" content=\"768\" \/>\n\t<meta property=\"og:image:type\" content=\"image\/jpeg\" \/>\n<meta name=\"author\" content=\"admin\" \/>\n<meta name=\"twitter:card\" content=\"summary_large_image\" \/>\n<meta name=\"twitter:label1\" content=\"Escrito por\" \/>\n\t<meta name=\"twitter:data1\" content=\"admin\" \/>\n\t<meta name=\"twitter:label2\" content=\"Tempo estimado de leitura\" \/>\n\t<meta name=\"twitter:data2\" content=\"3 minutos\" \/>\n<script type=\"application\/ld+json\" class=\"yoast-schema-graph\">{\"@context\":\"https:\\\/\\\/schema.org\",\"@graph\":[{\"@type\":\"Article\",\"@id\":\"https:\\\/\\\/encompaniastj.org\\\/pt-pt\\\/quem-bem-te-quer-te-fara-anunciar\\\/#article\",\"isPartOf\":{\"@id\":\"https:\\\/\\\/encompaniastj.org\\\/pt-pt\\\/quem-bem-te-quer-te-fara-anunciar\\\/\"},\"author\":{\"name\":\"admin\",\"@id\":\"https:\\\/\\\/encompaniastj.org\\\/pt-pt\\\/#\\\/schema\\\/person\\\/520e7ecc314793d40091993c2a02b651\"},\"headline\":\"Quem bem te quer, te far\u00e1 anunciar\",\"datePublished\":\"2023-04-10T09:41:20+00:00\",\"dateModified\":\"2025-07-07T14:24:20+00:00\",\"mainEntityOfPage\":{\"@id\":\"https:\\\/\\\/encompaniastj.org\\\/pt-pt\\\/quem-bem-te-quer-te-fara-anunciar\\\/\"},\"wordCount\":390,\"commentCount\":0,\"publisher\":{\"@id\":\"https:\\\/\\\/encompaniastj.org\\\/pt-pt\\\/#organization\"},\"image\":{\"@id\":\"https:\\\/\\\/encompaniastj.org\\\/pt-pt\\\/quem-bem-te-quer-te-fara-anunciar\\\/#primaryimage\"},\"thumbnailUrl\":\"https:\\\/\\\/encompaniastj.org\\\/wp-content\\\/uploads\\\/2025\\\/05\\\/foto4-2.jpg\",\"articleSection\":[\"Noticias\",\"Paroquial - eclesial\",\"Parroquial - Eclesial\"],\"inLanguage\":\"pt-PT\",\"potentialAction\":[{\"@type\":\"CommentAction\",\"name\":\"Comment\",\"target\":[\"https:\\\/\\\/encompaniastj.org\\\/pt-pt\\\/quem-bem-te-quer-te-fara-anunciar\\\/#respond\"]}]},{\"@type\":\"WebPage\",\"@id\":\"https:\\\/\\\/encompaniastj.org\\\/pt-pt\\\/quem-bem-te-quer-te-fara-anunciar\\\/\",\"url\":\"https:\\\/\\\/encompaniastj.org\\\/pt-pt\\\/quem-bem-te-quer-te-fara-anunciar\\\/\",\"name\":\"Quem bem te quer, te far\u00e1 anunciar - En Compa\u00f1\u00eda STJ\",\"isPartOf\":{\"@id\":\"https:\\\/\\\/encompaniastj.org\\\/pt-pt\\\/#website\"},\"primaryImageOfPage\":{\"@id\":\"https:\\\/\\\/encompaniastj.org\\\/pt-pt\\\/quem-bem-te-quer-te-fara-anunciar\\\/#primaryimage\"},\"image\":{\"@id\":\"https:\\\/\\\/encompaniastj.org\\\/pt-pt\\\/quem-bem-te-quer-te-fara-anunciar\\\/#primaryimage\"},\"thumbnailUrl\":\"https:\\\/\\\/encompaniastj.org\\\/wp-content\\\/uploads\\\/2025\\\/05\\\/foto4-2.jpg\",\"datePublished\":\"2023-04-10T09:41:20+00:00\",\"dateModified\":\"2025-07-07T14:24:20+00:00\",\"breadcrumb\":{\"@id\":\"https:\\\/\\\/encompaniastj.org\\\/pt-pt\\\/quem-bem-te-quer-te-fara-anunciar\\\/#breadcrumb\"},\"inLanguage\":\"pt-PT\",\"potentialAction\":[{\"@type\":\"ReadAction\",\"target\":[\"https:\\\/\\\/encompaniastj.org\\\/pt-pt\\\/quem-bem-te-quer-te-fara-anunciar\\\/\"]}]},{\"@type\":\"ImageObject\",\"inLanguage\":\"pt-PT\",\"@id\":\"https:\\\/\\\/encompaniastj.org\\\/pt-pt\\\/quem-bem-te-quer-te-fara-anunciar\\\/#primaryimage\",\"url\":\"https:\\\/\\\/encompaniastj.org\\\/wp-content\\\/uploads\\\/2025\\\/05\\\/foto4-2.jpg\",\"contentUrl\":\"https:\\\/\\\/encompaniastj.org\\\/wp-content\\\/uploads\\\/2025\\\/05\\\/foto4-2.jpg\",\"width\":1024,\"height\":768},{\"@type\":\"BreadcrumbList\",\"@id\":\"https:\\\/\\\/encompaniastj.org\\\/pt-pt\\\/quem-bem-te-quer-te-fara-anunciar\\\/#breadcrumb\",\"itemListElement\":[{\"@type\":\"ListItem\",\"position\":1,\"name\":\"Portada\",\"item\":\"https:\\\/\\\/encompaniastj.org\\\/pt-pt\\\/\"},{\"@type\":\"ListItem\",\"position\":2,\"name\":\"Quem bem te quer, te far\u00e1 anunciar\"}]},{\"@type\":\"WebSite\",\"@id\":\"https:\\\/\\\/encompaniastj.org\\\/pt-pt\\\/#website\",\"url\":\"https:\\\/\\\/encompaniastj.org\\\/pt-pt\\\/\",\"name\":\"En Compa\u00f1\u00eda STJ\",\"description\":\"Bolet\u00edn de la Compa\u00f1\u00eda de Santa Teresa de Jes\u00fas\",\"publisher\":{\"@id\":\"https:\\\/\\\/encompaniastj.org\\\/pt-pt\\\/#organization\"},\"potentialAction\":[{\"@type\":\"SearchAction\",\"target\":{\"@type\":\"EntryPoint\",\"urlTemplate\":\"https:\\\/\\\/encompaniastj.org\\\/pt-pt\\\/?s={search_term_string}\"},\"query-input\":{\"@type\":\"PropertyValueSpecification\",\"valueRequired\":true,\"valueName\":\"search_term_string\"}}],\"inLanguage\":\"pt-PT\"},{\"@type\":\"Organization\",\"@id\":\"https:\\\/\\\/encompaniastj.org\\\/pt-pt\\\/#organization\",\"name\":\"Compa\u00f1\u00eda de Santa Teresa de Jes\u00fas\",\"url\":\"https:\\\/\\\/encompaniastj.org\\\/pt-pt\\\/\",\"logo\":{\"@type\":\"ImageObject\",\"inLanguage\":\"pt-PT\",\"@id\":\"https:\\\/\\\/encompaniastj.org\\\/pt-pt\\\/#\\\/schema\\\/logo\\\/image\\\/\",\"url\":\"https:\\\/\\\/encompaniastj.org\\\/wp-content\\\/uploads\\\/2025\\\/04\\\/logo_provincias02-1-3.png\",\"contentUrl\":\"https:\\\/\\\/encompaniastj.org\\\/wp-content\\\/uploads\\\/2025\\\/04\\\/logo_provincias02-1-3.png\",\"width\":2368,\"height\":825,\"caption\":\"Compa\u00f1\u00eda de Santa Teresa de Jes\u00fas\"},\"image\":{\"@id\":\"https:\\\/\\\/encompaniastj.org\\\/pt-pt\\\/#\\\/schema\\\/logo\\\/image\\\/\"}},{\"@type\":\"Person\",\"@id\":\"https:\\\/\\\/encompaniastj.org\\\/pt-pt\\\/#\\\/schema\\\/person\\\/520e7ecc314793d40091993c2a02b651\",\"name\":\"admin\",\"image\":{\"@type\":\"ImageObject\",\"inLanguage\":\"pt-PT\",\"@id\":\"https:\\\/\\\/secure.gravatar.com\\\/avatar\\\/948b492cce32b586ac2db0eaa926ee87024f7afe218d73b397ea5ddfc5f43ea1?s=96&d=mm&r=g\",\"url\":\"https:\\\/\\\/secure.gravatar.com\\\/avatar\\\/948b492cce32b586ac2db0eaa926ee87024f7afe218d73b397ea5ddfc5f43ea1?s=96&d=mm&r=g\",\"contentUrl\":\"https:\\\/\\\/secure.gravatar.com\\\/avatar\\\/948b492cce32b586ac2db0eaa926ee87024f7afe218d73b397ea5ddfc5f43ea1?s=96&d=mm&r=g\",\"caption\":\"admin\"},\"sameAs\":[\"https:\\\/\\\/encompaniastj.org\"],\"url\":\"https:\\\/\\\/encompaniastj.org\\\/pt-pt\\\/author\\\/sjdigital\\\/\"}]}<\/script>\n<!-- \/ Yoast SEO plugin. -->","yoast_head_json":{"title":"Quem bem te quer, te far\u00e1 anunciar - En Compa\u00f1\u00eda STJ","robots":{"index":"index","follow":"follow","max-snippet":"max-snippet:-1","max-image-preview":"max-image-preview:large","max-video-preview":"max-video-preview:-1"},"canonical":"https:\/\/encompaniastj.org\/pt-pt\/quem-bem-te-quer-te-fara-anunciar\/","og_locale":"pt_PT","og_type":"article","og_title":"Quem bem te quer, te far\u00e1 anunciar - En Compa\u00f1\u00eda STJ","og_description":"No fim de semana de 19 a 20 de mar\u00e7o, reunimo-nos em \u00c1vila, um grupo de 28 pessoas para nos formarmos no \u00e2mbito da catequese, seguindo o guia pr\u00e1tico do [&hellip;]","og_url":"https:\/\/encompaniastj.org\/pt-pt\/quem-bem-te-quer-te-fara-anunciar\/","og_site_name":"En Compa\u00f1\u00eda STJ","article_published_time":"2023-04-10T09:41:20+00:00","article_modified_time":"2025-07-07T14:24:20+00:00","og_image":[{"width":1024,"height":768,"url":"https:\/\/encompaniastj.org\/wp-content\/uploads\/2025\/05\/foto4-2.jpg","type":"image\/jpeg"}],"author":"admin","twitter_card":"summary_large_image","twitter_misc":{"Escrito por":"admin","Tempo estimado de leitura":"3 minutos"},"schema":{"@context":"https:\/\/schema.org","@graph":[{"@type":"Article","@id":"https:\/\/encompaniastj.org\/pt-pt\/quem-bem-te-quer-te-fara-anunciar\/#article","isPartOf":{"@id":"https:\/\/encompaniastj.org\/pt-pt\/quem-bem-te-quer-te-fara-anunciar\/"},"author":{"name":"admin","@id":"https:\/\/encompaniastj.org\/pt-pt\/#\/schema\/person\/520e7ecc314793d40091993c2a02b651"},"headline":"Quem bem te quer, te far\u00e1 anunciar","datePublished":"2023-04-10T09:41:20+00:00","dateModified":"2025-07-07T14:24:20+00:00","mainEntityOfPage":{"@id":"https:\/\/encompaniastj.org\/pt-pt\/quem-bem-te-quer-te-fara-anunciar\/"},"wordCount":390,"commentCount":0,"publisher":{"@id":"https:\/\/encompaniastj.org\/pt-pt\/#organization"},"image":{"@id":"https:\/\/encompaniastj.org\/pt-pt\/quem-bem-te-quer-te-fara-anunciar\/#primaryimage"},"thumbnailUrl":"https:\/\/encompaniastj.org\/wp-content\/uploads\/2025\/05\/foto4-2.jpg","articleSection":["Noticias","Paroquial - eclesial","Parroquial - Eclesial"],"inLanguage":"pt-PT","potentialAction":[{"@type":"CommentAction","name":"Comment","target":["https:\/\/encompaniastj.org\/pt-pt\/quem-bem-te-quer-te-fara-anunciar\/#respond"]}]},{"@type":"WebPage","@id":"https:\/\/encompaniastj.org\/pt-pt\/quem-bem-te-quer-te-fara-anunciar\/","url":"https:\/\/encompaniastj.org\/pt-pt\/quem-bem-te-quer-te-fara-anunciar\/","name":"Quem bem te quer, te far\u00e1 anunciar - En Compa\u00f1\u00eda STJ","isPartOf":{"@id":"https:\/\/encompaniastj.org\/pt-pt\/#website"},"primaryImageOfPage":{"@id":"https:\/\/encompaniastj.org\/pt-pt\/quem-bem-te-quer-te-fara-anunciar\/#primaryimage"},"image":{"@id":"https:\/\/encompaniastj.org\/pt-pt\/quem-bem-te-quer-te-fara-anunciar\/#primaryimage"},"thumbnailUrl":"https:\/\/encompaniastj.org\/wp-content\/uploads\/2025\/05\/foto4-2.jpg","datePublished":"2023-04-10T09:41:20+00:00","dateModified":"2025-07-07T14:24:20+00:00","breadcrumb":{"@id":"https:\/\/encompaniastj.org\/pt-pt\/quem-bem-te-quer-te-fara-anunciar\/#breadcrumb"},"inLanguage":"pt-PT","potentialAction":[{"@type":"ReadAction","target":["https:\/\/encompaniastj.org\/pt-pt\/quem-bem-te-quer-te-fara-anunciar\/"]}]},{"@type":"ImageObject","inLanguage":"pt-PT","@id":"https:\/\/encompaniastj.org\/pt-pt\/quem-bem-te-quer-te-fara-anunciar\/#primaryimage","url":"https:\/\/encompaniastj.org\/wp-content\/uploads\/2025\/05\/foto4-2.jpg","contentUrl":"https:\/\/encompaniastj.org\/wp-content\/uploads\/2025\/05\/foto4-2.jpg","width":1024,"height":768},{"@type":"BreadcrumbList","@id":"https:\/\/encompaniastj.org\/pt-pt\/quem-bem-te-quer-te-fara-anunciar\/#breadcrumb","itemListElement":[{"@type":"ListItem","position":1,"name":"Portada","item":"https:\/\/encompaniastj.org\/pt-pt\/"},{"@type":"ListItem","position":2,"name":"Quem bem te quer, te far\u00e1 anunciar"}]},{"@type":"WebSite","@id":"https:\/\/encompaniastj.org\/pt-pt\/#website","url":"https:\/\/encompaniastj.org\/pt-pt\/","name":"En Compa\u00f1\u00eda STJ","description":"Bolet\u00edn de la Compa\u00f1\u00eda de Santa Teresa de Jes\u00fas","publisher":{"@id":"https:\/\/encompaniastj.org\/pt-pt\/#organization"},"potentialAction":[{"@type":"SearchAction","target":{"@type":"EntryPoint","urlTemplate":"https:\/\/encompaniastj.org\/pt-pt\/?s={search_term_string}"},"query-input":{"@type":"PropertyValueSpecification","valueRequired":true,"valueName":"search_term_string"}}],"inLanguage":"pt-PT"},{"@type":"Organization","@id":"https:\/\/encompaniastj.org\/pt-pt\/#organization","name":"Compa\u00f1\u00eda de Santa Teresa de Jes\u00fas","url":"https:\/\/encompaniastj.org\/pt-pt\/","logo":{"@type":"ImageObject","inLanguage":"pt-PT","@id":"https:\/\/encompaniastj.org\/pt-pt\/#\/schema\/logo\/image\/","url":"https:\/\/encompaniastj.org\/wp-content\/uploads\/2025\/04\/logo_provincias02-1-3.png","contentUrl":"https:\/\/encompaniastj.org\/wp-content\/uploads\/2025\/04\/logo_provincias02-1-3.png","width":2368,"height":825,"caption":"Compa\u00f1\u00eda de Santa Teresa de Jes\u00fas"},"image":{"@id":"https:\/\/encompaniastj.org\/pt-pt\/#\/schema\/logo\/image\/"}},{"@type":"Person","@id":"https:\/\/encompaniastj.org\/pt-pt\/#\/schema\/person\/520e7ecc314793d40091993c2a02b651","name":"admin","image":{"@type":"ImageObject","inLanguage":"pt-PT","@id":"https:\/\/secure.gravatar.com\/avatar\/948b492cce32b586ac2db0eaa926ee87024f7afe218d73b397ea5ddfc5f43ea1?s=96&d=mm&r=g","url":"https:\/\/secure.gravatar.com\/avatar\/948b492cce32b586ac2db0eaa926ee87024f7afe218d73b397ea5ddfc5f43ea1?s=96&d=mm&r=g","contentUrl":"https:\/\/secure.gravatar.com\/avatar\/948b492cce32b586ac2db0eaa926ee87024f7afe218d73b397ea5ddfc5f43ea1?s=96&d=mm&r=g","caption":"admin"},"sameAs":["https:\/\/encompaniastj.org"],"url":"https:\/\/encompaniastj.org\/pt-pt\/author\/sjdigital\/"}]}},"_links":{"self":[{"href":"https:\/\/encompaniastj.org\/pt-pt\/wp-json\/wp\/v2\/posts\/11546","targetHints":{"allow":["GET"]}}],"collection":[{"href":"https:\/\/encompaniastj.org\/pt-pt\/wp-json\/wp\/v2\/posts"}],"about":[{"href":"https:\/\/encompaniastj.org\/pt-pt\/wp-json\/wp\/v2\/types\/post"}],"author":[{"embeddable":true,"href":"https:\/\/encompaniastj.org\/pt-pt\/wp-json\/wp\/v2\/users\/1"}],"replies":[{"embeddable":true,"href":"https:\/\/encompaniastj.org\/pt-pt\/wp-json\/wp\/v2\/comments?post=11546"}],"version-history":[{"count":1,"href":"https:\/\/encompaniastj.org\/pt-pt\/wp-json\/wp\/v2\/posts\/11546\/revisions"}],"predecessor-version":[{"id":11547,"href":"https:\/\/encompaniastj.org\/pt-pt\/wp-json\/wp\/v2\/posts\/11546\/revisions\/11547"}],"wp:featuredmedia":[{"embeddable":true,"href":"https:\/\/encompaniastj.org\/pt-pt\/wp-json\/wp\/v2\/media\/8323"}],"wp:attachment":[{"href":"https:\/\/encompaniastj.org\/pt-pt\/wp-json\/wp\/v2\/media?parent=11546"}],"wp:term":[{"taxonomy":"category","embeddable":true,"href":"https:\/\/encompaniastj.org\/pt-pt\/wp-json\/wp\/v2\/categories?post=11546"},{"taxonomy":"post_tag","embeddable":true,"href":"https:\/\/encompaniastj.org\/pt-pt\/wp-json\/wp\/v2\/tags?post=11546"}],"curies":[{"name":"wp","href":"https:\/\/api.w.org\/{rel}","templated":true}]}}