{"id":11534,"date":"2023-03-31T10:09:35","date_gmt":"2023-03-31T08:09:35","guid":{"rendered":"https:\/\/encompaniastj.org\/fazer-da-igreja-a-casa-e-a-escola-da-comunhao\/"},"modified":"2025-07-07T16:24:19","modified_gmt":"2025-07-07T14:24:19","slug":"fazer-da-igreja-a-casa-e-a-escola-da-comunhao","status":"publish","type":"post","link":"https:\/\/encompaniastj.org\/pt-pt\/fazer-da-igreja-a-casa-e-a-escola-da-comunhao\/","title":{"rendered":"Fazer da Igreja a casa e a escola da Comunh\u00e3o"},"content":{"rendered":"<p>Com o lema \u201cOs sonhos constroem-se juntos: consagrados para a Miss\u00e3o\u201d, foram realizadas nos dias 3 e 4 de fevereiro, as XI Jornadas Pastorais da Arquidiocese de Toledo.<\/p>\n<p>Dom Francisco Cerro Chaves sublinhou: \u00absendo pouco, Deus nunca constr\u00f3i se n\u00e3o for com o que temos; constr\u00f3i com <strong>os nossos p\u00e3es e nossos peixes<\/strong>\u201d, na linha das nossas reflex\u00f5es capitulares.<\/p>\n<p>Tivemos a sorte de ter o Cardeal Jo\u00e3o Braz de Aviz, Arcebispo Em\u00e9rito de Bras\u00edlia e Prefeito do Dicast\u00e9rio da Santa S\u00e9 para os Institutos de Vida Consagrada e Sociedades de Vida Apost\u00f3lica, como orador durante todo o s\u00e1bado.<\/p>\n<p>Pela manh\u00e3, <strong>o convite a esta nova Identidade Comunit\u00e1ria<\/strong> deste tempo capitular ressoou nas suas palavras:<\/p>\n<p><em>As pessoas consagradas est\u00e3o chamadas a cuidar das v\u00e1rias formas de comunh\u00e3o e estruturas comunit\u00e1rias na vida consagrada. Cada pessoa e cada comunidade s\u00e3o chamadas a fundar a sua vida no mist\u00e9rio da comunh\u00e3o e na miss\u00e3o, que t\u00eam a sua fonte no Deus Uno e Trino, isto \u00e9, no amor que circula desde sempre e para sempre entre as Tr\u00eas Pessoas Divinas\u2026<\/em><\/p>\n<p><em>\u2026 os consagrados e as consagradas s\u00e3o chamados a dispor-se em sa\u00edda mission\u00e1ria, segundo o pr\u00f3prio carisma, rumo a cen\u00e1rios e desafios sempre novos, especialmente rumo \u00e0s periferias que necessitam da luz do Evangelho.<\/em><\/p>\n<p><em>A crescente comunh\u00e3o deve levar \u00e0 crescente consci\u00eancia da &#8220;intimidade itinerante&#8221;&#8230; dos consagrados com Jesus.<\/em><\/p>\n<p>Na sua segunda confer\u00eancia da tarde, afirmou na mesma linha:<\/p>\n<p><em>Em Deus que \u00e9 amor, a unidade e a diversidade est\u00e3o em perfeito equil\u00edbrio&#8230; nisto podemos compreender como \u00e9 central hoje construir ou reconstruir as rela\u00e7\u00f5es humanas como express\u00e3o da nossa identidade crist\u00e3.<\/em><\/p>\n<p><em>&#8230; um sonho de felicidade presente no cora\u00e7\u00e3o&#8230; um sonho que passa pela reconstru\u00e7\u00e3o das rela\u00e7\u00f5es com quem \u00e9 diferente de mim, mas que ao mesmo tempo faz parte de mim, como pessoa&#8230;<\/em><\/p>\n<p><em>\u2026 a espiritualidade de comunh\u00e3o que se tornou crit\u00e9rio educativo para formar homens e mulheres.<\/em><\/p>\n<p><em>&#8230; somos chamados a especificar os conselhos evang\u00e9licos \u00e0 luz da espiritualidade da comunh\u00e3o, ou da espiritualidade da unidade, &#8230; s\u00f3 assim assumiremos o caminho de vida de Jesus&#8230;<\/em><\/p>\n<p>No final do dia, tivemos a sorte de passar pouco mais de uma hora com o cardeal e partilhar preocupa\u00e7\u00f5es e perguntas num encontro muito pr\u00f3ximo e rico.\u00a0Comunidade de Mora, fevereiro 23<\/p>\n<p><img loading=\"lazy\" decoding=\"async\" class=\"aligncenter wp-image-11113 size-large\" src=\"https:\/\/encompaniastj.org\/wp-content\/uploads\/2025\/05\/IMG-20230219-WA0001.jpg\" alt=\"\" width=\"1024\" height=\"576\" \/><\/p>\n","protected":false},"excerpt":{"rendered":"<p>Com o lema \u201cOs sonhos constroem-se juntos: consagrados para a Miss\u00e3o\u201d, foram realizadas nos dias 3 e 4 de fevereiro, as XI Jornadas Pastorais da Arquidiocese de Toledo. Dom Francisco [&hellip;]<\/p>\n","protected":false},"author":1,"featured_media":8315,"comment_status":"open","ping_status":"open","sticky":false,"template":"","format":"standard","meta":{"_acf_changed":false,"footnotes":""},"categories":[61,80,78],"tags":[],"class_list":["post-11534","post","type-post","status-publish","format-standard","has-post-thumbnail","hentry","category-noticias","category-paroquial-eclesial","category-parroquial-eclesial"],"acf":[],"yoast_head":"<!-- This site is optimized with the Yoast SEO plugin v27.5 - https:\/\/yoast.com\/product\/yoast-seo-wordpress\/ -->\n<title>Fazer da Igreja a casa e a escola da Comunh\u00e3o - En Compa\u00f1\u00eda STJ<\/title>\n<meta name=\"robots\" content=\"index, follow, max-snippet:-1, max-image-preview:large, max-video-preview:-1\" \/>\n<link rel=\"canonical\" href=\"https:\/\/encompaniastj.org\/pt-pt\/fazer-da-igreja-a-casa-e-a-escola-da-comunhao\/\" \/>\n<meta property=\"og:locale\" content=\"pt_PT\" \/>\n<meta property=\"og:type\" content=\"article\" \/>\n<meta property=\"og:title\" content=\"Fazer da Igreja a casa e a escola da Comunh\u00e3o - En Compa\u00f1\u00eda STJ\" \/>\n<meta property=\"og:description\" content=\"Com o lema \u201cOs sonhos constroem-se juntos: consagrados para a Miss\u00e3o\u201d, foram realizadas nos dias 3 e 4 de fevereiro, as XI Jornadas Pastorais da Arquidiocese de Toledo. Dom Francisco [&hellip;]\" \/>\n<meta property=\"og:url\" content=\"https:\/\/encompaniastj.org\/pt-pt\/fazer-da-igreja-a-casa-e-a-escola-da-comunhao\/\" \/>\n<meta property=\"og:site_name\" content=\"En Compa\u00f1\u00eda STJ\" \/>\n<meta property=\"article:published_time\" content=\"2023-03-31T08:09:35+00:00\" \/>\n<meta property=\"article:modified_time\" content=\"2025-07-07T14:24:19+00:00\" \/>\n<meta property=\"og:image\" content=\"https:\/\/encompaniastj.org\/wp-content\/uploads\/2025\/05\/IMG-20230219-WA0002.jpg\" \/>\n\t<meta property=\"og:image:width\" content=\"1024\" \/>\n\t<meta property=\"og:image:height\" content=\"683\" \/>\n\t<meta property=\"og:image:type\" content=\"image\/jpeg\" \/>\n<meta name=\"author\" content=\"admin\" \/>\n<meta name=\"twitter:card\" content=\"summary_large_image\" \/>\n<meta name=\"twitter:label1\" content=\"Escrito por\" \/>\n\t<meta name=\"twitter:data1\" content=\"admin\" \/>\n\t<meta name=\"twitter:label2\" content=\"Tempo estimado de leitura\" \/>\n\t<meta name=\"twitter:data2\" content=\"2 minutos\" \/>\n<script type=\"application\/ld+json\" class=\"yoast-schema-graph\">{\"@context\":\"https:\\\/\\\/schema.org\",\"@graph\":[{\"@type\":\"Article\",\"@id\":\"https:\\\/\\\/encompaniastj.org\\\/pt-pt\\\/fazer-da-igreja-a-casa-e-a-escola-da-comunhao\\\/#article\",\"isPartOf\":{\"@id\":\"https:\\\/\\\/encompaniastj.org\\\/pt-pt\\\/fazer-da-igreja-a-casa-e-a-escola-da-comunhao\\\/\"},\"author\":{\"name\":\"admin\",\"@id\":\"https:\\\/\\\/encompaniastj.org\\\/pt-pt\\\/#\\\/schema\\\/person\\\/520e7ecc314793d40091993c2a02b651\"},\"headline\":\"Fazer da Igreja a casa e a escola da Comunh\u00e3o\",\"datePublished\":\"2023-03-31T08:09:35+00:00\",\"dateModified\":\"2025-07-07T14:24:19+00:00\",\"mainEntityOfPage\":{\"@id\":\"https:\\\/\\\/encompaniastj.org\\\/pt-pt\\\/fazer-da-igreja-a-casa-e-a-escola-da-comunhao\\\/\"},\"wordCount\":420,\"commentCount\":0,\"publisher\":{\"@id\":\"https:\\\/\\\/encompaniastj.org\\\/pt-pt\\\/#organization\"},\"image\":{\"@id\":\"https:\\\/\\\/encompaniastj.org\\\/pt-pt\\\/fazer-da-igreja-a-casa-e-a-escola-da-comunhao\\\/#primaryimage\"},\"thumbnailUrl\":\"https:\\\/\\\/encompaniastj.org\\\/wp-content\\\/uploads\\\/2025\\\/05\\\/IMG-20230219-WA0002.jpg\",\"articleSection\":[\"Noticias\",\"Paroquial - eclesial\",\"Parroquial - Eclesial\"],\"inLanguage\":\"pt-PT\",\"potentialAction\":[{\"@type\":\"CommentAction\",\"name\":\"Comment\",\"target\":[\"https:\\\/\\\/encompaniastj.org\\\/pt-pt\\\/fazer-da-igreja-a-casa-e-a-escola-da-comunhao\\\/#respond\"]}]},{\"@type\":\"WebPage\",\"@id\":\"https:\\\/\\\/encompaniastj.org\\\/pt-pt\\\/fazer-da-igreja-a-casa-e-a-escola-da-comunhao\\\/\",\"url\":\"https:\\\/\\\/encompaniastj.org\\\/pt-pt\\\/fazer-da-igreja-a-casa-e-a-escola-da-comunhao\\\/\",\"name\":\"Fazer da Igreja a casa e a escola da Comunh\u00e3o - En Compa\u00f1\u00eda STJ\",\"isPartOf\":{\"@id\":\"https:\\\/\\\/encompaniastj.org\\\/pt-pt\\\/#website\"},\"primaryImageOfPage\":{\"@id\":\"https:\\\/\\\/encompaniastj.org\\\/pt-pt\\\/fazer-da-igreja-a-casa-e-a-escola-da-comunhao\\\/#primaryimage\"},\"image\":{\"@id\":\"https:\\\/\\\/encompaniastj.org\\\/pt-pt\\\/fazer-da-igreja-a-casa-e-a-escola-da-comunhao\\\/#primaryimage\"},\"thumbnailUrl\":\"https:\\\/\\\/encompaniastj.org\\\/wp-content\\\/uploads\\\/2025\\\/05\\\/IMG-20230219-WA0002.jpg\",\"datePublished\":\"2023-03-31T08:09:35+00:00\",\"dateModified\":\"2025-07-07T14:24:19+00:00\",\"breadcrumb\":{\"@id\":\"https:\\\/\\\/encompaniastj.org\\\/pt-pt\\\/fazer-da-igreja-a-casa-e-a-escola-da-comunhao\\\/#breadcrumb\"},\"inLanguage\":\"pt-PT\",\"potentialAction\":[{\"@type\":\"ReadAction\",\"target\":[\"https:\\\/\\\/encompaniastj.org\\\/pt-pt\\\/fazer-da-igreja-a-casa-e-a-escola-da-comunhao\\\/\"]}]},{\"@type\":\"ImageObject\",\"inLanguage\":\"pt-PT\",\"@id\":\"https:\\\/\\\/encompaniastj.org\\\/pt-pt\\\/fazer-da-igreja-a-casa-e-a-escola-da-comunhao\\\/#primaryimage\",\"url\":\"https:\\\/\\\/encompaniastj.org\\\/wp-content\\\/uploads\\\/2025\\\/05\\\/IMG-20230219-WA0002.jpg\",\"contentUrl\":\"https:\\\/\\\/encompaniastj.org\\\/wp-content\\\/uploads\\\/2025\\\/05\\\/IMG-20230219-WA0002.jpg\",\"width\":1024,\"height\":683},{\"@type\":\"BreadcrumbList\",\"@id\":\"https:\\\/\\\/encompaniastj.org\\\/pt-pt\\\/fazer-da-igreja-a-casa-e-a-escola-da-comunhao\\\/#breadcrumb\",\"itemListElement\":[{\"@type\":\"ListItem\",\"position\":1,\"name\":\"Portada\",\"item\":\"https:\\\/\\\/encompaniastj.org\\\/pt-pt\\\/\"},{\"@type\":\"ListItem\",\"position\":2,\"name\":\"Fazer da Igreja a casa e a escola da Comunh\u00e3o\"}]},{\"@type\":\"WebSite\",\"@id\":\"https:\\\/\\\/encompaniastj.org\\\/pt-pt\\\/#website\",\"url\":\"https:\\\/\\\/encompaniastj.org\\\/pt-pt\\\/\",\"name\":\"En Compa\u00f1\u00eda STJ\",\"description\":\"Bolet\u00edn de la Compa\u00f1\u00eda de Santa Teresa de Jes\u00fas\",\"publisher\":{\"@id\":\"https:\\\/\\\/encompaniastj.org\\\/pt-pt\\\/#organization\"},\"potentialAction\":[{\"@type\":\"SearchAction\",\"target\":{\"@type\":\"EntryPoint\",\"urlTemplate\":\"https:\\\/\\\/encompaniastj.org\\\/pt-pt\\\/?s={search_term_string}\"},\"query-input\":{\"@type\":\"PropertyValueSpecification\",\"valueRequired\":true,\"valueName\":\"search_term_string\"}}],\"inLanguage\":\"pt-PT\"},{\"@type\":\"Organization\",\"@id\":\"https:\\\/\\\/encompaniastj.org\\\/pt-pt\\\/#organization\",\"name\":\"Compa\u00f1\u00eda de Santa Teresa de Jes\u00fas\",\"url\":\"https:\\\/\\\/encompaniastj.org\\\/pt-pt\\\/\",\"logo\":{\"@type\":\"ImageObject\",\"inLanguage\":\"pt-PT\",\"@id\":\"https:\\\/\\\/encompaniastj.org\\\/pt-pt\\\/#\\\/schema\\\/logo\\\/image\\\/\",\"url\":\"https:\\\/\\\/encompaniastj.org\\\/wp-content\\\/uploads\\\/2025\\\/04\\\/logo_provincias02-1-3.png\",\"contentUrl\":\"https:\\\/\\\/encompaniastj.org\\\/wp-content\\\/uploads\\\/2025\\\/04\\\/logo_provincias02-1-3.png\",\"width\":2368,\"height\":825,\"caption\":\"Compa\u00f1\u00eda de Santa Teresa de Jes\u00fas\"},\"image\":{\"@id\":\"https:\\\/\\\/encompaniastj.org\\\/pt-pt\\\/#\\\/schema\\\/logo\\\/image\\\/\"}},{\"@type\":\"Person\",\"@id\":\"https:\\\/\\\/encompaniastj.org\\\/pt-pt\\\/#\\\/schema\\\/person\\\/520e7ecc314793d40091993c2a02b651\",\"name\":\"admin\",\"image\":{\"@type\":\"ImageObject\",\"inLanguage\":\"pt-PT\",\"@id\":\"https:\\\/\\\/secure.gravatar.com\\\/avatar\\\/948b492cce32b586ac2db0eaa926ee87024f7afe218d73b397ea5ddfc5f43ea1?s=96&d=mm&r=g\",\"url\":\"https:\\\/\\\/secure.gravatar.com\\\/avatar\\\/948b492cce32b586ac2db0eaa926ee87024f7afe218d73b397ea5ddfc5f43ea1?s=96&d=mm&r=g\",\"contentUrl\":\"https:\\\/\\\/secure.gravatar.com\\\/avatar\\\/948b492cce32b586ac2db0eaa926ee87024f7afe218d73b397ea5ddfc5f43ea1?s=96&d=mm&r=g\",\"caption\":\"admin\"},\"sameAs\":[\"https:\\\/\\\/encompaniastj.org\"],\"url\":\"https:\\\/\\\/encompaniastj.org\\\/pt-pt\\\/author\\\/sjdigital\\\/\"}]}<\/script>\n<!-- \/ Yoast SEO plugin. -->","yoast_head_json":{"title":"Fazer da Igreja a casa e a escola da Comunh\u00e3o - En Compa\u00f1\u00eda STJ","robots":{"index":"index","follow":"follow","max-snippet":"max-snippet:-1","max-image-preview":"max-image-preview:large","max-video-preview":"max-video-preview:-1"},"canonical":"https:\/\/encompaniastj.org\/pt-pt\/fazer-da-igreja-a-casa-e-a-escola-da-comunhao\/","og_locale":"pt_PT","og_type":"article","og_title":"Fazer da Igreja a casa e a escola da Comunh\u00e3o - En Compa\u00f1\u00eda STJ","og_description":"Com o lema \u201cOs sonhos constroem-se juntos: consagrados para a Miss\u00e3o\u201d, foram realizadas nos dias 3 e 4 de fevereiro, as XI Jornadas Pastorais da Arquidiocese de Toledo. Dom Francisco [&hellip;]","og_url":"https:\/\/encompaniastj.org\/pt-pt\/fazer-da-igreja-a-casa-e-a-escola-da-comunhao\/","og_site_name":"En Compa\u00f1\u00eda STJ","article_published_time":"2023-03-31T08:09:35+00:00","article_modified_time":"2025-07-07T14:24:19+00:00","og_image":[{"width":1024,"height":683,"url":"https:\/\/encompaniastj.org\/wp-content\/uploads\/2025\/05\/IMG-20230219-WA0002.jpg","type":"image\/jpeg"}],"author":"admin","twitter_card":"summary_large_image","twitter_misc":{"Escrito por":"admin","Tempo estimado de leitura":"2 minutos"},"schema":{"@context":"https:\/\/schema.org","@graph":[{"@type":"Article","@id":"https:\/\/encompaniastj.org\/pt-pt\/fazer-da-igreja-a-casa-e-a-escola-da-comunhao\/#article","isPartOf":{"@id":"https:\/\/encompaniastj.org\/pt-pt\/fazer-da-igreja-a-casa-e-a-escola-da-comunhao\/"},"author":{"name":"admin","@id":"https:\/\/encompaniastj.org\/pt-pt\/#\/schema\/person\/520e7ecc314793d40091993c2a02b651"},"headline":"Fazer da Igreja a casa e a escola da Comunh\u00e3o","datePublished":"2023-03-31T08:09:35+00:00","dateModified":"2025-07-07T14:24:19+00:00","mainEntityOfPage":{"@id":"https:\/\/encompaniastj.org\/pt-pt\/fazer-da-igreja-a-casa-e-a-escola-da-comunhao\/"},"wordCount":420,"commentCount":0,"publisher":{"@id":"https:\/\/encompaniastj.org\/pt-pt\/#organization"},"image":{"@id":"https:\/\/encompaniastj.org\/pt-pt\/fazer-da-igreja-a-casa-e-a-escola-da-comunhao\/#primaryimage"},"thumbnailUrl":"https:\/\/encompaniastj.org\/wp-content\/uploads\/2025\/05\/IMG-20230219-WA0002.jpg","articleSection":["Noticias","Paroquial - eclesial","Parroquial - Eclesial"],"inLanguage":"pt-PT","potentialAction":[{"@type":"CommentAction","name":"Comment","target":["https:\/\/encompaniastj.org\/pt-pt\/fazer-da-igreja-a-casa-e-a-escola-da-comunhao\/#respond"]}]},{"@type":"WebPage","@id":"https:\/\/encompaniastj.org\/pt-pt\/fazer-da-igreja-a-casa-e-a-escola-da-comunhao\/","url":"https:\/\/encompaniastj.org\/pt-pt\/fazer-da-igreja-a-casa-e-a-escola-da-comunhao\/","name":"Fazer da Igreja a casa e a escola da Comunh\u00e3o - En Compa\u00f1\u00eda STJ","isPartOf":{"@id":"https:\/\/encompaniastj.org\/pt-pt\/#website"},"primaryImageOfPage":{"@id":"https:\/\/encompaniastj.org\/pt-pt\/fazer-da-igreja-a-casa-e-a-escola-da-comunhao\/#primaryimage"},"image":{"@id":"https:\/\/encompaniastj.org\/pt-pt\/fazer-da-igreja-a-casa-e-a-escola-da-comunhao\/#primaryimage"},"thumbnailUrl":"https:\/\/encompaniastj.org\/wp-content\/uploads\/2025\/05\/IMG-20230219-WA0002.jpg","datePublished":"2023-03-31T08:09:35+00:00","dateModified":"2025-07-07T14:24:19+00:00","breadcrumb":{"@id":"https:\/\/encompaniastj.org\/pt-pt\/fazer-da-igreja-a-casa-e-a-escola-da-comunhao\/#breadcrumb"},"inLanguage":"pt-PT","potentialAction":[{"@type":"ReadAction","target":["https:\/\/encompaniastj.org\/pt-pt\/fazer-da-igreja-a-casa-e-a-escola-da-comunhao\/"]}]},{"@type":"ImageObject","inLanguage":"pt-PT","@id":"https:\/\/encompaniastj.org\/pt-pt\/fazer-da-igreja-a-casa-e-a-escola-da-comunhao\/#primaryimage","url":"https:\/\/encompaniastj.org\/wp-content\/uploads\/2025\/05\/IMG-20230219-WA0002.jpg","contentUrl":"https:\/\/encompaniastj.org\/wp-content\/uploads\/2025\/05\/IMG-20230219-WA0002.jpg","width":1024,"height":683},{"@type":"BreadcrumbList","@id":"https:\/\/encompaniastj.org\/pt-pt\/fazer-da-igreja-a-casa-e-a-escola-da-comunhao\/#breadcrumb","itemListElement":[{"@type":"ListItem","position":1,"name":"Portada","item":"https:\/\/encompaniastj.org\/pt-pt\/"},{"@type":"ListItem","position":2,"name":"Fazer da Igreja a casa e a escola da Comunh\u00e3o"}]},{"@type":"WebSite","@id":"https:\/\/encompaniastj.org\/pt-pt\/#website","url":"https:\/\/encompaniastj.org\/pt-pt\/","name":"En Compa\u00f1\u00eda STJ","description":"Bolet\u00edn de la Compa\u00f1\u00eda de Santa Teresa de Jes\u00fas","publisher":{"@id":"https:\/\/encompaniastj.org\/pt-pt\/#organization"},"potentialAction":[{"@type":"SearchAction","target":{"@type":"EntryPoint","urlTemplate":"https:\/\/encompaniastj.org\/pt-pt\/?s={search_term_string}"},"query-input":{"@type":"PropertyValueSpecification","valueRequired":true,"valueName":"search_term_string"}}],"inLanguage":"pt-PT"},{"@type":"Organization","@id":"https:\/\/encompaniastj.org\/pt-pt\/#organization","name":"Compa\u00f1\u00eda de Santa Teresa de Jes\u00fas","url":"https:\/\/encompaniastj.org\/pt-pt\/","logo":{"@type":"ImageObject","inLanguage":"pt-PT","@id":"https:\/\/encompaniastj.org\/pt-pt\/#\/schema\/logo\/image\/","url":"https:\/\/encompaniastj.org\/wp-content\/uploads\/2025\/04\/logo_provincias02-1-3.png","contentUrl":"https:\/\/encompaniastj.org\/wp-content\/uploads\/2025\/04\/logo_provincias02-1-3.png","width":2368,"height":825,"caption":"Compa\u00f1\u00eda de Santa Teresa de Jes\u00fas"},"image":{"@id":"https:\/\/encompaniastj.org\/pt-pt\/#\/schema\/logo\/image\/"}},{"@type":"Person","@id":"https:\/\/encompaniastj.org\/pt-pt\/#\/schema\/person\/520e7ecc314793d40091993c2a02b651","name":"admin","image":{"@type":"ImageObject","inLanguage":"pt-PT","@id":"https:\/\/secure.gravatar.com\/avatar\/948b492cce32b586ac2db0eaa926ee87024f7afe218d73b397ea5ddfc5f43ea1?s=96&d=mm&r=g","url":"https:\/\/secure.gravatar.com\/avatar\/948b492cce32b586ac2db0eaa926ee87024f7afe218d73b397ea5ddfc5f43ea1?s=96&d=mm&r=g","contentUrl":"https:\/\/secure.gravatar.com\/avatar\/948b492cce32b586ac2db0eaa926ee87024f7afe218d73b397ea5ddfc5f43ea1?s=96&d=mm&r=g","caption":"admin"},"sameAs":["https:\/\/encompaniastj.org"],"url":"https:\/\/encompaniastj.org\/pt-pt\/author\/sjdigital\/"}]}},"_links":{"self":[{"href":"https:\/\/encompaniastj.org\/pt-pt\/wp-json\/wp\/v2\/posts\/11534","targetHints":{"allow":["GET"]}}],"collection":[{"href":"https:\/\/encompaniastj.org\/pt-pt\/wp-json\/wp\/v2\/posts"}],"about":[{"href":"https:\/\/encompaniastj.org\/pt-pt\/wp-json\/wp\/v2\/types\/post"}],"author":[{"embeddable":true,"href":"https:\/\/encompaniastj.org\/pt-pt\/wp-json\/wp\/v2\/users\/1"}],"replies":[{"embeddable":true,"href":"https:\/\/encompaniastj.org\/pt-pt\/wp-json\/wp\/v2\/comments?post=11534"}],"version-history":[{"count":1,"href":"https:\/\/encompaniastj.org\/pt-pt\/wp-json\/wp\/v2\/posts\/11534\/revisions"}],"predecessor-version":[{"id":11535,"href":"https:\/\/encompaniastj.org\/pt-pt\/wp-json\/wp\/v2\/posts\/11534\/revisions\/11535"}],"wp:featuredmedia":[{"embeddable":true,"href":"https:\/\/encompaniastj.org\/pt-pt\/wp-json\/wp\/v2\/media\/8315"}],"wp:attachment":[{"href":"https:\/\/encompaniastj.org\/pt-pt\/wp-json\/wp\/v2\/media?parent=11534"}],"wp:term":[{"taxonomy":"category","embeddable":true,"href":"https:\/\/encompaniastj.org\/pt-pt\/wp-json\/wp\/v2\/categories?post=11534"},{"taxonomy":"post_tag","embeddable":true,"href":"https:\/\/encompaniastj.org\/pt-pt\/wp-json\/wp\/v2\/tags?post=11534"}],"curies":[{"name":"wp","href":"https:\/\/api.w.org\/{rel}","templated":true}]}}