{"id":11530,"date":"2023-03-31T09:55:50","date_gmt":"2023-03-31T07:55:50","guid":{"rendered":"https:\/\/encompaniastj.org\/ecos-da-vida-de-um-centenario\/"},"modified":"2025-07-07T16:24:17","modified_gmt":"2025-07-07T14:24:17","slug":"ecos-da-vida-de-um-centenario","status":"publish","type":"post","link":"https:\/\/encompaniastj.org\/pt-pt\/ecos-da-vida-de-um-centenario\/","title":{"rendered":"Ecos da vida de um Centen\u00e1rio"},"content":{"rendered":"<p>Poder comemorar 100 anos de presen\u00e7a da Companhia em Mora foi um grande presente para toda a Comunidade. Ao longo destes anos muita semente caiu nesta boa terra de La Mancha e juntamente com a Fam\u00edlia Teresiana e o povo reconhecemos muitos frutos.<strong>\u00a0\u00a0\u00a0\u00a0\u00a0\u00a0\u00a0\u00a0\u00a0\u00a0\u00a0\u00a0\u00a0 <\/strong><\/p>\n<p>Por ocasi\u00e3o do Centen\u00e1rio do Col\u00e9gio, as antigas Alunos de Mora quiseram organizar uma exposi\u00e7\u00e3o. O envolvimento e o esfor\u00e7o de muitos, o entusiasmo, a criatividade e a grande vontade foram postos ao servi\u00e7o de um enorme trabalho que se ia forjando entre TODOS:<\/p>\n<p>UMA VIAGEM DE 100 ANOS<\/p>\n<p>A EXPOSI\u00c7\u00c3O foi um grande acontecimento. Foi inaugurado com um belo ato na v\u00e9spera da festa de Santo Henrique na Casa da Cultura de Mora, a grande aflu\u00eancia de pessoas fez com que se continuasse mais uma semana do que era previsto.<\/p>\n<p>Todos que chegaram perto gostaram de voltar \u00e0 inf\u00e2ncia, adolesc\u00eancia e juventude. A viagem que Teresa de Jesus e Henrique de Oss\u00f3 v\u00e3o efectuando, pelas terras de Dom Quixote, a bela e completa exposi\u00e7\u00e3o dos cem anos atraiu muitas pessoas que viram parte da sua vida refletida em imagens, s\u00edmbolos e trabalhos realizados&#8230;. Ningu\u00e9m ficou sem sentir uma parte viva do que estava incorporado nela. J\u00e1 Henrique de Oss\u00f3 o dizia: \u201cO tempo e a gra\u00e7a\u2026\u201d<\/p>\n<p>Juntamente com a exposi\u00e7\u00e3o, a Eucaristia do dia 4, com a capela lotada, celebrando a vida e as mem\u00f3rias; o jantar festivo com muitas mensagens dos que n\u00e3o puderam vir; os telefonemas e as visitas&#8230;todas foram experi\u00eancias comoventes e muito emocionantes e uma manifesta\u00e7\u00e3o de grande significado que o col\u00e9gio tem para a localidade de Mora e arredores.<\/p>\n<p>Henrique de Oss\u00f3 e Teresa mostraram que o CARISMA est\u00e1 vivo em tantas pessoas que receberam uma educa\u00e7\u00e3o teresiana ao longo dos anos.<\/p>\n<p>No Col\u00e9gio Teresiano e em Mora uma pequena brasa provocou um grande inc\u00eandio, nota-se nos rostos das pessoas que se foram aproximando e em todos os gestos de agradecimento e felicita\u00e7\u00f5es. Muitas Irm\u00e3s Teresianas e leigos comprometidos deram o melhor de suas vidas \u00e0 forma\u00e7\u00e3o crist\u00e3 de centenas de meninos e meninas de Mora.<\/p>\n<p>Esta terra Moracha recebeu ao longo dos anos o perfume e a vida das flores e os frutos da \u00e1rvore teresiana. Que a gra\u00e7a de Deus nos d\u00ea o dom de continuar a receb\u00ea-los na continua\u00e7\u00e3o desta caminhada. De outros 100 anos? COMUNIDADE DE MORA, FEVEREIRO 23<\/p>\n<p><img loading=\"lazy\" decoding=\"async\" class=\"aligncenter wp-image-11099 size-full\" src=\"https:\/\/encompaniastj.org\/wp-content\/uploads\/2025\/05\/C2-1.png\" alt=\"\" width=\"500\" height=\"500\" \/><\/p>\n<p><img loading=\"lazy\" decoding=\"async\" class=\"aligncenter wp-image-11101 size-full\" src=\"https:\/\/encompaniastj.org\/wp-content\/uploads\/2025\/05\/c3-1.png\" alt=\"\" width=\"500\" height=\"500\" \/><\/p>\n<p><img loading=\"lazy\" decoding=\"async\" class=\"aligncenter wp-image-11097 size-full\" src=\"https:\/\/encompaniastj.org\/wp-content\/uploads\/2025\/05\/c1-1-2.png\" alt=\"\" width=\"500\" height=\"500\" \/><\/p>\n","protected":false},"excerpt":{"rendered":"<p>Poder comemorar 100 anos de presen\u00e7a da Companhia em Mora foi um grande presente para toda a Comunidade. Ao longo destes anos muita semente caiu nesta boa terra de La [&hellip;]<\/p>\n","protected":false},"author":1,"featured_media":8310,"comment_status":"open","ping_status":"open","sticky":false,"template":"","format":"standard","meta":{"_acf_changed":false,"footnotes":""},"categories":[61,62,68],"tags":[],"class_list":["post-11530","post","type-post","status-publish","format-standard","has-post-thumbnail","hentry","category-noticias","category-otras","category-outras"],"acf":[],"yoast_head":"<!-- This site is optimized with the Yoast SEO plugin v27.5 - https:\/\/yoast.com\/product\/yoast-seo-wordpress\/ -->\n<title>Ecos da vida de um Centen\u00e1rio - En Compa\u00f1\u00eda STJ<\/title>\n<meta name=\"robots\" content=\"index, follow, max-snippet:-1, max-image-preview:large, max-video-preview:-1\" \/>\n<link rel=\"canonical\" href=\"https:\/\/encompaniastj.org\/pt-pt\/ecos-da-vida-de-um-centenario\/\" \/>\n<meta property=\"og:locale\" content=\"pt_PT\" \/>\n<meta property=\"og:type\" content=\"article\" \/>\n<meta property=\"og:title\" content=\"Ecos da vida de um Centen\u00e1rio - En Compa\u00f1\u00eda STJ\" \/>\n<meta property=\"og:description\" content=\"Poder comemorar 100 anos de presen\u00e7a da Companhia em Mora foi um grande presente para toda a Comunidade. Ao longo destes anos muita semente caiu nesta boa terra de La [&hellip;]\" \/>\n<meta property=\"og:url\" content=\"https:\/\/encompaniastj.org\/pt-pt\/ecos-da-vida-de-um-centenario\/\" \/>\n<meta property=\"og:site_name\" content=\"En Compa\u00f1\u00eda STJ\" \/>\n<meta property=\"article:published_time\" content=\"2023-03-31T07:55:50+00:00\" \/>\n<meta property=\"article:modified_time\" content=\"2025-07-07T14:24:17+00:00\" \/>\n<meta property=\"og:image\" content=\"https:\/\/encompaniastj.org\/wp-content\/uploads\/2025\/05\/FOTO-PARA-EL-PERIODICO-scaled-1.jpg\" \/>\n\t<meta property=\"og:image:width\" content=\"2560\" \/>\n\t<meta property=\"og:image:height\" content=\"1449\" \/>\n\t<meta property=\"og:image:type\" content=\"image\/jpeg\" \/>\n<meta name=\"author\" content=\"admin\" \/>\n<meta name=\"twitter:card\" content=\"summary_large_image\" \/>\n<meta name=\"twitter:label1\" content=\"Escrito por\" \/>\n\t<meta name=\"twitter:data1\" content=\"admin\" \/>\n\t<meta name=\"twitter:label2\" content=\"Tempo estimado de leitura\" \/>\n\t<meta name=\"twitter:data2\" content=\"3 minutos\" \/>\n<script type=\"application\/ld+json\" class=\"yoast-schema-graph\">{\"@context\":\"https:\\\/\\\/schema.org\",\"@graph\":[{\"@type\":\"Article\",\"@id\":\"https:\\\/\\\/encompaniastj.org\\\/pt-pt\\\/ecos-da-vida-de-um-centenario\\\/#article\",\"isPartOf\":{\"@id\":\"https:\\\/\\\/encompaniastj.org\\\/pt-pt\\\/ecos-da-vida-de-um-centenario\\\/\"},\"author\":{\"name\":\"admin\",\"@id\":\"https:\\\/\\\/encompaniastj.org\\\/pt-pt\\\/#\\\/schema\\\/person\\\/520e7ecc314793d40091993c2a02b651\"},\"headline\":\"Ecos da vida de um Centen\u00e1rio\",\"datePublished\":\"2023-03-31T07:55:50+00:00\",\"dateModified\":\"2025-07-07T14:24:17+00:00\",\"mainEntityOfPage\":{\"@id\":\"https:\\\/\\\/encompaniastj.org\\\/pt-pt\\\/ecos-da-vida-de-um-centenario\\\/\"},\"wordCount\":426,\"commentCount\":0,\"publisher\":{\"@id\":\"https:\\\/\\\/encompaniastj.org\\\/pt-pt\\\/#organization\"},\"image\":{\"@id\":\"https:\\\/\\\/encompaniastj.org\\\/pt-pt\\\/ecos-da-vida-de-um-centenario\\\/#primaryimage\"},\"thumbnailUrl\":\"https:\\\/\\\/encompaniastj.org\\\/wp-content\\\/uploads\\\/2025\\\/05\\\/FOTO-PARA-EL-PERIODICO-scaled-1.jpg\",\"articleSection\":[\"Noticias\",\"Otras\",\"Outras\"],\"inLanguage\":\"pt-PT\",\"potentialAction\":[{\"@type\":\"CommentAction\",\"name\":\"Comment\",\"target\":[\"https:\\\/\\\/encompaniastj.org\\\/pt-pt\\\/ecos-da-vida-de-um-centenario\\\/#respond\"]}]},{\"@type\":\"WebPage\",\"@id\":\"https:\\\/\\\/encompaniastj.org\\\/pt-pt\\\/ecos-da-vida-de-um-centenario\\\/\",\"url\":\"https:\\\/\\\/encompaniastj.org\\\/pt-pt\\\/ecos-da-vida-de-um-centenario\\\/\",\"name\":\"Ecos da vida de um Centen\u00e1rio - En Compa\u00f1\u00eda STJ\",\"isPartOf\":{\"@id\":\"https:\\\/\\\/encompaniastj.org\\\/pt-pt\\\/#website\"},\"primaryImageOfPage\":{\"@id\":\"https:\\\/\\\/encompaniastj.org\\\/pt-pt\\\/ecos-da-vida-de-um-centenario\\\/#primaryimage\"},\"image\":{\"@id\":\"https:\\\/\\\/encompaniastj.org\\\/pt-pt\\\/ecos-da-vida-de-um-centenario\\\/#primaryimage\"},\"thumbnailUrl\":\"https:\\\/\\\/encompaniastj.org\\\/wp-content\\\/uploads\\\/2025\\\/05\\\/FOTO-PARA-EL-PERIODICO-scaled-1.jpg\",\"datePublished\":\"2023-03-31T07:55:50+00:00\",\"dateModified\":\"2025-07-07T14:24:17+00:00\",\"breadcrumb\":{\"@id\":\"https:\\\/\\\/encompaniastj.org\\\/pt-pt\\\/ecos-da-vida-de-um-centenario\\\/#breadcrumb\"},\"inLanguage\":\"pt-PT\",\"potentialAction\":[{\"@type\":\"ReadAction\",\"target\":[\"https:\\\/\\\/encompaniastj.org\\\/pt-pt\\\/ecos-da-vida-de-um-centenario\\\/\"]}]},{\"@type\":\"ImageObject\",\"inLanguage\":\"pt-PT\",\"@id\":\"https:\\\/\\\/encompaniastj.org\\\/pt-pt\\\/ecos-da-vida-de-um-centenario\\\/#primaryimage\",\"url\":\"https:\\\/\\\/encompaniastj.org\\\/wp-content\\\/uploads\\\/2025\\\/05\\\/FOTO-PARA-EL-PERIODICO-scaled-1.jpg\",\"contentUrl\":\"https:\\\/\\\/encompaniastj.org\\\/wp-content\\\/uploads\\\/2025\\\/05\\\/FOTO-PARA-EL-PERIODICO-scaled-1.jpg\",\"width\":2560,\"height\":1449},{\"@type\":\"BreadcrumbList\",\"@id\":\"https:\\\/\\\/encompaniastj.org\\\/pt-pt\\\/ecos-da-vida-de-um-centenario\\\/#breadcrumb\",\"itemListElement\":[{\"@type\":\"ListItem\",\"position\":1,\"name\":\"Portada\",\"item\":\"https:\\\/\\\/encompaniastj.org\\\/pt-pt\\\/\"},{\"@type\":\"ListItem\",\"position\":2,\"name\":\"Ecos da vida de um Centen\u00e1rio\"}]},{\"@type\":\"WebSite\",\"@id\":\"https:\\\/\\\/encompaniastj.org\\\/pt-pt\\\/#website\",\"url\":\"https:\\\/\\\/encompaniastj.org\\\/pt-pt\\\/\",\"name\":\"En Compa\u00f1\u00eda STJ\",\"description\":\"Bolet\u00edn de la Compa\u00f1\u00eda de Santa Teresa de Jes\u00fas\",\"publisher\":{\"@id\":\"https:\\\/\\\/encompaniastj.org\\\/pt-pt\\\/#organization\"},\"potentialAction\":[{\"@type\":\"SearchAction\",\"target\":{\"@type\":\"EntryPoint\",\"urlTemplate\":\"https:\\\/\\\/encompaniastj.org\\\/pt-pt\\\/?s={search_term_string}\"},\"query-input\":{\"@type\":\"PropertyValueSpecification\",\"valueRequired\":true,\"valueName\":\"search_term_string\"}}],\"inLanguage\":\"pt-PT\"},{\"@type\":\"Organization\",\"@id\":\"https:\\\/\\\/encompaniastj.org\\\/pt-pt\\\/#organization\",\"name\":\"Compa\u00f1\u00eda de Santa Teresa de Jes\u00fas\",\"url\":\"https:\\\/\\\/encompaniastj.org\\\/pt-pt\\\/\",\"logo\":{\"@type\":\"ImageObject\",\"inLanguage\":\"pt-PT\",\"@id\":\"https:\\\/\\\/encompaniastj.org\\\/pt-pt\\\/#\\\/schema\\\/logo\\\/image\\\/\",\"url\":\"https:\\\/\\\/encompaniastj.org\\\/wp-content\\\/uploads\\\/2025\\\/04\\\/logo_provincias02-1-3.png\",\"contentUrl\":\"https:\\\/\\\/encompaniastj.org\\\/wp-content\\\/uploads\\\/2025\\\/04\\\/logo_provincias02-1-3.png\",\"width\":2368,\"height\":825,\"caption\":\"Compa\u00f1\u00eda de Santa Teresa de Jes\u00fas\"},\"image\":{\"@id\":\"https:\\\/\\\/encompaniastj.org\\\/pt-pt\\\/#\\\/schema\\\/logo\\\/image\\\/\"}},{\"@type\":\"Person\",\"@id\":\"https:\\\/\\\/encompaniastj.org\\\/pt-pt\\\/#\\\/schema\\\/person\\\/520e7ecc314793d40091993c2a02b651\",\"name\":\"admin\",\"image\":{\"@type\":\"ImageObject\",\"inLanguage\":\"pt-PT\",\"@id\":\"https:\\\/\\\/secure.gravatar.com\\\/avatar\\\/948b492cce32b586ac2db0eaa926ee87024f7afe218d73b397ea5ddfc5f43ea1?s=96&d=mm&r=g\",\"url\":\"https:\\\/\\\/secure.gravatar.com\\\/avatar\\\/948b492cce32b586ac2db0eaa926ee87024f7afe218d73b397ea5ddfc5f43ea1?s=96&d=mm&r=g\",\"contentUrl\":\"https:\\\/\\\/secure.gravatar.com\\\/avatar\\\/948b492cce32b586ac2db0eaa926ee87024f7afe218d73b397ea5ddfc5f43ea1?s=96&d=mm&r=g\",\"caption\":\"admin\"},\"sameAs\":[\"https:\\\/\\\/encompaniastj.org\"],\"url\":\"https:\\\/\\\/encompaniastj.org\\\/pt-pt\\\/author\\\/sjdigital\\\/\"}]}<\/script>\n<!-- \/ Yoast SEO plugin. -->","yoast_head_json":{"title":"Ecos da vida de um Centen\u00e1rio - En Compa\u00f1\u00eda STJ","robots":{"index":"index","follow":"follow","max-snippet":"max-snippet:-1","max-image-preview":"max-image-preview:large","max-video-preview":"max-video-preview:-1"},"canonical":"https:\/\/encompaniastj.org\/pt-pt\/ecos-da-vida-de-um-centenario\/","og_locale":"pt_PT","og_type":"article","og_title":"Ecos da vida de um Centen\u00e1rio - En Compa\u00f1\u00eda STJ","og_description":"Poder comemorar 100 anos de presen\u00e7a da Companhia em Mora foi um grande presente para toda a Comunidade. Ao longo destes anos muita semente caiu nesta boa terra de La [&hellip;]","og_url":"https:\/\/encompaniastj.org\/pt-pt\/ecos-da-vida-de-um-centenario\/","og_site_name":"En Compa\u00f1\u00eda STJ","article_published_time":"2023-03-31T07:55:50+00:00","article_modified_time":"2025-07-07T14:24:17+00:00","og_image":[{"width":2560,"height":1449,"url":"https:\/\/encompaniastj.org\/wp-content\/uploads\/2025\/05\/FOTO-PARA-EL-PERIODICO-scaled-1.jpg","type":"image\/jpeg"}],"author":"admin","twitter_card":"summary_large_image","twitter_misc":{"Escrito por":"admin","Tempo estimado de leitura":"3 minutos"},"schema":{"@context":"https:\/\/schema.org","@graph":[{"@type":"Article","@id":"https:\/\/encompaniastj.org\/pt-pt\/ecos-da-vida-de-um-centenario\/#article","isPartOf":{"@id":"https:\/\/encompaniastj.org\/pt-pt\/ecos-da-vida-de-um-centenario\/"},"author":{"name":"admin","@id":"https:\/\/encompaniastj.org\/pt-pt\/#\/schema\/person\/520e7ecc314793d40091993c2a02b651"},"headline":"Ecos da vida de um Centen\u00e1rio","datePublished":"2023-03-31T07:55:50+00:00","dateModified":"2025-07-07T14:24:17+00:00","mainEntityOfPage":{"@id":"https:\/\/encompaniastj.org\/pt-pt\/ecos-da-vida-de-um-centenario\/"},"wordCount":426,"commentCount":0,"publisher":{"@id":"https:\/\/encompaniastj.org\/pt-pt\/#organization"},"image":{"@id":"https:\/\/encompaniastj.org\/pt-pt\/ecos-da-vida-de-um-centenario\/#primaryimage"},"thumbnailUrl":"https:\/\/encompaniastj.org\/wp-content\/uploads\/2025\/05\/FOTO-PARA-EL-PERIODICO-scaled-1.jpg","articleSection":["Noticias","Otras","Outras"],"inLanguage":"pt-PT","potentialAction":[{"@type":"CommentAction","name":"Comment","target":["https:\/\/encompaniastj.org\/pt-pt\/ecos-da-vida-de-um-centenario\/#respond"]}]},{"@type":"WebPage","@id":"https:\/\/encompaniastj.org\/pt-pt\/ecos-da-vida-de-um-centenario\/","url":"https:\/\/encompaniastj.org\/pt-pt\/ecos-da-vida-de-um-centenario\/","name":"Ecos da vida de um Centen\u00e1rio - En Compa\u00f1\u00eda STJ","isPartOf":{"@id":"https:\/\/encompaniastj.org\/pt-pt\/#website"},"primaryImageOfPage":{"@id":"https:\/\/encompaniastj.org\/pt-pt\/ecos-da-vida-de-um-centenario\/#primaryimage"},"image":{"@id":"https:\/\/encompaniastj.org\/pt-pt\/ecos-da-vida-de-um-centenario\/#primaryimage"},"thumbnailUrl":"https:\/\/encompaniastj.org\/wp-content\/uploads\/2025\/05\/FOTO-PARA-EL-PERIODICO-scaled-1.jpg","datePublished":"2023-03-31T07:55:50+00:00","dateModified":"2025-07-07T14:24:17+00:00","breadcrumb":{"@id":"https:\/\/encompaniastj.org\/pt-pt\/ecos-da-vida-de-um-centenario\/#breadcrumb"},"inLanguage":"pt-PT","potentialAction":[{"@type":"ReadAction","target":["https:\/\/encompaniastj.org\/pt-pt\/ecos-da-vida-de-um-centenario\/"]}]},{"@type":"ImageObject","inLanguage":"pt-PT","@id":"https:\/\/encompaniastj.org\/pt-pt\/ecos-da-vida-de-um-centenario\/#primaryimage","url":"https:\/\/encompaniastj.org\/wp-content\/uploads\/2025\/05\/FOTO-PARA-EL-PERIODICO-scaled-1.jpg","contentUrl":"https:\/\/encompaniastj.org\/wp-content\/uploads\/2025\/05\/FOTO-PARA-EL-PERIODICO-scaled-1.jpg","width":2560,"height":1449},{"@type":"BreadcrumbList","@id":"https:\/\/encompaniastj.org\/pt-pt\/ecos-da-vida-de-um-centenario\/#breadcrumb","itemListElement":[{"@type":"ListItem","position":1,"name":"Portada","item":"https:\/\/encompaniastj.org\/pt-pt\/"},{"@type":"ListItem","position":2,"name":"Ecos da vida de um Centen\u00e1rio"}]},{"@type":"WebSite","@id":"https:\/\/encompaniastj.org\/pt-pt\/#website","url":"https:\/\/encompaniastj.org\/pt-pt\/","name":"En Compa\u00f1\u00eda STJ","description":"Bolet\u00edn de la Compa\u00f1\u00eda de Santa Teresa de Jes\u00fas","publisher":{"@id":"https:\/\/encompaniastj.org\/pt-pt\/#organization"},"potentialAction":[{"@type":"SearchAction","target":{"@type":"EntryPoint","urlTemplate":"https:\/\/encompaniastj.org\/pt-pt\/?s={search_term_string}"},"query-input":{"@type":"PropertyValueSpecification","valueRequired":true,"valueName":"search_term_string"}}],"inLanguage":"pt-PT"},{"@type":"Organization","@id":"https:\/\/encompaniastj.org\/pt-pt\/#organization","name":"Compa\u00f1\u00eda de Santa Teresa de Jes\u00fas","url":"https:\/\/encompaniastj.org\/pt-pt\/","logo":{"@type":"ImageObject","inLanguage":"pt-PT","@id":"https:\/\/encompaniastj.org\/pt-pt\/#\/schema\/logo\/image\/","url":"https:\/\/encompaniastj.org\/wp-content\/uploads\/2025\/04\/logo_provincias02-1-3.png","contentUrl":"https:\/\/encompaniastj.org\/wp-content\/uploads\/2025\/04\/logo_provincias02-1-3.png","width":2368,"height":825,"caption":"Compa\u00f1\u00eda de Santa Teresa de Jes\u00fas"},"image":{"@id":"https:\/\/encompaniastj.org\/pt-pt\/#\/schema\/logo\/image\/"}},{"@type":"Person","@id":"https:\/\/encompaniastj.org\/pt-pt\/#\/schema\/person\/520e7ecc314793d40091993c2a02b651","name":"admin","image":{"@type":"ImageObject","inLanguage":"pt-PT","@id":"https:\/\/secure.gravatar.com\/avatar\/948b492cce32b586ac2db0eaa926ee87024f7afe218d73b397ea5ddfc5f43ea1?s=96&d=mm&r=g","url":"https:\/\/secure.gravatar.com\/avatar\/948b492cce32b586ac2db0eaa926ee87024f7afe218d73b397ea5ddfc5f43ea1?s=96&d=mm&r=g","contentUrl":"https:\/\/secure.gravatar.com\/avatar\/948b492cce32b586ac2db0eaa926ee87024f7afe218d73b397ea5ddfc5f43ea1?s=96&d=mm&r=g","caption":"admin"},"sameAs":["https:\/\/encompaniastj.org"],"url":"https:\/\/encompaniastj.org\/pt-pt\/author\/sjdigital\/"}]}},"_links":{"self":[{"href":"https:\/\/encompaniastj.org\/pt-pt\/wp-json\/wp\/v2\/posts\/11530","targetHints":{"allow":["GET"]}}],"collection":[{"href":"https:\/\/encompaniastj.org\/pt-pt\/wp-json\/wp\/v2\/posts"}],"about":[{"href":"https:\/\/encompaniastj.org\/pt-pt\/wp-json\/wp\/v2\/types\/post"}],"author":[{"embeddable":true,"href":"https:\/\/encompaniastj.org\/pt-pt\/wp-json\/wp\/v2\/users\/1"}],"replies":[{"embeddable":true,"href":"https:\/\/encompaniastj.org\/pt-pt\/wp-json\/wp\/v2\/comments?post=11530"}],"version-history":[{"count":1,"href":"https:\/\/encompaniastj.org\/pt-pt\/wp-json\/wp\/v2\/posts\/11530\/revisions"}],"predecessor-version":[{"id":11531,"href":"https:\/\/encompaniastj.org\/pt-pt\/wp-json\/wp\/v2\/posts\/11530\/revisions\/11531"}],"wp:featuredmedia":[{"embeddable":true,"href":"https:\/\/encompaniastj.org\/pt-pt\/wp-json\/wp\/v2\/media\/8310"}],"wp:attachment":[{"href":"https:\/\/encompaniastj.org\/pt-pt\/wp-json\/wp\/v2\/media?parent=11530"}],"wp:term":[{"taxonomy":"category","embeddable":true,"href":"https:\/\/encompaniastj.org\/pt-pt\/wp-json\/wp\/v2\/categories?post=11530"},{"taxonomy":"post_tag","embeddable":true,"href":"https:\/\/encompaniastj.org\/pt-pt\/wp-json\/wp\/v2\/tags?post=11530"}],"curies":[{"name":"wp","href":"https:\/\/api.w.org\/{rel}","templated":true}]}}