{"id":11526,"date":"2023-03-22T07:01:35","date_gmt":"2023-03-22T06:01:35","guid":{"rendered":"https:\/\/encompaniastj.org\/cumpanis-2\/"},"modified":"2025-07-07T16:24:17","modified_gmt":"2025-07-07T14:24:17","slug":"cumpanis-2","status":"publish","type":"post","link":"https:\/\/encompaniastj.org\/pt-pt\/cumpanis-2\/","title":{"rendered":"CUMPANIS"},"content":{"rendered":"<p>Todos os dias os nossos passos avan\u00e7am por caminhos diferentes e com companheiras e companheiros diferentes. E todos os dias partilhamos a vida e o p\u00e3o, dentro e fora de casa, onde trabalhamos, nos relacionamos, celebramos&#8230; nesse ir e vir di\u00e1rio.<\/p>\n<p>\u00c9 uma d\u00e1diva caminhar pela vida, consciente de receb\u00ea-la todos os dias. E outro grande dom \u00e9 caminhar acompanhados&#8230; esse partilhar encontros e desencontros, mesa, fam\u00edlia e amigos, sonhos e sofrimentos, trabalho, descanso&#8230; no caminho de ida e volta, nesse dar-se e receber.<\/p>\n<p>E mais outro dom \u00e9, n\u00e3o s\u00f3 partilhar alguma parte do caminho, mas oferecer companhia e acompanhar, tornar-se companheiro&#8230; tanto como deixar-nos acompanhar.<\/p>\n<p>Do latim <em>cumpanis<\/em>: <em>quem come o seu p\u00e3o com, ou aqueles que repartem o p\u00e3o<\/em>. E parece mais do que dividir um teto ou um trabalho, ou fazer parte de um grupo&#8230; ou padarias, ag\u00eancias de turismo, cafetarias&#8230; se procurarmos este nome no Google&#8230; ou a encontrar fotos de cachorros se colocamos companheiros em um buscador de imagens na web&#8230; <em>cumpanis,<\/em> companheiros, sabe a mesa e p\u00e3o partilhados.<\/p>\n<p>E esta partilha da mesa e do p\u00e3o \u00e9 celebrada com un\u00e7\u00e3o pelos crist\u00e3os na celebra\u00e7\u00e3o da ceia pascal, na qual recordamos este gesto, t\u00e3o pequeno e simples como profundo, da partilha da mesa onde se parte e se distribui o p\u00e3o e se lavar os p\u00e9s. E no qual somos convidados a fazer o mesmo unos com outros&#8230; a tornarmo-nos <em>cumpanis<\/em>, companheiros.<\/p>\n<p>Algu\u00e9m disse h\u00e1 mais de dois mil anos<em>: desejei muito e \u00e9 grande o desejo de comer esta P\u00e1scoa convosco<a href=\"#_ftn1\" name=\"_ftnref1\"><strong>[1]<\/strong><\/a>.<\/em> <em>Ele tinha-se tornado companheiro e um de muitos<\/em>.<a href=\"#_ftn2\" name=\"_ftnref2\"><em><strong>[2]<\/strong><\/em><\/a>\u2026 e foi dito dele que passou fazendo o bem<a href=\"#_ftn3\" name=\"_ftnref3\"><em><strong>[3]<\/strong><\/em><\/a> e ele nos amou at\u00e9 ao fim<a href=\"#_ftn4\" name=\"_ftnref4\"><em><strong>[4]<\/strong><\/em><\/a><em>.<\/em> E deu-nos a sua Palavra: Eu fico convosco todos os dias, estarei sempre convosco<a href=\"#_ftn5\" name=\"_ftnref5\"><em><strong>[5]<\/strong><\/em><\/a><em>.<\/em><\/p>\n<p><em>Cumpanis <\/em>para aprender, enquanto caminhamos, a entrar no mist\u00e9rio daquele cora\u00e7\u00e3o e que o desejo de Deus de comer a sua P\u00e1scoa connosco, torna-se tamb\u00e9m o nosso desejo: tornarmo-nos aquilo que comemos, querendo ser como ele, p\u00e3o partido e repartido<a href=\"#_ftn6\" name=\"_ftnref6\"><em><strong>[6]<\/strong><\/em><\/a><em>.<\/em><\/p>\n<p><em>Cumpanis <\/em>para aprender todos os dias a olhar o mundo com os outros e a partilhar a pr\u00f3pria vida e o que a alimenta, seja p\u00e3o, palavras, car\u00edcias, aten\u00e7\u00e3o e escuta ou simples companhia naquilo que a vida nos ofere\u00e7a para viver.<\/p>\n<p><em>Cumpanis <\/em>para n\u00e3o esquecer que h\u00e1 muita gente sem p\u00e3o, nem mesa, nem amor, nem fam\u00edlia&#8230; e com fome de paz, p\u00e3o e companhia. E, para nos perguntarmos ent\u00e3o, se queremos ser companheiros de caminho, qual \u00e9 o meu pr\u00f3ximo passo e com quem acompanh\u00e1-lo&#8230; em que mesas me sento&#8230; que p\u00e3es recebo e partilho&#8230; que nomes est\u00e3o gravados em meu cora\u00e7\u00e3o. E agradec\u00ea-los<em>.<\/em><\/p>\n<p><a href=\"#_ftnref1\" name=\"_ftn1\">[1]<\/a> Lc 22,15<\/p>\n<p><a href=\"#_ftnref2\" name=\"_ftn2\">[2]<\/a> Filp. 2, 6-11<\/p>\n<p><a href=\"#_ftnref3\" name=\"_ftn3\">[3]<\/a> Act. 10,38<\/p>\n<p><a href=\"#_ftnref4\" name=\"_ftn4\">[4]<\/a> Jo. 13,1<\/p>\n<p><a href=\"#_ftnref5\" name=\"_ftn5\">[5]<\/a> Mt. 28,20<\/p>\n<p><a href=\"#_ftnref6\" name=\"_ftn6\">[6]<\/a> Marta Garc\u00eda Fern\u00e1ndez. <em>De noite iremos<\/em>, p. 14.<\/p>\n","protected":false},"excerpt":{"rendered":"<p>Todos os dias os nossos passos avan\u00e7am por caminhos diferentes e com companheiras e companheiros diferentes. E todos os dias partilhamos a vida e o p\u00e3o, dentro e fora de [&hellip;]<\/p>\n","protected":false},"author":1,"featured_media":8304,"comment_status":"open","ping_status":"open","sticky":false,"template":"","format":"standard","meta":{"_acf_changed":false,"footnotes":""},"categories":[77],"tags":[],"class_list":["post-11526","post","type-post","status-publish","format-standard","has-post-thumbnail","hentry","category-palabras"],"acf":[],"yoast_head":"<!-- This site is optimized with the Yoast SEO plugin v27.5 - https:\/\/yoast.com\/product\/yoast-seo-wordpress\/ -->\n<title>CUMPANIS - En Compa\u00f1\u00eda STJ<\/title>\n<meta name=\"robots\" content=\"index, follow, max-snippet:-1, max-image-preview:large, max-video-preview:-1\" \/>\n<link rel=\"canonical\" href=\"https:\/\/encompaniastj.org\/pt-pt\/cumpanis-2\/\" \/>\n<meta property=\"og:locale\" content=\"pt_PT\" \/>\n<meta property=\"og:type\" content=\"article\" \/>\n<meta property=\"og:title\" content=\"CUMPANIS - En Compa\u00f1\u00eda STJ\" \/>\n<meta property=\"og:description\" content=\"Todos os dias os nossos passos avan\u00e7am por caminhos diferentes e com companheiras e companheiros diferentes. E todos os dias partilhamos a vida e o p\u00e3o, dentro e fora de [&hellip;]\" \/>\n<meta property=\"og:url\" content=\"https:\/\/encompaniastj.org\/pt-pt\/cumpanis-2\/\" \/>\n<meta property=\"og:site_name\" content=\"En Compa\u00f1\u00eda STJ\" \/>\n<meta property=\"article:published_time\" content=\"2023-03-22T06:01:35+00:00\" \/>\n<meta property=\"article:modified_time\" content=\"2025-07-07T14:24:17+00:00\" \/>\n<meta property=\"og:image\" content=\"https:\/\/encompaniastj.org\/wp-content\/uploads\/2025\/05\/companeros-de-camino.jpg\" \/>\n\t<meta property=\"og:image:width\" content=\"358\" \/>\n\t<meta property=\"og:image:height\" content=\"407\" \/>\n\t<meta property=\"og:image:type\" content=\"image\/jpeg\" \/>\n<meta name=\"author\" content=\"admin\" \/>\n<meta name=\"twitter:card\" content=\"summary_large_image\" \/>\n<meta name=\"twitter:label1\" content=\"Escrito por\" \/>\n\t<meta name=\"twitter:data1\" content=\"admin\" \/>\n\t<meta name=\"twitter:label2\" content=\"Tempo estimado de leitura\" \/>\n\t<meta name=\"twitter:data2\" content=\"3 minutos\" \/>\n<script type=\"application\/ld+json\" class=\"yoast-schema-graph\">{\"@context\":\"https:\\\/\\\/schema.org\",\"@graph\":[{\"@type\":\"Article\",\"@id\":\"https:\\\/\\\/encompaniastj.org\\\/pt-pt\\\/cumpanis-2\\\/#article\",\"isPartOf\":{\"@id\":\"https:\\\/\\\/encompaniastj.org\\\/pt-pt\\\/cumpanis-2\\\/\"},\"author\":{\"name\":\"admin\",\"@id\":\"https:\\\/\\\/encompaniastj.org\\\/pt-pt\\\/#\\\/schema\\\/person\\\/520e7ecc314793d40091993c2a02b651\"},\"headline\":\"CUMPANIS\",\"datePublished\":\"2023-03-22T06:01:35+00:00\",\"dateModified\":\"2025-07-07T14:24:17+00:00\",\"mainEntityOfPage\":{\"@id\":\"https:\\\/\\\/encompaniastj.org\\\/pt-pt\\\/cumpanis-2\\\/\"},\"wordCount\":493,\"commentCount\":0,\"publisher\":{\"@id\":\"https:\\\/\\\/encompaniastj.org\\\/pt-pt\\\/#organization\"},\"image\":{\"@id\":\"https:\\\/\\\/encompaniastj.org\\\/pt-pt\\\/cumpanis-2\\\/#primaryimage\"},\"thumbnailUrl\":\"https:\\\/\\\/encompaniastj.org\\\/wp-content\\\/uploads\\\/2025\\\/05\\\/companeros-de-camino.jpg\",\"articleSection\":[\"Palabras\"],\"inLanguage\":\"pt-PT\",\"potentialAction\":[{\"@type\":\"CommentAction\",\"name\":\"Comment\",\"target\":[\"https:\\\/\\\/encompaniastj.org\\\/pt-pt\\\/cumpanis-2\\\/#respond\"]}]},{\"@type\":\"WebPage\",\"@id\":\"https:\\\/\\\/encompaniastj.org\\\/pt-pt\\\/cumpanis-2\\\/\",\"url\":\"https:\\\/\\\/encompaniastj.org\\\/pt-pt\\\/cumpanis-2\\\/\",\"name\":\"CUMPANIS - En Compa\u00f1\u00eda STJ\",\"isPartOf\":{\"@id\":\"https:\\\/\\\/encompaniastj.org\\\/pt-pt\\\/#website\"},\"primaryImageOfPage\":{\"@id\":\"https:\\\/\\\/encompaniastj.org\\\/pt-pt\\\/cumpanis-2\\\/#primaryimage\"},\"image\":{\"@id\":\"https:\\\/\\\/encompaniastj.org\\\/pt-pt\\\/cumpanis-2\\\/#primaryimage\"},\"thumbnailUrl\":\"https:\\\/\\\/encompaniastj.org\\\/wp-content\\\/uploads\\\/2025\\\/05\\\/companeros-de-camino.jpg\",\"datePublished\":\"2023-03-22T06:01:35+00:00\",\"dateModified\":\"2025-07-07T14:24:17+00:00\",\"breadcrumb\":{\"@id\":\"https:\\\/\\\/encompaniastj.org\\\/pt-pt\\\/cumpanis-2\\\/#breadcrumb\"},\"inLanguage\":\"pt-PT\",\"potentialAction\":[{\"@type\":\"ReadAction\",\"target\":[\"https:\\\/\\\/encompaniastj.org\\\/pt-pt\\\/cumpanis-2\\\/\"]}]},{\"@type\":\"ImageObject\",\"inLanguage\":\"pt-PT\",\"@id\":\"https:\\\/\\\/encompaniastj.org\\\/pt-pt\\\/cumpanis-2\\\/#primaryimage\",\"url\":\"https:\\\/\\\/encompaniastj.org\\\/wp-content\\\/uploads\\\/2025\\\/05\\\/companeros-de-camino.jpg\",\"contentUrl\":\"https:\\\/\\\/encompaniastj.org\\\/wp-content\\\/uploads\\\/2025\\\/05\\\/companeros-de-camino.jpg\",\"width\":358,\"height\":407},{\"@type\":\"BreadcrumbList\",\"@id\":\"https:\\\/\\\/encompaniastj.org\\\/pt-pt\\\/cumpanis-2\\\/#breadcrumb\",\"itemListElement\":[{\"@type\":\"ListItem\",\"position\":1,\"name\":\"Portada\",\"item\":\"https:\\\/\\\/encompaniastj.org\\\/pt-pt\\\/\"},{\"@type\":\"ListItem\",\"position\":2,\"name\":\"CUMPANIS\"}]},{\"@type\":\"WebSite\",\"@id\":\"https:\\\/\\\/encompaniastj.org\\\/pt-pt\\\/#website\",\"url\":\"https:\\\/\\\/encompaniastj.org\\\/pt-pt\\\/\",\"name\":\"En Compa\u00f1\u00eda STJ\",\"description\":\"Bolet\u00edn de la Compa\u00f1\u00eda de Santa Teresa de Jes\u00fas\",\"publisher\":{\"@id\":\"https:\\\/\\\/encompaniastj.org\\\/pt-pt\\\/#organization\"},\"potentialAction\":[{\"@type\":\"SearchAction\",\"target\":{\"@type\":\"EntryPoint\",\"urlTemplate\":\"https:\\\/\\\/encompaniastj.org\\\/pt-pt\\\/?s={search_term_string}\"},\"query-input\":{\"@type\":\"PropertyValueSpecification\",\"valueRequired\":true,\"valueName\":\"search_term_string\"}}],\"inLanguage\":\"pt-PT\"},{\"@type\":\"Organization\",\"@id\":\"https:\\\/\\\/encompaniastj.org\\\/pt-pt\\\/#organization\",\"name\":\"Compa\u00f1\u00eda de Santa Teresa de Jes\u00fas\",\"url\":\"https:\\\/\\\/encompaniastj.org\\\/pt-pt\\\/\",\"logo\":{\"@type\":\"ImageObject\",\"inLanguage\":\"pt-PT\",\"@id\":\"https:\\\/\\\/encompaniastj.org\\\/pt-pt\\\/#\\\/schema\\\/logo\\\/image\\\/\",\"url\":\"https:\\\/\\\/encompaniastj.org\\\/wp-content\\\/uploads\\\/2025\\\/04\\\/logo_provincias02-1-3.png\",\"contentUrl\":\"https:\\\/\\\/encompaniastj.org\\\/wp-content\\\/uploads\\\/2025\\\/04\\\/logo_provincias02-1-3.png\",\"width\":2368,\"height\":825,\"caption\":\"Compa\u00f1\u00eda de Santa Teresa de Jes\u00fas\"},\"image\":{\"@id\":\"https:\\\/\\\/encompaniastj.org\\\/pt-pt\\\/#\\\/schema\\\/logo\\\/image\\\/\"}},{\"@type\":\"Person\",\"@id\":\"https:\\\/\\\/encompaniastj.org\\\/pt-pt\\\/#\\\/schema\\\/person\\\/520e7ecc314793d40091993c2a02b651\",\"name\":\"admin\",\"image\":{\"@type\":\"ImageObject\",\"inLanguage\":\"pt-PT\",\"@id\":\"https:\\\/\\\/secure.gravatar.com\\\/avatar\\\/948b492cce32b586ac2db0eaa926ee87024f7afe218d73b397ea5ddfc5f43ea1?s=96&d=mm&r=g\",\"url\":\"https:\\\/\\\/secure.gravatar.com\\\/avatar\\\/948b492cce32b586ac2db0eaa926ee87024f7afe218d73b397ea5ddfc5f43ea1?s=96&d=mm&r=g\",\"contentUrl\":\"https:\\\/\\\/secure.gravatar.com\\\/avatar\\\/948b492cce32b586ac2db0eaa926ee87024f7afe218d73b397ea5ddfc5f43ea1?s=96&d=mm&r=g\",\"caption\":\"admin\"},\"sameAs\":[\"https:\\\/\\\/encompaniastj.org\"],\"url\":\"https:\\\/\\\/encompaniastj.org\\\/pt-pt\\\/author\\\/sjdigital\\\/\"}]}<\/script>\n<!-- \/ Yoast SEO plugin. -->","yoast_head_json":{"title":"CUMPANIS - En Compa\u00f1\u00eda STJ","robots":{"index":"index","follow":"follow","max-snippet":"max-snippet:-1","max-image-preview":"max-image-preview:large","max-video-preview":"max-video-preview:-1"},"canonical":"https:\/\/encompaniastj.org\/pt-pt\/cumpanis-2\/","og_locale":"pt_PT","og_type":"article","og_title":"CUMPANIS - En Compa\u00f1\u00eda STJ","og_description":"Todos os dias os nossos passos avan\u00e7am por caminhos diferentes e com companheiras e companheiros diferentes. E todos os dias partilhamos a vida e o p\u00e3o, dentro e fora de [&hellip;]","og_url":"https:\/\/encompaniastj.org\/pt-pt\/cumpanis-2\/","og_site_name":"En Compa\u00f1\u00eda STJ","article_published_time":"2023-03-22T06:01:35+00:00","article_modified_time":"2025-07-07T14:24:17+00:00","og_image":[{"width":358,"height":407,"url":"https:\/\/encompaniastj.org\/wp-content\/uploads\/2025\/05\/companeros-de-camino.jpg","type":"image\/jpeg"}],"author":"admin","twitter_card":"summary_large_image","twitter_misc":{"Escrito por":"admin","Tempo estimado de leitura":"3 minutos"},"schema":{"@context":"https:\/\/schema.org","@graph":[{"@type":"Article","@id":"https:\/\/encompaniastj.org\/pt-pt\/cumpanis-2\/#article","isPartOf":{"@id":"https:\/\/encompaniastj.org\/pt-pt\/cumpanis-2\/"},"author":{"name":"admin","@id":"https:\/\/encompaniastj.org\/pt-pt\/#\/schema\/person\/520e7ecc314793d40091993c2a02b651"},"headline":"CUMPANIS","datePublished":"2023-03-22T06:01:35+00:00","dateModified":"2025-07-07T14:24:17+00:00","mainEntityOfPage":{"@id":"https:\/\/encompaniastj.org\/pt-pt\/cumpanis-2\/"},"wordCount":493,"commentCount":0,"publisher":{"@id":"https:\/\/encompaniastj.org\/pt-pt\/#organization"},"image":{"@id":"https:\/\/encompaniastj.org\/pt-pt\/cumpanis-2\/#primaryimage"},"thumbnailUrl":"https:\/\/encompaniastj.org\/wp-content\/uploads\/2025\/05\/companeros-de-camino.jpg","articleSection":["Palabras"],"inLanguage":"pt-PT","potentialAction":[{"@type":"CommentAction","name":"Comment","target":["https:\/\/encompaniastj.org\/pt-pt\/cumpanis-2\/#respond"]}]},{"@type":"WebPage","@id":"https:\/\/encompaniastj.org\/pt-pt\/cumpanis-2\/","url":"https:\/\/encompaniastj.org\/pt-pt\/cumpanis-2\/","name":"CUMPANIS - En Compa\u00f1\u00eda STJ","isPartOf":{"@id":"https:\/\/encompaniastj.org\/pt-pt\/#website"},"primaryImageOfPage":{"@id":"https:\/\/encompaniastj.org\/pt-pt\/cumpanis-2\/#primaryimage"},"image":{"@id":"https:\/\/encompaniastj.org\/pt-pt\/cumpanis-2\/#primaryimage"},"thumbnailUrl":"https:\/\/encompaniastj.org\/wp-content\/uploads\/2025\/05\/companeros-de-camino.jpg","datePublished":"2023-03-22T06:01:35+00:00","dateModified":"2025-07-07T14:24:17+00:00","breadcrumb":{"@id":"https:\/\/encompaniastj.org\/pt-pt\/cumpanis-2\/#breadcrumb"},"inLanguage":"pt-PT","potentialAction":[{"@type":"ReadAction","target":["https:\/\/encompaniastj.org\/pt-pt\/cumpanis-2\/"]}]},{"@type":"ImageObject","inLanguage":"pt-PT","@id":"https:\/\/encompaniastj.org\/pt-pt\/cumpanis-2\/#primaryimage","url":"https:\/\/encompaniastj.org\/wp-content\/uploads\/2025\/05\/companeros-de-camino.jpg","contentUrl":"https:\/\/encompaniastj.org\/wp-content\/uploads\/2025\/05\/companeros-de-camino.jpg","width":358,"height":407},{"@type":"BreadcrumbList","@id":"https:\/\/encompaniastj.org\/pt-pt\/cumpanis-2\/#breadcrumb","itemListElement":[{"@type":"ListItem","position":1,"name":"Portada","item":"https:\/\/encompaniastj.org\/pt-pt\/"},{"@type":"ListItem","position":2,"name":"CUMPANIS"}]},{"@type":"WebSite","@id":"https:\/\/encompaniastj.org\/pt-pt\/#website","url":"https:\/\/encompaniastj.org\/pt-pt\/","name":"En Compa\u00f1\u00eda STJ","description":"Bolet\u00edn de la Compa\u00f1\u00eda de Santa Teresa de Jes\u00fas","publisher":{"@id":"https:\/\/encompaniastj.org\/pt-pt\/#organization"},"potentialAction":[{"@type":"SearchAction","target":{"@type":"EntryPoint","urlTemplate":"https:\/\/encompaniastj.org\/pt-pt\/?s={search_term_string}"},"query-input":{"@type":"PropertyValueSpecification","valueRequired":true,"valueName":"search_term_string"}}],"inLanguage":"pt-PT"},{"@type":"Organization","@id":"https:\/\/encompaniastj.org\/pt-pt\/#organization","name":"Compa\u00f1\u00eda de Santa Teresa de Jes\u00fas","url":"https:\/\/encompaniastj.org\/pt-pt\/","logo":{"@type":"ImageObject","inLanguage":"pt-PT","@id":"https:\/\/encompaniastj.org\/pt-pt\/#\/schema\/logo\/image\/","url":"https:\/\/encompaniastj.org\/wp-content\/uploads\/2025\/04\/logo_provincias02-1-3.png","contentUrl":"https:\/\/encompaniastj.org\/wp-content\/uploads\/2025\/04\/logo_provincias02-1-3.png","width":2368,"height":825,"caption":"Compa\u00f1\u00eda de Santa Teresa de Jes\u00fas"},"image":{"@id":"https:\/\/encompaniastj.org\/pt-pt\/#\/schema\/logo\/image\/"}},{"@type":"Person","@id":"https:\/\/encompaniastj.org\/pt-pt\/#\/schema\/person\/520e7ecc314793d40091993c2a02b651","name":"admin","image":{"@type":"ImageObject","inLanguage":"pt-PT","@id":"https:\/\/secure.gravatar.com\/avatar\/948b492cce32b586ac2db0eaa926ee87024f7afe218d73b397ea5ddfc5f43ea1?s=96&d=mm&r=g","url":"https:\/\/secure.gravatar.com\/avatar\/948b492cce32b586ac2db0eaa926ee87024f7afe218d73b397ea5ddfc5f43ea1?s=96&d=mm&r=g","contentUrl":"https:\/\/secure.gravatar.com\/avatar\/948b492cce32b586ac2db0eaa926ee87024f7afe218d73b397ea5ddfc5f43ea1?s=96&d=mm&r=g","caption":"admin"},"sameAs":["https:\/\/encompaniastj.org"],"url":"https:\/\/encompaniastj.org\/pt-pt\/author\/sjdigital\/"}]}},"_links":{"self":[{"href":"https:\/\/encompaniastj.org\/pt-pt\/wp-json\/wp\/v2\/posts\/11526","targetHints":{"allow":["GET"]}}],"collection":[{"href":"https:\/\/encompaniastj.org\/pt-pt\/wp-json\/wp\/v2\/posts"}],"about":[{"href":"https:\/\/encompaniastj.org\/pt-pt\/wp-json\/wp\/v2\/types\/post"}],"author":[{"embeddable":true,"href":"https:\/\/encompaniastj.org\/pt-pt\/wp-json\/wp\/v2\/users\/1"}],"replies":[{"embeddable":true,"href":"https:\/\/encompaniastj.org\/pt-pt\/wp-json\/wp\/v2\/comments?post=11526"}],"version-history":[{"count":1,"href":"https:\/\/encompaniastj.org\/pt-pt\/wp-json\/wp\/v2\/posts\/11526\/revisions"}],"predecessor-version":[{"id":11527,"href":"https:\/\/encompaniastj.org\/pt-pt\/wp-json\/wp\/v2\/posts\/11526\/revisions\/11527"}],"wp:featuredmedia":[{"embeddable":true,"href":"https:\/\/encompaniastj.org\/pt-pt\/wp-json\/wp\/v2\/media\/8304"}],"wp:attachment":[{"href":"https:\/\/encompaniastj.org\/pt-pt\/wp-json\/wp\/v2\/media?parent=11526"}],"wp:term":[{"taxonomy":"category","embeddable":true,"href":"https:\/\/encompaniastj.org\/pt-pt\/wp-json\/wp\/v2\/categories?post=11526"},{"taxonomy":"post_tag","embeddable":true,"href":"https:\/\/encompaniastj.org\/pt-pt\/wp-json\/wp\/v2\/tags?post=11526"}],"curies":[{"name":"wp","href":"https:\/\/api.w.org\/{rel}","templated":true}]}}