{"id":11518,"date":"2023-03-17T09:35:05","date_gmt":"2023-03-17T08:35:05","guid":{"rendered":"https:\/\/encompaniastj.org\/11061\/"},"modified":"2025-07-07T16:24:17","modified_gmt":"2025-07-07T14:24:17","slug":"11061","status":"publish","type":"post","link":"https:\/\/encompaniastj.org\/pt-pt\/11061\/","title":{"rendered":"Cr\u00f3nica Assembleia MTA"},"content":{"rendered":"<p><strong>RELA\u00c7\u00c3O<\/strong> muita gente convocada e reunida de novo<\/p>\n<p><strong>SENTIDO <\/strong>da vida e do nosso estilo teresiano<\/p>\n<p><strong>COMPROMISSO<\/strong> no pr\u00f3prio ambiente, com os vulner\u00e1veis e com o servi\u00e7o ao pr\u00f3prio movimento<\/p>\n<p>&nbsp;<\/p>\n<p>Come\u00e7o este artigo com as palavras que guiaram e foram o lema da XI Assembleia Nacional do MTA Espanha.<\/p>\n<p>Foi um encontro muito esperado porque devido \u00e0 pandemia, no ano correspondente n\u00e3o pudemos realizar a Assembleia. Foi emocionante o momento em que, na manh\u00e3 de domingo, nos conect\u00e1mos com o MTA de Portugal, reunidos tamb\u00e9m em Assembleia. Foi um contraste, ver um MTA\u00a0 com muitos jovens frente a um MTA em que visto de maneira geral \u201cos jovens\u201d s\u00e3o pessoas com \u201clonga hist\u00f3ria\u201d, com anos de MTA e muita vida.<\/p>\n<p>Mais de 50 pessoas de Huelva, Sevilha, Salamanca, Valladolid, Vigo, Madrid, Pamplona, \u200b\u200bSarago\u00e7a, Barcelona, \u200b\u200bTortosa, Las Palmas, Torrent (Val\u00eancia). Presen\u00e7a teresiana de membros das comunidades MTA, de pessoas que s\u00e3o e sentem MTA, de FET, de PJVT. Foi um encontro de muita gratid\u00e3o pelo trabalho, pela vida de todos estes anos desde que foi eleita a equipa nacional na Assembleia do ano de 2019 e que agora terminava.<\/p>\n<p>Ap\u00f3s as boas-vindas, tivemos algumas din\u00e2micas de apresenta\u00e7\u00e3o para \u201cquebrar o gelo\u201d. Fizemos a atividade de contempla\u00e7\u00e3o da realidade a partir do nosso ser crente e contempla\u00e7\u00e3o \u00e0 luz do carisma. Momentos para parar e ler, que nos ajudaram muito. Depois, uma pausa cheia de &#8220;doces t\u00edpicos&#8221; dos lugares de onde t\u00ednhamos vindo. Ado\u00e7\u00e1mo-nos por dentro (reuni\u00e3o) e por fora degustando uma boa variedade de doces.<\/p>\n<p>\u00c0 tarde respondemos como leigos teresianos do MTA \u00e0 nossa realidade em tr\u00eas grupos sobre as imagens e palavras contempladas pela manh\u00e3 a partir das palavras do nosso lema rela\u00e7\u00e3o-sentido-compromisso.<\/p>\n<p>Fomos \u00e0 Santa Eucaristia e aproveit\u00e1mos para passear pela cidade de \u00c1vila.<\/p>\n<p>No domingo apresent\u00e1mos os objetivos, agradecendo aos secret\u00e1rios por terem ficado acordados at\u00e9 tarde para os organizar. Demos o relat\u00f3rio de tesouraria e o relat\u00f3rio de atividades. Agradecemos a reflex\u00e3o que o V\u00edctor nos fez perante a falta de candidatos para a nova equipa. Parece que ningu\u00e9m se \u201cv\u00ea capaz\u201d ou que n\u00e3o entendemos o que \u00e9 prestar este servi\u00e7o ao movimento como um compromisso igual a um voluntariado.<\/p>\n<p>Lig\u00e1mo-nos aos do MTA de Portugal, fizemos a elei\u00e7\u00e3o da nova equipa e agradecemos a sua dedica\u00e7\u00e3o e disponibilidade; e \u00e0 equipa que terminava, por ter sido uma comunidade<\/p>\n<p>Encerr\u00e1mos a assembleia com o ato do envio, onde plant\u00e1mos a semente para continuar dando vida.<\/p>\n<p>Partimos com o cora\u00e7\u00e3o agradecido e comprometido em continuar vivendo como MTA e dando o nosso melhor. Temos o sonho, o desejo e o compromisso de \u201cincluir\u201d, de voltar a ter um MTA com jovens e continuar convidando outras pessoas para as nossas comunidades. (Merche Ma\u00f1eru, Delegada Nacional MTA)<img loading=\"lazy\" decoding=\"async\" class=\"size-medium wp-image-11053 aligncenter\" src=\"https:\/\/encompaniastj.org\/wp-content\/uploads\/2025\/05\/f3-2-1.jpg\" alt=\"\" width=\"225\" height=\"300\" \/><\/p>\n<p>&nbsp;<\/p>\n<p><img loading=\"lazy\" decoding=\"async\" class=\"wp-image-11055 size-medium aligncenter\" src=\"https:\/\/encompaniastj.org\/wp-content\/uploads\/2025\/05\/f5-2-scaled.jpg\" alt=\"\" width=\"300\" height=\"225\" \/><\/p>\n<p><img loading=\"lazy\" decoding=\"async\" class=\"size-medium wp-image-11051 aligncenter\" src=\"https:\/\/encompaniastj.org\/wp-content\/uploads\/2025\/05\/f2-3.jpg\" alt=\"\" width=\"300\" height=\"226\" \/><\/p>\n<p><img loading=\"lazy\" decoding=\"async\" class=\"size-medium wp-image-11049 aligncenter\" src=\"https:\/\/encompaniastj.org\/wp-content\/uploads\/2025\/05\/f1-4-1.jpg\" alt=\"\" width=\"300\" height=\"278\" \/><\/p>\n","protected":false},"excerpt":{"rendered":"<p>RELA\u00c7\u00c3O muita gente convocada e reunida de novo SENTIDO da vida e do nosso estilo teresiano COMPROMISSO no pr\u00f3prio ambiente, com os vulner\u00e1veis e com o servi\u00e7o ao pr\u00f3prio movimento [&hellip;]<\/p>\n","protected":false},"author":1,"featured_media":8301,"comment_status":"open","ping_status":"open","sticky":false,"template":"","format":"standard","meta":{"_acf_changed":false,"footnotes":""},"categories":[79,81],"tags":[],"class_list":["post-11518","post","type-post","status-publish","format-standard","has-post-thumbnail","hentry","category-stj","category-stj-pt"],"acf":[],"yoast_head":"<!-- This site is optimized with the Yoast SEO plugin v27.5 - https:\/\/yoast.com\/product\/yoast-seo-wordpress\/ -->\n<title>Cr\u00f3nica Assembleia MTA - En Compa\u00f1\u00eda STJ<\/title>\n<meta name=\"robots\" content=\"index, follow, max-snippet:-1, max-image-preview:large, max-video-preview:-1\" \/>\n<link rel=\"canonical\" href=\"https:\/\/encompaniastj.org\/pt-pt\/11061\/\" \/>\n<meta property=\"og:locale\" content=\"pt_PT\" \/>\n<meta property=\"og:type\" content=\"article\" \/>\n<meta property=\"og:title\" content=\"Cr\u00f3nica Assembleia MTA - En Compa\u00f1\u00eda STJ\" \/>\n<meta property=\"og:description\" content=\"RELA\u00c7\u00c3O muita gente convocada e reunida de novo SENTIDO da vida e do nosso estilo teresiano COMPROMISSO no pr\u00f3prio ambiente, com os vulner\u00e1veis e com o servi\u00e7o ao pr\u00f3prio movimento [&hellip;]\" \/>\n<meta property=\"og:url\" content=\"https:\/\/encompaniastj.org\/pt-pt\/11061\/\" \/>\n<meta property=\"og:site_name\" content=\"En Compa\u00f1\u00eda STJ\" \/>\n<meta property=\"article:published_time\" content=\"2023-03-17T08:35:05+00:00\" \/>\n<meta property=\"article:modified_time\" content=\"2025-07-07T14:24:17+00:00\" \/>\n<meta property=\"og:image\" content=\"https:\/\/encompaniastj.org\/wp-content\/uploads\/2025\/05\/f6-scaled-1.jpg\" \/>\n\t<meta property=\"og:image:width\" content=\"2560\" \/>\n\t<meta property=\"og:image:height\" content=\"1920\" \/>\n\t<meta property=\"og:image:type\" content=\"image\/jpeg\" \/>\n<meta name=\"author\" content=\"admin\" \/>\n<meta name=\"twitter:card\" content=\"summary_large_image\" \/>\n<meta name=\"twitter:label1\" content=\"Escrito por\" \/>\n\t<meta name=\"twitter:data1\" content=\"admin\" \/>\n\t<meta name=\"twitter:label2\" content=\"Tempo estimado de leitura\" \/>\n\t<meta name=\"twitter:data2\" content=\"3 minutos\" \/>\n<script type=\"application\/ld+json\" class=\"yoast-schema-graph\">{\"@context\":\"https:\\\/\\\/schema.org\",\"@graph\":[{\"@type\":\"Article\",\"@id\":\"https:\\\/\\\/encompaniastj.org\\\/pt-pt\\\/11061\\\/#article\",\"isPartOf\":{\"@id\":\"https:\\\/\\\/encompaniastj.org\\\/pt-pt\\\/11061\\\/\"},\"author\":{\"name\":\"admin\",\"@id\":\"https:\\\/\\\/encompaniastj.org\\\/pt-pt\\\/#\\\/schema\\\/person\\\/520e7ecc314793d40091993c2a02b651\"},\"headline\":\"Cr\u00f3nica Assembleia MTA\",\"datePublished\":\"2023-03-17T08:35:05+00:00\",\"dateModified\":\"2025-07-07T14:24:17+00:00\",\"mainEntityOfPage\":{\"@id\":\"https:\\\/\\\/encompaniastj.org\\\/pt-pt\\\/11061\\\/\"},\"wordCount\":500,\"commentCount\":0,\"publisher\":{\"@id\":\"https:\\\/\\\/encompaniastj.org\\\/pt-pt\\\/#organization\"},\"image\":{\"@id\":\"https:\\\/\\\/encompaniastj.org\\\/pt-pt\\\/11061\\\/#primaryimage\"},\"thumbnailUrl\":\"https:\\\/\\\/encompaniastj.org\\\/wp-content\\\/uploads\\\/2025\\\/05\\\/f6-scaled-1.jpg\",\"articleSection\":[\"STJ\",\"STJ pt\"],\"inLanguage\":\"pt-PT\",\"potentialAction\":[{\"@type\":\"CommentAction\",\"name\":\"Comment\",\"target\":[\"https:\\\/\\\/encompaniastj.org\\\/pt-pt\\\/11061\\\/#respond\"]}]},{\"@type\":\"WebPage\",\"@id\":\"https:\\\/\\\/encompaniastj.org\\\/pt-pt\\\/11061\\\/\",\"url\":\"https:\\\/\\\/encompaniastj.org\\\/pt-pt\\\/11061\\\/\",\"name\":\"Cr\u00f3nica Assembleia MTA - En Compa\u00f1\u00eda STJ\",\"isPartOf\":{\"@id\":\"https:\\\/\\\/encompaniastj.org\\\/pt-pt\\\/#website\"},\"primaryImageOfPage\":{\"@id\":\"https:\\\/\\\/encompaniastj.org\\\/pt-pt\\\/11061\\\/#primaryimage\"},\"image\":{\"@id\":\"https:\\\/\\\/encompaniastj.org\\\/pt-pt\\\/11061\\\/#primaryimage\"},\"thumbnailUrl\":\"https:\\\/\\\/encompaniastj.org\\\/wp-content\\\/uploads\\\/2025\\\/05\\\/f6-scaled-1.jpg\",\"datePublished\":\"2023-03-17T08:35:05+00:00\",\"dateModified\":\"2025-07-07T14:24:17+00:00\",\"breadcrumb\":{\"@id\":\"https:\\\/\\\/encompaniastj.org\\\/pt-pt\\\/11061\\\/#breadcrumb\"},\"inLanguage\":\"pt-PT\",\"potentialAction\":[{\"@type\":\"ReadAction\",\"target\":[\"https:\\\/\\\/encompaniastj.org\\\/pt-pt\\\/11061\\\/\"]}]},{\"@type\":\"ImageObject\",\"inLanguage\":\"pt-PT\",\"@id\":\"https:\\\/\\\/encompaniastj.org\\\/pt-pt\\\/11061\\\/#primaryimage\",\"url\":\"https:\\\/\\\/encompaniastj.org\\\/wp-content\\\/uploads\\\/2025\\\/05\\\/f6-scaled-1.jpg\",\"contentUrl\":\"https:\\\/\\\/encompaniastj.org\\\/wp-content\\\/uploads\\\/2025\\\/05\\\/f6-scaled-1.jpg\",\"width\":2560,\"height\":1920},{\"@type\":\"BreadcrumbList\",\"@id\":\"https:\\\/\\\/encompaniastj.org\\\/pt-pt\\\/11061\\\/#breadcrumb\",\"itemListElement\":[{\"@type\":\"ListItem\",\"position\":1,\"name\":\"Portada\",\"item\":\"https:\\\/\\\/encompaniastj.org\\\/pt-pt\\\/\"},{\"@type\":\"ListItem\",\"position\":2,\"name\":\"Cr\u00f3nica Assembleia MTA\"}]},{\"@type\":\"WebSite\",\"@id\":\"https:\\\/\\\/encompaniastj.org\\\/pt-pt\\\/#website\",\"url\":\"https:\\\/\\\/encompaniastj.org\\\/pt-pt\\\/\",\"name\":\"En Compa\u00f1\u00eda STJ\",\"description\":\"Bolet\u00edn de la Compa\u00f1\u00eda de Santa Teresa de Jes\u00fas\",\"publisher\":{\"@id\":\"https:\\\/\\\/encompaniastj.org\\\/pt-pt\\\/#organization\"},\"potentialAction\":[{\"@type\":\"SearchAction\",\"target\":{\"@type\":\"EntryPoint\",\"urlTemplate\":\"https:\\\/\\\/encompaniastj.org\\\/pt-pt\\\/?s={search_term_string}\"},\"query-input\":{\"@type\":\"PropertyValueSpecification\",\"valueRequired\":true,\"valueName\":\"search_term_string\"}}],\"inLanguage\":\"pt-PT\"},{\"@type\":\"Organization\",\"@id\":\"https:\\\/\\\/encompaniastj.org\\\/pt-pt\\\/#organization\",\"name\":\"Compa\u00f1\u00eda de Santa Teresa de Jes\u00fas\",\"url\":\"https:\\\/\\\/encompaniastj.org\\\/pt-pt\\\/\",\"logo\":{\"@type\":\"ImageObject\",\"inLanguage\":\"pt-PT\",\"@id\":\"https:\\\/\\\/encompaniastj.org\\\/pt-pt\\\/#\\\/schema\\\/logo\\\/image\\\/\",\"url\":\"https:\\\/\\\/encompaniastj.org\\\/wp-content\\\/uploads\\\/2025\\\/04\\\/logo_provincias02-1-3.png\",\"contentUrl\":\"https:\\\/\\\/encompaniastj.org\\\/wp-content\\\/uploads\\\/2025\\\/04\\\/logo_provincias02-1-3.png\",\"width\":2368,\"height\":825,\"caption\":\"Compa\u00f1\u00eda de Santa Teresa de Jes\u00fas\"},\"image\":{\"@id\":\"https:\\\/\\\/encompaniastj.org\\\/pt-pt\\\/#\\\/schema\\\/logo\\\/image\\\/\"}},{\"@type\":\"Person\",\"@id\":\"https:\\\/\\\/encompaniastj.org\\\/pt-pt\\\/#\\\/schema\\\/person\\\/520e7ecc314793d40091993c2a02b651\",\"name\":\"admin\",\"image\":{\"@type\":\"ImageObject\",\"inLanguage\":\"pt-PT\",\"@id\":\"https:\\\/\\\/secure.gravatar.com\\\/avatar\\\/948b492cce32b586ac2db0eaa926ee87024f7afe218d73b397ea5ddfc5f43ea1?s=96&d=mm&r=g\",\"url\":\"https:\\\/\\\/secure.gravatar.com\\\/avatar\\\/948b492cce32b586ac2db0eaa926ee87024f7afe218d73b397ea5ddfc5f43ea1?s=96&d=mm&r=g\",\"contentUrl\":\"https:\\\/\\\/secure.gravatar.com\\\/avatar\\\/948b492cce32b586ac2db0eaa926ee87024f7afe218d73b397ea5ddfc5f43ea1?s=96&d=mm&r=g\",\"caption\":\"admin\"},\"sameAs\":[\"https:\\\/\\\/encompaniastj.org\"],\"url\":\"https:\\\/\\\/encompaniastj.org\\\/pt-pt\\\/author\\\/sjdigital\\\/\"}]}<\/script>\n<!-- \/ Yoast SEO plugin. -->","yoast_head_json":{"title":"Cr\u00f3nica Assembleia MTA - En Compa\u00f1\u00eda STJ","robots":{"index":"index","follow":"follow","max-snippet":"max-snippet:-1","max-image-preview":"max-image-preview:large","max-video-preview":"max-video-preview:-1"},"canonical":"https:\/\/encompaniastj.org\/pt-pt\/11061\/","og_locale":"pt_PT","og_type":"article","og_title":"Cr\u00f3nica Assembleia MTA - En Compa\u00f1\u00eda STJ","og_description":"RELA\u00c7\u00c3O muita gente convocada e reunida de novo SENTIDO da vida e do nosso estilo teresiano COMPROMISSO no pr\u00f3prio ambiente, com os vulner\u00e1veis e com o servi\u00e7o ao pr\u00f3prio movimento [&hellip;]","og_url":"https:\/\/encompaniastj.org\/pt-pt\/11061\/","og_site_name":"En Compa\u00f1\u00eda STJ","article_published_time":"2023-03-17T08:35:05+00:00","article_modified_time":"2025-07-07T14:24:17+00:00","og_image":[{"width":2560,"height":1920,"url":"https:\/\/encompaniastj.org\/wp-content\/uploads\/2025\/05\/f6-scaled-1.jpg","type":"image\/jpeg"}],"author":"admin","twitter_card":"summary_large_image","twitter_misc":{"Escrito por":"admin","Tempo estimado de leitura":"3 minutos"},"schema":{"@context":"https:\/\/schema.org","@graph":[{"@type":"Article","@id":"https:\/\/encompaniastj.org\/pt-pt\/11061\/#article","isPartOf":{"@id":"https:\/\/encompaniastj.org\/pt-pt\/11061\/"},"author":{"name":"admin","@id":"https:\/\/encompaniastj.org\/pt-pt\/#\/schema\/person\/520e7ecc314793d40091993c2a02b651"},"headline":"Cr\u00f3nica Assembleia MTA","datePublished":"2023-03-17T08:35:05+00:00","dateModified":"2025-07-07T14:24:17+00:00","mainEntityOfPage":{"@id":"https:\/\/encompaniastj.org\/pt-pt\/11061\/"},"wordCount":500,"commentCount":0,"publisher":{"@id":"https:\/\/encompaniastj.org\/pt-pt\/#organization"},"image":{"@id":"https:\/\/encompaniastj.org\/pt-pt\/11061\/#primaryimage"},"thumbnailUrl":"https:\/\/encompaniastj.org\/wp-content\/uploads\/2025\/05\/f6-scaled-1.jpg","articleSection":["STJ","STJ pt"],"inLanguage":"pt-PT","potentialAction":[{"@type":"CommentAction","name":"Comment","target":["https:\/\/encompaniastj.org\/pt-pt\/11061\/#respond"]}]},{"@type":"WebPage","@id":"https:\/\/encompaniastj.org\/pt-pt\/11061\/","url":"https:\/\/encompaniastj.org\/pt-pt\/11061\/","name":"Cr\u00f3nica Assembleia MTA - En Compa\u00f1\u00eda STJ","isPartOf":{"@id":"https:\/\/encompaniastj.org\/pt-pt\/#website"},"primaryImageOfPage":{"@id":"https:\/\/encompaniastj.org\/pt-pt\/11061\/#primaryimage"},"image":{"@id":"https:\/\/encompaniastj.org\/pt-pt\/11061\/#primaryimage"},"thumbnailUrl":"https:\/\/encompaniastj.org\/wp-content\/uploads\/2025\/05\/f6-scaled-1.jpg","datePublished":"2023-03-17T08:35:05+00:00","dateModified":"2025-07-07T14:24:17+00:00","breadcrumb":{"@id":"https:\/\/encompaniastj.org\/pt-pt\/11061\/#breadcrumb"},"inLanguage":"pt-PT","potentialAction":[{"@type":"ReadAction","target":["https:\/\/encompaniastj.org\/pt-pt\/11061\/"]}]},{"@type":"ImageObject","inLanguage":"pt-PT","@id":"https:\/\/encompaniastj.org\/pt-pt\/11061\/#primaryimage","url":"https:\/\/encompaniastj.org\/wp-content\/uploads\/2025\/05\/f6-scaled-1.jpg","contentUrl":"https:\/\/encompaniastj.org\/wp-content\/uploads\/2025\/05\/f6-scaled-1.jpg","width":2560,"height":1920},{"@type":"BreadcrumbList","@id":"https:\/\/encompaniastj.org\/pt-pt\/11061\/#breadcrumb","itemListElement":[{"@type":"ListItem","position":1,"name":"Portada","item":"https:\/\/encompaniastj.org\/pt-pt\/"},{"@type":"ListItem","position":2,"name":"Cr\u00f3nica Assembleia MTA"}]},{"@type":"WebSite","@id":"https:\/\/encompaniastj.org\/pt-pt\/#website","url":"https:\/\/encompaniastj.org\/pt-pt\/","name":"En Compa\u00f1\u00eda STJ","description":"Bolet\u00edn de la Compa\u00f1\u00eda de Santa Teresa de Jes\u00fas","publisher":{"@id":"https:\/\/encompaniastj.org\/pt-pt\/#organization"},"potentialAction":[{"@type":"SearchAction","target":{"@type":"EntryPoint","urlTemplate":"https:\/\/encompaniastj.org\/pt-pt\/?s={search_term_string}"},"query-input":{"@type":"PropertyValueSpecification","valueRequired":true,"valueName":"search_term_string"}}],"inLanguage":"pt-PT"},{"@type":"Organization","@id":"https:\/\/encompaniastj.org\/pt-pt\/#organization","name":"Compa\u00f1\u00eda de Santa Teresa de Jes\u00fas","url":"https:\/\/encompaniastj.org\/pt-pt\/","logo":{"@type":"ImageObject","inLanguage":"pt-PT","@id":"https:\/\/encompaniastj.org\/pt-pt\/#\/schema\/logo\/image\/","url":"https:\/\/encompaniastj.org\/wp-content\/uploads\/2025\/04\/logo_provincias02-1-3.png","contentUrl":"https:\/\/encompaniastj.org\/wp-content\/uploads\/2025\/04\/logo_provincias02-1-3.png","width":2368,"height":825,"caption":"Compa\u00f1\u00eda de Santa Teresa de Jes\u00fas"},"image":{"@id":"https:\/\/encompaniastj.org\/pt-pt\/#\/schema\/logo\/image\/"}},{"@type":"Person","@id":"https:\/\/encompaniastj.org\/pt-pt\/#\/schema\/person\/520e7ecc314793d40091993c2a02b651","name":"admin","image":{"@type":"ImageObject","inLanguage":"pt-PT","@id":"https:\/\/secure.gravatar.com\/avatar\/948b492cce32b586ac2db0eaa926ee87024f7afe218d73b397ea5ddfc5f43ea1?s=96&d=mm&r=g","url":"https:\/\/secure.gravatar.com\/avatar\/948b492cce32b586ac2db0eaa926ee87024f7afe218d73b397ea5ddfc5f43ea1?s=96&d=mm&r=g","contentUrl":"https:\/\/secure.gravatar.com\/avatar\/948b492cce32b586ac2db0eaa926ee87024f7afe218d73b397ea5ddfc5f43ea1?s=96&d=mm&r=g","caption":"admin"},"sameAs":["https:\/\/encompaniastj.org"],"url":"https:\/\/encompaniastj.org\/pt-pt\/author\/sjdigital\/"}]}},"_links":{"self":[{"href":"https:\/\/encompaniastj.org\/pt-pt\/wp-json\/wp\/v2\/posts\/11518","targetHints":{"allow":["GET"]}}],"collection":[{"href":"https:\/\/encompaniastj.org\/pt-pt\/wp-json\/wp\/v2\/posts"}],"about":[{"href":"https:\/\/encompaniastj.org\/pt-pt\/wp-json\/wp\/v2\/types\/post"}],"author":[{"embeddable":true,"href":"https:\/\/encompaniastj.org\/pt-pt\/wp-json\/wp\/v2\/users\/1"}],"replies":[{"embeddable":true,"href":"https:\/\/encompaniastj.org\/pt-pt\/wp-json\/wp\/v2\/comments?post=11518"}],"version-history":[{"count":1,"href":"https:\/\/encompaniastj.org\/pt-pt\/wp-json\/wp\/v2\/posts\/11518\/revisions"}],"predecessor-version":[{"id":11519,"href":"https:\/\/encompaniastj.org\/pt-pt\/wp-json\/wp\/v2\/posts\/11518\/revisions\/11519"}],"wp:featuredmedia":[{"embeddable":true,"href":"https:\/\/encompaniastj.org\/pt-pt\/wp-json\/wp\/v2\/media\/8301"}],"wp:attachment":[{"href":"https:\/\/encompaniastj.org\/pt-pt\/wp-json\/wp\/v2\/media?parent=11518"}],"wp:term":[{"taxonomy":"category","embeddable":true,"href":"https:\/\/encompaniastj.org\/pt-pt\/wp-json\/wp\/v2\/categories?post=11518"},{"taxonomy":"post_tag","embeddable":true,"href":"https:\/\/encompaniastj.org\/pt-pt\/wp-json\/wp\/v2\/tags?post=11518"}],"curies":[{"name":"wp","href":"https:\/\/api.w.org\/{rel}","templated":true}]}}