{"id":11514,"date":"2023-03-16T08:45:48","date_gmt":"2023-03-16T07:45:48","guid":{"rendered":"https:\/\/encompaniastj.org\/peregrinacao-pelos-caminhos-dos-misticos\/"},"modified":"2025-07-07T16:24:16","modified_gmt":"2025-07-07T14:24:16","slug":"peregrinacao-pelos-caminhos-dos-misticos","status":"publish","type":"post","link":"https:\/\/encompaniastj.org\/pt-pt\/peregrinacao-pelos-caminhos-dos-misticos\/","title":{"rendered":"Peregrina\u00e7\u00e3o, \u201cpelos Caminhos dos M\u00edsticos\u201d"},"content":{"rendered":"<p>De 18 a 21 de Fevereiro, 30 pessoas ligadas ao MTA de adultos do Centro de Elvas, rumaram at\u00e9 Espanha para uma Peregrina\u00e7\u00e3o pelos \u00a0caminhos dos m\u00edsticos do s\u00e9culo XVI.<\/p>\n<p>A primeira cidade a visitar foi a bela cidade de Toledo onde\u00a0visitamos e oramos junto ao t\u00famulo de Santa Beatriz da Silva, fundadora das Irm\u00e3s da Imaculada Concei\u00e7\u00e3o. No primeiro convento fundado por esta religiosa que nasceu em Campo Maior, Portugal, tivemos uma reflex\u00e3o sobre a vida de Santa Beatriz da Silva que ajudou a aumentar em n\u00f3s o Amor a Maria Imaculada e a vontade de sermos puros e castos como ela. Entoamos o hino a Santa Beatriz da Silva, rezamos em sil\u00eancio e escutamos o testemunho de uma irm\u00e3 do Convento que nos falou do modo como vivem, em clausura mon\u00e1stica, a espiritualidade Mariana. Para al\u00e9m do convento tamb\u00e9m visitamos a Catedral, de estilo g\u00f3tico, que convida \u00e0 ora\u00e7\u00e3o e ao louvor a Deus. Depois de uma visita panor\u00e2mica por outros pontos da cidade rum\u00e1mos para Seg\u00f3via outra cidade memorial de um grande m\u00edstico, S. Jo\u00e3o da Cruz. Aqui ficamos duas noites e tivemos oportunidade de celebrar a Eucaristia na Capela do t\u00famulo de D. Jo\u00e3o da Cruz, refletir sobre a sua vida e de, como ele nos pede, \u201centrar dentro\u201d e rezar alguns dos seus poemas como o \u201cC\u00e2ntico Espiritual\u201d, \u201cPoema da alma enamorada\u201d, \u201cNoite Escura\u201d, etc.<\/p>\n<p>Sentimos que S. Jo\u00e3o da Cruz, passou, tamb\u00e9m, a ser para n\u00f3s um mestre espiritual, como o foi para tantos e tantas do seu tempo, em particular para Teresa de Jesus que, como ele tinha sede de alcan\u00e7ar os mais altos cumes da vida espiritual. Saboreamos, com especial fervor, algumas frases dos seus poemas como, \u201cno entardecer da vida seremos julgados pelo amor\u201d e <strong>\u201ca alma que vive em Amor n\u00e3o cansa nem se cansa\u201d <\/strong>para concluirmos, mais uma vez que a s\u00edntese de toda a vida crist\u00e3 <strong>\u00e9 o AMOR<\/strong> traduzido em gestos, atitudes e obras.<\/p>\n<p>E depois de Seg\u00f3via partimos para \u00c1vila para mergulharmos, uma vez mais, na espiritualidade da grande mestra do MTA e de toda a fam\u00edlia teresiana, Teresa de Jesus.<\/p>\n<p>Come\u00e7ando pelo Convento da Encarna\u00e7\u00e3o e Igreja onde rezamos e fizemos uma reflex\u00e3o sobre a vida desta grande mestra, s\u00e1bia e santa, Teresa de Jesus.<\/p>\n<p>Na Igreja do convento fizemos o nosso \u201cQuarto de Hora de Ora\u00e7\u00e3o\u201d saboreando as palavras da santa: <strong><em>\u201cA ORA\u00c7\u00c3O \u00c9 UMA RELA\u00c7\u00c3O DE AMIZADE, ESTANDO MUITAS VEZ A S\u00d3S COM QUEM SABEMOS QUE NOS AMA\u201d<\/em><\/strong>.\u00a0 Diante do Sant\u00edssimo exposto escutamos e falamos com o AMIGO que nos ama.<\/p>\n<p>Percorremos ainda a cidade muralhada de \u00c1vila para visitar e rezar n \u201cIgreja da Santa\u201d, visitamos o Convento de S. Jos\u00e9 e provarmos as saborosas \u201cgemas\u201d da santa.<\/p>\n<p>Ainda entr\u00e1mos na Casa Teresiana de Acolhimento de Burgohondo para fazermos o nosso <strong>\u201cQuarto de Hora de Ora\u00e7\u00e3o\u201d , <\/strong>na Capela dos \u00cdconos, e a\u00ed saborearmos textos dos m\u00edsticos Teresa de Jesus e S. Jo\u00e3o da Cruz entre muitos outros.<\/p>\n<p>Passamos ainda por Salamanca e Alba de Tormes onde pudemos visitar o t\u00famulo de Santa Teresa, o Museu de S. Jo\u00e3o da Cruz e o Jardim de Santo Henrique de Oss\u00f3<\/p>\n<p>Foram 4 dias de um mergulho na Espiritualidade de Santa Beatriz da Silva, santa Teresa de Jesus e de S. Jo\u00e3o da Cruz que nos entusiasmaram a viver no <strong>hoje, no aqui e no agora<\/strong> a m\u00edstica destes santos\u00a0 e aceitar o seu convite de <strong>\u201centrar dentro\u201d<\/strong> para melhor conhecermos e amarmos Jesus e o fazermos conhecido e amado\u00a0 a partir do nosso ambiente. (Maria de F\u00e1tima Magalh\u00e3es stj)<\/p>\n<p><img loading=\"lazy\" decoding=\"async\" class=\"aligncenter wp-image-11034 size-full\" src=\"https:\/\/encompaniastj.org\/wp-content\/uploads\/2025\/05\/F1-3-1.jpg\" alt=\"\" width=\"729\" height=\"547\" \/><\/p>\n<p><img loading=\"lazy\" decoding=\"async\" class=\"aligncenter wp-image-11036 size-large\" src=\"https:\/\/encompaniastj.org\/wp-content\/uploads\/2025\/05\/F3-1-1.jpg\" alt=\"\" width=\"1024\" height=\"475\" \/><\/p>\n<p>&nbsp;<\/p>\n","protected":false},"excerpt":{"rendered":"<p>De 18 a 21 de Fevereiro, 30 pessoas ligadas ao MTA de adultos do Centro de Elvas, rumaram at\u00e9 Espanha para uma Peregrina\u00e7\u00e3o pelos \u00a0caminhos dos m\u00edsticos do s\u00e9culo XVI. [&hellip;]<\/p>\n","protected":false},"author":1,"featured_media":8296,"comment_status":"open","ping_status":"open","sticky":false,"template":"","format":"standard","meta":{"_acf_changed":false,"footnotes":""},"categories":[79,81],"tags":[],"class_list":["post-11514","post","type-post","status-publish","format-standard","has-post-thumbnail","hentry","category-stj","category-stj-pt"],"acf":[],"yoast_head":"<!-- This site is optimized with the Yoast SEO plugin v27.5 - https:\/\/yoast.com\/product\/yoast-seo-wordpress\/ -->\n<title>Peregrina\u00e7\u00e3o, \u201cpelos Caminhos dos M\u00edsticos\u201d - En Compa\u00f1\u00eda STJ<\/title>\n<meta name=\"robots\" content=\"index, follow, max-snippet:-1, max-image-preview:large, max-video-preview:-1\" \/>\n<link rel=\"canonical\" href=\"https:\/\/encompaniastj.org\/pt-pt\/peregrinacao-pelos-caminhos-dos-misticos\/\" \/>\n<meta property=\"og:locale\" content=\"pt_PT\" \/>\n<meta property=\"og:type\" content=\"article\" \/>\n<meta property=\"og:title\" content=\"Peregrina\u00e7\u00e3o, \u201cpelos Caminhos dos M\u00edsticos\u201d - En Compa\u00f1\u00eda STJ\" \/>\n<meta property=\"og:description\" content=\"De 18 a 21 de Fevereiro, 30 pessoas ligadas ao MTA de adultos do Centro de Elvas, rumaram at\u00e9 Espanha para uma Peregrina\u00e7\u00e3o pelos \u00a0caminhos dos m\u00edsticos do s\u00e9culo XVI. [&hellip;]\" \/>\n<meta property=\"og:url\" content=\"https:\/\/encompaniastj.org\/pt-pt\/peregrinacao-pelos-caminhos-dos-misticos\/\" \/>\n<meta property=\"og:site_name\" content=\"En Compa\u00f1\u00eda STJ\" \/>\n<meta property=\"article:published_time\" content=\"2023-03-16T07:45:48+00:00\" \/>\n<meta property=\"article:modified_time\" content=\"2025-07-07T14:24:16+00:00\" \/>\n<meta property=\"og:image\" content=\"https:\/\/encompaniastj.org\/wp-content\/uploads\/2025\/05\/F4-1.jpg\" \/>\n\t<meta property=\"og:image:width\" content=\"330\" \/>\n\t<meta property=\"og:image:height\" content=\"374\" \/>\n\t<meta property=\"og:image:type\" content=\"image\/jpeg\" \/>\n<meta name=\"author\" content=\"admin\" \/>\n<meta name=\"twitter:card\" content=\"summary_large_image\" \/>\n<meta name=\"twitter:label1\" content=\"Escrito por\" \/>\n\t<meta name=\"twitter:data1\" content=\"admin\" \/>\n\t<meta name=\"twitter:label2\" content=\"Tempo estimado de leitura\" \/>\n\t<meta name=\"twitter:data2\" content=\"4 minutos\" \/>\n<script type=\"application\/ld+json\" class=\"yoast-schema-graph\">{\"@context\":\"https:\\\/\\\/schema.org\",\"@graph\":[{\"@type\":\"Article\",\"@id\":\"https:\\\/\\\/encompaniastj.org\\\/pt-pt\\\/peregrinacao-pelos-caminhos-dos-misticos\\\/#article\",\"isPartOf\":{\"@id\":\"https:\\\/\\\/encompaniastj.org\\\/pt-pt\\\/peregrinacao-pelos-caminhos-dos-misticos\\\/\"},\"author\":{\"name\":\"admin\",\"@id\":\"https:\\\/\\\/encompaniastj.org\\\/pt-pt\\\/#\\\/schema\\\/person\\\/520e7ecc314793d40091993c2a02b651\"},\"headline\":\"Peregrina\u00e7\u00e3o, \u201cpelos Caminhos dos M\u00edsticos\u201d\",\"datePublished\":\"2023-03-16T07:45:48+00:00\",\"dateModified\":\"2025-07-07T14:24:16+00:00\",\"mainEntityOfPage\":{\"@id\":\"https:\\\/\\\/encompaniastj.org\\\/pt-pt\\\/peregrinacao-pelos-caminhos-dos-misticos\\\/\"},\"wordCount\":646,\"commentCount\":0,\"publisher\":{\"@id\":\"https:\\\/\\\/encompaniastj.org\\\/pt-pt\\\/#organization\"},\"image\":{\"@id\":\"https:\\\/\\\/encompaniastj.org\\\/pt-pt\\\/peregrinacao-pelos-caminhos-dos-misticos\\\/#primaryimage\"},\"thumbnailUrl\":\"https:\\\/\\\/encompaniastj.org\\\/wp-content\\\/uploads\\\/2025\\\/05\\\/F4-1.jpg\",\"articleSection\":[\"STJ\",\"STJ pt\"],\"inLanguage\":\"pt-PT\",\"potentialAction\":[{\"@type\":\"CommentAction\",\"name\":\"Comment\",\"target\":[\"https:\\\/\\\/encompaniastj.org\\\/pt-pt\\\/peregrinacao-pelos-caminhos-dos-misticos\\\/#respond\"]}]},{\"@type\":\"WebPage\",\"@id\":\"https:\\\/\\\/encompaniastj.org\\\/pt-pt\\\/peregrinacao-pelos-caminhos-dos-misticos\\\/\",\"url\":\"https:\\\/\\\/encompaniastj.org\\\/pt-pt\\\/peregrinacao-pelos-caminhos-dos-misticos\\\/\",\"name\":\"Peregrina\u00e7\u00e3o, \u201cpelos Caminhos dos M\u00edsticos\u201d - En Compa\u00f1\u00eda STJ\",\"isPartOf\":{\"@id\":\"https:\\\/\\\/encompaniastj.org\\\/pt-pt\\\/#website\"},\"primaryImageOfPage\":{\"@id\":\"https:\\\/\\\/encompaniastj.org\\\/pt-pt\\\/peregrinacao-pelos-caminhos-dos-misticos\\\/#primaryimage\"},\"image\":{\"@id\":\"https:\\\/\\\/encompaniastj.org\\\/pt-pt\\\/peregrinacao-pelos-caminhos-dos-misticos\\\/#primaryimage\"},\"thumbnailUrl\":\"https:\\\/\\\/encompaniastj.org\\\/wp-content\\\/uploads\\\/2025\\\/05\\\/F4-1.jpg\",\"datePublished\":\"2023-03-16T07:45:48+00:00\",\"dateModified\":\"2025-07-07T14:24:16+00:00\",\"breadcrumb\":{\"@id\":\"https:\\\/\\\/encompaniastj.org\\\/pt-pt\\\/peregrinacao-pelos-caminhos-dos-misticos\\\/#breadcrumb\"},\"inLanguage\":\"pt-PT\",\"potentialAction\":[{\"@type\":\"ReadAction\",\"target\":[\"https:\\\/\\\/encompaniastj.org\\\/pt-pt\\\/peregrinacao-pelos-caminhos-dos-misticos\\\/\"]}]},{\"@type\":\"ImageObject\",\"inLanguage\":\"pt-PT\",\"@id\":\"https:\\\/\\\/encompaniastj.org\\\/pt-pt\\\/peregrinacao-pelos-caminhos-dos-misticos\\\/#primaryimage\",\"url\":\"https:\\\/\\\/encompaniastj.org\\\/wp-content\\\/uploads\\\/2025\\\/05\\\/F4-1.jpg\",\"contentUrl\":\"https:\\\/\\\/encompaniastj.org\\\/wp-content\\\/uploads\\\/2025\\\/05\\\/F4-1.jpg\",\"width\":330,\"height\":374},{\"@type\":\"BreadcrumbList\",\"@id\":\"https:\\\/\\\/encompaniastj.org\\\/pt-pt\\\/peregrinacao-pelos-caminhos-dos-misticos\\\/#breadcrumb\",\"itemListElement\":[{\"@type\":\"ListItem\",\"position\":1,\"name\":\"Portada\",\"item\":\"https:\\\/\\\/encompaniastj.org\\\/pt-pt\\\/\"},{\"@type\":\"ListItem\",\"position\":2,\"name\":\"Peregrina\u00e7\u00e3o, \u201cpelos Caminhos dos M\u00edsticos\u201d\"}]},{\"@type\":\"WebSite\",\"@id\":\"https:\\\/\\\/encompaniastj.org\\\/pt-pt\\\/#website\",\"url\":\"https:\\\/\\\/encompaniastj.org\\\/pt-pt\\\/\",\"name\":\"En Compa\u00f1\u00eda STJ\",\"description\":\"Bolet\u00edn de la Compa\u00f1\u00eda de Santa Teresa de Jes\u00fas\",\"publisher\":{\"@id\":\"https:\\\/\\\/encompaniastj.org\\\/pt-pt\\\/#organization\"},\"potentialAction\":[{\"@type\":\"SearchAction\",\"target\":{\"@type\":\"EntryPoint\",\"urlTemplate\":\"https:\\\/\\\/encompaniastj.org\\\/pt-pt\\\/?s={search_term_string}\"},\"query-input\":{\"@type\":\"PropertyValueSpecification\",\"valueRequired\":true,\"valueName\":\"search_term_string\"}}],\"inLanguage\":\"pt-PT\"},{\"@type\":\"Organization\",\"@id\":\"https:\\\/\\\/encompaniastj.org\\\/pt-pt\\\/#organization\",\"name\":\"Compa\u00f1\u00eda de Santa Teresa de Jes\u00fas\",\"url\":\"https:\\\/\\\/encompaniastj.org\\\/pt-pt\\\/\",\"logo\":{\"@type\":\"ImageObject\",\"inLanguage\":\"pt-PT\",\"@id\":\"https:\\\/\\\/encompaniastj.org\\\/pt-pt\\\/#\\\/schema\\\/logo\\\/image\\\/\",\"url\":\"https:\\\/\\\/encompaniastj.org\\\/wp-content\\\/uploads\\\/2025\\\/04\\\/logo_provincias02-1-3.png\",\"contentUrl\":\"https:\\\/\\\/encompaniastj.org\\\/wp-content\\\/uploads\\\/2025\\\/04\\\/logo_provincias02-1-3.png\",\"width\":2368,\"height\":825,\"caption\":\"Compa\u00f1\u00eda de Santa Teresa de Jes\u00fas\"},\"image\":{\"@id\":\"https:\\\/\\\/encompaniastj.org\\\/pt-pt\\\/#\\\/schema\\\/logo\\\/image\\\/\"}},{\"@type\":\"Person\",\"@id\":\"https:\\\/\\\/encompaniastj.org\\\/pt-pt\\\/#\\\/schema\\\/person\\\/520e7ecc314793d40091993c2a02b651\",\"name\":\"admin\",\"image\":{\"@type\":\"ImageObject\",\"inLanguage\":\"pt-PT\",\"@id\":\"https:\\\/\\\/secure.gravatar.com\\\/avatar\\\/948b492cce32b586ac2db0eaa926ee87024f7afe218d73b397ea5ddfc5f43ea1?s=96&d=mm&r=g\",\"url\":\"https:\\\/\\\/secure.gravatar.com\\\/avatar\\\/948b492cce32b586ac2db0eaa926ee87024f7afe218d73b397ea5ddfc5f43ea1?s=96&d=mm&r=g\",\"contentUrl\":\"https:\\\/\\\/secure.gravatar.com\\\/avatar\\\/948b492cce32b586ac2db0eaa926ee87024f7afe218d73b397ea5ddfc5f43ea1?s=96&d=mm&r=g\",\"caption\":\"admin\"},\"sameAs\":[\"https:\\\/\\\/encompaniastj.org\"],\"url\":\"https:\\\/\\\/encompaniastj.org\\\/pt-pt\\\/author\\\/sjdigital\\\/\"}]}<\/script>\n<!-- \/ Yoast SEO plugin. -->","yoast_head_json":{"title":"Peregrina\u00e7\u00e3o, \u201cpelos Caminhos dos M\u00edsticos\u201d - En Compa\u00f1\u00eda STJ","robots":{"index":"index","follow":"follow","max-snippet":"max-snippet:-1","max-image-preview":"max-image-preview:large","max-video-preview":"max-video-preview:-1"},"canonical":"https:\/\/encompaniastj.org\/pt-pt\/peregrinacao-pelos-caminhos-dos-misticos\/","og_locale":"pt_PT","og_type":"article","og_title":"Peregrina\u00e7\u00e3o, \u201cpelos Caminhos dos M\u00edsticos\u201d - En Compa\u00f1\u00eda STJ","og_description":"De 18 a 21 de Fevereiro, 30 pessoas ligadas ao MTA de adultos do Centro de Elvas, rumaram at\u00e9 Espanha para uma Peregrina\u00e7\u00e3o pelos \u00a0caminhos dos m\u00edsticos do s\u00e9culo XVI. [&hellip;]","og_url":"https:\/\/encompaniastj.org\/pt-pt\/peregrinacao-pelos-caminhos-dos-misticos\/","og_site_name":"En Compa\u00f1\u00eda STJ","article_published_time":"2023-03-16T07:45:48+00:00","article_modified_time":"2025-07-07T14:24:16+00:00","og_image":[{"width":330,"height":374,"url":"https:\/\/encompaniastj.org\/wp-content\/uploads\/2025\/05\/F4-1.jpg","type":"image\/jpeg"}],"author":"admin","twitter_card":"summary_large_image","twitter_misc":{"Escrito por":"admin","Tempo estimado de leitura":"4 minutos"},"schema":{"@context":"https:\/\/schema.org","@graph":[{"@type":"Article","@id":"https:\/\/encompaniastj.org\/pt-pt\/peregrinacao-pelos-caminhos-dos-misticos\/#article","isPartOf":{"@id":"https:\/\/encompaniastj.org\/pt-pt\/peregrinacao-pelos-caminhos-dos-misticos\/"},"author":{"name":"admin","@id":"https:\/\/encompaniastj.org\/pt-pt\/#\/schema\/person\/520e7ecc314793d40091993c2a02b651"},"headline":"Peregrina\u00e7\u00e3o, \u201cpelos Caminhos dos M\u00edsticos\u201d","datePublished":"2023-03-16T07:45:48+00:00","dateModified":"2025-07-07T14:24:16+00:00","mainEntityOfPage":{"@id":"https:\/\/encompaniastj.org\/pt-pt\/peregrinacao-pelos-caminhos-dos-misticos\/"},"wordCount":646,"commentCount":0,"publisher":{"@id":"https:\/\/encompaniastj.org\/pt-pt\/#organization"},"image":{"@id":"https:\/\/encompaniastj.org\/pt-pt\/peregrinacao-pelos-caminhos-dos-misticos\/#primaryimage"},"thumbnailUrl":"https:\/\/encompaniastj.org\/wp-content\/uploads\/2025\/05\/F4-1.jpg","articleSection":["STJ","STJ pt"],"inLanguage":"pt-PT","potentialAction":[{"@type":"CommentAction","name":"Comment","target":["https:\/\/encompaniastj.org\/pt-pt\/peregrinacao-pelos-caminhos-dos-misticos\/#respond"]}]},{"@type":"WebPage","@id":"https:\/\/encompaniastj.org\/pt-pt\/peregrinacao-pelos-caminhos-dos-misticos\/","url":"https:\/\/encompaniastj.org\/pt-pt\/peregrinacao-pelos-caminhos-dos-misticos\/","name":"Peregrina\u00e7\u00e3o, \u201cpelos Caminhos dos M\u00edsticos\u201d - En Compa\u00f1\u00eda STJ","isPartOf":{"@id":"https:\/\/encompaniastj.org\/pt-pt\/#website"},"primaryImageOfPage":{"@id":"https:\/\/encompaniastj.org\/pt-pt\/peregrinacao-pelos-caminhos-dos-misticos\/#primaryimage"},"image":{"@id":"https:\/\/encompaniastj.org\/pt-pt\/peregrinacao-pelos-caminhos-dos-misticos\/#primaryimage"},"thumbnailUrl":"https:\/\/encompaniastj.org\/wp-content\/uploads\/2025\/05\/F4-1.jpg","datePublished":"2023-03-16T07:45:48+00:00","dateModified":"2025-07-07T14:24:16+00:00","breadcrumb":{"@id":"https:\/\/encompaniastj.org\/pt-pt\/peregrinacao-pelos-caminhos-dos-misticos\/#breadcrumb"},"inLanguage":"pt-PT","potentialAction":[{"@type":"ReadAction","target":["https:\/\/encompaniastj.org\/pt-pt\/peregrinacao-pelos-caminhos-dos-misticos\/"]}]},{"@type":"ImageObject","inLanguage":"pt-PT","@id":"https:\/\/encompaniastj.org\/pt-pt\/peregrinacao-pelos-caminhos-dos-misticos\/#primaryimage","url":"https:\/\/encompaniastj.org\/wp-content\/uploads\/2025\/05\/F4-1.jpg","contentUrl":"https:\/\/encompaniastj.org\/wp-content\/uploads\/2025\/05\/F4-1.jpg","width":330,"height":374},{"@type":"BreadcrumbList","@id":"https:\/\/encompaniastj.org\/pt-pt\/peregrinacao-pelos-caminhos-dos-misticos\/#breadcrumb","itemListElement":[{"@type":"ListItem","position":1,"name":"Portada","item":"https:\/\/encompaniastj.org\/pt-pt\/"},{"@type":"ListItem","position":2,"name":"Peregrina\u00e7\u00e3o, \u201cpelos Caminhos dos M\u00edsticos\u201d"}]},{"@type":"WebSite","@id":"https:\/\/encompaniastj.org\/pt-pt\/#website","url":"https:\/\/encompaniastj.org\/pt-pt\/","name":"En Compa\u00f1\u00eda STJ","description":"Bolet\u00edn de la Compa\u00f1\u00eda de Santa Teresa de Jes\u00fas","publisher":{"@id":"https:\/\/encompaniastj.org\/pt-pt\/#organization"},"potentialAction":[{"@type":"SearchAction","target":{"@type":"EntryPoint","urlTemplate":"https:\/\/encompaniastj.org\/pt-pt\/?s={search_term_string}"},"query-input":{"@type":"PropertyValueSpecification","valueRequired":true,"valueName":"search_term_string"}}],"inLanguage":"pt-PT"},{"@type":"Organization","@id":"https:\/\/encompaniastj.org\/pt-pt\/#organization","name":"Compa\u00f1\u00eda de Santa Teresa de Jes\u00fas","url":"https:\/\/encompaniastj.org\/pt-pt\/","logo":{"@type":"ImageObject","inLanguage":"pt-PT","@id":"https:\/\/encompaniastj.org\/pt-pt\/#\/schema\/logo\/image\/","url":"https:\/\/encompaniastj.org\/wp-content\/uploads\/2025\/04\/logo_provincias02-1-3.png","contentUrl":"https:\/\/encompaniastj.org\/wp-content\/uploads\/2025\/04\/logo_provincias02-1-3.png","width":2368,"height":825,"caption":"Compa\u00f1\u00eda de Santa Teresa de Jes\u00fas"},"image":{"@id":"https:\/\/encompaniastj.org\/pt-pt\/#\/schema\/logo\/image\/"}},{"@type":"Person","@id":"https:\/\/encompaniastj.org\/pt-pt\/#\/schema\/person\/520e7ecc314793d40091993c2a02b651","name":"admin","image":{"@type":"ImageObject","inLanguage":"pt-PT","@id":"https:\/\/secure.gravatar.com\/avatar\/948b492cce32b586ac2db0eaa926ee87024f7afe218d73b397ea5ddfc5f43ea1?s=96&d=mm&r=g","url":"https:\/\/secure.gravatar.com\/avatar\/948b492cce32b586ac2db0eaa926ee87024f7afe218d73b397ea5ddfc5f43ea1?s=96&d=mm&r=g","contentUrl":"https:\/\/secure.gravatar.com\/avatar\/948b492cce32b586ac2db0eaa926ee87024f7afe218d73b397ea5ddfc5f43ea1?s=96&d=mm&r=g","caption":"admin"},"sameAs":["https:\/\/encompaniastj.org"],"url":"https:\/\/encompaniastj.org\/pt-pt\/author\/sjdigital\/"}]}},"_links":{"self":[{"href":"https:\/\/encompaniastj.org\/pt-pt\/wp-json\/wp\/v2\/posts\/11514","targetHints":{"allow":["GET"]}}],"collection":[{"href":"https:\/\/encompaniastj.org\/pt-pt\/wp-json\/wp\/v2\/posts"}],"about":[{"href":"https:\/\/encompaniastj.org\/pt-pt\/wp-json\/wp\/v2\/types\/post"}],"author":[{"embeddable":true,"href":"https:\/\/encompaniastj.org\/pt-pt\/wp-json\/wp\/v2\/users\/1"}],"replies":[{"embeddable":true,"href":"https:\/\/encompaniastj.org\/pt-pt\/wp-json\/wp\/v2\/comments?post=11514"}],"version-history":[{"count":1,"href":"https:\/\/encompaniastj.org\/pt-pt\/wp-json\/wp\/v2\/posts\/11514\/revisions"}],"predecessor-version":[{"id":11515,"href":"https:\/\/encompaniastj.org\/pt-pt\/wp-json\/wp\/v2\/posts\/11514\/revisions\/11515"}],"wp:featuredmedia":[{"embeddable":true,"href":"https:\/\/encompaniastj.org\/pt-pt\/wp-json\/wp\/v2\/media\/8296"}],"wp:attachment":[{"href":"https:\/\/encompaniastj.org\/pt-pt\/wp-json\/wp\/v2\/media?parent=11514"}],"wp:term":[{"taxonomy":"category","embeddable":true,"href":"https:\/\/encompaniastj.org\/pt-pt\/wp-json\/wp\/v2\/categories?post=11514"},{"taxonomy":"post_tag","embeddable":true,"href":"https:\/\/encompaniastj.org\/pt-pt\/wp-json\/wp\/v2\/tags?post=11514"}],"curies":[{"name":"wp","href":"https:\/\/api.w.org\/{rel}","templated":true}]}}