{"id":11510,"date":"2023-03-15T13:08:15","date_gmt":"2023-03-15T12:08:15","guid":{"rendered":"https:\/\/encompaniastj.org\/somos-rede-ve\/"},"modified":"2025-07-07T16:24:16","modified_gmt":"2025-07-07T14:24:16","slug":"somos-rede-ve","status":"publish","type":"post","link":"https:\/\/encompaniastj.org\/pt-pt\/somos-rede-ve\/","title":{"rendered":"Somos rede. V\u00ea!"},"content":{"rendered":"<p>Isso mesmo, nos dias 2 e 3 de mar\u00e7o, um grupo de pessoas ligadas \u00e0 A\u00e7\u00e3o Social Teresiana, assom\u00e1mo-nos; cada um olhou da sua janela para uma janela maior e comum e assim p\u00f4de partilhar e abrir os olhos para as diferentes e diversas realidades socioeducativas que comp\u00f5em a miss\u00e3o teresiana. Fomos uma pequena representa\u00e7\u00e3o de todos os colegas que trabalham todos os dias com dedica\u00e7\u00e3o e entusiasmo para serem agentes de transforma\u00e7\u00e3o.<\/p>\n<p>O encontro contou com a presen\u00e7a de 40 pessoas provenientes de diferentes pontos de Espanha e Portugal e de diversas realidades socioeducativas que constroem a Miss\u00e3o Teresiana. Professores de diferentes escolas FET: Col\u00b7legi Teresi\u00e0 de Tortosa, Col\u00e9gio Santa Teresa de Pamplona, Col\u00e9gio Santa Teresa de Calahorra, Col\u00e9gio Santa Teresa (Ganduxer, Barcelona), Col\u00e9gio Santa Teresa de Jes\u00fas de Oviedo, Col\u00e9gio Jes\u00fas Maestro de Madrid, Col\u00e9gio Santa Teresa de Jesus de San Juan de Aznalfarache, Col\u00e9gio Santa Teresa de Jes\u00fas de Huelva, Col legi Sant Josep-Teresianes (Gr\u00e0cia, Barcelona), Col\u00e9gio Santa Teresa de Jes\u00fas El Vedat de Torrent, Col legi Pare Enric d&#8217;Oss\u00f3 (Bellvitge, Barcelona ). Educadores de projetos e presen\u00e7as sociais do Centre Educatiu Esclat de Barcelona, Llar Enric d&#8217;Oss\u00f3 de Barcelona, TEA de Las Palmas, San Crist\u00f3bal de Madrid, Pastoral Gitana e Etxabakoitz de Pamplona, Centro Social Teresiano de Verim e Associa\u00e7\u00e3o Santa Teresa de Jesus de Lisboa.<\/p>\n<p>A Equipa de A\u00e7\u00e3o Social da Prov\u00edncia (Cata, Lola e Marcelo) organizou o encontro contando com \u00a0a dinamiza\u00e7\u00e3o de Javier Palop que nos acompanhou para nos olharmos, nos reconhecermos e partilharmos sonhos e expectativas em rela\u00e7\u00e3o a um prop\u00f3sito comum enquadrado num novo paradigma que p\u00f5e em valor e como base de uma nova sociedade baseada no autocuidado e nos cuidados partilhados com os outros.<\/p>\n<p>A inten\u00e7\u00e3o do encontro foi <strong>tecer uma rede dentro da Fam\u00edlia Teresiana e no exterior, bem como analisar a interven\u00e7\u00e3o socioeducativa numa perspetiva integral e integradora da pessoa.<\/strong><\/p>\n<p>Sinceramente, muitos de n\u00f3s n\u00e3o sab\u00edamos muito bem para onde \u00edamos, mas a din\u00e2mica, o acompanhamento, a dan\u00e7a, o sil\u00eancio partilhado, o riso e a escuta m\u00fatua num belo ambiente natural ajudaram-nos a cobrir um pouco essa necessidade de troca de experi\u00eancias, a olhar-nos, a partilhar e reencontrar o horizonte, neste caso da obra teresiana, assim como tantas pessoas que a tornam poss\u00edvel.<\/p>\n<p>Recordamos que o confronto e a aproxima\u00e7\u00e3o fortalecem o nosso carisma e a nossa interven\u00e7\u00e3o quotidiana.<\/p>\n<p>Somos o que vivemos e partilhamos. Destacamos espa\u00e7os como este que ajudam a estreitar la\u00e7os e dar sentido ao que fazemos todos os dias.<\/p>\n<p>Obrigada a todos por tornarem-no poss\u00edvel. (Denise Jim\u00e9nez (Llar Enric Oss\u00f3) y Ester Borr\u00e0s (FET, col\u00b7legi Sant Josep-Teresianes))<\/p>\n<p><img loading=\"lazy\" decoding=\"async\" class=\"aligncenter wp-image-11016 size-large\" src=\"https:\/\/encompaniastj.org\/wp-content\/uploads\/2025\/05\/f1-2-1-scaled.jpg\" alt=\"\" width=\"576\" height=\"1024\" \/><\/p>\n<p><img loading=\"lazy\" decoding=\"async\" class=\"aligncenter wp-image-11020 size-large\" src=\"https:\/\/encompaniastj.org\/wp-content\/uploads\/2025\/05\/f3-3-scaled.jpg\" alt=\"\" width=\"1024\" height=\"576\" \/><\/p>\n","protected":false},"excerpt":{"rendered":"<p>Isso mesmo, nos dias 2 e 3 de mar\u00e7o, um grupo de pessoas ligadas \u00e0 A\u00e7\u00e3o Social Teresiana, assom\u00e1mo-nos; cada um olhou da sua janela para uma janela maior e [&hellip;]<\/p>\n","protected":false},"author":1,"featured_media":8291,"comment_status":"open","ping_status":"open","sticky":false,"template":"","format":"standard","meta":{"_acf_changed":false,"footnotes":""},"categories":[76,74,61],"tags":[],"class_list":["post-11510","post","type-post","status-publish","format-standard","has-post-thumbnail","hentry","category-acao-social","category-accion-social","category-noticias"],"acf":[],"yoast_head":"<!-- This site is optimized with the Yoast SEO plugin v27.5 - https:\/\/yoast.com\/product\/yoast-seo-wordpress\/ -->\n<title>Somos rede. V\u00ea! - En Compa\u00f1\u00eda STJ<\/title>\n<meta name=\"robots\" content=\"index, follow, max-snippet:-1, max-image-preview:large, max-video-preview:-1\" \/>\n<link rel=\"canonical\" href=\"https:\/\/encompaniastj.org\/pt-pt\/somos-rede-ve\/\" \/>\n<meta property=\"og:locale\" content=\"pt_PT\" \/>\n<meta property=\"og:type\" content=\"article\" \/>\n<meta property=\"og:title\" content=\"Somos rede. V\u00ea! - En Compa\u00f1\u00eda STJ\" \/>\n<meta property=\"og:description\" content=\"Isso mesmo, nos dias 2 e 3 de mar\u00e7o, um grupo de pessoas ligadas \u00e0 A\u00e7\u00e3o Social Teresiana, assom\u00e1mo-nos; cada um olhou da sua janela para uma janela maior e [&hellip;]\" \/>\n<meta property=\"og:url\" content=\"https:\/\/encompaniastj.org\/pt-pt\/somos-rede-ve\/\" \/>\n<meta property=\"og:site_name\" content=\"En Compa\u00f1\u00eda STJ\" \/>\n<meta property=\"article:published_time\" content=\"2023-03-15T12:08:15+00:00\" \/>\n<meta property=\"article:modified_time\" content=\"2025-07-07T14:24:16+00:00\" \/>\n<meta property=\"og:image\" content=\"https:\/\/encompaniastj.org\/wp-content\/uploads\/2025\/05\/f2-2-scaled-1.jpg\" \/>\n\t<meta property=\"og:image:width\" content=\"2560\" \/>\n\t<meta property=\"og:image:height\" content=\"1440\" \/>\n\t<meta property=\"og:image:type\" content=\"image\/jpeg\" \/>\n<meta name=\"author\" content=\"admin\" \/>\n<meta name=\"twitter:card\" content=\"summary_large_image\" \/>\n<meta name=\"twitter:label1\" content=\"Escrito por\" \/>\n\t<meta name=\"twitter:data1\" content=\"admin\" \/>\n\t<meta name=\"twitter:label2\" content=\"Tempo estimado de leitura\" \/>\n\t<meta name=\"twitter:data2\" content=\"3 minutos\" \/>\n<script type=\"application\/ld+json\" class=\"yoast-schema-graph\">{\"@context\":\"https:\\\/\\\/schema.org\",\"@graph\":[{\"@type\":\"Article\",\"@id\":\"https:\\\/\\\/encompaniastj.org\\\/pt-pt\\\/somos-rede-ve\\\/#article\",\"isPartOf\":{\"@id\":\"https:\\\/\\\/encompaniastj.org\\\/pt-pt\\\/somos-rede-ve\\\/\"},\"author\":{\"name\":\"admin\",\"@id\":\"https:\\\/\\\/encompaniastj.org\\\/pt-pt\\\/#\\\/schema\\\/person\\\/520e7ecc314793d40091993c2a02b651\"},\"headline\":\"Somos rede. V\u00ea!\",\"datePublished\":\"2023-03-15T12:08:15+00:00\",\"dateModified\":\"2025-07-07T14:24:16+00:00\",\"mainEntityOfPage\":{\"@id\":\"https:\\\/\\\/encompaniastj.org\\\/pt-pt\\\/somos-rede-ve\\\/\"},\"wordCount\":488,\"commentCount\":0,\"publisher\":{\"@id\":\"https:\\\/\\\/encompaniastj.org\\\/pt-pt\\\/#organization\"},\"image\":{\"@id\":\"https:\\\/\\\/encompaniastj.org\\\/pt-pt\\\/somos-rede-ve\\\/#primaryimage\"},\"thumbnailUrl\":\"https:\\\/\\\/encompaniastj.org\\\/wp-content\\\/uploads\\\/2025\\\/05\\\/f2-2-scaled-1.jpg\",\"articleSection\":[\"A\u00e7\u00e3o Social\",\"Acci\u00f3n Social\",\"Noticias\"],\"inLanguage\":\"pt-PT\",\"potentialAction\":[{\"@type\":\"CommentAction\",\"name\":\"Comment\",\"target\":[\"https:\\\/\\\/encompaniastj.org\\\/pt-pt\\\/somos-rede-ve\\\/#respond\"]}]},{\"@type\":\"WebPage\",\"@id\":\"https:\\\/\\\/encompaniastj.org\\\/pt-pt\\\/somos-rede-ve\\\/\",\"url\":\"https:\\\/\\\/encompaniastj.org\\\/pt-pt\\\/somos-rede-ve\\\/\",\"name\":\"Somos rede. V\u00ea! - En Compa\u00f1\u00eda STJ\",\"isPartOf\":{\"@id\":\"https:\\\/\\\/encompaniastj.org\\\/pt-pt\\\/#website\"},\"primaryImageOfPage\":{\"@id\":\"https:\\\/\\\/encompaniastj.org\\\/pt-pt\\\/somos-rede-ve\\\/#primaryimage\"},\"image\":{\"@id\":\"https:\\\/\\\/encompaniastj.org\\\/pt-pt\\\/somos-rede-ve\\\/#primaryimage\"},\"thumbnailUrl\":\"https:\\\/\\\/encompaniastj.org\\\/wp-content\\\/uploads\\\/2025\\\/05\\\/f2-2-scaled-1.jpg\",\"datePublished\":\"2023-03-15T12:08:15+00:00\",\"dateModified\":\"2025-07-07T14:24:16+00:00\",\"breadcrumb\":{\"@id\":\"https:\\\/\\\/encompaniastj.org\\\/pt-pt\\\/somos-rede-ve\\\/#breadcrumb\"},\"inLanguage\":\"pt-PT\",\"potentialAction\":[{\"@type\":\"ReadAction\",\"target\":[\"https:\\\/\\\/encompaniastj.org\\\/pt-pt\\\/somos-rede-ve\\\/\"]}]},{\"@type\":\"ImageObject\",\"inLanguage\":\"pt-PT\",\"@id\":\"https:\\\/\\\/encompaniastj.org\\\/pt-pt\\\/somos-rede-ve\\\/#primaryimage\",\"url\":\"https:\\\/\\\/encompaniastj.org\\\/wp-content\\\/uploads\\\/2025\\\/05\\\/f2-2-scaled-1.jpg\",\"contentUrl\":\"https:\\\/\\\/encompaniastj.org\\\/wp-content\\\/uploads\\\/2025\\\/05\\\/f2-2-scaled-1.jpg\",\"width\":2560,\"height\":1440},{\"@type\":\"BreadcrumbList\",\"@id\":\"https:\\\/\\\/encompaniastj.org\\\/pt-pt\\\/somos-rede-ve\\\/#breadcrumb\",\"itemListElement\":[{\"@type\":\"ListItem\",\"position\":1,\"name\":\"Portada\",\"item\":\"https:\\\/\\\/encompaniastj.org\\\/pt-pt\\\/\"},{\"@type\":\"ListItem\",\"position\":2,\"name\":\"Somos rede. V\u00ea!\"}]},{\"@type\":\"WebSite\",\"@id\":\"https:\\\/\\\/encompaniastj.org\\\/pt-pt\\\/#website\",\"url\":\"https:\\\/\\\/encompaniastj.org\\\/pt-pt\\\/\",\"name\":\"En Compa\u00f1\u00eda STJ\",\"description\":\"Bolet\u00edn de la Compa\u00f1\u00eda de Santa Teresa de Jes\u00fas\",\"publisher\":{\"@id\":\"https:\\\/\\\/encompaniastj.org\\\/pt-pt\\\/#organization\"},\"potentialAction\":[{\"@type\":\"SearchAction\",\"target\":{\"@type\":\"EntryPoint\",\"urlTemplate\":\"https:\\\/\\\/encompaniastj.org\\\/pt-pt\\\/?s={search_term_string}\"},\"query-input\":{\"@type\":\"PropertyValueSpecification\",\"valueRequired\":true,\"valueName\":\"search_term_string\"}}],\"inLanguage\":\"pt-PT\"},{\"@type\":\"Organization\",\"@id\":\"https:\\\/\\\/encompaniastj.org\\\/pt-pt\\\/#organization\",\"name\":\"Compa\u00f1\u00eda de Santa Teresa de Jes\u00fas\",\"url\":\"https:\\\/\\\/encompaniastj.org\\\/pt-pt\\\/\",\"logo\":{\"@type\":\"ImageObject\",\"inLanguage\":\"pt-PT\",\"@id\":\"https:\\\/\\\/encompaniastj.org\\\/pt-pt\\\/#\\\/schema\\\/logo\\\/image\\\/\",\"url\":\"https:\\\/\\\/encompaniastj.org\\\/wp-content\\\/uploads\\\/2025\\\/04\\\/logo_provincias02-1-3.png\",\"contentUrl\":\"https:\\\/\\\/encompaniastj.org\\\/wp-content\\\/uploads\\\/2025\\\/04\\\/logo_provincias02-1-3.png\",\"width\":2368,\"height\":825,\"caption\":\"Compa\u00f1\u00eda de Santa Teresa de Jes\u00fas\"},\"image\":{\"@id\":\"https:\\\/\\\/encompaniastj.org\\\/pt-pt\\\/#\\\/schema\\\/logo\\\/image\\\/\"}},{\"@type\":\"Person\",\"@id\":\"https:\\\/\\\/encompaniastj.org\\\/pt-pt\\\/#\\\/schema\\\/person\\\/520e7ecc314793d40091993c2a02b651\",\"name\":\"admin\",\"image\":{\"@type\":\"ImageObject\",\"inLanguage\":\"pt-PT\",\"@id\":\"https:\\\/\\\/secure.gravatar.com\\\/avatar\\\/948b492cce32b586ac2db0eaa926ee87024f7afe218d73b397ea5ddfc5f43ea1?s=96&d=mm&r=g\",\"url\":\"https:\\\/\\\/secure.gravatar.com\\\/avatar\\\/948b492cce32b586ac2db0eaa926ee87024f7afe218d73b397ea5ddfc5f43ea1?s=96&d=mm&r=g\",\"contentUrl\":\"https:\\\/\\\/secure.gravatar.com\\\/avatar\\\/948b492cce32b586ac2db0eaa926ee87024f7afe218d73b397ea5ddfc5f43ea1?s=96&d=mm&r=g\",\"caption\":\"admin\"},\"sameAs\":[\"https:\\\/\\\/encompaniastj.org\"],\"url\":\"https:\\\/\\\/encompaniastj.org\\\/pt-pt\\\/author\\\/sjdigital\\\/\"}]}<\/script>\n<!-- \/ Yoast SEO plugin. -->","yoast_head_json":{"title":"Somos rede. V\u00ea! - En Compa\u00f1\u00eda STJ","robots":{"index":"index","follow":"follow","max-snippet":"max-snippet:-1","max-image-preview":"max-image-preview:large","max-video-preview":"max-video-preview:-1"},"canonical":"https:\/\/encompaniastj.org\/pt-pt\/somos-rede-ve\/","og_locale":"pt_PT","og_type":"article","og_title":"Somos rede. V\u00ea! - En Compa\u00f1\u00eda STJ","og_description":"Isso mesmo, nos dias 2 e 3 de mar\u00e7o, um grupo de pessoas ligadas \u00e0 A\u00e7\u00e3o Social Teresiana, assom\u00e1mo-nos; cada um olhou da sua janela para uma janela maior e [&hellip;]","og_url":"https:\/\/encompaniastj.org\/pt-pt\/somos-rede-ve\/","og_site_name":"En Compa\u00f1\u00eda STJ","article_published_time":"2023-03-15T12:08:15+00:00","article_modified_time":"2025-07-07T14:24:16+00:00","og_image":[{"width":2560,"height":1440,"url":"https:\/\/encompaniastj.org\/wp-content\/uploads\/2025\/05\/f2-2-scaled-1.jpg","type":"image\/jpeg"}],"author":"admin","twitter_card":"summary_large_image","twitter_misc":{"Escrito por":"admin","Tempo estimado de leitura":"3 minutos"},"schema":{"@context":"https:\/\/schema.org","@graph":[{"@type":"Article","@id":"https:\/\/encompaniastj.org\/pt-pt\/somos-rede-ve\/#article","isPartOf":{"@id":"https:\/\/encompaniastj.org\/pt-pt\/somos-rede-ve\/"},"author":{"name":"admin","@id":"https:\/\/encompaniastj.org\/pt-pt\/#\/schema\/person\/520e7ecc314793d40091993c2a02b651"},"headline":"Somos rede. V\u00ea!","datePublished":"2023-03-15T12:08:15+00:00","dateModified":"2025-07-07T14:24:16+00:00","mainEntityOfPage":{"@id":"https:\/\/encompaniastj.org\/pt-pt\/somos-rede-ve\/"},"wordCount":488,"commentCount":0,"publisher":{"@id":"https:\/\/encompaniastj.org\/pt-pt\/#organization"},"image":{"@id":"https:\/\/encompaniastj.org\/pt-pt\/somos-rede-ve\/#primaryimage"},"thumbnailUrl":"https:\/\/encompaniastj.org\/wp-content\/uploads\/2025\/05\/f2-2-scaled-1.jpg","articleSection":["A\u00e7\u00e3o Social","Acci\u00f3n Social","Noticias"],"inLanguage":"pt-PT","potentialAction":[{"@type":"CommentAction","name":"Comment","target":["https:\/\/encompaniastj.org\/pt-pt\/somos-rede-ve\/#respond"]}]},{"@type":"WebPage","@id":"https:\/\/encompaniastj.org\/pt-pt\/somos-rede-ve\/","url":"https:\/\/encompaniastj.org\/pt-pt\/somos-rede-ve\/","name":"Somos rede. V\u00ea! - En Compa\u00f1\u00eda STJ","isPartOf":{"@id":"https:\/\/encompaniastj.org\/pt-pt\/#website"},"primaryImageOfPage":{"@id":"https:\/\/encompaniastj.org\/pt-pt\/somos-rede-ve\/#primaryimage"},"image":{"@id":"https:\/\/encompaniastj.org\/pt-pt\/somos-rede-ve\/#primaryimage"},"thumbnailUrl":"https:\/\/encompaniastj.org\/wp-content\/uploads\/2025\/05\/f2-2-scaled-1.jpg","datePublished":"2023-03-15T12:08:15+00:00","dateModified":"2025-07-07T14:24:16+00:00","breadcrumb":{"@id":"https:\/\/encompaniastj.org\/pt-pt\/somos-rede-ve\/#breadcrumb"},"inLanguage":"pt-PT","potentialAction":[{"@type":"ReadAction","target":["https:\/\/encompaniastj.org\/pt-pt\/somos-rede-ve\/"]}]},{"@type":"ImageObject","inLanguage":"pt-PT","@id":"https:\/\/encompaniastj.org\/pt-pt\/somos-rede-ve\/#primaryimage","url":"https:\/\/encompaniastj.org\/wp-content\/uploads\/2025\/05\/f2-2-scaled-1.jpg","contentUrl":"https:\/\/encompaniastj.org\/wp-content\/uploads\/2025\/05\/f2-2-scaled-1.jpg","width":2560,"height":1440},{"@type":"BreadcrumbList","@id":"https:\/\/encompaniastj.org\/pt-pt\/somos-rede-ve\/#breadcrumb","itemListElement":[{"@type":"ListItem","position":1,"name":"Portada","item":"https:\/\/encompaniastj.org\/pt-pt\/"},{"@type":"ListItem","position":2,"name":"Somos rede. V\u00ea!"}]},{"@type":"WebSite","@id":"https:\/\/encompaniastj.org\/pt-pt\/#website","url":"https:\/\/encompaniastj.org\/pt-pt\/","name":"En Compa\u00f1\u00eda STJ","description":"Bolet\u00edn de la Compa\u00f1\u00eda de Santa Teresa de Jes\u00fas","publisher":{"@id":"https:\/\/encompaniastj.org\/pt-pt\/#organization"},"potentialAction":[{"@type":"SearchAction","target":{"@type":"EntryPoint","urlTemplate":"https:\/\/encompaniastj.org\/pt-pt\/?s={search_term_string}"},"query-input":{"@type":"PropertyValueSpecification","valueRequired":true,"valueName":"search_term_string"}}],"inLanguage":"pt-PT"},{"@type":"Organization","@id":"https:\/\/encompaniastj.org\/pt-pt\/#organization","name":"Compa\u00f1\u00eda de Santa Teresa de Jes\u00fas","url":"https:\/\/encompaniastj.org\/pt-pt\/","logo":{"@type":"ImageObject","inLanguage":"pt-PT","@id":"https:\/\/encompaniastj.org\/pt-pt\/#\/schema\/logo\/image\/","url":"https:\/\/encompaniastj.org\/wp-content\/uploads\/2025\/04\/logo_provincias02-1-3.png","contentUrl":"https:\/\/encompaniastj.org\/wp-content\/uploads\/2025\/04\/logo_provincias02-1-3.png","width":2368,"height":825,"caption":"Compa\u00f1\u00eda de Santa Teresa de Jes\u00fas"},"image":{"@id":"https:\/\/encompaniastj.org\/pt-pt\/#\/schema\/logo\/image\/"}},{"@type":"Person","@id":"https:\/\/encompaniastj.org\/pt-pt\/#\/schema\/person\/520e7ecc314793d40091993c2a02b651","name":"admin","image":{"@type":"ImageObject","inLanguage":"pt-PT","@id":"https:\/\/secure.gravatar.com\/avatar\/948b492cce32b586ac2db0eaa926ee87024f7afe218d73b397ea5ddfc5f43ea1?s=96&d=mm&r=g","url":"https:\/\/secure.gravatar.com\/avatar\/948b492cce32b586ac2db0eaa926ee87024f7afe218d73b397ea5ddfc5f43ea1?s=96&d=mm&r=g","contentUrl":"https:\/\/secure.gravatar.com\/avatar\/948b492cce32b586ac2db0eaa926ee87024f7afe218d73b397ea5ddfc5f43ea1?s=96&d=mm&r=g","caption":"admin"},"sameAs":["https:\/\/encompaniastj.org"],"url":"https:\/\/encompaniastj.org\/pt-pt\/author\/sjdigital\/"}]}},"_links":{"self":[{"href":"https:\/\/encompaniastj.org\/pt-pt\/wp-json\/wp\/v2\/posts\/11510","targetHints":{"allow":["GET"]}}],"collection":[{"href":"https:\/\/encompaniastj.org\/pt-pt\/wp-json\/wp\/v2\/posts"}],"about":[{"href":"https:\/\/encompaniastj.org\/pt-pt\/wp-json\/wp\/v2\/types\/post"}],"author":[{"embeddable":true,"href":"https:\/\/encompaniastj.org\/pt-pt\/wp-json\/wp\/v2\/users\/1"}],"replies":[{"embeddable":true,"href":"https:\/\/encompaniastj.org\/pt-pt\/wp-json\/wp\/v2\/comments?post=11510"}],"version-history":[{"count":1,"href":"https:\/\/encompaniastj.org\/pt-pt\/wp-json\/wp\/v2\/posts\/11510\/revisions"}],"predecessor-version":[{"id":11511,"href":"https:\/\/encompaniastj.org\/pt-pt\/wp-json\/wp\/v2\/posts\/11510\/revisions\/11511"}],"wp:featuredmedia":[{"embeddable":true,"href":"https:\/\/encompaniastj.org\/pt-pt\/wp-json\/wp\/v2\/media\/8291"}],"wp:attachment":[{"href":"https:\/\/encompaniastj.org\/pt-pt\/wp-json\/wp\/v2\/media?parent=11510"}],"wp:term":[{"taxonomy":"category","embeddable":true,"href":"https:\/\/encompaniastj.org\/pt-pt\/wp-json\/wp\/v2\/categories?post=11510"},{"taxonomy":"post_tag","embeddable":true,"href":"https:\/\/encompaniastj.org\/pt-pt\/wp-json\/wp\/v2\/tags?post=11510"}],"curies":[{"name":"wp","href":"https:\/\/api.w.org\/{rel}","templated":true}]}}