{"id":11494,"date":"2023-03-07T13:24:16","date_gmt":"2023-03-07T12:24:16","guid":{"rendered":"https:\/\/encompaniastj.org\/festa-da-familia-teresiana-em-fatima\/"},"modified":"2025-07-07T16:24:14","modified_gmt":"2025-07-07T14:24:14","slug":"festa-da-familia-teresiana-em-fatima","status":"publish","type":"post","link":"https:\/\/encompaniastj.org\/pt-pt\/festa-da-familia-teresiana-em-fatima\/","title":{"rendered":"Festa da Fam\u00edlia Teresiana em F\u00e1tima"},"content":{"rendered":"<p>O dia 29 de janeiro de 2023 foi um dia de festa muito especial, para toda a Fam\u00edlia Teresiana, em Portugal. De norte a sul, todos rumaram a F\u00e1tima com alegria, f\u00e9 e entusiasmo atra\u00eddos pelo encanto e amor a Maria, a Senhora de F\u00e1tima.<\/p>\n<p>Todos os centros teresianos se fizeram representar atrav\u00e9s de alunos, educadores, irm\u00e3s, antigos alunos, amigos, familiares, MTA e Associados que nos honraram com a sua presen\u00e7a, unindo-nos em redes \u2013 teresian@s.<\/p>\n<p>Da parte da manh\u00e3, toda a Fam\u00edlia Teresiana, se integrou na Eucaristia, na Bas\u00edlica da Sant\u00edssima Trindade, participando do banquete, como povo de Deus, \u00e0 volta de Jesus. Seguiu-se depois o almo\u00e7o, de forma livre e descontra\u00edda, onde alguns aproveitaram para conviver e refor\u00e7ar la\u00e7os.<\/p>\n<p>Por volta das 14.00h, todos se encaminharam para o Sal\u00e3o Paulo VI, onde j\u00e1 os esperavam os Jovens do MTA, com as suas can\u00e7\u00f5es alegres e contagiantes, envolvendo assim toda a plateia, que teria cerca de mil pessoas.<\/p>\n<p>O momento alto desta tarde, foi o Musical: \u201cTudo por Jesus\u201d. Nele, de forma l\u00fadica e muito criativa, foi representada a vida de Jesus e dos seus ap\u00f3stolos incorporando Henrique de Oss\u00f3, como um disc\u00edpulo especial, que viveu na sua Vida, o Tudo por Jesus. Foi uma atua\u00e7\u00e3o, cujos atores foram alunos e ex-alunos dos tr\u00eas col\u00e9gios (Braga, Santo Tirso e Elvas), que brilharam e tornaram este dia uma experi\u00eancia de mensagem de evangeliza\u00e7\u00e3o muito profunda e inovadora. Todos os que assistiram, sa\u00edram maravilhados e surpreendidos com a beleza do espet\u00e1culo!<\/p>\n<p>Foi um dia de encontro em que todos sa\u00edmos revigorados e com desejo de conhecer e amar a Jesus em todos os lugares para onde somos de novo enviados.<\/p>\n<p><img loading=\"lazy\" decoding=\"async\" class=\"aligncenter wp-image-10976 size-full\" src=\"https:\/\/encompaniastj.org\/wp-content\/uploads\/2025\/05\/Imagen-1-5.jpg\" alt=\"\" width=\"850\" height=\"628\" \/><\/p>\n<p><img loading=\"lazy\" decoding=\"async\" class=\"aligncenter wp-image-10972 size-full\" src=\"https:\/\/encompaniastj.org\/wp-content\/uploads\/2025\/05\/f1-4.jpg\" alt=\"\" width=\"808\" height=\"605\" \/><\/p>\n<p><img loading=\"lazy\" decoding=\"async\" class=\"aligncenter wp-image-10976 size-full\" src=\"https:\/\/encompaniastj.org\/wp-content\/uploads\/2025\/05\/Imagen-1-5.jpg\" alt=\"\" width=\"850\" height=\"628\" \/><\/p>\n","protected":false},"excerpt":{"rendered":"<p>O dia 29 de janeiro de 2023 foi um dia de festa muito especial, para toda a Fam\u00edlia Teresiana, em Portugal. De norte a sul, todos rumaram a F\u00e1tima com [&hellip;]<\/p>\n","protected":false},"author":1,"featured_media":8282,"comment_status":"open","ping_status":"open","sticky":false,"template":"","format":"standard","meta":{"_acf_changed":false,"footnotes":""},"categories":[79,81],"tags":[],"class_list":["post-11494","post","type-post","status-publish","format-standard","has-post-thumbnail","hentry","category-stj","category-stj-pt"],"acf":[],"yoast_head":"<!-- This site is optimized with the Yoast SEO plugin v27.5 - https:\/\/yoast.com\/product\/yoast-seo-wordpress\/ -->\n<title>Festa da Fam\u00edlia Teresiana em F\u00e1tima - En Compa\u00f1\u00eda STJ<\/title>\n<meta name=\"robots\" content=\"index, follow, max-snippet:-1, max-image-preview:large, max-video-preview:-1\" \/>\n<link rel=\"canonical\" href=\"https:\/\/encompaniastj.org\/pt-pt\/festa-da-familia-teresiana-em-fatima\/\" \/>\n<meta property=\"og:locale\" content=\"pt_PT\" \/>\n<meta property=\"og:type\" content=\"article\" \/>\n<meta property=\"og:title\" content=\"Festa da Fam\u00edlia Teresiana em F\u00e1tima - En Compa\u00f1\u00eda STJ\" \/>\n<meta property=\"og:description\" content=\"O dia 29 de janeiro de 2023 foi um dia de festa muito especial, para toda a Fam\u00edlia Teresiana, em Portugal. De norte a sul, todos rumaram a F\u00e1tima com [&hellip;]\" \/>\n<meta property=\"og:url\" content=\"https:\/\/encompaniastj.org\/pt-pt\/festa-da-familia-teresiana-em-fatima\/\" \/>\n<meta property=\"og:site_name\" content=\"En Compa\u00f1\u00eda STJ\" \/>\n<meta property=\"article:published_time\" content=\"2023-03-07T12:24:16+00:00\" \/>\n<meta property=\"article:modified_time\" content=\"2025-07-07T14:24:14+00:00\" \/>\n<meta property=\"og:image\" content=\"https:\/\/encompaniastj.org\/wp-content\/uploads\/2025\/05\/f2-2.jpg\" \/>\n\t<meta property=\"og:image:width\" content=\"1440\" \/>\n\t<meta property=\"og:image:height\" content=\"1077\" \/>\n\t<meta property=\"og:image:type\" content=\"image\/jpeg\" \/>\n<meta name=\"author\" content=\"admin\" \/>\n<meta name=\"twitter:card\" content=\"summary_large_image\" \/>\n<meta name=\"twitter:label1\" content=\"Escrito por\" \/>\n\t<meta name=\"twitter:data1\" content=\"admin\" \/>\n\t<meta name=\"twitter:label2\" content=\"Tempo estimado de leitura\" \/>\n\t<meta name=\"twitter:data2\" content=\"2 minutos\" \/>\n<script type=\"application\/ld+json\" class=\"yoast-schema-graph\">{\"@context\":\"https:\\\/\\\/schema.org\",\"@graph\":[{\"@type\":\"Article\",\"@id\":\"https:\\\/\\\/encompaniastj.org\\\/pt-pt\\\/festa-da-familia-teresiana-em-fatima\\\/#article\",\"isPartOf\":{\"@id\":\"https:\\\/\\\/encompaniastj.org\\\/pt-pt\\\/festa-da-familia-teresiana-em-fatima\\\/\"},\"author\":{\"name\":\"admin\",\"@id\":\"https:\\\/\\\/encompaniastj.org\\\/pt-pt\\\/#\\\/schema\\\/person\\\/520e7ecc314793d40091993c2a02b651\"},\"headline\":\"Festa da Fam\u00edlia Teresiana em F\u00e1tima\",\"datePublished\":\"2023-03-07T12:24:16+00:00\",\"dateModified\":\"2025-07-07T14:24:14+00:00\",\"mainEntityOfPage\":{\"@id\":\"https:\\\/\\\/encompaniastj.org\\\/pt-pt\\\/festa-da-familia-teresiana-em-fatima\\\/\"},\"wordCount\":311,\"commentCount\":0,\"publisher\":{\"@id\":\"https:\\\/\\\/encompaniastj.org\\\/pt-pt\\\/#organization\"},\"image\":{\"@id\":\"https:\\\/\\\/encompaniastj.org\\\/pt-pt\\\/festa-da-familia-teresiana-em-fatima\\\/#primaryimage\"},\"thumbnailUrl\":\"https:\\\/\\\/encompaniastj.org\\\/wp-content\\\/uploads\\\/2025\\\/05\\\/f2-2.jpg\",\"articleSection\":[\"STJ\",\"STJ pt\"],\"inLanguage\":\"pt-PT\",\"potentialAction\":[{\"@type\":\"CommentAction\",\"name\":\"Comment\",\"target\":[\"https:\\\/\\\/encompaniastj.org\\\/pt-pt\\\/festa-da-familia-teresiana-em-fatima\\\/#respond\"]}]},{\"@type\":\"WebPage\",\"@id\":\"https:\\\/\\\/encompaniastj.org\\\/pt-pt\\\/festa-da-familia-teresiana-em-fatima\\\/\",\"url\":\"https:\\\/\\\/encompaniastj.org\\\/pt-pt\\\/festa-da-familia-teresiana-em-fatima\\\/\",\"name\":\"Festa da Fam\u00edlia Teresiana em F\u00e1tima - En Compa\u00f1\u00eda STJ\",\"isPartOf\":{\"@id\":\"https:\\\/\\\/encompaniastj.org\\\/pt-pt\\\/#website\"},\"primaryImageOfPage\":{\"@id\":\"https:\\\/\\\/encompaniastj.org\\\/pt-pt\\\/festa-da-familia-teresiana-em-fatima\\\/#primaryimage\"},\"image\":{\"@id\":\"https:\\\/\\\/encompaniastj.org\\\/pt-pt\\\/festa-da-familia-teresiana-em-fatima\\\/#primaryimage\"},\"thumbnailUrl\":\"https:\\\/\\\/encompaniastj.org\\\/wp-content\\\/uploads\\\/2025\\\/05\\\/f2-2.jpg\",\"datePublished\":\"2023-03-07T12:24:16+00:00\",\"dateModified\":\"2025-07-07T14:24:14+00:00\",\"breadcrumb\":{\"@id\":\"https:\\\/\\\/encompaniastj.org\\\/pt-pt\\\/festa-da-familia-teresiana-em-fatima\\\/#breadcrumb\"},\"inLanguage\":\"pt-PT\",\"potentialAction\":[{\"@type\":\"ReadAction\",\"target\":[\"https:\\\/\\\/encompaniastj.org\\\/pt-pt\\\/festa-da-familia-teresiana-em-fatima\\\/\"]}]},{\"@type\":\"ImageObject\",\"inLanguage\":\"pt-PT\",\"@id\":\"https:\\\/\\\/encompaniastj.org\\\/pt-pt\\\/festa-da-familia-teresiana-em-fatima\\\/#primaryimage\",\"url\":\"https:\\\/\\\/encompaniastj.org\\\/wp-content\\\/uploads\\\/2025\\\/05\\\/f2-2.jpg\",\"contentUrl\":\"https:\\\/\\\/encompaniastj.org\\\/wp-content\\\/uploads\\\/2025\\\/05\\\/f2-2.jpg\",\"width\":1440,\"height\":1077},{\"@type\":\"BreadcrumbList\",\"@id\":\"https:\\\/\\\/encompaniastj.org\\\/pt-pt\\\/festa-da-familia-teresiana-em-fatima\\\/#breadcrumb\",\"itemListElement\":[{\"@type\":\"ListItem\",\"position\":1,\"name\":\"Portada\",\"item\":\"https:\\\/\\\/encompaniastj.org\\\/pt-pt\\\/\"},{\"@type\":\"ListItem\",\"position\":2,\"name\":\"Festa da Fam\u00edlia Teresiana em F\u00e1tima\"}]},{\"@type\":\"WebSite\",\"@id\":\"https:\\\/\\\/encompaniastj.org\\\/pt-pt\\\/#website\",\"url\":\"https:\\\/\\\/encompaniastj.org\\\/pt-pt\\\/\",\"name\":\"En Compa\u00f1\u00eda STJ\",\"description\":\"Bolet\u00edn de la Compa\u00f1\u00eda de Santa Teresa de Jes\u00fas\",\"publisher\":{\"@id\":\"https:\\\/\\\/encompaniastj.org\\\/pt-pt\\\/#organization\"},\"potentialAction\":[{\"@type\":\"SearchAction\",\"target\":{\"@type\":\"EntryPoint\",\"urlTemplate\":\"https:\\\/\\\/encompaniastj.org\\\/pt-pt\\\/?s={search_term_string}\"},\"query-input\":{\"@type\":\"PropertyValueSpecification\",\"valueRequired\":true,\"valueName\":\"search_term_string\"}}],\"inLanguage\":\"pt-PT\"},{\"@type\":\"Organization\",\"@id\":\"https:\\\/\\\/encompaniastj.org\\\/pt-pt\\\/#organization\",\"name\":\"Compa\u00f1\u00eda de Santa Teresa de Jes\u00fas\",\"url\":\"https:\\\/\\\/encompaniastj.org\\\/pt-pt\\\/\",\"logo\":{\"@type\":\"ImageObject\",\"inLanguage\":\"pt-PT\",\"@id\":\"https:\\\/\\\/encompaniastj.org\\\/pt-pt\\\/#\\\/schema\\\/logo\\\/image\\\/\",\"url\":\"https:\\\/\\\/encompaniastj.org\\\/wp-content\\\/uploads\\\/2025\\\/04\\\/logo_provincias02-1-3.png\",\"contentUrl\":\"https:\\\/\\\/encompaniastj.org\\\/wp-content\\\/uploads\\\/2025\\\/04\\\/logo_provincias02-1-3.png\",\"width\":2368,\"height\":825,\"caption\":\"Compa\u00f1\u00eda de Santa Teresa de Jes\u00fas\"},\"image\":{\"@id\":\"https:\\\/\\\/encompaniastj.org\\\/pt-pt\\\/#\\\/schema\\\/logo\\\/image\\\/\"}},{\"@type\":\"Person\",\"@id\":\"https:\\\/\\\/encompaniastj.org\\\/pt-pt\\\/#\\\/schema\\\/person\\\/520e7ecc314793d40091993c2a02b651\",\"name\":\"admin\",\"image\":{\"@type\":\"ImageObject\",\"inLanguage\":\"pt-PT\",\"@id\":\"https:\\\/\\\/secure.gravatar.com\\\/avatar\\\/948b492cce32b586ac2db0eaa926ee87024f7afe218d73b397ea5ddfc5f43ea1?s=96&d=mm&r=g\",\"url\":\"https:\\\/\\\/secure.gravatar.com\\\/avatar\\\/948b492cce32b586ac2db0eaa926ee87024f7afe218d73b397ea5ddfc5f43ea1?s=96&d=mm&r=g\",\"contentUrl\":\"https:\\\/\\\/secure.gravatar.com\\\/avatar\\\/948b492cce32b586ac2db0eaa926ee87024f7afe218d73b397ea5ddfc5f43ea1?s=96&d=mm&r=g\",\"caption\":\"admin\"},\"sameAs\":[\"https:\\\/\\\/encompaniastj.org\"],\"url\":\"https:\\\/\\\/encompaniastj.org\\\/pt-pt\\\/author\\\/sjdigital\\\/\"}]}<\/script>\n<!-- \/ Yoast SEO plugin. -->","yoast_head_json":{"title":"Festa da Fam\u00edlia Teresiana em F\u00e1tima - En Compa\u00f1\u00eda STJ","robots":{"index":"index","follow":"follow","max-snippet":"max-snippet:-1","max-image-preview":"max-image-preview:large","max-video-preview":"max-video-preview:-1"},"canonical":"https:\/\/encompaniastj.org\/pt-pt\/festa-da-familia-teresiana-em-fatima\/","og_locale":"pt_PT","og_type":"article","og_title":"Festa da Fam\u00edlia Teresiana em F\u00e1tima - En Compa\u00f1\u00eda STJ","og_description":"O dia 29 de janeiro de 2023 foi um dia de festa muito especial, para toda a Fam\u00edlia Teresiana, em Portugal. De norte a sul, todos rumaram a F\u00e1tima com [&hellip;]","og_url":"https:\/\/encompaniastj.org\/pt-pt\/festa-da-familia-teresiana-em-fatima\/","og_site_name":"En Compa\u00f1\u00eda STJ","article_published_time":"2023-03-07T12:24:16+00:00","article_modified_time":"2025-07-07T14:24:14+00:00","og_image":[{"width":1440,"height":1077,"url":"https:\/\/encompaniastj.org\/wp-content\/uploads\/2025\/05\/f2-2.jpg","type":"image\/jpeg"}],"author":"admin","twitter_card":"summary_large_image","twitter_misc":{"Escrito por":"admin","Tempo estimado de leitura":"2 minutos"},"schema":{"@context":"https:\/\/schema.org","@graph":[{"@type":"Article","@id":"https:\/\/encompaniastj.org\/pt-pt\/festa-da-familia-teresiana-em-fatima\/#article","isPartOf":{"@id":"https:\/\/encompaniastj.org\/pt-pt\/festa-da-familia-teresiana-em-fatima\/"},"author":{"name":"admin","@id":"https:\/\/encompaniastj.org\/pt-pt\/#\/schema\/person\/520e7ecc314793d40091993c2a02b651"},"headline":"Festa da Fam\u00edlia Teresiana em F\u00e1tima","datePublished":"2023-03-07T12:24:16+00:00","dateModified":"2025-07-07T14:24:14+00:00","mainEntityOfPage":{"@id":"https:\/\/encompaniastj.org\/pt-pt\/festa-da-familia-teresiana-em-fatima\/"},"wordCount":311,"commentCount":0,"publisher":{"@id":"https:\/\/encompaniastj.org\/pt-pt\/#organization"},"image":{"@id":"https:\/\/encompaniastj.org\/pt-pt\/festa-da-familia-teresiana-em-fatima\/#primaryimage"},"thumbnailUrl":"https:\/\/encompaniastj.org\/wp-content\/uploads\/2025\/05\/f2-2.jpg","articleSection":["STJ","STJ pt"],"inLanguage":"pt-PT","potentialAction":[{"@type":"CommentAction","name":"Comment","target":["https:\/\/encompaniastj.org\/pt-pt\/festa-da-familia-teresiana-em-fatima\/#respond"]}]},{"@type":"WebPage","@id":"https:\/\/encompaniastj.org\/pt-pt\/festa-da-familia-teresiana-em-fatima\/","url":"https:\/\/encompaniastj.org\/pt-pt\/festa-da-familia-teresiana-em-fatima\/","name":"Festa da Fam\u00edlia Teresiana em F\u00e1tima - En Compa\u00f1\u00eda STJ","isPartOf":{"@id":"https:\/\/encompaniastj.org\/pt-pt\/#website"},"primaryImageOfPage":{"@id":"https:\/\/encompaniastj.org\/pt-pt\/festa-da-familia-teresiana-em-fatima\/#primaryimage"},"image":{"@id":"https:\/\/encompaniastj.org\/pt-pt\/festa-da-familia-teresiana-em-fatima\/#primaryimage"},"thumbnailUrl":"https:\/\/encompaniastj.org\/wp-content\/uploads\/2025\/05\/f2-2.jpg","datePublished":"2023-03-07T12:24:16+00:00","dateModified":"2025-07-07T14:24:14+00:00","breadcrumb":{"@id":"https:\/\/encompaniastj.org\/pt-pt\/festa-da-familia-teresiana-em-fatima\/#breadcrumb"},"inLanguage":"pt-PT","potentialAction":[{"@type":"ReadAction","target":["https:\/\/encompaniastj.org\/pt-pt\/festa-da-familia-teresiana-em-fatima\/"]}]},{"@type":"ImageObject","inLanguage":"pt-PT","@id":"https:\/\/encompaniastj.org\/pt-pt\/festa-da-familia-teresiana-em-fatima\/#primaryimage","url":"https:\/\/encompaniastj.org\/wp-content\/uploads\/2025\/05\/f2-2.jpg","contentUrl":"https:\/\/encompaniastj.org\/wp-content\/uploads\/2025\/05\/f2-2.jpg","width":1440,"height":1077},{"@type":"BreadcrumbList","@id":"https:\/\/encompaniastj.org\/pt-pt\/festa-da-familia-teresiana-em-fatima\/#breadcrumb","itemListElement":[{"@type":"ListItem","position":1,"name":"Portada","item":"https:\/\/encompaniastj.org\/pt-pt\/"},{"@type":"ListItem","position":2,"name":"Festa da Fam\u00edlia Teresiana em F\u00e1tima"}]},{"@type":"WebSite","@id":"https:\/\/encompaniastj.org\/pt-pt\/#website","url":"https:\/\/encompaniastj.org\/pt-pt\/","name":"En Compa\u00f1\u00eda STJ","description":"Bolet\u00edn de la Compa\u00f1\u00eda de Santa Teresa de Jes\u00fas","publisher":{"@id":"https:\/\/encompaniastj.org\/pt-pt\/#organization"},"potentialAction":[{"@type":"SearchAction","target":{"@type":"EntryPoint","urlTemplate":"https:\/\/encompaniastj.org\/pt-pt\/?s={search_term_string}"},"query-input":{"@type":"PropertyValueSpecification","valueRequired":true,"valueName":"search_term_string"}}],"inLanguage":"pt-PT"},{"@type":"Organization","@id":"https:\/\/encompaniastj.org\/pt-pt\/#organization","name":"Compa\u00f1\u00eda de Santa Teresa de Jes\u00fas","url":"https:\/\/encompaniastj.org\/pt-pt\/","logo":{"@type":"ImageObject","inLanguage":"pt-PT","@id":"https:\/\/encompaniastj.org\/pt-pt\/#\/schema\/logo\/image\/","url":"https:\/\/encompaniastj.org\/wp-content\/uploads\/2025\/04\/logo_provincias02-1-3.png","contentUrl":"https:\/\/encompaniastj.org\/wp-content\/uploads\/2025\/04\/logo_provincias02-1-3.png","width":2368,"height":825,"caption":"Compa\u00f1\u00eda de Santa Teresa de Jes\u00fas"},"image":{"@id":"https:\/\/encompaniastj.org\/pt-pt\/#\/schema\/logo\/image\/"}},{"@type":"Person","@id":"https:\/\/encompaniastj.org\/pt-pt\/#\/schema\/person\/520e7ecc314793d40091993c2a02b651","name":"admin","image":{"@type":"ImageObject","inLanguage":"pt-PT","@id":"https:\/\/secure.gravatar.com\/avatar\/948b492cce32b586ac2db0eaa926ee87024f7afe218d73b397ea5ddfc5f43ea1?s=96&d=mm&r=g","url":"https:\/\/secure.gravatar.com\/avatar\/948b492cce32b586ac2db0eaa926ee87024f7afe218d73b397ea5ddfc5f43ea1?s=96&d=mm&r=g","contentUrl":"https:\/\/secure.gravatar.com\/avatar\/948b492cce32b586ac2db0eaa926ee87024f7afe218d73b397ea5ddfc5f43ea1?s=96&d=mm&r=g","caption":"admin"},"sameAs":["https:\/\/encompaniastj.org"],"url":"https:\/\/encompaniastj.org\/pt-pt\/author\/sjdigital\/"}]}},"_links":{"self":[{"href":"https:\/\/encompaniastj.org\/pt-pt\/wp-json\/wp\/v2\/posts\/11494","targetHints":{"allow":["GET"]}}],"collection":[{"href":"https:\/\/encompaniastj.org\/pt-pt\/wp-json\/wp\/v2\/posts"}],"about":[{"href":"https:\/\/encompaniastj.org\/pt-pt\/wp-json\/wp\/v2\/types\/post"}],"author":[{"embeddable":true,"href":"https:\/\/encompaniastj.org\/pt-pt\/wp-json\/wp\/v2\/users\/1"}],"replies":[{"embeddable":true,"href":"https:\/\/encompaniastj.org\/pt-pt\/wp-json\/wp\/v2\/comments?post=11494"}],"version-history":[{"count":1,"href":"https:\/\/encompaniastj.org\/pt-pt\/wp-json\/wp\/v2\/posts\/11494\/revisions"}],"predecessor-version":[{"id":11495,"href":"https:\/\/encompaniastj.org\/pt-pt\/wp-json\/wp\/v2\/posts\/11494\/revisions\/11495"}],"wp:featuredmedia":[{"embeddable":true,"href":"https:\/\/encompaniastj.org\/pt-pt\/wp-json\/wp\/v2\/media\/8282"}],"wp:attachment":[{"href":"https:\/\/encompaniastj.org\/pt-pt\/wp-json\/wp\/v2\/media?parent=11494"}],"wp:term":[{"taxonomy":"category","embeddable":true,"href":"https:\/\/encompaniastj.org\/pt-pt\/wp-json\/wp\/v2\/categories?post=11494"},{"taxonomy":"post_tag","embeddable":true,"href":"https:\/\/encompaniastj.org\/pt-pt\/wp-json\/wp\/v2\/tags?post=11494"}],"curies":[{"name":"wp","href":"https:\/\/api.w.org\/{rel}","templated":true}]}}