{"id":11474,"date":"2023-02-17T07:42:40","date_gmt":"2023-02-17T06:42:40","guid":{"rendered":"https:\/\/encompaniastj.org\/preparacao-do-encontro-de-jovens-avila-lisboa-jjmj23\/"},"modified":"2025-07-07T16:24:12","modified_gmt":"2025-07-07T14:24:12","slug":"preparacao-do-encontro-de-jovens-avila-lisboa-jjmj23","status":"publish","type":"post","link":"https:\/\/encompaniastj.org\/pt-pt\/preparacao-do-encontro-de-jovens-avila-lisboa-jjmj23\/","title":{"rendered":"Prepara\u00e7\u00e3o do encontro de jovens \u00c1vila-Lisboa. JMJ23"},"content":{"rendered":"<p><strong>&#8220;Que o amor de Jesus forme as del\u00edcias das vossas almas&#8221; <\/strong><\/p>\n<p>Henrique de Oss\u00f3. Revista Teresiana 14, novembro de 1873.<\/p>\n<p>Nos dias 4 e 5 de fevereiro, uma equipa de irm\u00e3s e leigos,\u00a0 reuniu-se em Madrid para planear um encontro muito especial: o encontro teresiano de jovens que acontecer\u00e1 em \u00c1vila na prepara\u00e7\u00e3o para a JMJ23. Chegados de diversas partes da Espanha e \u00e2mbitos de miss\u00e3o (espiritualidade, pastoral e educa\u00e7\u00e3o) encontr\u00e1mo-nos com o cora\u00e7\u00e3o inquieto pela paix\u00e3o de acompanhar os jovens.<\/p>\n<p>O mundo est\u00e1 em chamas e os nossos jovens s\u00e3o pequenas luzes que com o calor dos seus cora\u00e7\u00f5es podem iluminar e cuidar da vida. Por isso, sonhar e criar em conjunto alguns dias que sejam para eles media\u00e7\u00e3o no seu caminho de ora\u00e7\u00e3o tornou-se um assunto de grande import\u00e2ncia que temos tratado com Deus. Inici\u00e1mos o encontro unidas na ora\u00e7\u00e3o e aproveit\u00e1mos para reler a nossa pr\u00f3pria experi\u00eancia de f\u00e9 \u00e0 luz das palavras de Henrique e Teresa. Avivado o nosso cora\u00e7\u00e3o, come\u00e7\u00e1mos a dan\u00e7ar juntos. Com base no lema da JMJ, &#8220;Maria levantou-se e saiu depressa&#8221;, trabalh\u00e1mos em pequenos grupos para encontrar as chaves que inspirar\u00e3o cada um dos tr\u00eas dias do encontro em \u00c1vila. Ser\u00e1 um momento em que os jovens poder\u00e3o aproximar-se dos tr\u00eas companheiros que todo cora\u00e7\u00e3o teresiano possui: Henrique, Teresa e Jesus. Cada uma de n\u00f3s tem a sua forma particular de pensar, sentir e amar, mas todas estas formas de dan\u00e7ar foram perfeitamente combinadas ao som de uma mesma m\u00fasica: a suave e terna melodia com que Deus acaricia as nossas vidas. Partilhar a mesa para trabalhar, para comer e tamb\u00e9m para celebrar a Eucaristia com outras pessoas no s\u00e1bado \u00e0 tarde, nos emocionou e fortaleceu em n\u00f3s o sentimento de irm\u00e3 e comunidade.<\/p>\n<p>Este fim de semana juntas, em que nos abandon\u00e1mos ao Esp\u00edrito para guiar as nossas a\u00e7\u00f5es, foi um deleite para nossas almas. Sentir que coloc\u00e1mos o pouco que h\u00e1 em cada uma de n\u00f3s para dar a conhecer Jesus aos jovens e ser media\u00e7\u00e3o para que vivam com profundidade a sua amizade com Ele, n\u00e3o pode sen\u00e3o deixar de encher a nossa alma de alegria.<\/p>\n<p>Para sempre, sempre, sempre: Tudo por Jesus. (Eva Cazalla)<\/p>\n<p><img loading=\"lazy\" decoding=\"async\" class=\"aligncenter wp-image-10917 size-large\" src=\"https:\/\/encompaniastj.org\/wp-content\/uploads\/2025\/05\/Imagen-1.png\" alt=\"\" width=\"1024\" height=\"819\" \/><\/p>\n<p><img loading=\"lazy\" decoding=\"async\" class=\"aligncenter wp-image-10919 size-large\" src=\"https:\/\/encompaniastj.org\/wp-content\/uploads\/2025\/05\/Imagen-2-5.jpg\" alt=\"\" width=\"1024\" height=\"520\" \/><\/p>\n","protected":false},"excerpt":{"rendered":"<p>&#8220;Que o amor de Jesus forme as del\u00edcias das vossas almas&#8221; Henrique de Oss\u00f3. Revista Teresiana 14, novembro de 1873. Nos dias 4 e 5 de fevereiro, uma equipa de [&hellip;]<\/p>\n","protected":false},"author":1,"featured_media":8270,"comment_status":"open","ping_status":"open","sticky":false,"template":"","format":"standard","meta":{"_acf_changed":false,"footnotes":""},"categories":[61,64],"tags":[],"class_list":["post-11474","post","type-post","status-publish","format-standard","has-post-thumbnail","hentry","category-noticias","category-pjvt"],"acf":[],"yoast_head":"<!-- This site is optimized with the Yoast SEO plugin v27.5 - https:\/\/yoast.com\/product\/yoast-seo-wordpress\/ -->\n<title>Prepara\u00e7\u00e3o do encontro de jovens \u00c1vila-Lisboa. JMJ23 - En Compa\u00f1\u00eda STJ<\/title>\n<meta name=\"robots\" content=\"index, follow, max-snippet:-1, max-image-preview:large, max-video-preview:-1\" \/>\n<link rel=\"canonical\" href=\"https:\/\/encompaniastj.org\/pt-pt\/preparacao-do-encontro-de-jovens-avila-lisboa-jjmj23\/\" \/>\n<meta property=\"og:locale\" content=\"pt_PT\" \/>\n<meta property=\"og:type\" content=\"article\" \/>\n<meta property=\"og:title\" content=\"Prepara\u00e7\u00e3o do encontro de jovens \u00c1vila-Lisboa. JMJ23 - En Compa\u00f1\u00eda STJ\" \/>\n<meta property=\"og:description\" content=\"&#8220;Que o amor de Jesus forme as del\u00edcias das vossas almas&#8221; Henrique de Oss\u00f3. Revista Teresiana 14, novembro de 1873. Nos dias 4 e 5 de fevereiro, uma equipa de [&hellip;]\" \/>\n<meta property=\"og:url\" content=\"https:\/\/encompaniastj.org\/pt-pt\/preparacao-do-encontro-de-jovens-avila-lisboa-jjmj23\/\" \/>\n<meta property=\"og:site_name\" content=\"En Compa\u00f1\u00eda STJ\" \/>\n<meta property=\"article:published_time\" content=\"2023-02-17T06:42:40+00:00\" \/>\n<meta property=\"article:modified_time\" content=\"2025-07-07T14:24:12+00:00\" \/>\n<meta property=\"og:image\" content=\"https:\/\/encompaniastj.org\/wp-content\/uploads\/2025\/05\/Imagen-3-3.jpg\" \/>\n\t<meta property=\"og:image:width\" content=\"2048\" \/>\n\t<meta property=\"og:image:height\" content=\"921\" \/>\n\t<meta property=\"og:image:type\" content=\"image\/jpeg\" \/>\n<meta name=\"author\" content=\"admin\" \/>\n<meta name=\"twitter:card\" content=\"summary_large_image\" \/>\n<meta name=\"twitter:label1\" content=\"Escrito por\" \/>\n\t<meta name=\"twitter:data1\" content=\"admin\" \/>\n\t<meta name=\"twitter:label2\" content=\"Tempo estimado de leitura\" \/>\n\t<meta name=\"twitter:data2\" content=\"3 minutos\" \/>\n<script type=\"application\/ld+json\" class=\"yoast-schema-graph\">{\"@context\":\"https:\\\/\\\/schema.org\",\"@graph\":[{\"@type\":\"Article\",\"@id\":\"https:\\\/\\\/encompaniastj.org\\\/pt-pt\\\/preparacao-do-encontro-de-jovens-avila-lisboa-jjmj23\\\/#article\",\"isPartOf\":{\"@id\":\"https:\\\/\\\/encompaniastj.org\\\/pt-pt\\\/preparacao-do-encontro-de-jovens-avila-lisboa-jjmj23\\\/\"},\"author\":{\"name\":\"admin\",\"@id\":\"https:\\\/\\\/encompaniastj.org\\\/pt-pt\\\/#\\\/schema\\\/person\\\/520e7ecc314793d40091993c2a02b651\"},\"headline\":\"Prepara\u00e7\u00e3o do encontro de jovens \u00c1vila-Lisboa. JMJ23\",\"datePublished\":\"2023-02-17T06:42:40+00:00\",\"dateModified\":\"2025-07-07T14:24:12+00:00\",\"mainEntityOfPage\":{\"@id\":\"https:\\\/\\\/encompaniastj.org\\\/pt-pt\\\/preparacao-do-encontro-de-jovens-avila-lisboa-jjmj23\\\/\"},\"wordCount\":409,\"commentCount\":0,\"publisher\":{\"@id\":\"https:\\\/\\\/encompaniastj.org\\\/pt-pt\\\/#organization\"},\"image\":{\"@id\":\"https:\\\/\\\/encompaniastj.org\\\/pt-pt\\\/preparacao-do-encontro-de-jovens-avila-lisboa-jjmj23\\\/#primaryimage\"},\"thumbnailUrl\":\"https:\\\/\\\/encompaniastj.org\\\/wp-content\\\/uploads\\\/2025\\\/05\\\/Imagen-3-3.jpg\",\"articleSection\":[\"Noticias\",\"PJVT\"],\"inLanguage\":\"pt-PT\",\"potentialAction\":[{\"@type\":\"CommentAction\",\"name\":\"Comment\",\"target\":[\"https:\\\/\\\/encompaniastj.org\\\/pt-pt\\\/preparacao-do-encontro-de-jovens-avila-lisboa-jjmj23\\\/#respond\"]}]},{\"@type\":\"WebPage\",\"@id\":\"https:\\\/\\\/encompaniastj.org\\\/pt-pt\\\/preparacao-do-encontro-de-jovens-avila-lisboa-jjmj23\\\/\",\"url\":\"https:\\\/\\\/encompaniastj.org\\\/pt-pt\\\/preparacao-do-encontro-de-jovens-avila-lisboa-jjmj23\\\/\",\"name\":\"Prepara\u00e7\u00e3o do encontro de jovens \u00c1vila-Lisboa. JMJ23 - En Compa\u00f1\u00eda STJ\",\"isPartOf\":{\"@id\":\"https:\\\/\\\/encompaniastj.org\\\/pt-pt\\\/#website\"},\"primaryImageOfPage\":{\"@id\":\"https:\\\/\\\/encompaniastj.org\\\/pt-pt\\\/preparacao-do-encontro-de-jovens-avila-lisboa-jjmj23\\\/#primaryimage\"},\"image\":{\"@id\":\"https:\\\/\\\/encompaniastj.org\\\/pt-pt\\\/preparacao-do-encontro-de-jovens-avila-lisboa-jjmj23\\\/#primaryimage\"},\"thumbnailUrl\":\"https:\\\/\\\/encompaniastj.org\\\/wp-content\\\/uploads\\\/2025\\\/05\\\/Imagen-3-3.jpg\",\"datePublished\":\"2023-02-17T06:42:40+00:00\",\"dateModified\":\"2025-07-07T14:24:12+00:00\",\"breadcrumb\":{\"@id\":\"https:\\\/\\\/encompaniastj.org\\\/pt-pt\\\/preparacao-do-encontro-de-jovens-avila-lisboa-jjmj23\\\/#breadcrumb\"},\"inLanguage\":\"pt-PT\",\"potentialAction\":[{\"@type\":\"ReadAction\",\"target\":[\"https:\\\/\\\/encompaniastj.org\\\/pt-pt\\\/preparacao-do-encontro-de-jovens-avila-lisboa-jjmj23\\\/\"]}]},{\"@type\":\"ImageObject\",\"inLanguage\":\"pt-PT\",\"@id\":\"https:\\\/\\\/encompaniastj.org\\\/pt-pt\\\/preparacao-do-encontro-de-jovens-avila-lisboa-jjmj23\\\/#primaryimage\",\"url\":\"https:\\\/\\\/encompaniastj.org\\\/wp-content\\\/uploads\\\/2025\\\/05\\\/Imagen-3-3.jpg\",\"contentUrl\":\"https:\\\/\\\/encompaniastj.org\\\/wp-content\\\/uploads\\\/2025\\\/05\\\/Imagen-3-3.jpg\",\"width\":2048,\"height\":921},{\"@type\":\"BreadcrumbList\",\"@id\":\"https:\\\/\\\/encompaniastj.org\\\/pt-pt\\\/preparacao-do-encontro-de-jovens-avila-lisboa-jjmj23\\\/#breadcrumb\",\"itemListElement\":[{\"@type\":\"ListItem\",\"position\":1,\"name\":\"Portada\",\"item\":\"https:\\\/\\\/encompaniastj.org\\\/pt-pt\\\/\"},{\"@type\":\"ListItem\",\"position\":2,\"name\":\"Prepara\u00e7\u00e3o do encontro de jovens \u00c1vila-Lisboa. JMJ23\"}]},{\"@type\":\"WebSite\",\"@id\":\"https:\\\/\\\/encompaniastj.org\\\/pt-pt\\\/#website\",\"url\":\"https:\\\/\\\/encompaniastj.org\\\/pt-pt\\\/\",\"name\":\"En Compa\u00f1\u00eda STJ\",\"description\":\"Bolet\u00edn de la Compa\u00f1\u00eda de Santa Teresa de Jes\u00fas\",\"publisher\":{\"@id\":\"https:\\\/\\\/encompaniastj.org\\\/pt-pt\\\/#organization\"},\"potentialAction\":[{\"@type\":\"SearchAction\",\"target\":{\"@type\":\"EntryPoint\",\"urlTemplate\":\"https:\\\/\\\/encompaniastj.org\\\/pt-pt\\\/?s={search_term_string}\"},\"query-input\":{\"@type\":\"PropertyValueSpecification\",\"valueRequired\":true,\"valueName\":\"search_term_string\"}}],\"inLanguage\":\"pt-PT\"},{\"@type\":\"Organization\",\"@id\":\"https:\\\/\\\/encompaniastj.org\\\/pt-pt\\\/#organization\",\"name\":\"Compa\u00f1\u00eda de Santa Teresa de Jes\u00fas\",\"url\":\"https:\\\/\\\/encompaniastj.org\\\/pt-pt\\\/\",\"logo\":{\"@type\":\"ImageObject\",\"inLanguage\":\"pt-PT\",\"@id\":\"https:\\\/\\\/encompaniastj.org\\\/pt-pt\\\/#\\\/schema\\\/logo\\\/image\\\/\",\"url\":\"https:\\\/\\\/encompaniastj.org\\\/wp-content\\\/uploads\\\/2025\\\/04\\\/logo_provincias02-1-3.png\",\"contentUrl\":\"https:\\\/\\\/encompaniastj.org\\\/wp-content\\\/uploads\\\/2025\\\/04\\\/logo_provincias02-1-3.png\",\"width\":2368,\"height\":825,\"caption\":\"Compa\u00f1\u00eda de Santa Teresa de Jes\u00fas\"},\"image\":{\"@id\":\"https:\\\/\\\/encompaniastj.org\\\/pt-pt\\\/#\\\/schema\\\/logo\\\/image\\\/\"}},{\"@type\":\"Person\",\"@id\":\"https:\\\/\\\/encompaniastj.org\\\/pt-pt\\\/#\\\/schema\\\/person\\\/520e7ecc314793d40091993c2a02b651\",\"name\":\"admin\",\"image\":{\"@type\":\"ImageObject\",\"inLanguage\":\"pt-PT\",\"@id\":\"https:\\\/\\\/secure.gravatar.com\\\/avatar\\\/948b492cce32b586ac2db0eaa926ee87024f7afe218d73b397ea5ddfc5f43ea1?s=96&d=mm&r=g\",\"url\":\"https:\\\/\\\/secure.gravatar.com\\\/avatar\\\/948b492cce32b586ac2db0eaa926ee87024f7afe218d73b397ea5ddfc5f43ea1?s=96&d=mm&r=g\",\"contentUrl\":\"https:\\\/\\\/secure.gravatar.com\\\/avatar\\\/948b492cce32b586ac2db0eaa926ee87024f7afe218d73b397ea5ddfc5f43ea1?s=96&d=mm&r=g\",\"caption\":\"admin\"},\"sameAs\":[\"https:\\\/\\\/encompaniastj.org\"],\"url\":\"https:\\\/\\\/encompaniastj.org\\\/pt-pt\\\/author\\\/sjdigital\\\/\"}]}<\/script>\n<!-- \/ Yoast SEO plugin. -->","yoast_head_json":{"title":"Prepara\u00e7\u00e3o do encontro de jovens \u00c1vila-Lisboa. JMJ23 - En Compa\u00f1\u00eda STJ","robots":{"index":"index","follow":"follow","max-snippet":"max-snippet:-1","max-image-preview":"max-image-preview:large","max-video-preview":"max-video-preview:-1"},"canonical":"https:\/\/encompaniastj.org\/pt-pt\/preparacao-do-encontro-de-jovens-avila-lisboa-jjmj23\/","og_locale":"pt_PT","og_type":"article","og_title":"Prepara\u00e7\u00e3o do encontro de jovens \u00c1vila-Lisboa. JMJ23 - En Compa\u00f1\u00eda STJ","og_description":"&#8220;Que o amor de Jesus forme as del\u00edcias das vossas almas&#8221; Henrique de Oss\u00f3. Revista Teresiana 14, novembro de 1873. Nos dias 4 e 5 de fevereiro, uma equipa de [&hellip;]","og_url":"https:\/\/encompaniastj.org\/pt-pt\/preparacao-do-encontro-de-jovens-avila-lisboa-jjmj23\/","og_site_name":"En Compa\u00f1\u00eda STJ","article_published_time":"2023-02-17T06:42:40+00:00","article_modified_time":"2025-07-07T14:24:12+00:00","og_image":[{"width":2048,"height":921,"url":"https:\/\/encompaniastj.org\/wp-content\/uploads\/2025\/05\/Imagen-3-3.jpg","type":"image\/jpeg"}],"author":"admin","twitter_card":"summary_large_image","twitter_misc":{"Escrito por":"admin","Tempo estimado de leitura":"3 minutos"},"schema":{"@context":"https:\/\/schema.org","@graph":[{"@type":"Article","@id":"https:\/\/encompaniastj.org\/pt-pt\/preparacao-do-encontro-de-jovens-avila-lisboa-jjmj23\/#article","isPartOf":{"@id":"https:\/\/encompaniastj.org\/pt-pt\/preparacao-do-encontro-de-jovens-avila-lisboa-jjmj23\/"},"author":{"name":"admin","@id":"https:\/\/encompaniastj.org\/pt-pt\/#\/schema\/person\/520e7ecc314793d40091993c2a02b651"},"headline":"Prepara\u00e7\u00e3o do encontro de jovens \u00c1vila-Lisboa. JMJ23","datePublished":"2023-02-17T06:42:40+00:00","dateModified":"2025-07-07T14:24:12+00:00","mainEntityOfPage":{"@id":"https:\/\/encompaniastj.org\/pt-pt\/preparacao-do-encontro-de-jovens-avila-lisboa-jjmj23\/"},"wordCount":409,"commentCount":0,"publisher":{"@id":"https:\/\/encompaniastj.org\/pt-pt\/#organization"},"image":{"@id":"https:\/\/encompaniastj.org\/pt-pt\/preparacao-do-encontro-de-jovens-avila-lisboa-jjmj23\/#primaryimage"},"thumbnailUrl":"https:\/\/encompaniastj.org\/wp-content\/uploads\/2025\/05\/Imagen-3-3.jpg","articleSection":["Noticias","PJVT"],"inLanguage":"pt-PT","potentialAction":[{"@type":"CommentAction","name":"Comment","target":["https:\/\/encompaniastj.org\/pt-pt\/preparacao-do-encontro-de-jovens-avila-lisboa-jjmj23\/#respond"]}]},{"@type":"WebPage","@id":"https:\/\/encompaniastj.org\/pt-pt\/preparacao-do-encontro-de-jovens-avila-lisboa-jjmj23\/","url":"https:\/\/encompaniastj.org\/pt-pt\/preparacao-do-encontro-de-jovens-avila-lisboa-jjmj23\/","name":"Prepara\u00e7\u00e3o do encontro de jovens \u00c1vila-Lisboa. JMJ23 - En Compa\u00f1\u00eda STJ","isPartOf":{"@id":"https:\/\/encompaniastj.org\/pt-pt\/#website"},"primaryImageOfPage":{"@id":"https:\/\/encompaniastj.org\/pt-pt\/preparacao-do-encontro-de-jovens-avila-lisboa-jjmj23\/#primaryimage"},"image":{"@id":"https:\/\/encompaniastj.org\/pt-pt\/preparacao-do-encontro-de-jovens-avila-lisboa-jjmj23\/#primaryimage"},"thumbnailUrl":"https:\/\/encompaniastj.org\/wp-content\/uploads\/2025\/05\/Imagen-3-3.jpg","datePublished":"2023-02-17T06:42:40+00:00","dateModified":"2025-07-07T14:24:12+00:00","breadcrumb":{"@id":"https:\/\/encompaniastj.org\/pt-pt\/preparacao-do-encontro-de-jovens-avila-lisboa-jjmj23\/#breadcrumb"},"inLanguage":"pt-PT","potentialAction":[{"@type":"ReadAction","target":["https:\/\/encompaniastj.org\/pt-pt\/preparacao-do-encontro-de-jovens-avila-lisboa-jjmj23\/"]}]},{"@type":"ImageObject","inLanguage":"pt-PT","@id":"https:\/\/encompaniastj.org\/pt-pt\/preparacao-do-encontro-de-jovens-avila-lisboa-jjmj23\/#primaryimage","url":"https:\/\/encompaniastj.org\/wp-content\/uploads\/2025\/05\/Imagen-3-3.jpg","contentUrl":"https:\/\/encompaniastj.org\/wp-content\/uploads\/2025\/05\/Imagen-3-3.jpg","width":2048,"height":921},{"@type":"BreadcrumbList","@id":"https:\/\/encompaniastj.org\/pt-pt\/preparacao-do-encontro-de-jovens-avila-lisboa-jjmj23\/#breadcrumb","itemListElement":[{"@type":"ListItem","position":1,"name":"Portada","item":"https:\/\/encompaniastj.org\/pt-pt\/"},{"@type":"ListItem","position":2,"name":"Prepara\u00e7\u00e3o do encontro de jovens \u00c1vila-Lisboa. JMJ23"}]},{"@type":"WebSite","@id":"https:\/\/encompaniastj.org\/pt-pt\/#website","url":"https:\/\/encompaniastj.org\/pt-pt\/","name":"En Compa\u00f1\u00eda STJ","description":"Bolet\u00edn de la Compa\u00f1\u00eda de Santa Teresa de Jes\u00fas","publisher":{"@id":"https:\/\/encompaniastj.org\/pt-pt\/#organization"},"potentialAction":[{"@type":"SearchAction","target":{"@type":"EntryPoint","urlTemplate":"https:\/\/encompaniastj.org\/pt-pt\/?s={search_term_string}"},"query-input":{"@type":"PropertyValueSpecification","valueRequired":true,"valueName":"search_term_string"}}],"inLanguage":"pt-PT"},{"@type":"Organization","@id":"https:\/\/encompaniastj.org\/pt-pt\/#organization","name":"Compa\u00f1\u00eda de Santa Teresa de Jes\u00fas","url":"https:\/\/encompaniastj.org\/pt-pt\/","logo":{"@type":"ImageObject","inLanguage":"pt-PT","@id":"https:\/\/encompaniastj.org\/pt-pt\/#\/schema\/logo\/image\/","url":"https:\/\/encompaniastj.org\/wp-content\/uploads\/2025\/04\/logo_provincias02-1-3.png","contentUrl":"https:\/\/encompaniastj.org\/wp-content\/uploads\/2025\/04\/logo_provincias02-1-3.png","width":2368,"height":825,"caption":"Compa\u00f1\u00eda de Santa Teresa de Jes\u00fas"},"image":{"@id":"https:\/\/encompaniastj.org\/pt-pt\/#\/schema\/logo\/image\/"}},{"@type":"Person","@id":"https:\/\/encompaniastj.org\/pt-pt\/#\/schema\/person\/520e7ecc314793d40091993c2a02b651","name":"admin","image":{"@type":"ImageObject","inLanguage":"pt-PT","@id":"https:\/\/secure.gravatar.com\/avatar\/948b492cce32b586ac2db0eaa926ee87024f7afe218d73b397ea5ddfc5f43ea1?s=96&d=mm&r=g","url":"https:\/\/secure.gravatar.com\/avatar\/948b492cce32b586ac2db0eaa926ee87024f7afe218d73b397ea5ddfc5f43ea1?s=96&d=mm&r=g","contentUrl":"https:\/\/secure.gravatar.com\/avatar\/948b492cce32b586ac2db0eaa926ee87024f7afe218d73b397ea5ddfc5f43ea1?s=96&d=mm&r=g","caption":"admin"},"sameAs":["https:\/\/encompaniastj.org"],"url":"https:\/\/encompaniastj.org\/pt-pt\/author\/sjdigital\/"}]}},"_links":{"self":[{"href":"https:\/\/encompaniastj.org\/pt-pt\/wp-json\/wp\/v2\/posts\/11474","targetHints":{"allow":["GET"]}}],"collection":[{"href":"https:\/\/encompaniastj.org\/pt-pt\/wp-json\/wp\/v2\/posts"}],"about":[{"href":"https:\/\/encompaniastj.org\/pt-pt\/wp-json\/wp\/v2\/types\/post"}],"author":[{"embeddable":true,"href":"https:\/\/encompaniastj.org\/pt-pt\/wp-json\/wp\/v2\/users\/1"}],"replies":[{"embeddable":true,"href":"https:\/\/encompaniastj.org\/pt-pt\/wp-json\/wp\/v2\/comments?post=11474"}],"version-history":[{"count":1,"href":"https:\/\/encompaniastj.org\/pt-pt\/wp-json\/wp\/v2\/posts\/11474\/revisions"}],"predecessor-version":[{"id":11475,"href":"https:\/\/encompaniastj.org\/pt-pt\/wp-json\/wp\/v2\/posts\/11474\/revisions\/11475"}],"wp:featuredmedia":[{"embeddable":true,"href":"https:\/\/encompaniastj.org\/pt-pt\/wp-json\/wp\/v2\/media\/8270"}],"wp:attachment":[{"href":"https:\/\/encompaniastj.org\/pt-pt\/wp-json\/wp\/v2\/media?parent=11474"}],"wp:term":[{"taxonomy":"category","embeddable":true,"href":"https:\/\/encompaniastj.org\/pt-pt\/wp-json\/wp\/v2\/categories?post=11474"},{"taxonomy":"post_tag","embeddable":true,"href":"https:\/\/encompaniastj.org\/pt-pt\/wp-json\/wp\/v2\/tags?post=11474"}],"curies":[{"name":"wp","href":"https:\/\/api.w.org\/{rel}","templated":true}]}}