{"id":11466,"date":"2023-02-15T07:55:16","date_gmt":"2023-02-15T06:55:16","guid":{"rendered":"https:\/\/encompaniastj.org\/fatima-assembleia-provincial\/"},"modified":"2025-07-07T16:24:11","modified_gmt":"2025-07-07T14:24:11","slug":"fatima-assembleia-provincial","status":"publish","type":"post","link":"https:\/\/encompaniastj.org\/pt-pt\/fatima-assembleia-provincial\/","title":{"rendered":"F\u00e1tima, Assembleia Provincial"},"content":{"rendered":"<p>Mais um percurso no nosso caminhar capitular: <em>\u201cmovimento\u201d<\/em> que nos abre um horizonte de esperan\u00e7a e de vida.<\/p>\n<p>No fim de semana, de 4 e 5 de fevereiro, reuniu-se, em F\u00e1tima, um grupo de leigos e irm\u00e3s provenientes de diversas localidades de Espanha e Portugal. \u201c<em>Animadas pelo Esp\u00edrito, em di\u00e1logo com a realidade do mundo (\u2026) sentimo-nos chamadas a percorrer um caminho de abertura e de convers\u00e3o a uma Nova Consci\u00eancia da nossa identidade comunit\u00e1ria\u201d.<\/em><\/p>\n<p>Com o esp\u00edrito imbu\u00eddo, <em>desta consci\u00eancia\u2026<\/em>, cada uma disp\u00f4s-se a fazer caminho conjunto com mais de meia centena de irm\u00e3s e leigos.<\/p>\n<p>Depois de umas palavras calorosas de boas-vindas da Isabel del Valle, Coordenadora Provincial, fez-se uma apresenta\u00e7\u00e3o dos leigos que no s\u00e1bado fizeram caminho lado a lado connosco.<\/p>\n<p>De seguida, uma rica ilumina\u00e7\u00e3o proferida pelo Dr. Prof. Rog\u00e9rio Roque Amaro, economista, que nos abriu a mente e o cora\u00e7\u00e3o com uma exposi\u00e7\u00e3o subordinada ao tema capitular: <em>\u201cNOVA CONSCI\u00caNCIA DA NOSSA IDENTIDADE COMUNIT\u00c1RIA\u201d<\/em>. Abordou o tema tendo em conta tr\u00eas pontos fulcrais:<em> Fontes de Inspira\u00e7\u00e3o, Conceito de Comunidade e Desafios de uma Miss\u00e3o Comunit\u00e1ria.<\/em> Com um discurso simples e convincente, o Dr. Amaro interpelou-nos com a sua mensagem, vasta experi\u00eancia e compromisso de vida.<\/p>\n<p>A partilha em grupos e o plen\u00e1rio foram tamb\u00e9m momentos fortes de reflex\u00e3o. Termin\u00e1mos a manh\u00e3 com uma breve s\u00edntese, sumariada em nove pontos, elaborada pelo Dr. Amaro. Manh\u00e3 muito rica e interpeladora.<\/p>\n<p>Da parte de tarde, continu\u00e1mos a Assembleia com um ritmo c\u00e9lere, mas nada cansativo. T\u00ednhamos entre as m\u00e3os a vida, a nossa vida, que queremos abra\u00e7ar para que surja vida e <em>Vida em abund\u00e2ncia<\/em>. Reflex\u00e3o individual, reflex\u00e3o em grupo, plen\u00e1rios e s\u00ednteses, foram os diversos caminhos percorridos ao longo dos temas: <em>\u201cSomos com outros\u201d;<\/em> <em>\u201cVulnerabilidade<\/em>\u201d; \u201c<em>Lideran\u00e7a Sinodal\u201d; \u201cCuidado da Vida\u201d<\/em>. \u00a0Saboreamos o que os leigos nos transmitiram, a vida de cada irm\u00e3, das nossas comunidades\u2026, porque a pessoa <em>s\u00e1bia \u00e9 aquela que sintoniza, atentamente, os seus ouvidos aos desejos do cora\u00e7\u00e3o.<\/em><\/p>\n<p>Inici\u00e1mos o dia seguinte com a eucaristia. Uma eucaristia impregnada do tema capitular, sobretudo na introdu\u00e7\u00e3o e ofert\u00f3rio\u2026 O resto da manh\u00e3, foi preenchida, novamente, com reflex\u00e3o em grupos e partilha em assembleia do tema capitular.<\/p>\n<p>Termin\u00e1mos a nossa Assembleia com uma s\u00edntese orientada pela Irm\u00e3 \u00c2ngela Cuadra, Vig\u00e1ria Geral.<\/p>\n<p>E encerr\u00e1mos esta etapa capitular com um momento de ora\u00e7\u00e3o que terminou com um canto muito sugestivo: <em>\u201cN\u00f3s Te damos gra\u00e7as\u201d<\/em>.<\/p>\n<p>Um bem-haja a todas que tornaram poss\u00edvel este encontro em \u201cTerras de Santa Maria\u201d<\/p>\n<p>(Concei\u00e7\u00e3o Marques,stj)<\/p>\n<p><img loading=\"lazy\" decoding=\"async\" class=\"aligncenter wp-image-10875 size-large\" src=\"https:\/\/encompaniastj.org\/wp-content\/uploads\/2025\/05\/f3-1.jpeg\" alt=\"\" width=\"1024\" height=\"768\" \/><\/p>\n<p><img loading=\"lazy\" decoding=\"async\" class=\"aligncenter wp-image-10873 size-large\" src=\"https:\/\/encompaniastj.org\/wp-content\/uploads\/2025\/05\/f2-1.jpeg\" alt=\"\" width=\"1024\" height=\"768\" \/><\/p>\n<p><img loading=\"lazy\" decoding=\"async\" class=\"aligncenter wp-image-10871 size-large\" src=\"https:\/\/encompaniastj.org\/wp-content\/uploads\/2025\/05\/f1-1.jpeg\" alt=\"\" width=\"1024\" height=\"768\" \/><\/p>\n<p>&nbsp;<\/p>\n","protected":false},"excerpt":{"rendered":"<p>Mais um percurso no nosso caminhar capitular: \u201cmovimento\u201d que nos abre um horizonte de esperan\u00e7a e de vida. No fim de semana, de 4 e 5 de fevereiro, reuniu-se, em [&hellip;]<\/p>\n","protected":false},"author":1,"featured_media":8264,"comment_status":"open","ping_status":"open","sticky":false,"template":"","format":"standard","meta":{"_acf_changed":false,"footnotes":""},"categories":[61,62,68],"tags":[],"class_list":["post-11466","post","type-post","status-publish","format-standard","has-post-thumbnail","hentry","category-noticias","category-otras","category-outras"],"acf":[],"yoast_head":"<!-- This site is optimized with the Yoast SEO plugin v27.5 - https:\/\/yoast.com\/product\/yoast-seo-wordpress\/ -->\n<title>F\u00e1tima, Assembleia Provincial - En Compa\u00f1\u00eda STJ<\/title>\n<meta name=\"robots\" content=\"index, follow, max-snippet:-1, max-image-preview:large, max-video-preview:-1\" \/>\n<link rel=\"canonical\" href=\"https:\/\/encompaniastj.org\/pt-pt\/fatima-assembleia-provincial\/\" \/>\n<meta property=\"og:locale\" content=\"pt_PT\" \/>\n<meta property=\"og:type\" content=\"article\" \/>\n<meta property=\"og:title\" content=\"F\u00e1tima, Assembleia Provincial - En Compa\u00f1\u00eda STJ\" \/>\n<meta property=\"og:description\" content=\"Mais um percurso no nosso caminhar capitular: \u201cmovimento\u201d que nos abre um horizonte de esperan\u00e7a e de vida. No fim de semana, de 4 e 5 de fevereiro, reuniu-se, em [&hellip;]\" \/>\n<meta property=\"og:url\" content=\"https:\/\/encompaniastj.org\/pt-pt\/fatima-assembleia-provincial\/\" \/>\n<meta property=\"og:site_name\" content=\"En Compa\u00f1\u00eda STJ\" \/>\n<meta property=\"article:published_time\" content=\"2023-02-15T06:55:16+00:00\" \/>\n<meta property=\"article:modified_time\" content=\"2025-07-07T14:24:11+00:00\" \/>\n<meta property=\"og:image\" content=\"https:\/\/encompaniastj.org\/wp-content\/uploads\/2025\/05\/f4.jpeg\" \/>\n\t<meta property=\"og:image:width\" content=\"1600\" \/>\n\t<meta property=\"og:image:height\" content=\"1200\" \/>\n\t<meta property=\"og:image:type\" content=\"image\/jpeg\" \/>\n<meta name=\"author\" content=\"admin\" \/>\n<meta name=\"twitter:card\" content=\"summary_large_image\" \/>\n<meta name=\"twitter:label1\" content=\"Escrito por\" \/>\n\t<meta name=\"twitter:data1\" content=\"admin\" \/>\n\t<meta name=\"twitter:label2\" content=\"Tempo estimado de leitura\" \/>\n\t<meta name=\"twitter:data2\" content=\"3 minutos\" \/>\n<script type=\"application\/ld+json\" class=\"yoast-schema-graph\">{\"@context\":\"https:\\\/\\\/schema.org\",\"@graph\":[{\"@type\":\"Article\",\"@id\":\"https:\\\/\\\/encompaniastj.org\\\/pt-pt\\\/fatima-assembleia-provincial\\\/#article\",\"isPartOf\":{\"@id\":\"https:\\\/\\\/encompaniastj.org\\\/pt-pt\\\/fatima-assembleia-provincial\\\/\"},\"author\":{\"name\":\"admin\",\"@id\":\"https:\\\/\\\/encompaniastj.org\\\/pt-pt\\\/#\\\/schema\\\/person\\\/520e7ecc314793d40091993c2a02b651\"},\"headline\":\"F\u00e1tima, Assembleia Provincial\",\"datePublished\":\"2023-02-15T06:55:16+00:00\",\"dateModified\":\"2025-07-07T14:24:11+00:00\",\"mainEntityOfPage\":{\"@id\":\"https:\\\/\\\/encompaniastj.org\\\/pt-pt\\\/fatima-assembleia-provincial\\\/\"},\"wordCount\":469,\"commentCount\":0,\"publisher\":{\"@id\":\"https:\\\/\\\/encompaniastj.org\\\/pt-pt\\\/#organization\"},\"image\":{\"@id\":\"https:\\\/\\\/encompaniastj.org\\\/pt-pt\\\/fatima-assembleia-provincial\\\/#primaryimage\"},\"thumbnailUrl\":\"https:\\\/\\\/encompaniastj.org\\\/wp-content\\\/uploads\\\/2025\\\/05\\\/f4.jpeg\",\"articleSection\":[\"Noticias\",\"Otras\",\"Outras\"],\"inLanguage\":\"pt-PT\",\"potentialAction\":[{\"@type\":\"CommentAction\",\"name\":\"Comment\",\"target\":[\"https:\\\/\\\/encompaniastj.org\\\/pt-pt\\\/fatima-assembleia-provincial\\\/#respond\"]}]},{\"@type\":\"WebPage\",\"@id\":\"https:\\\/\\\/encompaniastj.org\\\/pt-pt\\\/fatima-assembleia-provincial\\\/\",\"url\":\"https:\\\/\\\/encompaniastj.org\\\/pt-pt\\\/fatima-assembleia-provincial\\\/\",\"name\":\"F\u00e1tima, Assembleia Provincial - En Compa\u00f1\u00eda STJ\",\"isPartOf\":{\"@id\":\"https:\\\/\\\/encompaniastj.org\\\/pt-pt\\\/#website\"},\"primaryImageOfPage\":{\"@id\":\"https:\\\/\\\/encompaniastj.org\\\/pt-pt\\\/fatima-assembleia-provincial\\\/#primaryimage\"},\"image\":{\"@id\":\"https:\\\/\\\/encompaniastj.org\\\/pt-pt\\\/fatima-assembleia-provincial\\\/#primaryimage\"},\"thumbnailUrl\":\"https:\\\/\\\/encompaniastj.org\\\/wp-content\\\/uploads\\\/2025\\\/05\\\/f4.jpeg\",\"datePublished\":\"2023-02-15T06:55:16+00:00\",\"dateModified\":\"2025-07-07T14:24:11+00:00\",\"breadcrumb\":{\"@id\":\"https:\\\/\\\/encompaniastj.org\\\/pt-pt\\\/fatima-assembleia-provincial\\\/#breadcrumb\"},\"inLanguage\":\"pt-PT\",\"potentialAction\":[{\"@type\":\"ReadAction\",\"target\":[\"https:\\\/\\\/encompaniastj.org\\\/pt-pt\\\/fatima-assembleia-provincial\\\/\"]}]},{\"@type\":\"ImageObject\",\"inLanguage\":\"pt-PT\",\"@id\":\"https:\\\/\\\/encompaniastj.org\\\/pt-pt\\\/fatima-assembleia-provincial\\\/#primaryimage\",\"url\":\"https:\\\/\\\/encompaniastj.org\\\/wp-content\\\/uploads\\\/2025\\\/05\\\/f4.jpeg\",\"contentUrl\":\"https:\\\/\\\/encompaniastj.org\\\/wp-content\\\/uploads\\\/2025\\\/05\\\/f4.jpeg\",\"width\":1600,\"height\":1200},{\"@type\":\"BreadcrumbList\",\"@id\":\"https:\\\/\\\/encompaniastj.org\\\/pt-pt\\\/fatima-assembleia-provincial\\\/#breadcrumb\",\"itemListElement\":[{\"@type\":\"ListItem\",\"position\":1,\"name\":\"Portada\",\"item\":\"https:\\\/\\\/encompaniastj.org\\\/pt-pt\\\/\"},{\"@type\":\"ListItem\",\"position\":2,\"name\":\"F\u00e1tima, Assembleia Provincial\"}]},{\"@type\":\"WebSite\",\"@id\":\"https:\\\/\\\/encompaniastj.org\\\/pt-pt\\\/#website\",\"url\":\"https:\\\/\\\/encompaniastj.org\\\/pt-pt\\\/\",\"name\":\"En Compa\u00f1\u00eda STJ\",\"description\":\"Bolet\u00edn de la Compa\u00f1\u00eda de Santa Teresa de Jes\u00fas\",\"publisher\":{\"@id\":\"https:\\\/\\\/encompaniastj.org\\\/pt-pt\\\/#organization\"},\"potentialAction\":[{\"@type\":\"SearchAction\",\"target\":{\"@type\":\"EntryPoint\",\"urlTemplate\":\"https:\\\/\\\/encompaniastj.org\\\/pt-pt\\\/?s={search_term_string}\"},\"query-input\":{\"@type\":\"PropertyValueSpecification\",\"valueRequired\":true,\"valueName\":\"search_term_string\"}}],\"inLanguage\":\"pt-PT\"},{\"@type\":\"Organization\",\"@id\":\"https:\\\/\\\/encompaniastj.org\\\/pt-pt\\\/#organization\",\"name\":\"Compa\u00f1\u00eda de Santa Teresa de Jes\u00fas\",\"url\":\"https:\\\/\\\/encompaniastj.org\\\/pt-pt\\\/\",\"logo\":{\"@type\":\"ImageObject\",\"inLanguage\":\"pt-PT\",\"@id\":\"https:\\\/\\\/encompaniastj.org\\\/pt-pt\\\/#\\\/schema\\\/logo\\\/image\\\/\",\"url\":\"https:\\\/\\\/encompaniastj.org\\\/wp-content\\\/uploads\\\/2025\\\/04\\\/logo_provincias02-1-3.png\",\"contentUrl\":\"https:\\\/\\\/encompaniastj.org\\\/wp-content\\\/uploads\\\/2025\\\/04\\\/logo_provincias02-1-3.png\",\"width\":2368,\"height\":825,\"caption\":\"Compa\u00f1\u00eda de Santa Teresa de Jes\u00fas\"},\"image\":{\"@id\":\"https:\\\/\\\/encompaniastj.org\\\/pt-pt\\\/#\\\/schema\\\/logo\\\/image\\\/\"}},{\"@type\":\"Person\",\"@id\":\"https:\\\/\\\/encompaniastj.org\\\/pt-pt\\\/#\\\/schema\\\/person\\\/520e7ecc314793d40091993c2a02b651\",\"name\":\"admin\",\"image\":{\"@type\":\"ImageObject\",\"inLanguage\":\"pt-PT\",\"@id\":\"https:\\\/\\\/secure.gravatar.com\\\/avatar\\\/948b492cce32b586ac2db0eaa926ee87024f7afe218d73b397ea5ddfc5f43ea1?s=96&d=mm&r=g\",\"url\":\"https:\\\/\\\/secure.gravatar.com\\\/avatar\\\/948b492cce32b586ac2db0eaa926ee87024f7afe218d73b397ea5ddfc5f43ea1?s=96&d=mm&r=g\",\"contentUrl\":\"https:\\\/\\\/secure.gravatar.com\\\/avatar\\\/948b492cce32b586ac2db0eaa926ee87024f7afe218d73b397ea5ddfc5f43ea1?s=96&d=mm&r=g\",\"caption\":\"admin\"},\"sameAs\":[\"https:\\\/\\\/encompaniastj.org\"],\"url\":\"https:\\\/\\\/encompaniastj.org\\\/pt-pt\\\/author\\\/sjdigital\\\/\"}]}<\/script>\n<!-- \/ Yoast SEO plugin. -->","yoast_head_json":{"title":"F\u00e1tima, Assembleia Provincial - En Compa\u00f1\u00eda STJ","robots":{"index":"index","follow":"follow","max-snippet":"max-snippet:-1","max-image-preview":"max-image-preview:large","max-video-preview":"max-video-preview:-1"},"canonical":"https:\/\/encompaniastj.org\/pt-pt\/fatima-assembleia-provincial\/","og_locale":"pt_PT","og_type":"article","og_title":"F\u00e1tima, Assembleia Provincial - En Compa\u00f1\u00eda STJ","og_description":"Mais um percurso no nosso caminhar capitular: \u201cmovimento\u201d que nos abre um horizonte de esperan\u00e7a e de vida. No fim de semana, de 4 e 5 de fevereiro, reuniu-se, em [&hellip;]","og_url":"https:\/\/encompaniastj.org\/pt-pt\/fatima-assembleia-provincial\/","og_site_name":"En Compa\u00f1\u00eda STJ","article_published_time":"2023-02-15T06:55:16+00:00","article_modified_time":"2025-07-07T14:24:11+00:00","og_image":[{"width":1600,"height":1200,"url":"https:\/\/encompaniastj.org\/wp-content\/uploads\/2025\/05\/f4.jpeg","type":"image\/jpeg"}],"author":"admin","twitter_card":"summary_large_image","twitter_misc":{"Escrito por":"admin","Tempo estimado de leitura":"3 minutos"},"schema":{"@context":"https:\/\/schema.org","@graph":[{"@type":"Article","@id":"https:\/\/encompaniastj.org\/pt-pt\/fatima-assembleia-provincial\/#article","isPartOf":{"@id":"https:\/\/encompaniastj.org\/pt-pt\/fatima-assembleia-provincial\/"},"author":{"name":"admin","@id":"https:\/\/encompaniastj.org\/pt-pt\/#\/schema\/person\/520e7ecc314793d40091993c2a02b651"},"headline":"F\u00e1tima, Assembleia Provincial","datePublished":"2023-02-15T06:55:16+00:00","dateModified":"2025-07-07T14:24:11+00:00","mainEntityOfPage":{"@id":"https:\/\/encompaniastj.org\/pt-pt\/fatima-assembleia-provincial\/"},"wordCount":469,"commentCount":0,"publisher":{"@id":"https:\/\/encompaniastj.org\/pt-pt\/#organization"},"image":{"@id":"https:\/\/encompaniastj.org\/pt-pt\/fatima-assembleia-provincial\/#primaryimage"},"thumbnailUrl":"https:\/\/encompaniastj.org\/wp-content\/uploads\/2025\/05\/f4.jpeg","articleSection":["Noticias","Otras","Outras"],"inLanguage":"pt-PT","potentialAction":[{"@type":"CommentAction","name":"Comment","target":["https:\/\/encompaniastj.org\/pt-pt\/fatima-assembleia-provincial\/#respond"]}]},{"@type":"WebPage","@id":"https:\/\/encompaniastj.org\/pt-pt\/fatima-assembleia-provincial\/","url":"https:\/\/encompaniastj.org\/pt-pt\/fatima-assembleia-provincial\/","name":"F\u00e1tima, Assembleia Provincial - En Compa\u00f1\u00eda STJ","isPartOf":{"@id":"https:\/\/encompaniastj.org\/pt-pt\/#website"},"primaryImageOfPage":{"@id":"https:\/\/encompaniastj.org\/pt-pt\/fatima-assembleia-provincial\/#primaryimage"},"image":{"@id":"https:\/\/encompaniastj.org\/pt-pt\/fatima-assembleia-provincial\/#primaryimage"},"thumbnailUrl":"https:\/\/encompaniastj.org\/wp-content\/uploads\/2025\/05\/f4.jpeg","datePublished":"2023-02-15T06:55:16+00:00","dateModified":"2025-07-07T14:24:11+00:00","breadcrumb":{"@id":"https:\/\/encompaniastj.org\/pt-pt\/fatima-assembleia-provincial\/#breadcrumb"},"inLanguage":"pt-PT","potentialAction":[{"@type":"ReadAction","target":["https:\/\/encompaniastj.org\/pt-pt\/fatima-assembleia-provincial\/"]}]},{"@type":"ImageObject","inLanguage":"pt-PT","@id":"https:\/\/encompaniastj.org\/pt-pt\/fatima-assembleia-provincial\/#primaryimage","url":"https:\/\/encompaniastj.org\/wp-content\/uploads\/2025\/05\/f4.jpeg","contentUrl":"https:\/\/encompaniastj.org\/wp-content\/uploads\/2025\/05\/f4.jpeg","width":1600,"height":1200},{"@type":"BreadcrumbList","@id":"https:\/\/encompaniastj.org\/pt-pt\/fatima-assembleia-provincial\/#breadcrumb","itemListElement":[{"@type":"ListItem","position":1,"name":"Portada","item":"https:\/\/encompaniastj.org\/pt-pt\/"},{"@type":"ListItem","position":2,"name":"F\u00e1tima, Assembleia Provincial"}]},{"@type":"WebSite","@id":"https:\/\/encompaniastj.org\/pt-pt\/#website","url":"https:\/\/encompaniastj.org\/pt-pt\/","name":"En Compa\u00f1\u00eda STJ","description":"Bolet\u00edn de la Compa\u00f1\u00eda de Santa Teresa de Jes\u00fas","publisher":{"@id":"https:\/\/encompaniastj.org\/pt-pt\/#organization"},"potentialAction":[{"@type":"SearchAction","target":{"@type":"EntryPoint","urlTemplate":"https:\/\/encompaniastj.org\/pt-pt\/?s={search_term_string}"},"query-input":{"@type":"PropertyValueSpecification","valueRequired":true,"valueName":"search_term_string"}}],"inLanguage":"pt-PT"},{"@type":"Organization","@id":"https:\/\/encompaniastj.org\/pt-pt\/#organization","name":"Compa\u00f1\u00eda de Santa Teresa de Jes\u00fas","url":"https:\/\/encompaniastj.org\/pt-pt\/","logo":{"@type":"ImageObject","inLanguage":"pt-PT","@id":"https:\/\/encompaniastj.org\/pt-pt\/#\/schema\/logo\/image\/","url":"https:\/\/encompaniastj.org\/wp-content\/uploads\/2025\/04\/logo_provincias02-1-3.png","contentUrl":"https:\/\/encompaniastj.org\/wp-content\/uploads\/2025\/04\/logo_provincias02-1-3.png","width":2368,"height":825,"caption":"Compa\u00f1\u00eda de Santa Teresa de Jes\u00fas"},"image":{"@id":"https:\/\/encompaniastj.org\/pt-pt\/#\/schema\/logo\/image\/"}},{"@type":"Person","@id":"https:\/\/encompaniastj.org\/pt-pt\/#\/schema\/person\/520e7ecc314793d40091993c2a02b651","name":"admin","image":{"@type":"ImageObject","inLanguage":"pt-PT","@id":"https:\/\/secure.gravatar.com\/avatar\/948b492cce32b586ac2db0eaa926ee87024f7afe218d73b397ea5ddfc5f43ea1?s=96&d=mm&r=g","url":"https:\/\/secure.gravatar.com\/avatar\/948b492cce32b586ac2db0eaa926ee87024f7afe218d73b397ea5ddfc5f43ea1?s=96&d=mm&r=g","contentUrl":"https:\/\/secure.gravatar.com\/avatar\/948b492cce32b586ac2db0eaa926ee87024f7afe218d73b397ea5ddfc5f43ea1?s=96&d=mm&r=g","caption":"admin"},"sameAs":["https:\/\/encompaniastj.org"],"url":"https:\/\/encompaniastj.org\/pt-pt\/author\/sjdigital\/"}]}},"_links":{"self":[{"href":"https:\/\/encompaniastj.org\/pt-pt\/wp-json\/wp\/v2\/posts\/11466","targetHints":{"allow":["GET"]}}],"collection":[{"href":"https:\/\/encompaniastj.org\/pt-pt\/wp-json\/wp\/v2\/posts"}],"about":[{"href":"https:\/\/encompaniastj.org\/pt-pt\/wp-json\/wp\/v2\/types\/post"}],"author":[{"embeddable":true,"href":"https:\/\/encompaniastj.org\/pt-pt\/wp-json\/wp\/v2\/users\/1"}],"replies":[{"embeddable":true,"href":"https:\/\/encompaniastj.org\/pt-pt\/wp-json\/wp\/v2\/comments?post=11466"}],"version-history":[{"count":1,"href":"https:\/\/encompaniastj.org\/pt-pt\/wp-json\/wp\/v2\/posts\/11466\/revisions"}],"predecessor-version":[{"id":11467,"href":"https:\/\/encompaniastj.org\/pt-pt\/wp-json\/wp\/v2\/posts\/11466\/revisions\/11467"}],"wp:featuredmedia":[{"embeddable":true,"href":"https:\/\/encompaniastj.org\/pt-pt\/wp-json\/wp\/v2\/media\/8264"}],"wp:attachment":[{"href":"https:\/\/encompaniastj.org\/pt-pt\/wp-json\/wp\/v2\/media?parent=11466"}],"wp:term":[{"taxonomy":"category","embeddable":true,"href":"https:\/\/encompaniastj.org\/pt-pt\/wp-json\/wp\/v2\/categories?post=11466"},{"taxonomy":"post_tag","embeddable":true,"href":"https:\/\/encompaniastj.org\/pt-pt\/wp-json\/wp\/v2\/tags?post=11466"}],"curies":[{"name":"wp","href":"https:\/\/api.w.org\/{rel}","templated":true}]}}