{"id":11462,"date":"2023-02-14T07:14:40","date_gmt":"2023-02-14T06:14:40","guid":{"rendered":"https:\/\/encompaniastj.org\/celebracao-da-festa-de-santo-henrique-de-osso-em-madrid\/"},"modified":"2025-07-07T16:24:11","modified_gmt":"2025-07-07T14:24:11","slug":"celebracao-da-festa-de-santo-henrique-de-osso-em-madrid","status":"publish","type":"post","link":"https:\/\/encompaniastj.org\/pt-pt\/celebracao-da-festa-de-santo-henrique-de-osso-em-madrid\/","title":{"rendered":"Celebra\u00e7\u00e3o da festa de Santo Henrique de Oss\u00f3 em Madrid"},"content":{"rendered":"<p>No dia 27 de janeiro, irm\u00e3s e leigos da fam\u00edlia teresiana de Madrid reuniram-se para celebrar a festa de Santo Henrique de Oss\u00f3. Nesta ocasi\u00e3o, fomos \u00e0 par\u00f3quia de Nossa Senhora do Ros\u00e1rio, em Bat\u00e1n, onde partilh\u00e1mos uma maravilhosa Eucaristia e depois pass\u00e1mos um agrad\u00e1vel momento juntos no sal\u00e3o paroquial.<\/p>\n<p>O coro os adultos da escola Jes\u00fas Maestro animou com os c\u00e2nticos e os frades conventuais franciscanos menores presidiram \u00e0 celebra\u00e7\u00e3o. Tamb\u00e9m fomos acompanhados na celebra\u00e7\u00e3o por membros de outras congrega\u00e7\u00f5es religiosas, catequistas e leigos desta comunidade paroquial, felizes por partilhar carismas e miss\u00e3o apost\u00f3lica no bairro de Bat\u00e1n.<\/p>\n<p>Desde o an\u00fancio de entrada, um duplo sentimento foi revelado: gratid\u00e3o por este presente que foi para a Igreja Henrique de Oss\u00f3, e s\u00faplica a Deus para nos conceder tamb\u00e9m &#8220;ser sempre de Jesus&#8221; para &#8220;conhec\u00ea-lo e am\u00e1-lo e torn\u00e1-lo conhecido e amado&#8217; l\u00e1 onde cada um de n\u00f3s est\u00e1:<\/p>\n<p><strong><em>Hoje celebramos a festa de S\u00e3o Henrique de Oss\u00f3, fundador da Companhia de Sta. Teresa e padroeiro dos catequistas espanh\u00f3is. Queremos agradecer nesta Eucaristia a fidelidade de um homem que concentrou todas as suas for\u00e7as em \u201cconhecer e amar Jesus e torn\u00e1-lo conhecido e amado\u201d. Deus lhe concedeu a gra\u00e7a de viver unido na a\u00e7\u00e3o, porque o seu cora\u00e7\u00e3o era todo de Deus e todo para os outros.<\/em><\/strong><\/p>\n<p>A nossa irm\u00e3 Raquel Navarro tamb\u00e9m nos exortou a isso, ap\u00f3s as leituras, destacando especialmente alguns tra\u00e7os de S. Henrique de Oss\u00f3: o seu <strong>amor filial a Maria<\/strong>, <strong>ser sempre de Jesus<\/strong> e <strong>mission\u00e1rio de paz e amor<\/strong>.<\/p>\n<p>Na a\u00e7\u00e3o de gra\u00e7as, unimo-nos em ora\u00e7\u00e3o pedindo que as palavras de Santo Henrique tamb\u00e9m se tornassem nossas:<\/p>\n<p><strong>&#8216;Grava o teu nome no meu entendimento, na minha mem\u00f3ria, em meus l\u00e1bios,<\/strong><\/p>\n<p><strong>e especialmente no meu cora\u00e7\u00e3o,<\/strong><\/p>\n<p><strong>para que eu n\u00e3o me lembre mais do que Jesus,<\/strong><\/p>\n<p><strong>n\u00e3o fale mais que de Jesus, nem ame mais que a Jesus.<\/strong><\/p>\n<p><strong>Meu Jesus e todas as minhas coisas!<\/strong><\/p>\n<p><strong>Ou amar-te ou morrer; ou melhor viver e morrer amando-te acima de todas as coisas,<\/strong><\/p>\n<p><strong>com todo o meu cora\u00e7\u00e3o, com toda a minha alma, com todas as minhas for\u00e7as.<\/strong><\/p>\n<p><strong>Eu n\u00e3o v\u00e1 deste mundo, Jesus,<\/strong><\/p>\n<p><strong>sem ter-te amado, e feito conhecer e amar tanto quanto poss\u00edvel.<\/strong><\/p>\n<p><strong>Aumente o meu amor. Eu quisera amar-te tanto quanto eu te posso amar<\/strong><\/p>\n<p><strong>e viver e morrer abrasado no teu amor.<\/strong><\/p>\n<p><strong>D\u00e1, se quiseres, a outros honras, gl\u00f3rias, riquezas e felicidades, aqui.<\/strong><\/p>\n<p><strong>A mim, d\u00e1-me apenas o teu amor e isto me basta.<\/strong><\/p>\n<p><strong>S\u00f3 Deus basta, e tu \u00e9s o Deus do meu cora\u00e7\u00e3o.&#8217; <\/strong><\/p>\n<p><strong>\u00a0<\/strong>E no final da Eucaristia partilh\u00e1mos um lanche e um conv\u00edvio, felizes por nos podermos reencontrar. Um encontro carinhoso e simples para agradecer por um grande ap\u00f3stolo que viveu a ora\u00e7\u00e3o cont\u00ednua e a incans\u00e1vel atividade apost\u00f3lica. E assim nos chama a viver na Igreja, principalmente a todos n\u00f3s que formamos esta fam\u00edlia teresiana.<\/p>\n<p><img loading=\"lazy\" decoding=\"async\" class=\"aligncenter wp-image-10863 size-large\" src=\"https:\/\/encompaniastj.org\/wp-content\/uploads\/2025\/05\/f2.jpeg\" alt=\"\" width=\"1024\" height=\"1024\" \/><\/p>\n<p><img loading=\"lazy\" decoding=\"async\" class=\"aligncenter wp-image-10865 size-large\" src=\"https:\/\/encompaniastj.org\/wp-content\/uploads\/2025\/05\/f3.jpeg\" alt=\"\" width=\"1024\" height=\"1024\" \/><\/p>\n","protected":false},"excerpt":{"rendered":"<p>No dia 27 de janeiro, irm\u00e3s e leigos da fam\u00edlia teresiana de Madrid reuniram-se para celebrar a festa de Santo Henrique de Oss\u00f3. Nesta ocasi\u00e3o, fomos \u00e0 par\u00f3quia de Nossa [&hellip;]<\/p>\n","protected":false},"author":1,"featured_media":8260,"comment_status":"open","ping_status":"open","sticky":false,"template":"","format":"standard","meta":{"_acf_changed":false,"footnotes":""},"categories":[61,62,68],"tags":[],"class_list":["post-11462","post","type-post","status-publish","format-standard","has-post-thumbnail","hentry","category-noticias","category-otras","category-outras"],"acf":[],"yoast_head":"<!-- This site is optimized with the Yoast SEO plugin v27.5 - https:\/\/yoast.com\/product\/yoast-seo-wordpress\/ -->\n<title>Celebra\u00e7\u00e3o da festa de Santo Henrique de Oss\u00f3 em Madrid - En Compa\u00f1\u00eda STJ<\/title>\n<meta name=\"robots\" content=\"index, follow, max-snippet:-1, max-image-preview:large, max-video-preview:-1\" \/>\n<link rel=\"canonical\" href=\"https:\/\/encompaniastj.org\/pt-pt\/celebracao-da-festa-de-santo-henrique-de-osso-em-madrid\/\" \/>\n<meta property=\"og:locale\" content=\"pt_PT\" \/>\n<meta property=\"og:type\" content=\"article\" \/>\n<meta property=\"og:title\" content=\"Celebra\u00e7\u00e3o da festa de Santo Henrique de Oss\u00f3 em Madrid - En Compa\u00f1\u00eda STJ\" \/>\n<meta property=\"og:description\" content=\"No dia 27 de janeiro, irm\u00e3s e leigos da fam\u00edlia teresiana de Madrid reuniram-se para celebrar a festa de Santo Henrique de Oss\u00f3. Nesta ocasi\u00e3o, fomos \u00e0 par\u00f3quia de Nossa [&hellip;]\" \/>\n<meta property=\"og:url\" content=\"https:\/\/encompaniastj.org\/pt-pt\/celebracao-da-festa-de-santo-henrique-de-osso-em-madrid\/\" \/>\n<meta property=\"og:site_name\" content=\"En Compa\u00f1\u00eda STJ\" \/>\n<meta property=\"article:published_time\" content=\"2023-02-14T06:14:40+00:00\" \/>\n<meta property=\"article:modified_time\" content=\"2025-07-07T14:24:11+00:00\" \/>\n<meta property=\"og:image\" content=\"https:\/\/encompaniastj.org\/wp-content\/uploads\/2025\/05\/f1.jpeg\" \/>\n\t<meta property=\"og:image:width\" content=\"1500\" \/>\n\t<meta property=\"og:image:height\" content=\"1500\" \/>\n\t<meta property=\"og:image:type\" content=\"image\/jpeg\" \/>\n<meta name=\"author\" content=\"admin\" \/>\n<meta name=\"twitter:card\" content=\"summary_large_image\" \/>\n<meta name=\"twitter:label1\" content=\"Escrito por\" \/>\n\t<meta name=\"twitter:data1\" content=\"admin\" \/>\n\t<meta name=\"twitter:label2\" content=\"Tempo estimado de leitura\" \/>\n\t<meta name=\"twitter:data2\" content=\"3 minutos\" \/>\n<script type=\"application\/ld+json\" class=\"yoast-schema-graph\">{\"@context\":\"https:\\\/\\\/schema.org\",\"@graph\":[{\"@type\":\"Article\",\"@id\":\"https:\\\/\\\/encompaniastj.org\\\/pt-pt\\\/celebracao-da-festa-de-santo-henrique-de-osso-em-madrid\\\/#article\",\"isPartOf\":{\"@id\":\"https:\\\/\\\/encompaniastj.org\\\/pt-pt\\\/celebracao-da-festa-de-santo-henrique-de-osso-em-madrid\\\/\"},\"author\":{\"name\":\"admin\",\"@id\":\"https:\\\/\\\/encompaniastj.org\\\/pt-pt\\\/#\\\/schema\\\/person\\\/520e7ecc314793d40091993c2a02b651\"},\"headline\":\"Celebra\u00e7\u00e3o da festa de Santo Henrique de Oss\u00f3 em Madrid\",\"datePublished\":\"2023-02-14T06:14:40+00:00\",\"dateModified\":\"2025-07-07T14:24:11+00:00\",\"mainEntityOfPage\":{\"@id\":\"https:\\\/\\\/encompaniastj.org\\\/pt-pt\\\/celebracao-da-festa-de-santo-henrique-de-osso-em-madrid\\\/\"},\"wordCount\":546,\"commentCount\":0,\"publisher\":{\"@id\":\"https:\\\/\\\/encompaniastj.org\\\/pt-pt\\\/#organization\"},\"image\":{\"@id\":\"https:\\\/\\\/encompaniastj.org\\\/pt-pt\\\/celebracao-da-festa-de-santo-henrique-de-osso-em-madrid\\\/#primaryimage\"},\"thumbnailUrl\":\"https:\\\/\\\/encompaniastj.org\\\/wp-content\\\/uploads\\\/2025\\\/05\\\/f1.jpeg\",\"articleSection\":[\"Noticias\",\"Otras\",\"Outras\"],\"inLanguage\":\"pt-PT\",\"potentialAction\":[{\"@type\":\"CommentAction\",\"name\":\"Comment\",\"target\":[\"https:\\\/\\\/encompaniastj.org\\\/pt-pt\\\/celebracao-da-festa-de-santo-henrique-de-osso-em-madrid\\\/#respond\"]}]},{\"@type\":\"WebPage\",\"@id\":\"https:\\\/\\\/encompaniastj.org\\\/pt-pt\\\/celebracao-da-festa-de-santo-henrique-de-osso-em-madrid\\\/\",\"url\":\"https:\\\/\\\/encompaniastj.org\\\/pt-pt\\\/celebracao-da-festa-de-santo-henrique-de-osso-em-madrid\\\/\",\"name\":\"Celebra\u00e7\u00e3o da festa de Santo Henrique de Oss\u00f3 em Madrid - En Compa\u00f1\u00eda STJ\",\"isPartOf\":{\"@id\":\"https:\\\/\\\/encompaniastj.org\\\/pt-pt\\\/#website\"},\"primaryImageOfPage\":{\"@id\":\"https:\\\/\\\/encompaniastj.org\\\/pt-pt\\\/celebracao-da-festa-de-santo-henrique-de-osso-em-madrid\\\/#primaryimage\"},\"image\":{\"@id\":\"https:\\\/\\\/encompaniastj.org\\\/pt-pt\\\/celebracao-da-festa-de-santo-henrique-de-osso-em-madrid\\\/#primaryimage\"},\"thumbnailUrl\":\"https:\\\/\\\/encompaniastj.org\\\/wp-content\\\/uploads\\\/2025\\\/05\\\/f1.jpeg\",\"datePublished\":\"2023-02-14T06:14:40+00:00\",\"dateModified\":\"2025-07-07T14:24:11+00:00\",\"breadcrumb\":{\"@id\":\"https:\\\/\\\/encompaniastj.org\\\/pt-pt\\\/celebracao-da-festa-de-santo-henrique-de-osso-em-madrid\\\/#breadcrumb\"},\"inLanguage\":\"pt-PT\",\"potentialAction\":[{\"@type\":\"ReadAction\",\"target\":[\"https:\\\/\\\/encompaniastj.org\\\/pt-pt\\\/celebracao-da-festa-de-santo-henrique-de-osso-em-madrid\\\/\"]}]},{\"@type\":\"ImageObject\",\"inLanguage\":\"pt-PT\",\"@id\":\"https:\\\/\\\/encompaniastj.org\\\/pt-pt\\\/celebracao-da-festa-de-santo-henrique-de-osso-em-madrid\\\/#primaryimage\",\"url\":\"https:\\\/\\\/encompaniastj.org\\\/wp-content\\\/uploads\\\/2025\\\/05\\\/f1.jpeg\",\"contentUrl\":\"https:\\\/\\\/encompaniastj.org\\\/wp-content\\\/uploads\\\/2025\\\/05\\\/f1.jpeg\",\"width\":1500,\"height\":1500},{\"@type\":\"BreadcrumbList\",\"@id\":\"https:\\\/\\\/encompaniastj.org\\\/pt-pt\\\/celebracao-da-festa-de-santo-henrique-de-osso-em-madrid\\\/#breadcrumb\",\"itemListElement\":[{\"@type\":\"ListItem\",\"position\":1,\"name\":\"Portada\",\"item\":\"https:\\\/\\\/encompaniastj.org\\\/pt-pt\\\/\"},{\"@type\":\"ListItem\",\"position\":2,\"name\":\"Celebra\u00e7\u00e3o da festa de Santo Henrique de Oss\u00f3 em Madrid\"}]},{\"@type\":\"WebSite\",\"@id\":\"https:\\\/\\\/encompaniastj.org\\\/pt-pt\\\/#website\",\"url\":\"https:\\\/\\\/encompaniastj.org\\\/pt-pt\\\/\",\"name\":\"En Compa\u00f1\u00eda STJ\",\"description\":\"Bolet\u00edn de la Compa\u00f1\u00eda de Santa Teresa de Jes\u00fas\",\"publisher\":{\"@id\":\"https:\\\/\\\/encompaniastj.org\\\/pt-pt\\\/#organization\"},\"potentialAction\":[{\"@type\":\"SearchAction\",\"target\":{\"@type\":\"EntryPoint\",\"urlTemplate\":\"https:\\\/\\\/encompaniastj.org\\\/pt-pt\\\/?s={search_term_string}\"},\"query-input\":{\"@type\":\"PropertyValueSpecification\",\"valueRequired\":true,\"valueName\":\"search_term_string\"}}],\"inLanguage\":\"pt-PT\"},{\"@type\":\"Organization\",\"@id\":\"https:\\\/\\\/encompaniastj.org\\\/pt-pt\\\/#organization\",\"name\":\"Compa\u00f1\u00eda de Santa Teresa de Jes\u00fas\",\"url\":\"https:\\\/\\\/encompaniastj.org\\\/pt-pt\\\/\",\"logo\":{\"@type\":\"ImageObject\",\"inLanguage\":\"pt-PT\",\"@id\":\"https:\\\/\\\/encompaniastj.org\\\/pt-pt\\\/#\\\/schema\\\/logo\\\/image\\\/\",\"url\":\"https:\\\/\\\/encompaniastj.org\\\/wp-content\\\/uploads\\\/2025\\\/04\\\/logo_provincias02-1-3.png\",\"contentUrl\":\"https:\\\/\\\/encompaniastj.org\\\/wp-content\\\/uploads\\\/2025\\\/04\\\/logo_provincias02-1-3.png\",\"width\":2368,\"height\":825,\"caption\":\"Compa\u00f1\u00eda de Santa Teresa de Jes\u00fas\"},\"image\":{\"@id\":\"https:\\\/\\\/encompaniastj.org\\\/pt-pt\\\/#\\\/schema\\\/logo\\\/image\\\/\"}},{\"@type\":\"Person\",\"@id\":\"https:\\\/\\\/encompaniastj.org\\\/pt-pt\\\/#\\\/schema\\\/person\\\/520e7ecc314793d40091993c2a02b651\",\"name\":\"admin\",\"image\":{\"@type\":\"ImageObject\",\"inLanguage\":\"pt-PT\",\"@id\":\"https:\\\/\\\/secure.gravatar.com\\\/avatar\\\/948b492cce32b586ac2db0eaa926ee87024f7afe218d73b397ea5ddfc5f43ea1?s=96&d=mm&r=g\",\"url\":\"https:\\\/\\\/secure.gravatar.com\\\/avatar\\\/948b492cce32b586ac2db0eaa926ee87024f7afe218d73b397ea5ddfc5f43ea1?s=96&d=mm&r=g\",\"contentUrl\":\"https:\\\/\\\/secure.gravatar.com\\\/avatar\\\/948b492cce32b586ac2db0eaa926ee87024f7afe218d73b397ea5ddfc5f43ea1?s=96&d=mm&r=g\",\"caption\":\"admin\"},\"sameAs\":[\"https:\\\/\\\/encompaniastj.org\"],\"url\":\"https:\\\/\\\/encompaniastj.org\\\/pt-pt\\\/author\\\/sjdigital\\\/\"}]}<\/script>\n<!-- \/ Yoast SEO plugin. -->","yoast_head_json":{"title":"Celebra\u00e7\u00e3o da festa de Santo Henrique de Oss\u00f3 em Madrid - En Compa\u00f1\u00eda STJ","robots":{"index":"index","follow":"follow","max-snippet":"max-snippet:-1","max-image-preview":"max-image-preview:large","max-video-preview":"max-video-preview:-1"},"canonical":"https:\/\/encompaniastj.org\/pt-pt\/celebracao-da-festa-de-santo-henrique-de-osso-em-madrid\/","og_locale":"pt_PT","og_type":"article","og_title":"Celebra\u00e7\u00e3o da festa de Santo Henrique de Oss\u00f3 em Madrid - En Compa\u00f1\u00eda STJ","og_description":"No dia 27 de janeiro, irm\u00e3s e leigos da fam\u00edlia teresiana de Madrid reuniram-se para celebrar a festa de Santo Henrique de Oss\u00f3. Nesta ocasi\u00e3o, fomos \u00e0 par\u00f3quia de Nossa [&hellip;]","og_url":"https:\/\/encompaniastj.org\/pt-pt\/celebracao-da-festa-de-santo-henrique-de-osso-em-madrid\/","og_site_name":"En Compa\u00f1\u00eda STJ","article_published_time":"2023-02-14T06:14:40+00:00","article_modified_time":"2025-07-07T14:24:11+00:00","og_image":[{"width":1500,"height":1500,"url":"https:\/\/encompaniastj.org\/wp-content\/uploads\/2025\/05\/f1.jpeg","type":"image\/jpeg"}],"author":"admin","twitter_card":"summary_large_image","twitter_misc":{"Escrito por":"admin","Tempo estimado de leitura":"3 minutos"},"schema":{"@context":"https:\/\/schema.org","@graph":[{"@type":"Article","@id":"https:\/\/encompaniastj.org\/pt-pt\/celebracao-da-festa-de-santo-henrique-de-osso-em-madrid\/#article","isPartOf":{"@id":"https:\/\/encompaniastj.org\/pt-pt\/celebracao-da-festa-de-santo-henrique-de-osso-em-madrid\/"},"author":{"name":"admin","@id":"https:\/\/encompaniastj.org\/pt-pt\/#\/schema\/person\/520e7ecc314793d40091993c2a02b651"},"headline":"Celebra\u00e7\u00e3o da festa de Santo Henrique de Oss\u00f3 em Madrid","datePublished":"2023-02-14T06:14:40+00:00","dateModified":"2025-07-07T14:24:11+00:00","mainEntityOfPage":{"@id":"https:\/\/encompaniastj.org\/pt-pt\/celebracao-da-festa-de-santo-henrique-de-osso-em-madrid\/"},"wordCount":546,"commentCount":0,"publisher":{"@id":"https:\/\/encompaniastj.org\/pt-pt\/#organization"},"image":{"@id":"https:\/\/encompaniastj.org\/pt-pt\/celebracao-da-festa-de-santo-henrique-de-osso-em-madrid\/#primaryimage"},"thumbnailUrl":"https:\/\/encompaniastj.org\/wp-content\/uploads\/2025\/05\/f1.jpeg","articleSection":["Noticias","Otras","Outras"],"inLanguage":"pt-PT","potentialAction":[{"@type":"CommentAction","name":"Comment","target":["https:\/\/encompaniastj.org\/pt-pt\/celebracao-da-festa-de-santo-henrique-de-osso-em-madrid\/#respond"]}]},{"@type":"WebPage","@id":"https:\/\/encompaniastj.org\/pt-pt\/celebracao-da-festa-de-santo-henrique-de-osso-em-madrid\/","url":"https:\/\/encompaniastj.org\/pt-pt\/celebracao-da-festa-de-santo-henrique-de-osso-em-madrid\/","name":"Celebra\u00e7\u00e3o da festa de Santo Henrique de Oss\u00f3 em Madrid - En Compa\u00f1\u00eda STJ","isPartOf":{"@id":"https:\/\/encompaniastj.org\/pt-pt\/#website"},"primaryImageOfPage":{"@id":"https:\/\/encompaniastj.org\/pt-pt\/celebracao-da-festa-de-santo-henrique-de-osso-em-madrid\/#primaryimage"},"image":{"@id":"https:\/\/encompaniastj.org\/pt-pt\/celebracao-da-festa-de-santo-henrique-de-osso-em-madrid\/#primaryimage"},"thumbnailUrl":"https:\/\/encompaniastj.org\/wp-content\/uploads\/2025\/05\/f1.jpeg","datePublished":"2023-02-14T06:14:40+00:00","dateModified":"2025-07-07T14:24:11+00:00","breadcrumb":{"@id":"https:\/\/encompaniastj.org\/pt-pt\/celebracao-da-festa-de-santo-henrique-de-osso-em-madrid\/#breadcrumb"},"inLanguage":"pt-PT","potentialAction":[{"@type":"ReadAction","target":["https:\/\/encompaniastj.org\/pt-pt\/celebracao-da-festa-de-santo-henrique-de-osso-em-madrid\/"]}]},{"@type":"ImageObject","inLanguage":"pt-PT","@id":"https:\/\/encompaniastj.org\/pt-pt\/celebracao-da-festa-de-santo-henrique-de-osso-em-madrid\/#primaryimage","url":"https:\/\/encompaniastj.org\/wp-content\/uploads\/2025\/05\/f1.jpeg","contentUrl":"https:\/\/encompaniastj.org\/wp-content\/uploads\/2025\/05\/f1.jpeg","width":1500,"height":1500},{"@type":"BreadcrumbList","@id":"https:\/\/encompaniastj.org\/pt-pt\/celebracao-da-festa-de-santo-henrique-de-osso-em-madrid\/#breadcrumb","itemListElement":[{"@type":"ListItem","position":1,"name":"Portada","item":"https:\/\/encompaniastj.org\/pt-pt\/"},{"@type":"ListItem","position":2,"name":"Celebra\u00e7\u00e3o da festa de Santo Henrique de Oss\u00f3 em Madrid"}]},{"@type":"WebSite","@id":"https:\/\/encompaniastj.org\/pt-pt\/#website","url":"https:\/\/encompaniastj.org\/pt-pt\/","name":"En Compa\u00f1\u00eda STJ","description":"Bolet\u00edn de la Compa\u00f1\u00eda de Santa Teresa de Jes\u00fas","publisher":{"@id":"https:\/\/encompaniastj.org\/pt-pt\/#organization"},"potentialAction":[{"@type":"SearchAction","target":{"@type":"EntryPoint","urlTemplate":"https:\/\/encompaniastj.org\/pt-pt\/?s={search_term_string}"},"query-input":{"@type":"PropertyValueSpecification","valueRequired":true,"valueName":"search_term_string"}}],"inLanguage":"pt-PT"},{"@type":"Organization","@id":"https:\/\/encompaniastj.org\/pt-pt\/#organization","name":"Compa\u00f1\u00eda de Santa Teresa de Jes\u00fas","url":"https:\/\/encompaniastj.org\/pt-pt\/","logo":{"@type":"ImageObject","inLanguage":"pt-PT","@id":"https:\/\/encompaniastj.org\/pt-pt\/#\/schema\/logo\/image\/","url":"https:\/\/encompaniastj.org\/wp-content\/uploads\/2025\/04\/logo_provincias02-1-3.png","contentUrl":"https:\/\/encompaniastj.org\/wp-content\/uploads\/2025\/04\/logo_provincias02-1-3.png","width":2368,"height":825,"caption":"Compa\u00f1\u00eda de Santa Teresa de Jes\u00fas"},"image":{"@id":"https:\/\/encompaniastj.org\/pt-pt\/#\/schema\/logo\/image\/"}},{"@type":"Person","@id":"https:\/\/encompaniastj.org\/pt-pt\/#\/schema\/person\/520e7ecc314793d40091993c2a02b651","name":"admin","image":{"@type":"ImageObject","inLanguage":"pt-PT","@id":"https:\/\/secure.gravatar.com\/avatar\/948b492cce32b586ac2db0eaa926ee87024f7afe218d73b397ea5ddfc5f43ea1?s=96&d=mm&r=g","url":"https:\/\/secure.gravatar.com\/avatar\/948b492cce32b586ac2db0eaa926ee87024f7afe218d73b397ea5ddfc5f43ea1?s=96&d=mm&r=g","contentUrl":"https:\/\/secure.gravatar.com\/avatar\/948b492cce32b586ac2db0eaa926ee87024f7afe218d73b397ea5ddfc5f43ea1?s=96&d=mm&r=g","caption":"admin"},"sameAs":["https:\/\/encompaniastj.org"],"url":"https:\/\/encompaniastj.org\/pt-pt\/author\/sjdigital\/"}]}},"_links":{"self":[{"href":"https:\/\/encompaniastj.org\/pt-pt\/wp-json\/wp\/v2\/posts\/11462","targetHints":{"allow":["GET"]}}],"collection":[{"href":"https:\/\/encompaniastj.org\/pt-pt\/wp-json\/wp\/v2\/posts"}],"about":[{"href":"https:\/\/encompaniastj.org\/pt-pt\/wp-json\/wp\/v2\/types\/post"}],"author":[{"embeddable":true,"href":"https:\/\/encompaniastj.org\/pt-pt\/wp-json\/wp\/v2\/users\/1"}],"replies":[{"embeddable":true,"href":"https:\/\/encompaniastj.org\/pt-pt\/wp-json\/wp\/v2\/comments?post=11462"}],"version-history":[{"count":1,"href":"https:\/\/encompaniastj.org\/pt-pt\/wp-json\/wp\/v2\/posts\/11462\/revisions"}],"predecessor-version":[{"id":11463,"href":"https:\/\/encompaniastj.org\/pt-pt\/wp-json\/wp\/v2\/posts\/11462\/revisions\/11463"}],"wp:featuredmedia":[{"embeddable":true,"href":"https:\/\/encompaniastj.org\/pt-pt\/wp-json\/wp\/v2\/media\/8260"}],"wp:attachment":[{"href":"https:\/\/encompaniastj.org\/pt-pt\/wp-json\/wp\/v2\/media?parent=11462"}],"wp:term":[{"taxonomy":"category","embeddable":true,"href":"https:\/\/encompaniastj.org\/pt-pt\/wp-json\/wp\/v2\/categories?post=11462"},{"taxonomy":"post_tag","embeddable":true,"href":"https:\/\/encompaniastj.org\/pt-pt\/wp-json\/wp\/v2\/tags?post=11462"}],"curies":[{"name":"wp","href":"https:\/\/api.w.org\/{rel}","templated":true}]}}