{"id":11454,"date":"2023-02-13T08:23:15","date_gmt":"2023-02-13T07:23:15","guid":{"rendered":"https:\/\/encompaniastj.org\/a-familia-teresiana-de-huelva-celebra-a-festa-de-santo-enrique-de-osso\/"},"modified":"2025-07-07T16:24:09","modified_gmt":"2025-07-07T14:24:09","slug":"a-familia-teresiana-de-huelva-celebra-a-festa-de-santo-enrique-de-osso","status":"publish","type":"post","link":"https:\/\/encompaniastj.org\/pt-pt\/a-familia-teresiana-de-huelva-celebra-a-festa-de-santo-enrique-de-osso\/","title":{"rendered":"A fam\u00edlia teresiana de Huelva celebra a festa de Santo Enrique de Oss\u00f3"},"content":{"rendered":"<p>O m\u00eas de janeiro \u00e9 sempre um bom momento para a Fam\u00edlia Teresiana se reunir. A festa do padre Enrique convocou-nos no col\u00e9gio, na tarde de s\u00e1bado, 28 de janeiro. Conhecemos muitas fam\u00edlias, crian\u00e7as, pais e av\u00f3s. As ex-alunas, o MTA, os professores e funcion\u00e1rios da escola, as irm\u00e3s teresianas. A capela ficou completamente cheia para celebrarmos juntos a Eucaristia.<\/p>\n<p>Nela demos gra\u00e7as por tudo o que recebemos, pelo padre Henrique e os seus sonhos,<\/p>\n<p>Oferecemos o nosso desejo de construir, de continuar buscando, de sonhar para continuar sendo uma soma brilhante no meio da realidade em que cada um de n\u00f3s vive. As crian\u00e7as ficaram encarregadas de trazer as oferendas.<\/p>\n<p>Na a\u00e7\u00e3o de gra\u00e7as tivemos uma lembran\u00e7a especial para a nossa irm\u00e3 Luisita Linero recentemente falecida que deu grande parte da sua vida nesta terra de Huelva, no bairro de P\u00e9rez Cubillas e no col\u00e9gio, deixando a sua marca de amor, sobretudo onde correm perigo os interesses de Jesus.<\/p>\n<p>Com a ajuda do Coro da Fam\u00edlia Teresiana, a Eucaristia tornou-se um momento de alegria, encontro, festa e a\u00e7\u00e3o de gra\u00e7as. Termin\u00e1mos pedindo ao Padre Henrique, mission\u00e1rio da paz e do amor, com o seu hino, que nos fale com a sua vida e a sua palavra.<\/p>\n<p>E a festa continuou no sal\u00e3o de festas, partilhando momentos de conversa \u00e0 volta do chocolate com churros que todos gost\u00e1mos, numa sala cheia de crian\u00e7as e adultos, conversas, sorrisos, de alegria pelo encontro. As irm\u00e3s mais velhas da Resid\u00eancia tamb\u00e9m se juntaram \u00e0 festa dividindo o chocolate com churros e felizes por tantas pessoas terem participado e gostado do encontro.<\/p>\n<p>Durante a festa, foi anunciado o pr\u00f3ximo encontro da Fam\u00edlia Teresiana de Sevilha e Huelva no dia 15 de abril em El Rocio, onde esperamos encontrar-nos novamente para celebrar tudo o que nos une e continuar tecendo redes e v\u00ednculos entre n\u00f3s. Esperamos por v\u00f3s.<\/p>\n<p><img loading=\"lazy\" decoding=\"async\" class=\"aligncenter wp-image-10836 size-large\" src=\"https:\/\/encompaniastj.org\/wp-content\/uploads\/2025\/05\/f3-2-scaled.jpg\" alt=\"\" width=\"1024\" height=\"768\" \/><\/p>\n<p><img loading=\"lazy\" decoding=\"async\" class=\"aligncenter wp-image-10834 size-large\" src=\"https:\/\/encompaniastj.org\/wp-content\/uploads\/2025\/05\/f2-1-scaled-1.jpg\" alt=\"\" width=\"1024\" height=\"768\" \/><\/p>\n<p><img loading=\"lazy\" decoding=\"async\" class=\"aligncenter wp-image-10840 size-large\" src=\"https:\/\/encompaniastj.org\/wp-content\/uploads\/2025\/05\/f5-1.jpg\" alt=\"\" width=\"461\" height=\"1024\" \/><\/p>\n<p>&nbsp;<\/p>\n","protected":false},"excerpt":{"rendered":"<p>O m\u00eas de janeiro \u00e9 sempre um bom momento para a Fam\u00edlia Teresiana se reunir. A festa do padre Enrique convocou-nos no col\u00e9gio, na tarde de s\u00e1bado, 28 de janeiro. [&hellip;]<\/p>\n","protected":false},"author":1,"featured_media":8250,"comment_status":"open","ping_status":"open","sticky":false,"template":"","format":"standard","meta":{"_acf_changed":false,"footnotes":""},"categories":[61,62,68],"tags":[],"class_list":["post-11454","post","type-post","status-publish","format-standard","has-post-thumbnail","hentry","category-noticias","category-otras","category-outras"],"acf":[],"yoast_head":"<!-- This site is optimized with the Yoast SEO plugin v27.5 - https:\/\/yoast.com\/product\/yoast-seo-wordpress\/ -->\n<title>A fam\u00edlia teresiana de Huelva celebra a festa de Santo Enrique de Oss\u00f3 - En Compa\u00f1\u00eda STJ<\/title>\n<meta name=\"robots\" content=\"index, follow, max-snippet:-1, max-image-preview:large, max-video-preview:-1\" \/>\n<link rel=\"canonical\" href=\"https:\/\/encompaniastj.org\/pt-pt\/a-familia-teresiana-de-huelva-celebra-a-festa-de-santo-enrique-de-osso\/\" \/>\n<meta property=\"og:locale\" content=\"pt_PT\" \/>\n<meta property=\"og:type\" content=\"article\" \/>\n<meta property=\"og:title\" content=\"A fam\u00edlia teresiana de Huelva celebra a festa de Santo Enrique de Oss\u00f3 - En Compa\u00f1\u00eda STJ\" \/>\n<meta property=\"og:description\" content=\"O m\u00eas de janeiro \u00e9 sempre um bom momento para a Fam\u00edlia Teresiana se reunir. A festa do padre Enrique convocou-nos no col\u00e9gio, na tarde de s\u00e1bado, 28 de janeiro. [&hellip;]\" \/>\n<meta property=\"og:url\" content=\"https:\/\/encompaniastj.org\/pt-pt\/a-familia-teresiana-de-huelva-celebra-a-festa-de-santo-enrique-de-osso\/\" \/>\n<meta property=\"og:site_name\" content=\"En Compa\u00f1\u00eda STJ\" \/>\n<meta property=\"article:published_time\" content=\"2023-02-13T07:23:15+00:00\" \/>\n<meta property=\"article:modified_time\" content=\"2025-07-07T14:24:09+00:00\" \/>\n<meta property=\"og:image\" content=\"https:\/\/encompaniastj.org\/wp-content\/uploads\/2025\/05\/f4.jpg\" \/>\n\t<meta property=\"og:image:width\" content=\"2048\" \/>\n\t<meta property=\"og:image:height\" content=\"921\" \/>\n\t<meta property=\"og:image:type\" content=\"image\/jpeg\" \/>\n<meta name=\"author\" content=\"admin\" \/>\n<meta name=\"twitter:card\" content=\"summary_large_image\" \/>\n<meta name=\"twitter:label1\" content=\"Escrito por\" \/>\n\t<meta name=\"twitter:data1\" content=\"admin\" \/>\n\t<meta name=\"twitter:label2\" content=\"Tempo estimado de leitura\" \/>\n\t<meta name=\"twitter:data2\" content=\"3 minutos\" \/>\n<script type=\"application\/ld+json\" class=\"yoast-schema-graph\">{\"@context\":\"https:\\\/\\\/schema.org\",\"@graph\":[{\"@type\":\"Article\",\"@id\":\"https:\\\/\\\/encompaniastj.org\\\/pt-pt\\\/a-familia-teresiana-de-huelva-celebra-a-festa-de-santo-enrique-de-osso\\\/#article\",\"isPartOf\":{\"@id\":\"https:\\\/\\\/encompaniastj.org\\\/pt-pt\\\/a-familia-teresiana-de-huelva-celebra-a-festa-de-santo-enrique-de-osso\\\/\"},\"author\":{\"name\":\"admin\",\"@id\":\"https:\\\/\\\/encompaniastj.org\\\/pt-pt\\\/#\\\/schema\\\/person\\\/520e7ecc314793d40091993c2a02b651\"},\"headline\":\"A fam\u00edlia teresiana de Huelva celebra a festa de Santo Enrique de Oss\u00f3\",\"datePublished\":\"2023-02-13T07:23:15+00:00\",\"dateModified\":\"2025-07-07T14:24:09+00:00\",\"mainEntityOfPage\":{\"@id\":\"https:\\\/\\\/encompaniastj.org\\\/pt-pt\\\/a-familia-teresiana-de-huelva-celebra-a-festa-de-santo-enrique-de-osso\\\/\"},\"wordCount\":356,\"commentCount\":0,\"publisher\":{\"@id\":\"https:\\\/\\\/encompaniastj.org\\\/pt-pt\\\/#organization\"},\"image\":{\"@id\":\"https:\\\/\\\/encompaniastj.org\\\/pt-pt\\\/a-familia-teresiana-de-huelva-celebra-a-festa-de-santo-enrique-de-osso\\\/#primaryimage\"},\"thumbnailUrl\":\"https:\\\/\\\/encompaniastj.org\\\/wp-content\\\/uploads\\\/2025\\\/05\\\/f4.jpg\",\"articleSection\":[\"Noticias\",\"Otras\",\"Outras\"],\"inLanguage\":\"pt-PT\",\"potentialAction\":[{\"@type\":\"CommentAction\",\"name\":\"Comment\",\"target\":[\"https:\\\/\\\/encompaniastj.org\\\/pt-pt\\\/a-familia-teresiana-de-huelva-celebra-a-festa-de-santo-enrique-de-osso\\\/#respond\"]}]},{\"@type\":\"WebPage\",\"@id\":\"https:\\\/\\\/encompaniastj.org\\\/pt-pt\\\/a-familia-teresiana-de-huelva-celebra-a-festa-de-santo-enrique-de-osso\\\/\",\"url\":\"https:\\\/\\\/encompaniastj.org\\\/pt-pt\\\/a-familia-teresiana-de-huelva-celebra-a-festa-de-santo-enrique-de-osso\\\/\",\"name\":\"A fam\u00edlia teresiana de Huelva celebra a festa de Santo Enrique de Oss\u00f3 - En Compa\u00f1\u00eda STJ\",\"isPartOf\":{\"@id\":\"https:\\\/\\\/encompaniastj.org\\\/pt-pt\\\/#website\"},\"primaryImageOfPage\":{\"@id\":\"https:\\\/\\\/encompaniastj.org\\\/pt-pt\\\/a-familia-teresiana-de-huelva-celebra-a-festa-de-santo-enrique-de-osso\\\/#primaryimage\"},\"image\":{\"@id\":\"https:\\\/\\\/encompaniastj.org\\\/pt-pt\\\/a-familia-teresiana-de-huelva-celebra-a-festa-de-santo-enrique-de-osso\\\/#primaryimage\"},\"thumbnailUrl\":\"https:\\\/\\\/encompaniastj.org\\\/wp-content\\\/uploads\\\/2025\\\/05\\\/f4.jpg\",\"datePublished\":\"2023-02-13T07:23:15+00:00\",\"dateModified\":\"2025-07-07T14:24:09+00:00\",\"breadcrumb\":{\"@id\":\"https:\\\/\\\/encompaniastj.org\\\/pt-pt\\\/a-familia-teresiana-de-huelva-celebra-a-festa-de-santo-enrique-de-osso\\\/#breadcrumb\"},\"inLanguage\":\"pt-PT\",\"potentialAction\":[{\"@type\":\"ReadAction\",\"target\":[\"https:\\\/\\\/encompaniastj.org\\\/pt-pt\\\/a-familia-teresiana-de-huelva-celebra-a-festa-de-santo-enrique-de-osso\\\/\"]}]},{\"@type\":\"ImageObject\",\"inLanguage\":\"pt-PT\",\"@id\":\"https:\\\/\\\/encompaniastj.org\\\/pt-pt\\\/a-familia-teresiana-de-huelva-celebra-a-festa-de-santo-enrique-de-osso\\\/#primaryimage\",\"url\":\"https:\\\/\\\/encompaniastj.org\\\/wp-content\\\/uploads\\\/2025\\\/05\\\/f4.jpg\",\"contentUrl\":\"https:\\\/\\\/encompaniastj.org\\\/wp-content\\\/uploads\\\/2025\\\/05\\\/f4.jpg\",\"width\":2048,\"height\":921},{\"@type\":\"BreadcrumbList\",\"@id\":\"https:\\\/\\\/encompaniastj.org\\\/pt-pt\\\/a-familia-teresiana-de-huelva-celebra-a-festa-de-santo-enrique-de-osso\\\/#breadcrumb\",\"itemListElement\":[{\"@type\":\"ListItem\",\"position\":1,\"name\":\"Portada\",\"item\":\"https:\\\/\\\/encompaniastj.org\\\/pt-pt\\\/\"},{\"@type\":\"ListItem\",\"position\":2,\"name\":\"A fam\u00edlia teresiana de Huelva celebra a festa de Santo Enrique de Oss\u00f3\"}]},{\"@type\":\"WebSite\",\"@id\":\"https:\\\/\\\/encompaniastj.org\\\/pt-pt\\\/#website\",\"url\":\"https:\\\/\\\/encompaniastj.org\\\/pt-pt\\\/\",\"name\":\"En Compa\u00f1\u00eda STJ\",\"description\":\"Bolet\u00edn de la Compa\u00f1\u00eda de Santa Teresa de Jes\u00fas\",\"publisher\":{\"@id\":\"https:\\\/\\\/encompaniastj.org\\\/pt-pt\\\/#organization\"},\"potentialAction\":[{\"@type\":\"SearchAction\",\"target\":{\"@type\":\"EntryPoint\",\"urlTemplate\":\"https:\\\/\\\/encompaniastj.org\\\/pt-pt\\\/?s={search_term_string}\"},\"query-input\":{\"@type\":\"PropertyValueSpecification\",\"valueRequired\":true,\"valueName\":\"search_term_string\"}}],\"inLanguage\":\"pt-PT\"},{\"@type\":\"Organization\",\"@id\":\"https:\\\/\\\/encompaniastj.org\\\/pt-pt\\\/#organization\",\"name\":\"Compa\u00f1\u00eda de Santa Teresa de Jes\u00fas\",\"url\":\"https:\\\/\\\/encompaniastj.org\\\/pt-pt\\\/\",\"logo\":{\"@type\":\"ImageObject\",\"inLanguage\":\"pt-PT\",\"@id\":\"https:\\\/\\\/encompaniastj.org\\\/pt-pt\\\/#\\\/schema\\\/logo\\\/image\\\/\",\"url\":\"https:\\\/\\\/encompaniastj.org\\\/wp-content\\\/uploads\\\/2025\\\/04\\\/logo_provincias02-1-3.png\",\"contentUrl\":\"https:\\\/\\\/encompaniastj.org\\\/wp-content\\\/uploads\\\/2025\\\/04\\\/logo_provincias02-1-3.png\",\"width\":2368,\"height\":825,\"caption\":\"Compa\u00f1\u00eda de Santa Teresa de Jes\u00fas\"},\"image\":{\"@id\":\"https:\\\/\\\/encompaniastj.org\\\/pt-pt\\\/#\\\/schema\\\/logo\\\/image\\\/\"}},{\"@type\":\"Person\",\"@id\":\"https:\\\/\\\/encompaniastj.org\\\/pt-pt\\\/#\\\/schema\\\/person\\\/520e7ecc314793d40091993c2a02b651\",\"name\":\"admin\",\"image\":{\"@type\":\"ImageObject\",\"inLanguage\":\"pt-PT\",\"@id\":\"https:\\\/\\\/secure.gravatar.com\\\/avatar\\\/948b492cce32b586ac2db0eaa926ee87024f7afe218d73b397ea5ddfc5f43ea1?s=96&d=mm&r=g\",\"url\":\"https:\\\/\\\/secure.gravatar.com\\\/avatar\\\/948b492cce32b586ac2db0eaa926ee87024f7afe218d73b397ea5ddfc5f43ea1?s=96&d=mm&r=g\",\"contentUrl\":\"https:\\\/\\\/secure.gravatar.com\\\/avatar\\\/948b492cce32b586ac2db0eaa926ee87024f7afe218d73b397ea5ddfc5f43ea1?s=96&d=mm&r=g\",\"caption\":\"admin\"},\"sameAs\":[\"https:\\\/\\\/encompaniastj.org\"],\"url\":\"https:\\\/\\\/encompaniastj.org\\\/pt-pt\\\/author\\\/sjdigital\\\/\"}]}<\/script>\n<!-- \/ Yoast SEO plugin. -->","yoast_head_json":{"title":"A fam\u00edlia teresiana de Huelva celebra a festa de Santo Enrique de Oss\u00f3 - En Compa\u00f1\u00eda STJ","robots":{"index":"index","follow":"follow","max-snippet":"max-snippet:-1","max-image-preview":"max-image-preview:large","max-video-preview":"max-video-preview:-1"},"canonical":"https:\/\/encompaniastj.org\/pt-pt\/a-familia-teresiana-de-huelva-celebra-a-festa-de-santo-enrique-de-osso\/","og_locale":"pt_PT","og_type":"article","og_title":"A fam\u00edlia teresiana de Huelva celebra a festa de Santo Enrique de Oss\u00f3 - En Compa\u00f1\u00eda STJ","og_description":"O m\u00eas de janeiro \u00e9 sempre um bom momento para a Fam\u00edlia Teresiana se reunir. A festa do padre Enrique convocou-nos no col\u00e9gio, na tarde de s\u00e1bado, 28 de janeiro. [&hellip;]","og_url":"https:\/\/encompaniastj.org\/pt-pt\/a-familia-teresiana-de-huelva-celebra-a-festa-de-santo-enrique-de-osso\/","og_site_name":"En Compa\u00f1\u00eda STJ","article_published_time":"2023-02-13T07:23:15+00:00","article_modified_time":"2025-07-07T14:24:09+00:00","og_image":[{"width":2048,"height":921,"url":"https:\/\/encompaniastj.org\/wp-content\/uploads\/2025\/05\/f4.jpg","type":"image\/jpeg"}],"author":"admin","twitter_card":"summary_large_image","twitter_misc":{"Escrito por":"admin","Tempo estimado de leitura":"3 minutos"},"schema":{"@context":"https:\/\/schema.org","@graph":[{"@type":"Article","@id":"https:\/\/encompaniastj.org\/pt-pt\/a-familia-teresiana-de-huelva-celebra-a-festa-de-santo-enrique-de-osso\/#article","isPartOf":{"@id":"https:\/\/encompaniastj.org\/pt-pt\/a-familia-teresiana-de-huelva-celebra-a-festa-de-santo-enrique-de-osso\/"},"author":{"name":"admin","@id":"https:\/\/encompaniastj.org\/pt-pt\/#\/schema\/person\/520e7ecc314793d40091993c2a02b651"},"headline":"A fam\u00edlia teresiana de Huelva celebra a festa de Santo Enrique de Oss\u00f3","datePublished":"2023-02-13T07:23:15+00:00","dateModified":"2025-07-07T14:24:09+00:00","mainEntityOfPage":{"@id":"https:\/\/encompaniastj.org\/pt-pt\/a-familia-teresiana-de-huelva-celebra-a-festa-de-santo-enrique-de-osso\/"},"wordCount":356,"commentCount":0,"publisher":{"@id":"https:\/\/encompaniastj.org\/pt-pt\/#organization"},"image":{"@id":"https:\/\/encompaniastj.org\/pt-pt\/a-familia-teresiana-de-huelva-celebra-a-festa-de-santo-enrique-de-osso\/#primaryimage"},"thumbnailUrl":"https:\/\/encompaniastj.org\/wp-content\/uploads\/2025\/05\/f4.jpg","articleSection":["Noticias","Otras","Outras"],"inLanguage":"pt-PT","potentialAction":[{"@type":"CommentAction","name":"Comment","target":["https:\/\/encompaniastj.org\/pt-pt\/a-familia-teresiana-de-huelva-celebra-a-festa-de-santo-enrique-de-osso\/#respond"]}]},{"@type":"WebPage","@id":"https:\/\/encompaniastj.org\/pt-pt\/a-familia-teresiana-de-huelva-celebra-a-festa-de-santo-enrique-de-osso\/","url":"https:\/\/encompaniastj.org\/pt-pt\/a-familia-teresiana-de-huelva-celebra-a-festa-de-santo-enrique-de-osso\/","name":"A fam\u00edlia teresiana de Huelva celebra a festa de Santo Enrique de Oss\u00f3 - En Compa\u00f1\u00eda STJ","isPartOf":{"@id":"https:\/\/encompaniastj.org\/pt-pt\/#website"},"primaryImageOfPage":{"@id":"https:\/\/encompaniastj.org\/pt-pt\/a-familia-teresiana-de-huelva-celebra-a-festa-de-santo-enrique-de-osso\/#primaryimage"},"image":{"@id":"https:\/\/encompaniastj.org\/pt-pt\/a-familia-teresiana-de-huelva-celebra-a-festa-de-santo-enrique-de-osso\/#primaryimage"},"thumbnailUrl":"https:\/\/encompaniastj.org\/wp-content\/uploads\/2025\/05\/f4.jpg","datePublished":"2023-02-13T07:23:15+00:00","dateModified":"2025-07-07T14:24:09+00:00","breadcrumb":{"@id":"https:\/\/encompaniastj.org\/pt-pt\/a-familia-teresiana-de-huelva-celebra-a-festa-de-santo-enrique-de-osso\/#breadcrumb"},"inLanguage":"pt-PT","potentialAction":[{"@type":"ReadAction","target":["https:\/\/encompaniastj.org\/pt-pt\/a-familia-teresiana-de-huelva-celebra-a-festa-de-santo-enrique-de-osso\/"]}]},{"@type":"ImageObject","inLanguage":"pt-PT","@id":"https:\/\/encompaniastj.org\/pt-pt\/a-familia-teresiana-de-huelva-celebra-a-festa-de-santo-enrique-de-osso\/#primaryimage","url":"https:\/\/encompaniastj.org\/wp-content\/uploads\/2025\/05\/f4.jpg","contentUrl":"https:\/\/encompaniastj.org\/wp-content\/uploads\/2025\/05\/f4.jpg","width":2048,"height":921},{"@type":"BreadcrumbList","@id":"https:\/\/encompaniastj.org\/pt-pt\/a-familia-teresiana-de-huelva-celebra-a-festa-de-santo-enrique-de-osso\/#breadcrumb","itemListElement":[{"@type":"ListItem","position":1,"name":"Portada","item":"https:\/\/encompaniastj.org\/pt-pt\/"},{"@type":"ListItem","position":2,"name":"A fam\u00edlia teresiana de Huelva celebra a festa de Santo Enrique de Oss\u00f3"}]},{"@type":"WebSite","@id":"https:\/\/encompaniastj.org\/pt-pt\/#website","url":"https:\/\/encompaniastj.org\/pt-pt\/","name":"En Compa\u00f1\u00eda STJ","description":"Bolet\u00edn de la Compa\u00f1\u00eda de Santa Teresa de Jes\u00fas","publisher":{"@id":"https:\/\/encompaniastj.org\/pt-pt\/#organization"},"potentialAction":[{"@type":"SearchAction","target":{"@type":"EntryPoint","urlTemplate":"https:\/\/encompaniastj.org\/pt-pt\/?s={search_term_string}"},"query-input":{"@type":"PropertyValueSpecification","valueRequired":true,"valueName":"search_term_string"}}],"inLanguage":"pt-PT"},{"@type":"Organization","@id":"https:\/\/encompaniastj.org\/pt-pt\/#organization","name":"Compa\u00f1\u00eda de Santa Teresa de Jes\u00fas","url":"https:\/\/encompaniastj.org\/pt-pt\/","logo":{"@type":"ImageObject","inLanguage":"pt-PT","@id":"https:\/\/encompaniastj.org\/pt-pt\/#\/schema\/logo\/image\/","url":"https:\/\/encompaniastj.org\/wp-content\/uploads\/2025\/04\/logo_provincias02-1-3.png","contentUrl":"https:\/\/encompaniastj.org\/wp-content\/uploads\/2025\/04\/logo_provincias02-1-3.png","width":2368,"height":825,"caption":"Compa\u00f1\u00eda de Santa Teresa de Jes\u00fas"},"image":{"@id":"https:\/\/encompaniastj.org\/pt-pt\/#\/schema\/logo\/image\/"}},{"@type":"Person","@id":"https:\/\/encompaniastj.org\/pt-pt\/#\/schema\/person\/520e7ecc314793d40091993c2a02b651","name":"admin","image":{"@type":"ImageObject","inLanguage":"pt-PT","@id":"https:\/\/secure.gravatar.com\/avatar\/948b492cce32b586ac2db0eaa926ee87024f7afe218d73b397ea5ddfc5f43ea1?s=96&d=mm&r=g","url":"https:\/\/secure.gravatar.com\/avatar\/948b492cce32b586ac2db0eaa926ee87024f7afe218d73b397ea5ddfc5f43ea1?s=96&d=mm&r=g","contentUrl":"https:\/\/secure.gravatar.com\/avatar\/948b492cce32b586ac2db0eaa926ee87024f7afe218d73b397ea5ddfc5f43ea1?s=96&d=mm&r=g","caption":"admin"},"sameAs":["https:\/\/encompaniastj.org"],"url":"https:\/\/encompaniastj.org\/pt-pt\/author\/sjdigital\/"}]}},"_links":{"self":[{"href":"https:\/\/encompaniastj.org\/pt-pt\/wp-json\/wp\/v2\/posts\/11454","targetHints":{"allow":["GET"]}}],"collection":[{"href":"https:\/\/encompaniastj.org\/pt-pt\/wp-json\/wp\/v2\/posts"}],"about":[{"href":"https:\/\/encompaniastj.org\/pt-pt\/wp-json\/wp\/v2\/types\/post"}],"author":[{"embeddable":true,"href":"https:\/\/encompaniastj.org\/pt-pt\/wp-json\/wp\/v2\/users\/1"}],"replies":[{"embeddable":true,"href":"https:\/\/encompaniastj.org\/pt-pt\/wp-json\/wp\/v2\/comments?post=11454"}],"version-history":[{"count":1,"href":"https:\/\/encompaniastj.org\/pt-pt\/wp-json\/wp\/v2\/posts\/11454\/revisions"}],"predecessor-version":[{"id":11455,"href":"https:\/\/encompaniastj.org\/pt-pt\/wp-json\/wp\/v2\/posts\/11454\/revisions\/11455"}],"wp:featuredmedia":[{"embeddable":true,"href":"https:\/\/encompaniastj.org\/pt-pt\/wp-json\/wp\/v2\/media\/8250"}],"wp:attachment":[{"href":"https:\/\/encompaniastj.org\/pt-pt\/wp-json\/wp\/v2\/media?parent=11454"}],"wp:term":[{"taxonomy":"category","embeddable":true,"href":"https:\/\/encompaniastj.org\/pt-pt\/wp-json\/wp\/v2\/categories?post=11454"},{"taxonomy":"post_tag","embeddable":true,"href":"https:\/\/encompaniastj.org\/pt-pt\/wp-json\/wp\/v2\/tags?post=11454"}],"curies":[{"name":"wp","href":"https:\/\/api.w.org\/{rel}","templated":true}]}}