{"id":11442,"date":"2023-02-02T09:21:53","date_gmt":"2023-02-02T08:21:53","guid":{"rendered":"https:\/\/encompaniastj.org\/alargamos-o-nosso-espaco-interior-e-comunitario\/"},"modified":"2025-07-07T16:24:09","modified_gmt":"2025-07-07T14:24:09","slug":"alargamos-o-nosso-espaco-interior-e-comunitario","status":"publish","type":"post","link":"https:\/\/encompaniastj.org\/pt-pt\/alargamos-o-nosso-espaco-interior-e-comunitario\/","title":{"rendered":"Alargamos o nosso espa\u00e7o interior e comunit\u00e1rio"},"content":{"rendered":"<p>Na manh\u00e3 do dia 28 de janeiro, um grupo de 15 irm\u00e3s reunimo-nos via online das 10h \u00e0s 13h, \u00a0com o grupo \u201cMaturidade adulta\u201d e Upe, que a partir da equipa de Forma\u00e7\u00e3o, organiza esses encontros que nos d\u00e3o vida e nos renovam.<\/p>\n<p>O sentimento mais repetido, que nos brotava espontaneamente, era o da gratid\u00e3o. Gratas por nos encontrarmos, ver os nossos rostos no ecr\u00e3, saber que estamos \u201cna mesma coisa\u201d, passar tr\u00eas horas em algo t\u00e3o simples como orar juntas, ler alguns textos, oferecer umas \u00e0s outras uma escuta de qualidade em pequenos grupos, partilhar as resson\u00e2ncias\u2026 e depois passar para o grande grupo para continuar a enriquecer-nos com a escuta e a palavra de todas.<\/p>\n<p>Desta vez aprofund\u00e1mos dois textos da Palavra de Deus que iluminam todo o processo capitular: Isa\u00edas 54,2-3 e Mc. 6, 32-44.<\/p>\n<p>O que escut\u00e1mos por dentro, quando ouvimos isso de &#8220;ampliar o espa\u00e7o da tenda&#8221;? Que estacas temos que segurar bem para poder \u201calongar as cordas\u201d? Que estacas sustentar\u00e3o firme a tenda?<\/p>\n<p>E aquele <em>&#8220;dai-lhes v\u00f3s de comer&#8221;<\/em> que Jesus nos pede, n\u00e3o nos deixou indiferentes. Isso leva-nos a ACREDITAR nos dons que temos pessoal, comunit\u00e1ria e congregacionalmente. Ele nos pede, como nosso Padre nos pediria, para &#8220;colocar m\u00e3os \u00e0 obra&#8221;. Caso houvesse alguma d\u00favida em n\u00f3s, sobre as nossas possibilidades, caso estiv\u00e9ssemos confusas sobre quanto recebemos para poder partilhar&#8230; Jesus insiste: <strong>\u201cQuantos p\u00e3es tendes?<\/strong> <strong>IDE VER.<\/strong> <strong>TRAZEI-OS<\/strong>\u201d Nisto somos e permanecemos. N\u00e3o fixar-nos tanto no que nos falta quanto no que temos.<\/p>\n<p><img loading=\"lazy\" decoding=\"async\" class=\"aligncenter wp-image-10785 \" src=\"https:\/\/encompaniastj.org\/wp-content\/uploads\/2025\/05\/foto1-1-5.jpg\" alt=\"\" width=\"586\" height=\"253\" \/><\/p>\n","protected":false},"excerpt":{"rendered":"<p>Na manh\u00e3 do dia 28 de janeiro, um grupo de 15 irm\u00e3s reunimo-nos via online das 10h \u00e0s 13h, \u00a0com o grupo \u201cMaturidade adulta\u201d e Upe, que a partir da [&hellip;]<\/p>\n","protected":false},"author":1,"featured_media":8239,"comment_status":"open","ping_status":"open","sticky":false,"template":"","format":"standard","meta":{"_acf_changed":false,"footnotes":""},"categories":[61,62,68],"tags":[],"class_list":["post-11442","post","type-post","status-publish","format-standard","has-post-thumbnail","hentry","category-noticias","category-otras","category-outras"],"acf":[],"yoast_head":"<!-- This site is optimized with the Yoast SEO plugin v27.5 - https:\/\/yoast.com\/product\/yoast-seo-wordpress\/ -->\n<title>Alargamos o nosso espa\u00e7o interior e comunit\u00e1rio - En Compa\u00f1\u00eda STJ<\/title>\n<meta name=\"robots\" content=\"index, follow, max-snippet:-1, max-image-preview:large, max-video-preview:-1\" \/>\n<link rel=\"canonical\" href=\"https:\/\/encompaniastj.org\/pt-pt\/alargamos-o-nosso-espaco-interior-e-comunitario\/\" \/>\n<meta property=\"og:locale\" content=\"pt_PT\" \/>\n<meta property=\"og:type\" content=\"article\" \/>\n<meta property=\"og:title\" content=\"Alargamos o nosso espa\u00e7o interior e comunit\u00e1rio - En Compa\u00f1\u00eda STJ\" \/>\n<meta property=\"og:description\" content=\"Na manh\u00e3 do dia 28 de janeiro, um grupo de 15 irm\u00e3s reunimo-nos via online das 10h \u00e0s 13h, \u00a0com o grupo \u201cMaturidade adulta\u201d e Upe, que a partir da [&hellip;]\" \/>\n<meta property=\"og:url\" content=\"https:\/\/encompaniastj.org\/pt-pt\/alargamos-o-nosso-espaco-interior-e-comunitario\/\" \/>\n<meta property=\"og:site_name\" content=\"En Compa\u00f1\u00eda STJ\" \/>\n<meta property=\"article:published_time\" content=\"2023-02-02T08:21:53+00:00\" \/>\n<meta property=\"article:modified_time\" content=\"2025-07-07T14:24:09+00:00\" \/>\n<meta property=\"og:image\" content=\"https:\/\/encompaniastj.org\/wp-content\/uploads\/2025\/05\/tienda.jpg\" \/>\n\t<meta property=\"og:image:width\" content=\"559\" \/>\n\t<meta property=\"og:image:height\" content=\"372\" \/>\n\t<meta property=\"og:image:type\" content=\"image\/jpeg\" \/>\n<meta name=\"author\" content=\"admin\" \/>\n<meta name=\"twitter:card\" content=\"summary_large_image\" \/>\n<meta name=\"twitter:label1\" content=\"Escrito por\" \/>\n\t<meta name=\"twitter:data1\" content=\"admin\" \/>\n\t<meta name=\"twitter:label2\" content=\"Tempo estimado de leitura\" \/>\n\t<meta name=\"twitter:data2\" content=\"2 minutos\" \/>\n<script type=\"application\/ld+json\" class=\"yoast-schema-graph\">{\"@context\":\"https:\\\/\\\/schema.org\",\"@graph\":[{\"@type\":\"Article\",\"@id\":\"https:\\\/\\\/encompaniastj.org\\\/pt-pt\\\/alargamos-o-nosso-espaco-interior-e-comunitario\\\/#article\",\"isPartOf\":{\"@id\":\"https:\\\/\\\/encompaniastj.org\\\/pt-pt\\\/alargamos-o-nosso-espaco-interior-e-comunitario\\\/\"},\"author\":{\"name\":\"admin\",\"@id\":\"https:\\\/\\\/encompaniastj.org\\\/pt-pt\\\/#\\\/schema\\\/person\\\/520e7ecc314793d40091993c2a02b651\"},\"headline\":\"Alargamos o nosso espa\u00e7o interior e comunit\u00e1rio\",\"datePublished\":\"2023-02-02T08:21:53+00:00\",\"dateModified\":\"2025-07-07T14:24:09+00:00\",\"mainEntityOfPage\":{\"@id\":\"https:\\\/\\\/encompaniastj.org\\\/pt-pt\\\/alargamos-o-nosso-espaco-interior-e-comunitario\\\/\"},\"wordCount\":276,\"commentCount\":0,\"publisher\":{\"@id\":\"https:\\\/\\\/encompaniastj.org\\\/pt-pt\\\/#organization\"},\"image\":{\"@id\":\"https:\\\/\\\/encompaniastj.org\\\/pt-pt\\\/alargamos-o-nosso-espaco-interior-e-comunitario\\\/#primaryimage\"},\"thumbnailUrl\":\"https:\\\/\\\/encompaniastj.org\\\/wp-content\\\/uploads\\\/2025\\\/05\\\/tienda.jpg\",\"articleSection\":[\"Noticias\",\"Otras\",\"Outras\"],\"inLanguage\":\"pt-PT\",\"potentialAction\":[{\"@type\":\"CommentAction\",\"name\":\"Comment\",\"target\":[\"https:\\\/\\\/encompaniastj.org\\\/pt-pt\\\/alargamos-o-nosso-espaco-interior-e-comunitario\\\/#respond\"]}]},{\"@type\":\"WebPage\",\"@id\":\"https:\\\/\\\/encompaniastj.org\\\/pt-pt\\\/alargamos-o-nosso-espaco-interior-e-comunitario\\\/\",\"url\":\"https:\\\/\\\/encompaniastj.org\\\/pt-pt\\\/alargamos-o-nosso-espaco-interior-e-comunitario\\\/\",\"name\":\"Alargamos o nosso espa\u00e7o interior e comunit\u00e1rio - En Compa\u00f1\u00eda STJ\",\"isPartOf\":{\"@id\":\"https:\\\/\\\/encompaniastj.org\\\/pt-pt\\\/#website\"},\"primaryImageOfPage\":{\"@id\":\"https:\\\/\\\/encompaniastj.org\\\/pt-pt\\\/alargamos-o-nosso-espaco-interior-e-comunitario\\\/#primaryimage\"},\"image\":{\"@id\":\"https:\\\/\\\/encompaniastj.org\\\/pt-pt\\\/alargamos-o-nosso-espaco-interior-e-comunitario\\\/#primaryimage\"},\"thumbnailUrl\":\"https:\\\/\\\/encompaniastj.org\\\/wp-content\\\/uploads\\\/2025\\\/05\\\/tienda.jpg\",\"datePublished\":\"2023-02-02T08:21:53+00:00\",\"dateModified\":\"2025-07-07T14:24:09+00:00\",\"breadcrumb\":{\"@id\":\"https:\\\/\\\/encompaniastj.org\\\/pt-pt\\\/alargamos-o-nosso-espaco-interior-e-comunitario\\\/#breadcrumb\"},\"inLanguage\":\"pt-PT\",\"potentialAction\":[{\"@type\":\"ReadAction\",\"target\":[\"https:\\\/\\\/encompaniastj.org\\\/pt-pt\\\/alargamos-o-nosso-espaco-interior-e-comunitario\\\/\"]}]},{\"@type\":\"ImageObject\",\"inLanguage\":\"pt-PT\",\"@id\":\"https:\\\/\\\/encompaniastj.org\\\/pt-pt\\\/alargamos-o-nosso-espaco-interior-e-comunitario\\\/#primaryimage\",\"url\":\"https:\\\/\\\/encompaniastj.org\\\/wp-content\\\/uploads\\\/2025\\\/05\\\/tienda.jpg\",\"contentUrl\":\"https:\\\/\\\/encompaniastj.org\\\/wp-content\\\/uploads\\\/2025\\\/05\\\/tienda.jpg\",\"width\":559,\"height\":372},{\"@type\":\"BreadcrumbList\",\"@id\":\"https:\\\/\\\/encompaniastj.org\\\/pt-pt\\\/alargamos-o-nosso-espaco-interior-e-comunitario\\\/#breadcrumb\",\"itemListElement\":[{\"@type\":\"ListItem\",\"position\":1,\"name\":\"Portada\",\"item\":\"https:\\\/\\\/encompaniastj.org\\\/pt-pt\\\/\"},{\"@type\":\"ListItem\",\"position\":2,\"name\":\"Alargamos o nosso espa\u00e7o interior e comunit\u00e1rio\"}]},{\"@type\":\"WebSite\",\"@id\":\"https:\\\/\\\/encompaniastj.org\\\/pt-pt\\\/#website\",\"url\":\"https:\\\/\\\/encompaniastj.org\\\/pt-pt\\\/\",\"name\":\"En Compa\u00f1\u00eda STJ\",\"description\":\"Bolet\u00edn de la Compa\u00f1\u00eda de Santa Teresa de Jes\u00fas\",\"publisher\":{\"@id\":\"https:\\\/\\\/encompaniastj.org\\\/pt-pt\\\/#organization\"},\"potentialAction\":[{\"@type\":\"SearchAction\",\"target\":{\"@type\":\"EntryPoint\",\"urlTemplate\":\"https:\\\/\\\/encompaniastj.org\\\/pt-pt\\\/?s={search_term_string}\"},\"query-input\":{\"@type\":\"PropertyValueSpecification\",\"valueRequired\":true,\"valueName\":\"search_term_string\"}}],\"inLanguage\":\"pt-PT\"},{\"@type\":\"Organization\",\"@id\":\"https:\\\/\\\/encompaniastj.org\\\/pt-pt\\\/#organization\",\"name\":\"Compa\u00f1\u00eda de Santa Teresa de Jes\u00fas\",\"url\":\"https:\\\/\\\/encompaniastj.org\\\/pt-pt\\\/\",\"logo\":{\"@type\":\"ImageObject\",\"inLanguage\":\"pt-PT\",\"@id\":\"https:\\\/\\\/encompaniastj.org\\\/pt-pt\\\/#\\\/schema\\\/logo\\\/image\\\/\",\"url\":\"https:\\\/\\\/encompaniastj.org\\\/wp-content\\\/uploads\\\/2025\\\/04\\\/logo_provincias02-1-3.png\",\"contentUrl\":\"https:\\\/\\\/encompaniastj.org\\\/wp-content\\\/uploads\\\/2025\\\/04\\\/logo_provincias02-1-3.png\",\"width\":2368,\"height\":825,\"caption\":\"Compa\u00f1\u00eda de Santa Teresa de Jes\u00fas\"},\"image\":{\"@id\":\"https:\\\/\\\/encompaniastj.org\\\/pt-pt\\\/#\\\/schema\\\/logo\\\/image\\\/\"}},{\"@type\":\"Person\",\"@id\":\"https:\\\/\\\/encompaniastj.org\\\/pt-pt\\\/#\\\/schema\\\/person\\\/520e7ecc314793d40091993c2a02b651\",\"name\":\"admin\",\"image\":{\"@type\":\"ImageObject\",\"inLanguage\":\"pt-PT\",\"@id\":\"https:\\\/\\\/secure.gravatar.com\\\/avatar\\\/948b492cce32b586ac2db0eaa926ee87024f7afe218d73b397ea5ddfc5f43ea1?s=96&d=mm&r=g\",\"url\":\"https:\\\/\\\/secure.gravatar.com\\\/avatar\\\/948b492cce32b586ac2db0eaa926ee87024f7afe218d73b397ea5ddfc5f43ea1?s=96&d=mm&r=g\",\"contentUrl\":\"https:\\\/\\\/secure.gravatar.com\\\/avatar\\\/948b492cce32b586ac2db0eaa926ee87024f7afe218d73b397ea5ddfc5f43ea1?s=96&d=mm&r=g\",\"caption\":\"admin\"},\"sameAs\":[\"https:\\\/\\\/encompaniastj.org\"],\"url\":\"https:\\\/\\\/encompaniastj.org\\\/pt-pt\\\/author\\\/sjdigital\\\/\"}]}<\/script>\n<!-- \/ Yoast SEO plugin. -->","yoast_head_json":{"title":"Alargamos o nosso espa\u00e7o interior e comunit\u00e1rio - En Compa\u00f1\u00eda STJ","robots":{"index":"index","follow":"follow","max-snippet":"max-snippet:-1","max-image-preview":"max-image-preview:large","max-video-preview":"max-video-preview:-1"},"canonical":"https:\/\/encompaniastj.org\/pt-pt\/alargamos-o-nosso-espaco-interior-e-comunitario\/","og_locale":"pt_PT","og_type":"article","og_title":"Alargamos o nosso espa\u00e7o interior e comunit\u00e1rio - En Compa\u00f1\u00eda STJ","og_description":"Na manh\u00e3 do dia 28 de janeiro, um grupo de 15 irm\u00e3s reunimo-nos via online das 10h \u00e0s 13h, \u00a0com o grupo \u201cMaturidade adulta\u201d e Upe, que a partir da [&hellip;]","og_url":"https:\/\/encompaniastj.org\/pt-pt\/alargamos-o-nosso-espaco-interior-e-comunitario\/","og_site_name":"En Compa\u00f1\u00eda STJ","article_published_time":"2023-02-02T08:21:53+00:00","article_modified_time":"2025-07-07T14:24:09+00:00","og_image":[{"width":559,"height":372,"url":"https:\/\/encompaniastj.org\/wp-content\/uploads\/2025\/05\/tienda.jpg","type":"image\/jpeg"}],"author":"admin","twitter_card":"summary_large_image","twitter_misc":{"Escrito por":"admin","Tempo estimado de leitura":"2 minutos"},"schema":{"@context":"https:\/\/schema.org","@graph":[{"@type":"Article","@id":"https:\/\/encompaniastj.org\/pt-pt\/alargamos-o-nosso-espaco-interior-e-comunitario\/#article","isPartOf":{"@id":"https:\/\/encompaniastj.org\/pt-pt\/alargamos-o-nosso-espaco-interior-e-comunitario\/"},"author":{"name":"admin","@id":"https:\/\/encompaniastj.org\/pt-pt\/#\/schema\/person\/520e7ecc314793d40091993c2a02b651"},"headline":"Alargamos o nosso espa\u00e7o interior e comunit\u00e1rio","datePublished":"2023-02-02T08:21:53+00:00","dateModified":"2025-07-07T14:24:09+00:00","mainEntityOfPage":{"@id":"https:\/\/encompaniastj.org\/pt-pt\/alargamos-o-nosso-espaco-interior-e-comunitario\/"},"wordCount":276,"commentCount":0,"publisher":{"@id":"https:\/\/encompaniastj.org\/pt-pt\/#organization"},"image":{"@id":"https:\/\/encompaniastj.org\/pt-pt\/alargamos-o-nosso-espaco-interior-e-comunitario\/#primaryimage"},"thumbnailUrl":"https:\/\/encompaniastj.org\/wp-content\/uploads\/2025\/05\/tienda.jpg","articleSection":["Noticias","Otras","Outras"],"inLanguage":"pt-PT","potentialAction":[{"@type":"CommentAction","name":"Comment","target":["https:\/\/encompaniastj.org\/pt-pt\/alargamos-o-nosso-espaco-interior-e-comunitario\/#respond"]}]},{"@type":"WebPage","@id":"https:\/\/encompaniastj.org\/pt-pt\/alargamos-o-nosso-espaco-interior-e-comunitario\/","url":"https:\/\/encompaniastj.org\/pt-pt\/alargamos-o-nosso-espaco-interior-e-comunitario\/","name":"Alargamos o nosso espa\u00e7o interior e comunit\u00e1rio - En Compa\u00f1\u00eda STJ","isPartOf":{"@id":"https:\/\/encompaniastj.org\/pt-pt\/#website"},"primaryImageOfPage":{"@id":"https:\/\/encompaniastj.org\/pt-pt\/alargamos-o-nosso-espaco-interior-e-comunitario\/#primaryimage"},"image":{"@id":"https:\/\/encompaniastj.org\/pt-pt\/alargamos-o-nosso-espaco-interior-e-comunitario\/#primaryimage"},"thumbnailUrl":"https:\/\/encompaniastj.org\/wp-content\/uploads\/2025\/05\/tienda.jpg","datePublished":"2023-02-02T08:21:53+00:00","dateModified":"2025-07-07T14:24:09+00:00","breadcrumb":{"@id":"https:\/\/encompaniastj.org\/pt-pt\/alargamos-o-nosso-espaco-interior-e-comunitario\/#breadcrumb"},"inLanguage":"pt-PT","potentialAction":[{"@type":"ReadAction","target":["https:\/\/encompaniastj.org\/pt-pt\/alargamos-o-nosso-espaco-interior-e-comunitario\/"]}]},{"@type":"ImageObject","inLanguage":"pt-PT","@id":"https:\/\/encompaniastj.org\/pt-pt\/alargamos-o-nosso-espaco-interior-e-comunitario\/#primaryimage","url":"https:\/\/encompaniastj.org\/wp-content\/uploads\/2025\/05\/tienda.jpg","contentUrl":"https:\/\/encompaniastj.org\/wp-content\/uploads\/2025\/05\/tienda.jpg","width":559,"height":372},{"@type":"BreadcrumbList","@id":"https:\/\/encompaniastj.org\/pt-pt\/alargamos-o-nosso-espaco-interior-e-comunitario\/#breadcrumb","itemListElement":[{"@type":"ListItem","position":1,"name":"Portada","item":"https:\/\/encompaniastj.org\/pt-pt\/"},{"@type":"ListItem","position":2,"name":"Alargamos o nosso espa\u00e7o interior e comunit\u00e1rio"}]},{"@type":"WebSite","@id":"https:\/\/encompaniastj.org\/pt-pt\/#website","url":"https:\/\/encompaniastj.org\/pt-pt\/","name":"En Compa\u00f1\u00eda STJ","description":"Bolet\u00edn de la Compa\u00f1\u00eda de Santa Teresa de Jes\u00fas","publisher":{"@id":"https:\/\/encompaniastj.org\/pt-pt\/#organization"},"potentialAction":[{"@type":"SearchAction","target":{"@type":"EntryPoint","urlTemplate":"https:\/\/encompaniastj.org\/pt-pt\/?s={search_term_string}"},"query-input":{"@type":"PropertyValueSpecification","valueRequired":true,"valueName":"search_term_string"}}],"inLanguage":"pt-PT"},{"@type":"Organization","@id":"https:\/\/encompaniastj.org\/pt-pt\/#organization","name":"Compa\u00f1\u00eda de Santa Teresa de Jes\u00fas","url":"https:\/\/encompaniastj.org\/pt-pt\/","logo":{"@type":"ImageObject","inLanguage":"pt-PT","@id":"https:\/\/encompaniastj.org\/pt-pt\/#\/schema\/logo\/image\/","url":"https:\/\/encompaniastj.org\/wp-content\/uploads\/2025\/04\/logo_provincias02-1-3.png","contentUrl":"https:\/\/encompaniastj.org\/wp-content\/uploads\/2025\/04\/logo_provincias02-1-3.png","width":2368,"height":825,"caption":"Compa\u00f1\u00eda de Santa Teresa de Jes\u00fas"},"image":{"@id":"https:\/\/encompaniastj.org\/pt-pt\/#\/schema\/logo\/image\/"}},{"@type":"Person","@id":"https:\/\/encompaniastj.org\/pt-pt\/#\/schema\/person\/520e7ecc314793d40091993c2a02b651","name":"admin","image":{"@type":"ImageObject","inLanguage":"pt-PT","@id":"https:\/\/secure.gravatar.com\/avatar\/948b492cce32b586ac2db0eaa926ee87024f7afe218d73b397ea5ddfc5f43ea1?s=96&d=mm&r=g","url":"https:\/\/secure.gravatar.com\/avatar\/948b492cce32b586ac2db0eaa926ee87024f7afe218d73b397ea5ddfc5f43ea1?s=96&d=mm&r=g","contentUrl":"https:\/\/secure.gravatar.com\/avatar\/948b492cce32b586ac2db0eaa926ee87024f7afe218d73b397ea5ddfc5f43ea1?s=96&d=mm&r=g","caption":"admin"},"sameAs":["https:\/\/encompaniastj.org"],"url":"https:\/\/encompaniastj.org\/pt-pt\/author\/sjdigital\/"}]}},"_links":{"self":[{"href":"https:\/\/encompaniastj.org\/pt-pt\/wp-json\/wp\/v2\/posts\/11442","targetHints":{"allow":["GET"]}}],"collection":[{"href":"https:\/\/encompaniastj.org\/pt-pt\/wp-json\/wp\/v2\/posts"}],"about":[{"href":"https:\/\/encompaniastj.org\/pt-pt\/wp-json\/wp\/v2\/types\/post"}],"author":[{"embeddable":true,"href":"https:\/\/encompaniastj.org\/pt-pt\/wp-json\/wp\/v2\/users\/1"}],"replies":[{"embeddable":true,"href":"https:\/\/encompaniastj.org\/pt-pt\/wp-json\/wp\/v2\/comments?post=11442"}],"version-history":[{"count":1,"href":"https:\/\/encompaniastj.org\/pt-pt\/wp-json\/wp\/v2\/posts\/11442\/revisions"}],"predecessor-version":[{"id":11443,"href":"https:\/\/encompaniastj.org\/pt-pt\/wp-json\/wp\/v2\/posts\/11442\/revisions\/11443"}],"wp:featuredmedia":[{"embeddable":true,"href":"https:\/\/encompaniastj.org\/pt-pt\/wp-json\/wp\/v2\/media\/8239"}],"wp:attachment":[{"href":"https:\/\/encompaniastj.org\/pt-pt\/wp-json\/wp\/v2\/media?parent=11442"}],"wp:term":[{"taxonomy":"category","embeddable":true,"href":"https:\/\/encompaniastj.org\/pt-pt\/wp-json\/wp\/v2\/categories?post=11442"},{"taxonomy":"post_tag","embeddable":true,"href":"https:\/\/encompaniastj.org\/pt-pt\/wp-json\/wp\/v2\/tags?post=11442"}],"curies":[{"name":"wp","href":"https:\/\/api.w.org\/{rel}","templated":true}]}}