{"id":11422,"date":"2023-02-01T07:15:59","date_gmt":"2023-02-01T06:15:59","guid":{"rendered":"https:\/\/encompaniastj.org\/celebrando-santo-henrique-de-osso-na-comunidade-de-napols\/"},"modified":"2025-07-07T16:24:06","modified_gmt":"2025-07-07T14:24:06","slug":"celebrando-santo-henrique-de-osso-na-comunidade-de-napols","status":"publish","type":"post","link":"https:\/\/encompaniastj.org\/pt-pt\/celebrando-santo-henrique-de-osso-na-comunidade-de-napols\/","title":{"rendered":"Celebrando Santo Henrique de Oss\u00f3 na Comunidade de N\u00e1poles"},"content":{"rendered":"<p>Um grande dia para o qual nos \u00edamos preparando durante toda a semana na ora\u00e7\u00e3o da tarde.<\/p>\n<p>O ponto alto foi a Eucaristia celebrada na igreja de Santa Anna \u00e0 qual atualmente estamos vinculadas pelo Hospital de Campanha e onde nos esperava o Padre Peio S\u00e1nchez, que se emocionou em celebrar connosco este grande dia. N\u00e3o s\u00f3 porque Santo Henrique \u00e9 um santo muito querido na Catalunha, mas porque esteve com o MTA em Salamanca e conhece a nossa Companhia e o Santo Fundador.<\/p>\n<p>A homilia foi um momento inesquec\u00edvel pelas belas leituras da liturgia deste dia. A \u201cSabedoria\u201d, que curiosamente \u00e9 o grande dom cuja palavra \u00e9 feminina \u2013 disse-nos \u2013 apresenta-nos um texto muito apropriado na festa de Santo Henrique, porque ele quis isso para n\u00f3s: que pud\u00e9ssemos \u201csaborear\u201d a experi\u00eancia de Deus e viv\u00ea-lo em nossas vidas e em nossas a\u00e7\u00f5es. E, como fundador de uma congrega\u00e7\u00e3o feminina, n\u00e3o pretendeu ser o \u00fanico a assumir as r\u00e9deas da nossa Companhia, mas, desde o in\u00edcio, quis que f\u00f4ssemos n\u00f3s a dirigi-la, guiadas por essa Sabedoria, dom de Deus, para continuar o carisma Teresiano que ele nos tinha oferecido.<\/p>\n<p>Por isso \u2013acrescentou Peio- \u00e9 muito oportuno que a Igreja na liturgia do dia tenha escolhido aquele texto bel\u00edssimo do livro da Sabedoria que Santo Henrique sempre desejou para as suas filhas da Companhia de Santa Teresa.<\/p>\n<p>E uma sabedoria centrada em Jesus a partir da experi\u00eancia m\u00edstica daquela grande mulher que nos deu como padroeira, Santa Teresa de Jesus.<\/p>\n","protected":false},"excerpt":{"rendered":"<p>Um grande dia para o qual nos \u00edamos preparando durante toda a semana na ora\u00e7\u00e3o da tarde. O ponto alto foi a Eucaristia celebrada na igreja de Santa Anna \u00e0 [&hellip;]<\/p>\n","protected":false},"author":1,"featured_media":8226,"comment_status":"open","ping_status":"open","sticky":false,"template":"","format":"standard","meta":{"_acf_changed":false,"footnotes":""},"categories":[61,62,68],"tags":[],"class_list":["post-11422","post","type-post","status-publish","format-standard","has-post-thumbnail","hentry","category-noticias","category-otras","category-outras"],"acf":[],"yoast_head":"<!-- This site is optimized with the Yoast SEO plugin v27.5 - https:\/\/yoast.com\/product\/yoast-seo-wordpress\/ -->\n<title>Celebrando Santo Henrique de Oss\u00f3 na Comunidade de N\u00e1poles - En Compa\u00f1\u00eda STJ<\/title>\n<meta name=\"robots\" content=\"index, follow, max-snippet:-1, max-image-preview:large, max-video-preview:-1\" \/>\n<link rel=\"canonical\" href=\"https:\/\/encompaniastj.org\/pt-pt\/celebrando-santo-henrique-de-osso-na-comunidade-de-napols\/\" \/>\n<meta property=\"og:locale\" content=\"pt_PT\" \/>\n<meta property=\"og:type\" content=\"article\" \/>\n<meta property=\"og:title\" content=\"Celebrando Santo Henrique de Oss\u00f3 na Comunidade de N\u00e1poles - En Compa\u00f1\u00eda STJ\" \/>\n<meta property=\"og:description\" content=\"Um grande dia para o qual nos \u00edamos preparando durante toda a semana na ora\u00e7\u00e3o da tarde. O ponto alto foi a Eucaristia celebrada na igreja de Santa Anna \u00e0 [&hellip;]\" \/>\n<meta property=\"og:url\" content=\"https:\/\/encompaniastj.org\/pt-pt\/celebrando-santo-henrique-de-osso-na-comunidade-de-napols\/\" \/>\n<meta property=\"og:site_name\" content=\"En Compa\u00f1\u00eda STJ\" \/>\n<meta property=\"article:published_time\" content=\"2023-02-01T06:15:59+00:00\" \/>\n<meta property=\"article:modified_time\" content=\"2025-07-07T14:24:06+00:00\" \/>\n<meta property=\"og:image\" content=\"https:\/\/encompaniastj.org\/wp-content\/uploads\/2025\/05\/reliquia.jpg\" \/>\n\t<meta property=\"og:image:width\" content=\"1200\" \/>\n\t<meta property=\"og:image:height\" content=\"1600\" \/>\n\t<meta property=\"og:image:type\" content=\"image\/jpeg\" \/>\n<meta name=\"author\" content=\"admin\" \/>\n<meta name=\"twitter:card\" content=\"summary_large_image\" \/>\n<meta name=\"twitter:label1\" content=\"Escrito por\" \/>\n\t<meta name=\"twitter:data1\" content=\"admin\" \/>\n\t<meta name=\"twitter:label2\" content=\"Tempo estimado de leitura\" \/>\n\t<meta name=\"twitter:data2\" content=\"2 minutos\" \/>\n<script type=\"application\/ld+json\" class=\"yoast-schema-graph\">{\"@context\":\"https:\\\/\\\/schema.org\",\"@graph\":[{\"@type\":\"Article\",\"@id\":\"https:\\\/\\\/encompaniastj.org\\\/pt-pt\\\/celebrando-santo-henrique-de-osso-na-comunidade-de-napols\\\/#article\",\"isPartOf\":{\"@id\":\"https:\\\/\\\/encompaniastj.org\\\/pt-pt\\\/celebrando-santo-henrique-de-osso-na-comunidade-de-napols\\\/\"},\"author\":{\"name\":\"admin\",\"@id\":\"https:\\\/\\\/encompaniastj.org\\\/pt-pt\\\/#\\\/schema\\\/person\\\/520e7ecc314793d40091993c2a02b651\"},\"headline\":\"Celebrando Santo Henrique de Oss\u00f3 na Comunidade de N\u00e1poles\",\"datePublished\":\"2023-02-01T06:15:59+00:00\",\"dateModified\":\"2025-07-07T14:24:06+00:00\",\"mainEntityOfPage\":{\"@id\":\"https:\\\/\\\/encompaniastj.org\\\/pt-pt\\\/celebrando-santo-henrique-de-osso-na-comunidade-de-napols\\\/\"},\"wordCount\":271,\"commentCount\":0,\"publisher\":{\"@id\":\"https:\\\/\\\/encompaniastj.org\\\/pt-pt\\\/#organization\"},\"image\":{\"@id\":\"https:\\\/\\\/encompaniastj.org\\\/pt-pt\\\/celebrando-santo-henrique-de-osso-na-comunidade-de-napols\\\/#primaryimage\"},\"thumbnailUrl\":\"https:\\\/\\\/encompaniastj.org\\\/wp-content\\\/uploads\\\/2025\\\/05\\\/reliquia.jpg\",\"articleSection\":[\"Noticias\",\"Otras\",\"Outras\"],\"inLanguage\":\"pt-PT\",\"potentialAction\":[{\"@type\":\"CommentAction\",\"name\":\"Comment\",\"target\":[\"https:\\\/\\\/encompaniastj.org\\\/pt-pt\\\/celebrando-santo-henrique-de-osso-na-comunidade-de-napols\\\/#respond\"]}]},{\"@type\":\"WebPage\",\"@id\":\"https:\\\/\\\/encompaniastj.org\\\/pt-pt\\\/celebrando-santo-henrique-de-osso-na-comunidade-de-napols\\\/\",\"url\":\"https:\\\/\\\/encompaniastj.org\\\/pt-pt\\\/celebrando-santo-henrique-de-osso-na-comunidade-de-napols\\\/\",\"name\":\"Celebrando Santo Henrique de Oss\u00f3 na Comunidade de N\u00e1poles - En Compa\u00f1\u00eda STJ\",\"isPartOf\":{\"@id\":\"https:\\\/\\\/encompaniastj.org\\\/pt-pt\\\/#website\"},\"primaryImageOfPage\":{\"@id\":\"https:\\\/\\\/encompaniastj.org\\\/pt-pt\\\/celebrando-santo-henrique-de-osso-na-comunidade-de-napols\\\/#primaryimage\"},\"image\":{\"@id\":\"https:\\\/\\\/encompaniastj.org\\\/pt-pt\\\/celebrando-santo-henrique-de-osso-na-comunidade-de-napols\\\/#primaryimage\"},\"thumbnailUrl\":\"https:\\\/\\\/encompaniastj.org\\\/wp-content\\\/uploads\\\/2025\\\/05\\\/reliquia.jpg\",\"datePublished\":\"2023-02-01T06:15:59+00:00\",\"dateModified\":\"2025-07-07T14:24:06+00:00\",\"breadcrumb\":{\"@id\":\"https:\\\/\\\/encompaniastj.org\\\/pt-pt\\\/celebrando-santo-henrique-de-osso-na-comunidade-de-napols\\\/#breadcrumb\"},\"inLanguage\":\"pt-PT\",\"potentialAction\":[{\"@type\":\"ReadAction\",\"target\":[\"https:\\\/\\\/encompaniastj.org\\\/pt-pt\\\/celebrando-santo-henrique-de-osso-na-comunidade-de-napols\\\/\"]}]},{\"@type\":\"ImageObject\",\"inLanguage\":\"pt-PT\",\"@id\":\"https:\\\/\\\/encompaniastj.org\\\/pt-pt\\\/celebrando-santo-henrique-de-osso-na-comunidade-de-napols\\\/#primaryimage\",\"url\":\"https:\\\/\\\/encompaniastj.org\\\/wp-content\\\/uploads\\\/2025\\\/05\\\/reliquia.jpg\",\"contentUrl\":\"https:\\\/\\\/encompaniastj.org\\\/wp-content\\\/uploads\\\/2025\\\/05\\\/reliquia.jpg\",\"width\":1200,\"height\":1600},{\"@type\":\"BreadcrumbList\",\"@id\":\"https:\\\/\\\/encompaniastj.org\\\/pt-pt\\\/celebrando-santo-henrique-de-osso-na-comunidade-de-napols\\\/#breadcrumb\",\"itemListElement\":[{\"@type\":\"ListItem\",\"position\":1,\"name\":\"Portada\",\"item\":\"https:\\\/\\\/encompaniastj.org\\\/pt-pt\\\/\"},{\"@type\":\"ListItem\",\"position\":2,\"name\":\"Celebrando Santo Henrique de Oss\u00f3 na Comunidade de N\u00e1poles\"}]},{\"@type\":\"WebSite\",\"@id\":\"https:\\\/\\\/encompaniastj.org\\\/pt-pt\\\/#website\",\"url\":\"https:\\\/\\\/encompaniastj.org\\\/pt-pt\\\/\",\"name\":\"En Compa\u00f1\u00eda STJ\",\"description\":\"Bolet\u00edn de la Compa\u00f1\u00eda de Santa Teresa de Jes\u00fas\",\"publisher\":{\"@id\":\"https:\\\/\\\/encompaniastj.org\\\/pt-pt\\\/#organization\"},\"potentialAction\":[{\"@type\":\"SearchAction\",\"target\":{\"@type\":\"EntryPoint\",\"urlTemplate\":\"https:\\\/\\\/encompaniastj.org\\\/pt-pt\\\/?s={search_term_string}\"},\"query-input\":{\"@type\":\"PropertyValueSpecification\",\"valueRequired\":true,\"valueName\":\"search_term_string\"}}],\"inLanguage\":\"pt-PT\"},{\"@type\":\"Organization\",\"@id\":\"https:\\\/\\\/encompaniastj.org\\\/pt-pt\\\/#organization\",\"name\":\"Compa\u00f1\u00eda de Santa Teresa de Jes\u00fas\",\"url\":\"https:\\\/\\\/encompaniastj.org\\\/pt-pt\\\/\",\"logo\":{\"@type\":\"ImageObject\",\"inLanguage\":\"pt-PT\",\"@id\":\"https:\\\/\\\/encompaniastj.org\\\/pt-pt\\\/#\\\/schema\\\/logo\\\/image\\\/\",\"url\":\"https:\\\/\\\/encompaniastj.org\\\/wp-content\\\/uploads\\\/2025\\\/04\\\/logo_provincias02-1-3.png\",\"contentUrl\":\"https:\\\/\\\/encompaniastj.org\\\/wp-content\\\/uploads\\\/2025\\\/04\\\/logo_provincias02-1-3.png\",\"width\":2368,\"height\":825,\"caption\":\"Compa\u00f1\u00eda de Santa Teresa de Jes\u00fas\"},\"image\":{\"@id\":\"https:\\\/\\\/encompaniastj.org\\\/pt-pt\\\/#\\\/schema\\\/logo\\\/image\\\/\"}},{\"@type\":\"Person\",\"@id\":\"https:\\\/\\\/encompaniastj.org\\\/pt-pt\\\/#\\\/schema\\\/person\\\/520e7ecc314793d40091993c2a02b651\",\"name\":\"admin\",\"image\":{\"@type\":\"ImageObject\",\"inLanguage\":\"pt-PT\",\"@id\":\"https:\\\/\\\/secure.gravatar.com\\\/avatar\\\/948b492cce32b586ac2db0eaa926ee87024f7afe218d73b397ea5ddfc5f43ea1?s=96&d=mm&r=g\",\"url\":\"https:\\\/\\\/secure.gravatar.com\\\/avatar\\\/948b492cce32b586ac2db0eaa926ee87024f7afe218d73b397ea5ddfc5f43ea1?s=96&d=mm&r=g\",\"contentUrl\":\"https:\\\/\\\/secure.gravatar.com\\\/avatar\\\/948b492cce32b586ac2db0eaa926ee87024f7afe218d73b397ea5ddfc5f43ea1?s=96&d=mm&r=g\",\"caption\":\"admin\"},\"sameAs\":[\"https:\\\/\\\/encompaniastj.org\"],\"url\":\"https:\\\/\\\/encompaniastj.org\\\/pt-pt\\\/author\\\/sjdigital\\\/\"}]}<\/script>\n<!-- \/ Yoast SEO plugin. -->","yoast_head_json":{"title":"Celebrando Santo Henrique de Oss\u00f3 na Comunidade de N\u00e1poles - En Compa\u00f1\u00eda STJ","robots":{"index":"index","follow":"follow","max-snippet":"max-snippet:-1","max-image-preview":"max-image-preview:large","max-video-preview":"max-video-preview:-1"},"canonical":"https:\/\/encompaniastj.org\/pt-pt\/celebrando-santo-henrique-de-osso-na-comunidade-de-napols\/","og_locale":"pt_PT","og_type":"article","og_title":"Celebrando Santo Henrique de Oss\u00f3 na Comunidade de N\u00e1poles - En Compa\u00f1\u00eda STJ","og_description":"Um grande dia para o qual nos \u00edamos preparando durante toda a semana na ora\u00e7\u00e3o da tarde. O ponto alto foi a Eucaristia celebrada na igreja de Santa Anna \u00e0 [&hellip;]","og_url":"https:\/\/encompaniastj.org\/pt-pt\/celebrando-santo-henrique-de-osso-na-comunidade-de-napols\/","og_site_name":"En Compa\u00f1\u00eda STJ","article_published_time":"2023-02-01T06:15:59+00:00","article_modified_time":"2025-07-07T14:24:06+00:00","og_image":[{"width":1200,"height":1600,"url":"https:\/\/encompaniastj.org\/wp-content\/uploads\/2025\/05\/reliquia.jpg","type":"image\/jpeg"}],"author":"admin","twitter_card":"summary_large_image","twitter_misc":{"Escrito por":"admin","Tempo estimado de leitura":"2 minutos"},"schema":{"@context":"https:\/\/schema.org","@graph":[{"@type":"Article","@id":"https:\/\/encompaniastj.org\/pt-pt\/celebrando-santo-henrique-de-osso-na-comunidade-de-napols\/#article","isPartOf":{"@id":"https:\/\/encompaniastj.org\/pt-pt\/celebrando-santo-henrique-de-osso-na-comunidade-de-napols\/"},"author":{"name":"admin","@id":"https:\/\/encompaniastj.org\/pt-pt\/#\/schema\/person\/520e7ecc314793d40091993c2a02b651"},"headline":"Celebrando Santo Henrique de Oss\u00f3 na Comunidade de N\u00e1poles","datePublished":"2023-02-01T06:15:59+00:00","dateModified":"2025-07-07T14:24:06+00:00","mainEntityOfPage":{"@id":"https:\/\/encompaniastj.org\/pt-pt\/celebrando-santo-henrique-de-osso-na-comunidade-de-napols\/"},"wordCount":271,"commentCount":0,"publisher":{"@id":"https:\/\/encompaniastj.org\/pt-pt\/#organization"},"image":{"@id":"https:\/\/encompaniastj.org\/pt-pt\/celebrando-santo-henrique-de-osso-na-comunidade-de-napols\/#primaryimage"},"thumbnailUrl":"https:\/\/encompaniastj.org\/wp-content\/uploads\/2025\/05\/reliquia.jpg","articleSection":["Noticias","Otras","Outras"],"inLanguage":"pt-PT","potentialAction":[{"@type":"CommentAction","name":"Comment","target":["https:\/\/encompaniastj.org\/pt-pt\/celebrando-santo-henrique-de-osso-na-comunidade-de-napols\/#respond"]}]},{"@type":"WebPage","@id":"https:\/\/encompaniastj.org\/pt-pt\/celebrando-santo-henrique-de-osso-na-comunidade-de-napols\/","url":"https:\/\/encompaniastj.org\/pt-pt\/celebrando-santo-henrique-de-osso-na-comunidade-de-napols\/","name":"Celebrando Santo Henrique de Oss\u00f3 na Comunidade de N\u00e1poles - En Compa\u00f1\u00eda STJ","isPartOf":{"@id":"https:\/\/encompaniastj.org\/pt-pt\/#website"},"primaryImageOfPage":{"@id":"https:\/\/encompaniastj.org\/pt-pt\/celebrando-santo-henrique-de-osso-na-comunidade-de-napols\/#primaryimage"},"image":{"@id":"https:\/\/encompaniastj.org\/pt-pt\/celebrando-santo-henrique-de-osso-na-comunidade-de-napols\/#primaryimage"},"thumbnailUrl":"https:\/\/encompaniastj.org\/wp-content\/uploads\/2025\/05\/reliquia.jpg","datePublished":"2023-02-01T06:15:59+00:00","dateModified":"2025-07-07T14:24:06+00:00","breadcrumb":{"@id":"https:\/\/encompaniastj.org\/pt-pt\/celebrando-santo-henrique-de-osso-na-comunidade-de-napols\/#breadcrumb"},"inLanguage":"pt-PT","potentialAction":[{"@type":"ReadAction","target":["https:\/\/encompaniastj.org\/pt-pt\/celebrando-santo-henrique-de-osso-na-comunidade-de-napols\/"]}]},{"@type":"ImageObject","inLanguage":"pt-PT","@id":"https:\/\/encompaniastj.org\/pt-pt\/celebrando-santo-henrique-de-osso-na-comunidade-de-napols\/#primaryimage","url":"https:\/\/encompaniastj.org\/wp-content\/uploads\/2025\/05\/reliquia.jpg","contentUrl":"https:\/\/encompaniastj.org\/wp-content\/uploads\/2025\/05\/reliquia.jpg","width":1200,"height":1600},{"@type":"BreadcrumbList","@id":"https:\/\/encompaniastj.org\/pt-pt\/celebrando-santo-henrique-de-osso-na-comunidade-de-napols\/#breadcrumb","itemListElement":[{"@type":"ListItem","position":1,"name":"Portada","item":"https:\/\/encompaniastj.org\/pt-pt\/"},{"@type":"ListItem","position":2,"name":"Celebrando Santo Henrique de Oss\u00f3 na Comunidade de N\u00e1poles"}]},{"@type":"WebSite","@id":"https:\/\/encompaniastj.org\/pt-pt\/#website","url":"https:\/\/encompaniastj.org\/pt-pt\/","name":"En Compa\u00f1\u00eda STJ","description":"Bolet\u00edn de la Compa\u00f1\u00eda de Santa Teresa de Jes\u00fas","publisher":{"@id":"https:\/\/encompaniastj.org\/pt-pt\/#organization"},"potentialAction":[{"@type":"SearchAction","target":{"@type":"EntryPoint","urlTemplate":"https:\/\/encompaniastj.org\/pt-pt\/?s={search_term_string}"},"query-input":{"@type":"PropertyValueSpecification","valueRequired":true,"valueName":"search_term_string"}}],"inLanguage":"pt-PT"},{"@type":"Organization","@id":"https:\/\/encompaniastj.org\/pt-pt\/#organization","name":"Compa\u00f1\u00eda de Santa Teresa de Jes\u00fas","url":"https:\/\/encompaniastj.org\/pt-pt\/","logo":{"@type":"ImageObject","inLanguage":"pt-PT","@id":"https:\/\/encompaniastj.org\/pt-pt\/#\/schema\/logo\/image\/","url":"https:\/\/encompaniastj.org\/wp-content\/uploads\/2025\/04\/logo_provincias02-1-3.png","contentUrl":"https:\/\/encompaniastj.org\/wp-content\/uploads\/2025\/04\/logo_provincias02-1-3.png","width":2368,"height":825,"caption":"Compa\u00f1\u00eda de Santa Teresa de Jes\u00fas"},"image":{"@id":"https:\/\/encompaniastj.org\/pt-pt\/#\/schema\/logo\/image\/"}},{"@type":"Person","@id":"https:\/\/encompaniastj.org\/pt-pt\/#\/schema\/person\/520e7ecc314793d40091993c2a02b651","name":"admin","image":{"@type":"ImageObject","inLanguage":"pt-PT","@id":"https:\/\/secure.gravatar.com\/avatar\/948b492cce32b586ac2db0eaa926ee87024f7afe218d73b397ea5ddfc5f43ea1?s=96&d=mm&r=g","url":"https:\/\/secure.gravatar.com\/avatar\/948b492cce32b586ac2db0eaa926ee87024f7afe218d73b397ea5ddfc5f43ea1?s=96&d=mm&r=g","contentUrl":"https:\/\/secure.gravatar.com\/avatar\/948b492cce32b586ac2db0eaa926ee87024f7afe218d73b397ea5ddfc5f43ea1?s=96&d=mm&r=g","caption":"admin"},"sameAs":["https:\/\/encompaniastj.org"],"url":"https:\/\/encompaniastj.org\/pt-pt\/author\/sjdigital\/"}]}},"_links":{"self":[{"href":"https:\/\/encompaniastj.org\/pt-pt\/wp-json\/wp\/v2\/posts\/11422","targetHints":{"allow":["GET"]}}],"collection":[{"href":"https:\/\/encompaniastj.org\/pt-pt\/wp-json\/wp\/v2\/posts"}],"about":[{"href":"https:\/\/encompaniastj.org\/pt-pt\/wp-json\/wp\/v2\/types\/post"}],"author":[{"embeddable":true,"href":"https:\/\/encompaniastj.org\/pt-pt\/wp-json\/wp\/v2\/users\/1"}],"replies":[{"embeddable":true,"href":"https:\/\/encompaniastj.org\/pt-pt\/wp-json\/wp\/v2\/comments?post=11422"}],"version-history":[{"count":1,"href":"https:\/\/encompaniastj.org\/pt-pt\/wp-json\/wp\/v2\/posts\/11422\/revisions"}],"predecessor-version":[{"id":11423,"href":"https:\/\/encompaniastj.org\/pt-pt\/wp-json\/wp\/v2\/posts\/11422\/revisions\/11423"}],"wp:featuredmedia":[{"embeddable":true,"href":"https:\/\/encompaniastj.org\/pt-pt\/wp-json\/wp\/v2\/media\/8226"}],"wp:attachment":[{"href":"https:\/\/encompaniastj.org\/pt-pt\/wp-json\/wp\/v2\/media?parent=11422"}],"wp:term":[{"taxonomy":"category","embeddable":true,"href":"https:\/\/encompaniastj.org\/pt-pt\/wp-json\/wp\/v2\/categories?post=11422"},{"taxonomy":"post_tag","embeddable":true,"href":"https:\/\/encompaniastj.org\/pt-pt\/wp-json\/wp\/v2\/tags?post=11422"}],"curies":[{"name":"wp","href":"https:\/\/api.w.org\/{rel}","templated":true}]}}