{"id":11418,"date":"2023-02-01T07:11:33","date_gmt":"2023-02-01T06:11:33","guid":{"rendered":"https:\/\/encompaniastj.org\/festa-de-santo-henrique-em-cidade-rodrigo\/"},"modified":"2025-07-07T16:24:06","modified_gmt":"2025-07-07T14:24:06","slug":"festa-de-santo-henrique-em-cidade-rodrigo","status":"publish","type":"post","link":"https:\/\/encompaniastj.org\/pt-pt\/festa-de-santo-henrique-em-cidade-rodrigo\/","title":{"rendered":"Festa de Santo Henrique em Cidade Rodrigo"},"content":{"rendered":"<p>Os catequistas foram os primeiros a celebrar Santo Henrique, seu padroeiro. No dia 21 de janeiro, reuniu-se um grande grupo de toda a diocese. Este ano aconteceu no semin\u00e1rio. O encontro come\u00e7ou com as boas-vindas do Bispo D. Jos\u00e9 Lu\u00eds Retana. A Irm\u00e3 Gloria Pastor, Delegada diocesana para a Catequese, falou-lhes a seguir sobre &#8220;A miss\u00e3o do catequista&#8221; segundo o Diret\u00f3rio para a Catequese. No final, houve um tempo de &#8220;cochicho&#8221; dos grupos, e surgiram problemas e dificuldades com os catequistas por idade. Depois de um rico di\u00e1logo, foi celebrada a Eucaristia presidida pelo Bispo, na qual os catequistas renovaram os seus compromissos e receberam a miss\u00e3o de catequistas. Tamb\u00e9m receberam um marcador com o Dec\u00e1logo do Catequista, de Henrique de Oss\u00f3. A festa terminou com um lanche, partilhando os produtos t\u00edpicos de cada arciprestado.<\/p>\n<p>No dia 27 fizemos uma festa para a fam\u00edlia teresiana. A Eucaristia foi em casa, no grande orat\u00f3rio. Foi presidido pelo P\u00e1roco que se esmerou na sua homilia sobre o ser e a obra do nosso Padre, a partir da ora\u00e7\u00e3o da coleta: &#8220;&#8230; unistes maravilhosamente em Santo Henrique de Oss\u00f3 uma ora\u00e7\u00e3o cont\u00ednua com um incans\u00e1vel trabalho apost\u00f3lico&#8230; Concedei-nos perseverar no amor de Cristo&#8230;&#8221;<\/p>\n<p>Lembrou-se de todas as Irm\u00e3s que passaram por esta cidade ao longo dos 100 anos e concluiu: \u201cpedimos \u00e0s Irm\u00e3s. Teresianas que continuem a oferecer-nos a riqueza do seu carisma atrav\u00e9s da sua perseverante dedica\u00e7\u00e3o ao Senhor entre n\u00f3s, nas atuais circunst\u00e2ncias e com as dificuldades do momento\u201d.<\/p>\n<p>Terminada a missa, com o hino &#8220;Fala-nos com a tua vida e com a tua palavra&#8221;, descemos \u00e0 sala para tomar um chocolate quente para nos aquecermos e tivemos um longo e agrad\u00e1vel tempo juntos.<\/p>\n<p>Que S\u00e3o Henrique proteja a todos n\u00f3s.<\/p>\n","protected":false},"excerpt":{"rendered":"<p>Os catequistas foram os primeiros a celebrar Santo Henrique, seu padroeiro. No dia 21 de janeiro, reuniu-se um grande grupo de toda a diocese. Este ano aconteceu no semin\u00e1rio. O [&hellip;]<\/p>\n","protected":false},"author":1,"featured_media":8225,"comment_status":"open","ping_status":"open","sticky":false,"template":"","format":"standard","meta":{"_acf_changed":false,"footnotes":""},"categories":[61,80,78],"tags":[],"class_list":["post-11418","post","type-post","status-publish","format-standard","has-post-thumbnail","hentry","category-noticias","category-paroquial-eclesial","category-parroquial-eclesial"],"acf":[],"yoast_head":"<!-- This site is optimized with the Yoast SEO plugin v27.5 - https:\/\/yoast.com\/product\/yoast-seo-wordpress\/ -->\n<title>Festa de Santo Henrique em Cidade Rodrigo - En Compa\u00f1\u00eda STJ<\/title>\n<meta name=\"robots\" content=\"index, follow, max-snippet:-1, max-image-preview:large, max-video-preview:-1\" \/>\n<link rel=\"canonical\" href=\"https:\/\/encompaniastj.org\/pt-pt\/festa-de-santo-henrique-em-cidade-rodrigo\/\" \/>\n<meta property=\"og:locale\" content=\"pt_PT\" \/>\n<meta property=\"og:type\" content=\"article\" \/>\n<meta property=\"og:title\" content=\"Festa de Santo Henrique em Cidade Rodrigo - En Compa\u00f1\u00eda STJ\" \/>\n<meta property=\"og:description\" content=\"Os catequistas foram os primeiros a celebrar Santo Henrique, seu padroeiro. No dia 21 de janeiro, reuniu-se um grande grupo de toda a diocese. Este ano aconteceu no semin\u00e1rio. O [&hellip;]\" \/>\n<meta property=\"og:url\" content=\"https:\/\/encompaniastj.org\/pt-pt\/festa-de-santo-henrique-em-cidade-rodrigo\/\" \/>\n<meta property=\"og:site_name\" content=\"En Compa\u00f1\u00eda STJ\" \/>\n<meta property=\"article:published_time\" content=\"2023-02-01T06:11:33+00:00\" \/>\n<meta property=\"article:modified_time\" content=\"2025-07-07T14:24:06+00:00\" \/>\n<meta property=\"og:image\" content=\"https:\/\/encompaniastj.org\/wp-content\/uploads\/2025\/05\/foto2-6.jpg\" \/>\n\t<meta property=\"og:image:width\" content=\"1920\" \/>\n\t<meta property=\"og:image:height\" content=\"1080\" \/>\n\t<meta property=\"og:image:type\" content=\"image\/jpeg\" \/>\n<meta name=\"author\" content=\"admin\" \/>\n<meta name=\"twitter:card\" content=\"summary_large_image\" \/>\n<meta name=\"twitter:label1\" content=\"Escrito por\" \/>\n\t<meta name=\"twitter:data1\" content=\"admin\" \/>\n\t<meta name=\"twitter:label2\" content=\"Tempo estimado de leitura\" \/>\n\t<meta name=\"twitter:data2\" content=\"2 minutos\" \/>\n<script type=\"application\/ld+json\" class=\"yoast-schema-graph\">{\"@context\":\"https:\\\/\\\/schema.org\",\"@graph\":[{\"@type\":\"Article\",\"@id\":\"https:\\\/\\\/encompaniastj.org\\\/pt-pt\\\/festa-de-santo-henrique-em-cidade-rodrigo\\\/#article\",\"isPartOf\":{\"@id\":\"https:\\\/\\\/encompaniastj.org\\\/pt-pt\\\/festa-de-santo-henrique-em-cidade-rodrigo\\\/\"},\"author\":{\"name\":\"admin\",\"@id\":\"https:\\\/\\\/encompaniastj.org\\\/pt-pt\\\/#\\\/schema\\\/person\\\/520e7ecc314793d40091993c2a02b651\"},\"headline\":\"Festa de Santo Henrique em Cidade Rodrigo\",\"datePublished\":\"2023-02-01T06:11:33+00:00\",\"dateModified\":\"2025-07-07T14:24:06+00:00\",\"mainEntityOfPage\":{\"@id\":\"https:\\\/\\\/encompaniastj.org\\\/pt-pt\\\/festa-de-santo-henrique-em-cidade-rodrigo\\\/\"},\"wordCount\":319,\"commentCount\":0,\"publisher\":{\"@id\":\"https:\\\/\\\/encompaniastj.org\\\/pt-pt\\\/#organization\"},\"image\":{\"@id\":\"https:\\\/\\\/encompaniastj.org\\\/pt-pt\\\/festa-de-santo-henrique-em-cidade-rodrigo\\\/#primaryimage\"},\"thumbnailUrl\":\"https:\\\/\\\/encompaniastj.org\\\/wp-content\\\/uploads\\\/2025\\\/05\\\/foto2-6.jpg\",\"articleSection\":[\"Noticias\",\"Paroquial - eclesial\",\"Parroquial - Eclesial\"],\"inLanguage\":\"pt-PT\",\"potentialAction\":[{\"@type\":\"CommentAction\",\"name\":\"Comment\",\"target\":[\"https:\\\/\\\/encompaniastj.org\\\/pt-pt\\\/festa-de-santo-henrique-em-cidade-rodrigo\\\/#respond\"]}]},{\"@type\":\"WebPage\",\"@id\":\"https:\\\/\\\/encompaniastj.org\\\/pt-pt\\\/festa-de-santo-henrique-em-cidade-rodrigo\\\/\",\"url\":\"https:\\\/\\\/encompaniastj.org\\\/pt-pt\\\/festa-de-santo-henrique-em-cidade-rodrigo\\\/\",\"name\":\"Festa de Santo Henrique em Cidade Rodrigo - En Compa\u00f1\u00eda STJ\",\"isPartOf\":{\"@id\":\"https:\\\/\\\/encompaniastj.org\\\/pt-pt\\\/#website\"},\"primaryImageOfPage\":{\"@id\":\"https:\\\/\\\/encompaniastj.org\\\/pt-pt\\\/festa-de-santo-henrique-em-cidade-rodrigo\\\/#primaryimage\"},\"image\":{\"@id\":\"https:\\\/\\\/encompaniastj.org\\\/pt-pt\\\/festa-de-santo-henrique-em-cidade-rodrigo\\\/#primaryimage\"},\"thumbnailUrl\":\"https:\\\/\\\/encompaniastj.org\\\/wp-content\\\/uploads\\\/2025\\\/05\\\/foto2-6.jpg\",\"datePublished\":\"2023-02-01T06:11:33+00:00\",\"dateModified\":\"2025-07-07T14:24:06+00:00\",\"breadcrumb\":{\"@id\":\"https:\\\/\\\/encompaniastj.org\\\/pt-pt\\\/festa-de-santo-henrique-em-cidade-rodrigo\\\/#breadcrumb\"},\"inLanguage\":\"pt-PT\",\"potentialAction\":[{\"@type\":\"ReadAction\",\"target\":[\"https:\\\/\\\/encompaniastj.org\\\/pt-pt\\\/festa-de-santo-henrique-em-cidade-rodrigo\\\/\"]}]},{\"@type\":\"ImageObject\",\"inLanguage\":\"pt-PT\",\"@id\":\"https:\\\/\\\/encompaniastj.org\\\/pt-pt\\\/festa-de-santo-henrique-em-cidade-rodrigo\\\/#primaryimage\",\"url\":\"https:\\\/\\\/encompaniastj.org\\\/wp-content\\\/uploads\\\/2025\\\/05\\\/foto2-6.jpg\",\"contentUrl\":\"https:\\\/\\\/encompaniastj.org\\\/wp-content\\\/uploads\\\/2025\\\/05\\\/foto2-6.jpg\",\"width\":1920,\"height\":1080},{\"@type\":\"BreadcrumbList\",\"@id\":\"https:\\\/\\\/encompaniastj.org\\\/pt-pt\\\/festa-de-santo-henrique-em-cidade-rodrigo\\\/#breadcrumb\",\"itemListElement\":[{\"@type\":\"ListItem\",\"position\":1,\"name\":\"Portada\",\"item\":\"https:\\\/\\\/encompaniastj.org\\\/pt-pt\\\/\"},{\"@type\":\"ListItem\",\"position\":2,\"name\":\"Festa de Santo Henrique em Cidade Rodrigo\"}]},{\"@type\":\"WebSite\",\"@id\":\"https:\\\/\\\/encompaniastj.org\\\/pt-pt\\\/#website\",\"url\":\"https:\\\/\\\/encompaniastj.org\\\/pt-pt\\\/\",\"name\":\"En Compa\u00f1\u00eda STJ\",\"description\":\"Bolet\u00edn de la Compa\u00f1\u00eda de Santa Teresa de Jes\u00fas\",\"publisher\":{\"@id\":\"https:\\\/\\\/encompaniastj.org\\\/pt-pt\\\/#organization\"},\"potentialAction\":[{\"@type\":\"SearchAction\",\"target\":{\"@type\":\"EntryPoint\",\"urlTemplate\":\"https:\\\/\\\/encompaniastj.org\\\/pt-pt\\\/?s={search_term_string}\"},\"query-input\":{\"@type\":\"PropertyValueSpecification\",\"valueRequired\":true,\"valueName\":\"search_term_string\"}}],\"inLanguage\":\"pt-PT\"},{\"@type\":\"Organization\",\"@id\":\"https:\\\/\\\/encompaniastj.org\\\/pt-pt\\\/#organization\",\"name\":\"Compa\u00f1\u00eda de Santa Teresa de Jes\u00fas\",\"url\":\"https:\\\/\\\/encompaniastj.org\\\/pt-pt\\\/\",\"logo\":{\"@type\":\"ImageObject\",\"inLanguage\":\"pt-PT\",\"@id\":\"https:\\\/\\\/encompaniastj.org\\\/pt-pt\\\/#\\\/schema\\\/logo\\\/image\\\/\",\"url\":\"https:\\\/\\\/encompaniastj.org\\\/wp-content\\\/uploads\\\/2025\\\/04\\\/logo_provincias02-1-3.png\",\"contentUrl\":\"https:\\\/\\\/encompaniastj.org\\\/wp-content\\\/uploads\\\/2025\\\/04\\\/logo_provincias02-1-3.png\",\"width\":2368,\"height\":825,\"caption\":\"Compa\u00f1\u00eda de Santa Teresa de Jes\u00fas\"},\"image\":{\"@id\":\"https:\\\/\\\/encompaniastj.org\\\/pt-pt\\\/#\\\/schema\\\/logo\\\/image\\\/\"}},{\"@type\":\"Person\",\"@id\":\"https:\\\/\\\/encompaniastj.org\\\/pt-pt\\\/#\\\/schema\\\/person\\\/520e7ecc314793d40091993c2a02b651\",\"name\":\"admin\",\"image\":{\"@type\":\"ImageObject\",\"inLanguage\":\"pt-PT\",\"@id\":\"https:\\\/\\\/secure.gravatar.com\\\/avatar\\\/948b492cce32b586ac2db0eaa926ee87024f7afe218d73b397ea5ddfc5f43ea1?s=96&d=mm&r=g\",\"url\":\"https:\\\/\\\/secure.gravatar.com\\\/avatar\\\/948b492cce32b586ac2db0eaa926ee87024f7afe218d73b397ea5ddfc5f43ea1?s=96&d=mm&r=g\",\"contentUrl\":\"https:\\\/\\\/secure.gravatar.com\\\/avatar\\\/948b492cce32b586ac2db0eaa926ee87024f7afe218d73b397ea5ddfc5f43ea1?s=96&d=mm&r=g\",\"caption\":\"admin\"},\"sameAs\":[\"https:\\\/\\\/encompaniastj.org\"],\"url\":\"https:\\\/\\\/encompaniastj.org\\\/pt-pt\\\/author\\\/sjdigital\\\/\"}]}<\/script>\n<!-- \/ Yoast SEO plugin. -->","yoast_head_json":{"title":"Festa de Santo Henrique em Cidade Rodrigo - En Compa\u00f1\u00eda STJ","robots":{"index":"index","follow":"follow","max-snippet":"max-snippet:-1","max-image-preview":"max-image-preview:large","max-video-preview":"max-video-preview:-1"},"canonical":"https:\/\/encompaniastj.org\/pt-pt\/festa-de-santo-henrique-em-cidade-rodrigo\/","og_locale":"pt_PT","og_type":"article","og_title":"Festa de Santo Henrique em Cidade Rodrigo - En Compa\u00f1\u00eda STJ","og_description":"Os catequistas foram os primeiros a celebrar Santo Henrique, seu padroeiro. No dia 21 de janeiro, reuniu-se um grande grupo de toda a diocese. Este ano aconteceu no semin\u00e1rio. O [&hellip;]","og_url":"https:\/\/encompaniastj.org\/pt-pt\/festa-de-santo-henrique-em-cidade-rodrigo\/","og_site_name":"En Compa\u00f1\u00eda STJ","article_published_time":"2023-02-01T06:11:33+00:00","article_modified_time":"2025-07-07T14:24:06+00:00","og_image":[{"width":1920,"height":1080,"url":"https:\/\/encompaniastj.org\/wp-content\/uploads\/2025\/05\/foto2-6.jpg","type":"image\/jpeg"}],"author":"admin","twitter_card":"summary_large_image","twitter_misc":{"Escrito por":"admin","Tempo estimado de leitura":"2 minutos"},"schema":{"@context":"https:\/\/schema.org","@graph":[{"@type":"Article","@id":"https:\/\/encompaniastj.org\/pt-pt\/festa-de-santo-henrique-em-cidade-rodrigo\/#article","isPartOf":{"@id":"https:\/\/encompaniastj.org\/pt-pt\/festa-de-santo-henrique-em-cidade-rodrigo\/"},"author":{"name":"admin","@id":"https:\/\/encompaniastj.org\/pt-pt\/#\/schema\/person\/520e7ecc314793d40091993c2a02b651"},"headline":"Festa de Santo Henrique em Cidade Rodrigo","datePublished":"2023-02-01T06:11:33+00:00","dateModified":"2025-07-07T14:24:06+00:00","mainEntityOfPage":{"@id":"https:\/\/encompaniastj.org\/pt-pt\/festa-de-santo-henrique-em-cidade-rodrigo\/"},"wordCount":319,"commentCount":0,"publisher":{"@id":"https:\/\/encompaniastj.org\/pt-pt\/#organization"},"image":{"@id":"https:\/\/encompaniastj.org\/pt-pt\/festa-de-santo-henrique-em-cidade-rodrigo\/#primaryimage"},"thumbnailUrl":"https:\/\/encompaniastj.org\/wp-content\/uploads\/2025\/05\/foto2-6.jpg","articleSection":["Noticias","Paroquial - eclesial","Parroquial - Eclesial"],"inLanguage":"pt-PT","potentialAction":[{"@type":"CommentAction","name":"Comment","target":["https:\/\/encompaniastj.org\/pt-pt\/festa-de-santo-henrique-em-cidade-rodrigo\/#respond"]}]},{"@type":"WebPage","@id":"https:\/\/encompaniastj.org\/pt-pt\/festa-de-santo-henrique-em-cidade-rodrigo\/","url":"https:\/\/encompaniastj.org\/pt-pt\/festa-de-santo-henrique-em-cidade-rodrigo\/","name":"Festa de Santo Henrique em Cidade Rodrigo - En Compa\u00f1\u00eda STJ","isPartOf":{"@id":"https:\/\/encompaniastj.org\/pt-pt\/#website"},"primaryImageOfPage":{"@id":"https:\/\/encompaniastj.org\/pt-pt\/festa-de-santo-henrique-em-cidade-rodrigo\/#primaryimage"},"image":{"@id":"https:\/\/encompaniastj.org\/pt-pt\/festa-de-santo-henrique-em-cidade-rodrigo\/#primaryimage"},"thumbnailUrl":"https:\/\/encompaniastj.org\/wp-content\/uploads\/2025\/05\/foto2-6.jpg","datePublished":"2023-02-01T06:11:33+00:00","dateModified":"2025-07-07T14:24:06+00:00","breadcrumb":{"@id":"https:\/\/encompaniastj.org\/pt-pt\/festa-de-santo-henrique-em-cidade-rodrigo\/#breadcrumb"},"inLanguage":"pt-PT","potentialAction":[{"@type":"ReadAction","target":["https:\/\/encompaniastj.org\/pt-pt\/festa-de-santo-henrique-em-cidade-rodrigo\/"]}]},{"@type":"ImageObject","inLanguage":"pt-PT","@id":"https:\/\/encompaniastj.org\/pt-pt\/festa-de-santo-henrique-em-cidade-rodrigo\/#primaryimage","url":"https:\/\/encompaniastj.org\/wp-content\/uploads\/2025\/05\/foto2-6.jpg","contentUrl":"https:\/\/encompaniastj.org\/wp-content\/uploads\/2025\/05\/foto2-6.jpg","width":1920,"height":1080},{"@type":"BreadcrumbList","@id":"https:\/\/encompaniastj.org\/pt-pt\/festa-de-santo-henrique-em-cidade-rodrigo\/#breadcrumb","itemListElement":[{"@type":"ListItem","position":1,"name":"Portada","item":"https:\/\/encompaniastj.org\/pt-pt\/"},{"@type":"ListItem","position":2,"name":"Festa de Santo Henrique em Cidade Rodrigo"}]},{"@type":"WebSite","@id":"https:\/\/encompaniastj.org\/pt-pt\/#website","url":"https:\/\/encompaniastj.org\/pt-pt\/","name":"En Compa\u00f1\u00eda STJ","description":"Bolet\u00edn de la Compa\u00f1\u00eda de Santa Teresa de Jes\u00fas","publisher":{"@id":"https:\/\/encompaniastj.org\/pt-pt\/#organization"},"potentialAction":[{"@type":"SearchAction","target":{"@type":"EntryPoint","urlTemplate":"https:\/\/encompaniastj.org\/pt-pt\/?s={search_term_string}"},"query-input":{"@type":"PropertyValueSpecification","valueRequired":true,"valueName":"search_term_string"}}],"inLanguage":"pt-PT"},{"@type":"Organization","@id":"https:\/\/encompaniastj.org\/pt-pt\/#organization","name":"Compa\u00f1\u00eda de Santa Teresa de Jes\u00fas","url":"https:\/\/encompaniastj.org\/pt-pt\/","logo":{"@type":"ImageObject","inLanguage":"pt-PT","@id":"https:\/\/encompaniastj.org\/pt-pt\/#\/schema\/logo\/image\/","url":"https:\/\/encompaniastj.org\/wp-content\/uploads\/2025\/04\/logo_provincias02-1-3.png","contentUrl":"https:\/\/encompaniastj.org\/wp-content\/uploads\/2025\/04\/logo_provincias02-1-3.png","width":2368,"height":825,"caption":"Compa\u00f1\u00eda de Santa Teresa de Jes\u00fas"},"image":{"@id":"https:\/\/encompaniastj.org\/pt-pt\/#\/schema\/logo\/image\/"}},{"@type":"Person","@id":"https:\/\/encompaniastj.org\/pt-pt\/#\/schema\/person\/520e7ecc314793d40091993c2a02b651","name":"admin","image":{"@type":"ImageObject","inLanguage":"pt-PT","@id":"https:\/\/secure.gravatar.com\/avatar\/948b492cce32b586ac2db0eaa926ee87024f7afe218d73b397ea5ddfc5f43ea1?s=96&d=mm&r=g","url":"https:\/\/secure.gravatar.com\/avatar\/948b492cce32b586ac2db0eaa926ee87024f7afe218d73b397ea5ddfc5f43ea1?s=96&d=mm&r=g","contentUrl":"https:\/\/secure.gravatar.com\/avatar\/948b492cce32b586ac2db0eaa926ee87024f7afe218d73b397ea5ddfc5f43ea1?s=96&d=mm&r=g","caption":"admin"},"sameAs":["https:\/\/encompaniastj.org"],"url":"https:\/\/encompaniastj.org\/pt-pt\/author\/sjdigital\/"}]}},"_links":{"self":[{"href":"https:\/\/encompaniastj.org\/pt-pt\/wp-json\/wp\/v2\/posts\/11418","targetHints":{"allow":["GET"]}}],"collection":[{"href":"https:\/\/encompaniastj.org\/pt-pt\/wp-json\/wp\/v2\/posts"}],"about":[{"href":"https:\/\/encompaniastj.org\/pt-pt\/wp-json\/wp\/v2\/types\/post"}],"author":[{"embeddable":true,"href":"https:\/\/encompaniastj.org\/pt-pt\/wp-json\/wp\/v2\/users\/1"}],"replies":[{"embeddable":true,"href":"https:\/\/encompaniastj.org\/pt-pt\/wp-json\/wp\/v2\/comments?post=11418"}],"version-history":[{"count":1,"href":"https:\/\/encompaniastj.org\/pt-pt\/wp-json\/wp\/v2\/posts\/11418\/revisions"}],"predecessor-version":[{"id":11419,"href":"https:\/\/encompaniastj.org\/pt-pt\/wp-json\/wp\/v2\/posts\/11418\/revisions\/11419"}],"wp:featuredmedia":[{"embeddable":true,"href":"https:\/\/encompaniastj.org\/pt-pt\/wp-json\/wp\/v2\/media\/8225"}],"wp:attachment":[{"href":"https:\/\/encompaniastj.org\/pt-pt\/wp-json\/wp\/v2\/media?parent=11418"}],"wp:term":[{"taxonomy":"category","embeddable":true,"href":"https:\/\/encompaniastj.org\/pt-pt\/wp-json\/wp\/v2\/categories?post=11418"},{"taxonomy":"post_tag","embeddable":true,"href":"https:\/\/encompaniastj.org\/pt-pt\/wp-json\/wp\/v2\/tags?post=11418"}],"curies":[{"name":"wp","href":"https:\/\/api.w.org\/{rel}","templated":true}]}}