{"id":11402,"date":"2023-01-23T07:49:45","date_gmt":"2023-01-23T06:49:45","guid":{"rendered":"https:\/\/encompaniastj.org\/encontro-de-irmas-ate-65-anos-2-4-dezembro-2022\/"},"modified":"2025-07-07T16:24:04","modified_gmt":"2025-07-07T14:24:04","slug":"encontro-de-irmas-ate-65-anos-2-4-dezembro-2022","status":"publish","type":"post","link":"https:\/\/encompaniastj.org\/pt-pt\/encontro-de-irmas-ate-65-anos-2-4-dezembro-2022\/","title":{"rendered":"Encontro de irm\u00e3s at\u00e9 65 anos (2-4 dezembro 2022)"},"content":{"rendered":"<p><img loading=\"lazy\" decoding=\"async\" class=\"alignleft wp-image-10638 size-thumbnail\" src=\"https:\/\/encompaniastj.org\/wp-content\/uploads\/2025\/05\/IMG_6134-scaled-1.jpg\" alt=\"\" width=\"150\" height=\"150\" \/>Para come\u00e7ar o m\u00eas de dezembro, nada melhor que um encontro de irm\u00e3s na nossa casa de Jes\u00fas-Tortosa. Ali, o Nosso Padre acolhia-nos e celebrava que tiv\u00e9ssemos chegado para viver este fim de semana convocadas pelo Governo da Prov\u00edncia. Como sempre, todo o pessoal e as irm\u00e3s da casa facilitaram a estadia das quase sessenta irm\u00e3s que ali nos encontr\u00e1mos. Uma m\u00e1 not\u00edcia ensombrou a chegada, por causa do acidente de carro das nossas irm\u00e3s Isabel Toyos e Elena de Salas. Pudemos agradecer a Deus que estivessem bem.<\/p>\n<p>As setenta e nove irm\u00e3s da Prov\u00edncia com menos de 65 anos da Espanha, It\u00e1lia e Portugal fomos convocadas para refletir, rezar e dialogar sobre dois temas:\u00a0a avalia\u00e7\u00e3o do modelo organizativo da prov\u00edncia e alguns dos temas propostos no documento capitular.<\/p>\n<p>Inici\u00e1mos a manh\u00e3 de s\u00e1bado com uma din\u00e2mica que se ligava com o j\u00e1 distante momento de entrada na Companhia e desfrut\u00e1mos de uma noite festiva que trouxe alegria e risadas a todas que ali estivemos.<\/p>\n<p>Em rela\u00e7\u00e3o ao modelo organizativo, abord\u00e1mo-lo a partir do que vivenci\u00e1mos nestes anos com um olhar positivo, acolhendo os avan\u00e7os e propondo melhorias que vemos que podem ajudar a uma melhor organiza\u00e7\u00e3o diante das reais necessidades e possibilidades do hoje provincial.<\/p>\n<p>Centr\u00e1mo-nos noutro momento em tr\u00eas dos temas do documento capitular: <em>Cidadania Global, Sinodalidade e Juventude<\/em>. Auxiliados pelos materiais preparados pela comiss\u00e3o, e atrav\u00e9s da ora\u00e7\u00e3o, reflex\u00e3o e di\u00e1logo, fomos partilhando em pequenos grupos que depois lev\u00e1mos para a assembleia. Quando se trata de partilhar, percebemos muita harmonia tanto na necessidade de caminhar com os outros, quanto no desejo de sair de n\u00f3s mesmas e aprender com os outros, valorizando os dons que Deus deu a cada irm\u00e3 e que partilh\u00e1mos com muitos leigos.<\/p>\n<p>As ora\u00e7\u00f5es preparadas foram um presente que nos ajudou a sintonizar com o Esp\u00edrito, com a Companhia e umas com as outras. Convidadas a alargar a tenda, reconhecer os \u00a0p\u00e3es e peixes, e descobrir em tantos gestos e momentos que h\u00e1 muita vida para agradecer e partilhar.<\/p>\n<p>Para terminar o encontro; a Eucaristia, que vivemos com cora\u00e7\u00e3o agradecido. Ali, na capela de Tortosa, junto ao Nosso Padre, com as irm\u00e3s da comunidade, celebr\u00e1mos a vida e coloc\u00e1mos o percurso capitular nas suas m\u00e3os. Tivemos a alegria que Asunci\u00f3n Codes nos tenha visitado e juntas, com as irm\u00e3s da comunidade, tir\u00e1mos a foto final, recolhendo nela a alegria, a esperan\u00e7a, a vida doada e os desejos de sermos juntos as que coloquemos os nossos peixes nas m\u00e3os de Jesus para que Ele os multiplique para a igreja e para o mundo.<\/p>\n<p>&nbsp;<\/p>\n<p><img loading=\"lazy\" decoding=\"async\" class=\"wp-image-10636 size-full aligncenter\" src=\"https:\/\/encompaniastj.org\/wp-content\/uploads\/2025\/05\/col1.png\" alt=\"\" width=\"500\" height=\"500\" \/><\/p>\n<p><img loading=\"lazy\" decoding=\"async\" class=\"aligncenter wp-image-10642 size-large\" src=\"https:\/\/encompaniastj.org\/wp-content\/uploads\/2025\/05\/IMG_6173-scaled-1.jpg\" alt=\"\" width=\"1024\" height=\"768\" \/><\/p>\n<p>&nbsp;<\/p>\n","protected":false},"excerpt":{"rendered":"<p>Para come\u00e7ar o m\u00eas de dezembro, nada melhor que um encontro de irm\u00e3s na nossa casa de Jes\u00fas-Tortosa. Ali, o Nosso Padre acolhia-nos e celebrava que tiv\u00e9ssemos chegado para viver [&hellip;]<\/p>\n","protected":false},"author":1,"featured_media":8216,"comment_status":"open","ping_status":"open","sticky":false,"template":"","format":"standard","meta":{"_acf_changed":false,"footnotes":""},"categories":[61,62,68],"tags":[],"class_list":["post-11402","post","type-post","status-publish","format-standard","has-post-thumbnail","hentry","category-noticias","category-otras","category-outras"],"acf":[],"yoast_head":"<!-- This site is optimized with the Yoast SEO plugin v27.5 - https:\/\/yoast.com\/product\/yoast-seo-wordpress\/ -->\n<title>Encontro de irm\u00e3s at\u00e9 65 anos (2-4 dezembro 2022) - En Compa\u00f1\u00eda STJ<\/title>\n<meta name=\"robots\" content=\"index, follow, max-snippet:-1, max-image-preview:large, max-video-preview:-1\" \/>\n<link rel=\"canonical\" href=\"https:\/\/encompaniastj.org\/pt-pt\/encontro-de-irmas-ate-65-anos-2-4-dezembro-2022\/\" \/>\n<meta property=\"og:locale\" content=\"pt_PT\" \/>\n<meta property=\"og:type\" content=\"article\" \/>\n<meta property=\"og:title\" content=\"Encontro de irm\u00e3s at\u00e9 65 anos (2-4 dezembro 2022) - En Compa\u00f1\u00eda STJ\" \/>\n<meta property=\"og:description\" content=\"Para come\u00e7ar o m\u00eas de dezembro, nada melhor que um encontro de irm\u00e3s na nossa casa de Jes\u00fas-Tortosa. Ali, o Nosso Padre acolhia-nos e celebrava que tiv\u00e9ssemos chegado para viver [&hellip;]\" \/>\n<meta property=\"og:url\" content=\"https:\/\/encompaniastj.org\/pt-pt\/encontro-de-irmas-ate-65-anos-2-4-dezembro-2022\/\" \/>\n<meta property=\"og:site_name\" content=\"En Compa\u00f1\u00eda STJ\" \/>\n<meta property=\"article:published_time\" content=\"2023-01-23T06:49:45+00:00\" \/>\n<meta property=\"article:modified_time\" content=\"2025-07-07T14:24:04+00:00\" \/>\n<meta property=\"og:image\" content=\"https:\/\/encompaniastj.org\/wp-content\/uploads\/2025\/05\/IMG_6164-scaled-1.jpg\" \/>\n\t<meta property=\"og:image:width\" content=\"2560\" \/>\n\t<meta property=\"og:image:height\" content=\"1920\" \/>\n\t<meta property=\"og:image:type\" content=\"image\/jpeg\" \/>\n<meta name=\"author\" content=\"admin\" \/>\n<meta name=\"twitter:card\" content=\"summary_large_image\" \/>\n<meta name=\"twitter:label1\" content=\"Escrito por\" \/>\n\t<meta name=\"twitter:data1\" content=\"admin\" \/>\n\t<meta name=\"twitter:label2\" content=\"Tempo estimado de leitura\" \/>\n\t<meta name=\"twitter:data2\" content=\"3 minutos\" \/>\n<script type=\"application\/ld+json\" class=\"yoast-schema-graph\">{\"@context\":\"https:\\\/\\\/schema.org\",\"@graph\":[{\"@type\":\"Article\",\"@id\":\"https:\\\/\\\/encompaniastj.org\\\/pt-pt\\\/encontro-de-irmas-ate-65-anos-2-4-dezembro-2022\\\/#article\",\"isPartOf\":{\"@id\":\"https:\\\/\\\/encompaniastj.org\\\/pt-pt\\\/encontro-de-irmas-ate-65-anos-2-4-dezembro-2022\\\/\"},\"author\":{\"name\":\"admin\",\"@id\":\"https:\\\/\\\/encompaniastj.org\\\/pt-pt\\\/#\\\/schema\\\/person\\\/520e7ecc314793d40091993c2a02b651\"},\"headline\":\"Encontro de irm\u00e3s at\u00e9 65 anos (2-4 dezembro 2022)\",\"datePublished\":\"2023-01-23T06:49:45+00:00\",\"dateModified\":\"2025-07-07T14:24:04+00:00\",\"mainEntityOfPage\":{\"@id\":\"https:\\\/\\\/encompaniastj.org\\\/pt-pt\\\/encontro-de-irmas-ate-65-anos-2-4-dezembro-2022\\\/\"},\"wordCount\":487,\"commentCount\":0,\"publisher\":{\"@id\":\"https:\\\/\\\/encompaniastj.org\\\/pt-pt\\\/#organization\"},\"image\":{\"@id\":\"https:\\\/\\\/encompaniastj.org\\\/pt-pt\\\/encontro-de-irmas-ate-65-anos-2-4-dezembro-2022\\\/#primaryimage\"},\"thumbnailUrl\":\"https:\\\/\\\/encompaniastj.org\\\/wp-content\\\/uploads\\\/2025\\\/05\\\/IMG_6164-scaled-1.jpg\",\"articleSection\":[\"Noticias\",\"Otras\",\"Outras\"],\"inLanguage\":\"pt-PT\",\"potentialAction\":[{\"@type\":\"CommentAction\",\"name\":\"Comment\",\"target\":[\"https:\\\/\\\/encompaniastj.org\\\/pt-pt\\\/encontro-de-irmas-ate-65-anos-2-4-dezembro-2022\\\/#respond\"]}]},{\"@type\":\"WebPage\",\"@id\":\"https:\\\/\\\/encompaniastj.org\\\/pt-pt\\\/encontro-de-irmas-ate-65-anos-2-4-dezembro-2022\\\/\",\"url\":\"https:\\\/\\\/encompaniastj.org\\\/pt-pt\\\/encontro-de-irmas-ate-65-anos-2-4-dezembro-2022\\\/\",\"name\":\"Encontro de irm\u00e3s at\u00e9 65 anos (2-4 dezembro 2022) - En Compa\u00f1\u00eda STJ\",\"isPartOf\":{\"@id\":\"https:\\\/\\\/encompaniastj.org\\\/pt-pt\\\/#website\"},\"primaryImageOfPage\":{\"@id\":\"https:\\\/\\\/encompaniastj.org\\\/pt-pt\\\/encontro-de-irmas-ate-65-anos-2-4-dezembro-2022\\\/#primaryimage\"},\"image\":{\"@id\":\"https:\\\/\\\/encompaniastj.org\\\/pt-pt\\\/encontro-de-irmas-ate-65-anos-2-4-dezembro-2022\\\/#primaryimage\"},\"thumbnailUrl\":\"https:\\\/\\\/encompaniastj.org\\\/wp-content\\\/uploads\\\/2025\\\/05\\\/IMG_6164-scaled-1.jpg\",\"datePublished\":\"2023-01-23T06:49:45+00:00\",\"dateModified\":\"2025-07-07T14:24:04+00:00\",\"breadcrumb\":{\"@id\":\"https:\\\/\\\/encompaniastj.org\\\/pt-pt\\\/encontro-de-irmas-ate-65-anos-2-4-dezembro-2022\\\/#breadcrumb\"},\"inLanguage\":\"pt-PT\",\"potentialAction\":[{\"@type\":\"ReadAction\",\"target\":[\"https:\\\/\\\/encompaniastj.org\\\/pt-pt\\\/encontro-de-irmas-ate-65-anos-2-4-dezembro-2022\\\/\"]}]},{\"@type\":\"ImageObject\",\"inLanguage\":\"pt-PT\",\"@id\":\"https:\\\/\\\/encompaniastj.org\\\/pt-pt\\\/encontro-de-irmas-ate-65-anos-2-4-dezembro-2022\\\/#primaryimage\",\"url\":\"https:\\\/\\\/encompaniastj.org\\\/wp-content\\\/uploads\\\/2025\\\/05\\\/IMG_6164-scaled-1.jpg\",\"contentUrl\":\"https:\\\/\\\/encompaniastj.org\\\/wp-content\\\/uploads\\\/2025\\\/05\\\/IMG_6164-scaled-1.jpg\",\"width\":2560,\"height\":1920},{\"@type\":\"BreadcrumbList\",\"@id\":\"https:\\\/\\\/encompaniastj.org\\\/pt-pt\\\/encontro-de-irmas-ate-65-anos-2-4-dezembro-2022\\\/#breadcrumb\",\"itemListElement\":[{\"@type\":\"ListItem\",\"position\":1,\"name\":\"Portada\",\"item\":\"https:\\\/\\\/encompaniastj.org\\\/pt-pt\\\/\"},{\"@type\":\"ListItem\",\"position\":2,\"name\":\"Encontro de irm\u00e3s at\u00e9 65 anos (2-4 dezembro 2022)\"}]},{\"@type\":\"WebSite\",\"@id\":\"https:\\\/\\\/encompaniastj.org\\\/pt-pt\\\/#website\",\"url\":\"https:\\\/\\\/encompaniastj.org\\\/pt-pt\\\/\",\"name\":\"En Compa\u00f1\u00eda STJ\",\"description\":\"Bolet\u00edn de la Compa\u00f1\u00eda de Santa Teresa de Jes\u00fas\",\"publisher\":{\"@id\":\"https:\\\/\\\/encompaniastj.org\\\/pt-pt\\\/#organization\"},\"potentialAction\":[{\"@type\":\"SearchAction\",\"target\":{\"@type\":\"EntryPoint\",\"urlTemplate\":\"https:\\\/\\\/encompaniastj.org\\\/pt-pt\\\/?s={search_term_string}\"},\"query-input\":{\"@type\":\"PropertyValueSpecification\",\"valueRequired\":true,\"valueName\":\"search_term_string\"}}],\"inLanguage\":\"pt-PT\"},{\"@type\":\"Organization\",\"@id\":\"https:\\\/\\\/encompaniastj.org\\\/pt-pt\\\/#organization\",\"name\":\"Compa\u00f1\u00eda de Santa Teresa de Jes\u00fas\",\"url\":\"https:\\\/\\\/encompaniastj.org\\\/pt-pt\\\/\",\"logo\":{\"@type\":\"ImageObject\",\"inLanguage\":\"pt-PT\",\"@id\":\"https:\\\/\\\/encompaniastj.org\\\/pt-pt\\\/#\\\/schema\\\/logo\\\/image\\\/\",\"url\":\"https:\\\/\\\/encompaniastj.org\\\/wp-content\\\/uploads\\\/2025\\\/04\\\/logo_provincias02-1-3.png\",\"contentUrl\":\"https:\\\/\\\/encompaniastj.org\\\/wp-content\\\/uploads\\\/2025\\\/04\\\/logo_provincias02-1-3.png\",\"width\":2368,\"height\":825,\"caption\":\"Compa\u00f1\u00eda de Santa Teresa de Jes\u00fas\"},\"image\":{\"@id\":\"https:\\\/\\\/encompaniastj.org\\\/pt-pt\\\/#\\\/schema\\\/logo\\\/image\\\/\"}},{\"@type\":\"Person\",\"@id\":\"https:\\\/\\\/encompaniastj.org\\\/pt-pt\\\/#\\\/schema\\\/person\\\/520e7ecc314793d40091993c2a02b651\",\"name\":\"admin\",\"image\":{\"@type\":\"ImageObject\",\"inLanguage\":\"pt-PT\",\"@id\":\"https:\\\/\\\/secure.gravatar.com\\\/avatar\\\/948b492cce32b586ac2db0eaa926ee87024f7afe218d73b397ea5ddfc5f43ea1?s=96&d=mm&r=g\",\"url\":\"https:\\\/\\\/secure.gravatar.com\\\/avatar\\\/948b492cce32b586ac2db0eaa926ee87024f7afe218d73b397ea5ddfc5f43ea1?s=96&d=mm&r=g\",\"contentUrl\":\"https:\\\/\\\/secure.gravatar.com\\\/avatar\\\/948b492cce32b586ac2db0eaa926ee87024f7afe218d73b397ea5ddfc5f43ea1?s=96&d=mm&r=g\",\"caption\":\"admin\"},\"sameAs\":[\"https:\\\/\\\/encompaniastj.org\"],\"url\":\"https:\\\/\\\/encompaniastj.org\\\/pt-pt\\\/author\\\/sjdigital\\\/\"}]}<\/script>\n<!-- \/ Yoast SEO plugin. -->","yoast_head_json":{"title":"Encontro de irm\u00e3s at\u00e9 65 anos (2-4 dezembro 2022) - En Compa\u00f1\u00eda STJ","robots":{"index":"index","follow":"follow","max-snippet":"max-snippet:-1","max-image-preview":"max-image-preview:large","max-video-preview":"max-video-preview:-1"},"canonical":"https:\/\/encompaniastj.org\/pt-pt\/encontro-de-irmas-ate-65-anos-2-4-dezembro-2022\/","og_locale":"pt_PT","og_type":"article","og_title":"Encontro de irm\u00e3s at\u00e9 65 anos (2-4 dezembro 2022) - En Compa\u00f1\u00eda STJ","og_description":"Para come\u00e7ar o m\u00eas de dezembro, nada melhor que um encontro de irm\u00e3s na nossa casa de Jes\u00fas-Tortosa. Ali, o Nosso Padre acolhia-nos e celebrava que tiv\u00e9ssemos chegado para viver [&hellip;]","og_url":"https:\/\/encompaniastj.org\/pt-pt\/encontro-de-irmas-ate-65-anos-2-4-dezembro-2022\/","og_site_name":"En Compa\u00f1\u00eda STJ","article_published_time":"2023-01-23T06:49:45+00:00","article_modified_time":"2025-07-07T14:24:04+00:00","og_image":[{"width":2560,"height":1920,"url":"https:\/\/encompaniastj.org\/wp-content\/uploads\/2025\/05\/IMG_6164-scaled-1.jpg","type":"image\/jpeg"}],"author":"admin","twitter_card":"summary_large_image","twitter_misc":{"Escrito por":"admin","Tempo estimado de leitura":"3 minutos"},"schema":{"@context":"https:\/\/schema.org","@graph":[{"@type":"Article","@id":"https:\/\/encompaniastj.org\/pt-pt\/encontro-de-irmas-ate-65-anos-2-4-dezembro-2022\/#article","isPartOf":{"@id":"https:\/\/encompaniastj.org\/pt-pt\/encontro-de-irmas-ate-65-anos-2-4-dezembro-2022\/"},"author":{"name":"admin","@id":"https:\/\/encompaniastj.org\/pt-pt\/#\/schema\/person\/520e7ecc314793d40091993c2a02b651"},"headline":"Encontro de irm\u00e3s at\u00e9 65 anos (2-4 dezembro 2022)","datePublished":"2023-01-23T06:49:45+00:00","dateModified":"2025-07-07T14:24:04+00:00","mainEntityOfPage":{"@id":"https:\/\/encompaniastj.org\/pt-pt\/encontro-de-irmas-ate-65-anos-2-4-dezembro-2022\/"},"wordCount":487,"commentCount":0,"publisher":{"@id":"https:\/\/encompaniastj.org\/pt-pt\/#organization"},"image":{"@id":"https:\/\/encompaniastj.org\/pt-pt\/encontro-de-irmas-ate-65-anos-2-4-dezembro-2022\/#primaryimage"},"thumbnailUrl":"https:\/\/encompaniastj.org\/wp-content\/uploads\/2025\/05\/IMG_6164-scaled-1.jpg","articleSection":["Noticias","Otras","Outras"],"inLanguage":"pt-PT","potentialAction":[{"@type":"CommentAction","name":"Comment","target":["https:\/\/encompaniastj.org\/pt-pt\/encontro-de-irmas-ate-65-anos-2-4-dezembro-2022\/#respond"]}]},{"@type":"WebPage","@id":"https:\/\/encompaniastj.org\/pt-pt\/encontro-de-irmas-ate-65-anos-2-4-dezembro-2022\/","url":"https:\/\/encompaniastj.org\/pt-pt\/encontro-de-irmas-ate-65-anos-2-4-dezembro-2022\/","name":"Encontro de irm\u00e3s at\u00e9 65 anos (2-4 dezembro 2022) - En Compa\u00f1\u00eda STJ","isPartOf":{"@id":"https:\/\/encompaniastj.org\/pt-pt\/#website"},"primaryImageOfPage":{"@id":"https:\/\/encompaniastj.org\/pt-pt\/encontro-de-irmas-ate-65-anos-2-4-dezembro-2022\/#primaryimage"},"image":{"@id":"https:\/\/encompaniastj.org\/pt-pt\/encontro-de-irmas-ate-65-anos-2-4-dezembro-2022\/#primaryimage"},"thumbnailUrl":"https:\/\/encompaniastj.org\/wp-content\/uploads\/2025\/05\/IMG_6164-scaled-1.jpg","datePublished":"2023-01-23T06:49:45+00:00","dateModified":"2025-07-07T14:24:04+00:00","breadcrumb":{"@id":"https:\/\/encompaniastj.org\/pt-pt\/encontro-de-irmas-ate-65-anos-2-4-dezembro-2022\/#breadcrumb"},"inLanguage":"pt-PT","potentialAction":[{"@type":"ReadAction","target":["https:\/\/encompaniastj.org\/pt-pt\/encontro-de-irmas-ate-65-anos-2-4-dezembro-2022\/"]}]},{"@type":"ImageObject","inLanguage":"pt-PT","@id":"https:\/\/encompaniastj.org\/pt-pt\/encontro-de-irmas-ate-65-anos-2-4-dezembro-2022\/#primaryimage","url":"https:\/\/encompaniastj.org\/wp-content\/uploads\/2025\/05\/IMG_6164-scaled-1.jpg","contentUrl":"https:\/\/encompaniastj.org\/wp-content\/uploads\/2025\/05\/IMG_6164-scaled-1.jpg","width":2560,"height":1920},{"@type":"BreadcrumbList","@id":"https:\/\/encompaniastj.org\/pt-pt\/encontro-de-irmas-ate-65-anos-2-4-dezembro-2022\/#breadcrumb","itemListElement":[{"@type":"ListItem","position":1,"name":"Portada","item":"https:\/\/encompaniastj.org\/pt-pt\/"},{"@type":"ListItem","position":2,"name":"Encontro de irm\u00e3s at\u00e9 65 anos (2-4 dezembro 2022)"}]},{"@type":"WebSite","@id":"https:\/\/encompaniastj.org\/pt-pt\/#website","url":"https:\/\/encompaniastj.org\/pt-pt\/","name":"En Compa\u00f1\u00eda STJ","description":"Bolet\u00edn de la Compa\u00f1\u00eda de Santa Teresa de Jes\u00fas","publisher":{"@id":"https:\/\/encompaniastj.org\/pt-pt\/#organization"},"potentialAction":[{"@type":"SearchAction","target":{"@type":"EntryPoint","urlTemplate":"https:\/\/encompaniastj.org\/pt-pt\/?s={search_term_string}"},"query-input":{"@type":"PropertyValueSpecification","valueRequired":true,"valueName":"search_term_string"}}],"inLanguage":"pt-PT"},{"@type":"Organization","@id":"https:\/\/encompaniastj.org\/pt-pt\/#organization","name":"Compa\u00f1\u00eda de Santa Teresa de Jes\u00fas","url":"https:\/\/encompaniastj.org\/pt-pt\/","logo":{"@type":"ImageObject","inLanguage":"pt-PT","@id":"https:\/\/encompaniastj.org\/pt-pt\/#\/schema\/logo\/image\/","url":"https:\/\/encompaniastj.org\/wp-content\/uploads\/2025\/04\/logo_provincias02-1-3.png","contentUrl":"https:\/\/encompaniastj.org\/wp-content\/uploads\/2025\/04\/logo_provincias02-1-3.png","width":2368,"height":825,"caption":"Compa\u00f1\u00eda de Santa Teresa de Jes\u00fas"},"image":{"@id":"https:\/\/encompaniastj.org\/pt-pt\/#\/schema\/logo\/image\/"}},{"@type":"Person","@id":"https:\/\/encompaniastj.org\/pt-pt\/#\/schema\/person\/520e7ecc314793d40091993c2a02b651","name":"admin","image":{"@type":"ImageObject","inLanguage":"pt-PT","@id":"https:\/\/secure.gravatar.com\/avatar\/948b492cce32b586ac2db0eaa926ee87024f7afe218d73b397ea5ddfc5f43ea1?s=96&d=mm&r=g","url":"https:\/\/secure.gravatar.com\/avatar\/948b492cce32b586ac2db0eaa926ee87024f7afe218d73b397ea5ddfc5f43ea1?s=96&d=mm&r=g","contentUrl":"https:\/\/secure.gravatar.com\/avatar\/948b492cce32b586ac2db0eaa926ee87024f7afe218d73b397ea5ddfc5f43ea1?s=96&d=mm&r=g","caption":"admin"},"sameAs":["https:\/\/encompaniastj.org"],"url":"https:\/\/encompaniastj.org\/pt-pt\/author\/sjdigital\/"}]}},"_links":{"self":[{"href":"https:\/\/encompaniastj.org\/pt-pt\/wp-json\/wp\/v2\/posts\/11402","targetHints":{"allow":["GET"]}}],"collection":[{"href":"https:\/\/encompaniastj.org\/pt-pt\/wp-json\/wp\/v2\/posts"}],"about":[{"href":"https:\/\/encompaniastj.org\/pt-pt\/wp-json\/wp\/v2\/types\/post"}],"author":[{"embeddable":true,"href":"https:\/\/encompaniastj.org\/pt-pt\/wp-json\/wp\/v2\/users\/1"}],"replies":[{"embeddable":true,"href":"https:\/\/encompaniastj.org\/pt-pt\/wp-json\/wp\/v2\/comments?post=11402"}],"version-history":[{"count":1,"href":"https:\/\/encompaniastj.org\/pt-pt\/wp-json\/wp\/v2\/posts\/11402\/revisions"}],"predecessor-version":[{"id":11403,"href":"https:\/\/encompaniastj.org\/pt-pt\/wp-json\/wp\/v2\/posts\/11402\/revisions\/11403"}],"wp:featuredmedia":[{"embeddable":true,"href":"https:\/\/encompaniastj.org\/pt-pt\/wp-json\/wp\/v2\/media\/8216"}],"wp:attachment":[{"href":"https:\/\/encompaniastj.org\/pt-pt\/wp-json\/wp\/v2\/media?parent=11402"}],"wp:term":[{"taxonomy":"category","embeddable":true,"href":"https:\/\/encompaniastj.org\/pt-pt\/wp-json\/wp\/v2\/categories?post=11402"},{"taxonomy":"post_tag","embeddable":true,"href":"https:\/\/encompaniastj.org\/pt-pt\/wp-json\/wp\/v2\/tags?post=11402"}],"curies":[{"name":"wp","href":"https:\/\/api.w.org\/{rel}","templated":true}]}}