{"id":11394,"date":"2023-01-18T07:01:32","date_gmt":"2023-01-18T06:01:32","guid":{"rendered":"https:\/\/encompaniastj.org\/abriram-um-buraco\/"},"modified":"2025-07-07T16:24:04","modified_gmt":"2025-07-07T14:24:04","slug":"abriram-um-buraco","status":"publish","type":"post","link":"https:\/\/encompaniastj.org\/pt-pt\/abriram-um-buraco\/","title":{"rendered":"ABRIRAM UM BURACO"},"content":{"rendered":"<p>\u00c9 um ano novo e um bom desafio descobrir e viver a sua novidade, no meio da vida, para ir atr\u00e1s dela e que se acenda a ilus\u00e3o. Para viver em cada momento com o olhar no horizonte, e o p\u00e9 no poss\u00edvel, e que cres\u00e7a a esperan\u00e7a. Para apoiar juntos a inquieta\u00e7\u00e3o e a busca e que se fortale\u00e7a o sentido de nossa caminhada na vida.<\/p>\n<p>O que h\u00e1 de novo, num ano que n\u00e3o teve ponto final desde 31 de dezembro, mas sim o mesmo fio, neste complexo tecido social, em crises de todo o tipo, com cat\u00e1strofes humanit\u00e1rias e guerra&#8230; do qual fazemos parte?<\/p>\n<p>Onde est\u00e1 a novidade da estreia e a ilus\u00e3o? Com quem procur\u00e1-la e percorrer o caminho?<\/p>\n<p>Durante algum tempo tec\u00edamos quadrados de l\u00e3 colorida de um determinado tamanho, com a certeza de que outros, noutro lugar, os uniriam para fazer mantas que abrigassem aqueles que, noutras terras, sofriam com muito frio. E a ilus\u00e3o e o sentido punham em jogo a solidariedade do \u201cgr\u00e3ozinho de areia\u201d para o bem comum.<\/p>\n<p>Talvez seja preciso sair e aproximar-se mais da realidade concreta das pessoas e descobrir, nessa teia humana, que &#8220;quadrinho&#8221; posso eu tecer e juntar-me aos outros, para dar &#8220;respira\u00e7\u00e3o e al\u00edvio&#8221; e buscar a novidade na vida comum, a daqui ou a de outra mais afastada .<\/p>\n<p>Ouvi outro dia que quatro amigos abriram um <em>buraco no telhado<\/em> depois de verem que n\u00e3o podiam entrar na casa onde Jesus estava, porque estava cheia at\u00e9 cima, por causa da multid\u00e3o que queria ouvi-lo e remediar a sua necessidade.<\/p>\n<p><em>Subiram ao telhado, levantaram algumas telhas, abriram um buraco e baixaram a maca com o paral\u00edtico. E Jesus, ao v\u00ea-lo, admirou-se com a f\u00e9 destes amigos, da sua generosa incondicionalidade para colocar tudo da sua parte, e curou aquele enfermo.<\/em><\/p>\n<p>Tecer o meu quadradito, abrir brechas com os outros, abrir portas espec\u00edficas na vida, descobrir <em>o pouquinho que posso<\/em> e coloc\u00e1-lo.\u2026 ser\u00e1 o caminho da novidade? Poderia ser, no dia a dia, alimentar o sentido e o entusiasmo, a esperan\u00e7a do poss\u00edvel e a alegria de poder colocar-me hoje no lugar de um daqueles amigos que levantam telhas e abrem buracos para que outros se curem, a partir donde eu estou.<\/p>\n<p>J\u00e1 dizia Teresa de Jesus que <em>o amor nunca est\u00e1 ocioso e que o que mais vos despertar a amar, isso fazei.<\/em><\/p>\n<p>Com esta cultura teresiana para ir ao encontro da novidade, neste in\u00edcio de ano, chega novamente o dia 27 de janeiro, para recordar e agradecer a vida de Santo Henrique de Oss\u00f3, que tamb\u00e9m se p\u00f4s <em>m\u00e3os \u00e0 obra,<\/em> tecendo redes de bem com os outros, porque \u2013 dizia ele - <em>o tempo \u00e9 urgente e as circunst\u00e2ncias s\u00e3o prementes.<\/em><\/p>\n<p>Todos podem ser pequenos passos que, juntos e humildemente, vamos dando <em>no caminho de abertura para essa nova consci\u00eancia da nossa identidade comunit\u00e1ria hoje.<\/em><\/p>\n<p>E parece que o segredo s\u00e3o olhos novos e cora\u00e7\u00e3o novo&#8230; por tr\u00e1s v\u00eam, com certeza, as m\u00e3os e os p\u00e9s. E como ajudam a melhorar um pouquinho o mundo, se se unirem!<\/p>\n<p>Com certeza, depois destas 526 palavras, quero acrescentar que no fundo est\u00e1 a confian\u00e7a em Quem pode fazer tudo novo&#8230;Vamos ajud\u00e1-lo?<\/p>\n","protected":false},"excerpt":{"rendered":"<p>\u00c9 um ano novo e um bom desafio descobrir e viver a sua novidade, no meio da vida, para ir atr\u00e1s dela e que se acenda a ilus\u00e3o. Para viver [&hellip;]<\/p>\n","protected":false},"author":1,"featured_media":8207,"comment_status":"open","ping_status":"open","sticky":false,"template":"","format":"standard","meta":{"_acf_changed":false,"footnotes":""},"categories":[77],"tags":[],"class_list":["post-11394","post","type-post","status-publish","format-standard","has-post-thumbnail","hentry","category-palabras"],"acf":[],"yoast_head":"<!-- This site is optimized with the Yoast SEO plugin v27.5 - https:\/\/yoast.com\/product\/yoast-seo-wordpress\/ -->\n<title>ABRIRAM UM BURACO - En Compa\u00f1\u00eda STJ<\/title>\n<meta name=\"robots\" content=\"index, follow, max-snippet:-1, max-image-preview:large, max-video-preview:-1\" \/>\n<link rel=\"canonical\" href=\"https:\/\/encompaniastj.org\/pt-pt\/abriram-um-buraco\/\" \/>\n<meta property=\"og:locale\" content=\"pt_PT\" \/>\n<meta property=\"og:type\" content=\"article\" \/>\n<meta property=\"og:title\" content=\"ABRIRAM UM BURACO - En Compa\u00f1\u00eda STJ\" \/>\n<meta property=\"og:description\" content=\"\u00c9 um ano novo e um bom desafio descobrir e viver a sua novidade, no meio da vida, para ir atr\u00e1s dela e que se acenda a ilus\u00e3o. Para viver [&hellip;]\" \/>\n<meta property=\"og:url\" content=\"https:\/\/encompaniastj.org\/pt-pt\/abriram-um-buraco\/\" \/>\n<meta property=\"og:site_name\" content=\"En Compa\u00f1\u00eda STJ\" \/>\n<meta property=\"article:published_time\" content=\"2023-01-18T06:01:32+00:00\" \/>\n<meta property=\"article:modified_time\" content=\"2025-07-07T14:24:04+00:00\" \/>\n<meta property=\"og:image\" content=\"https:\/\/encompaniastj.org\/wp-content\/uploads\/2025\/05\/CUADRADITOS-2-scaled-1.jpg\" \/>\n\t<meta property=\"og:image:width\" content=\"2560\" \/>\n\t<meta property=\"og:image:height\" content=\"1744\" \/>\n\t<meta property=\"og:image:type\" content=\"image\/jpeg\" \/>\n<meta name=\"author\" content=\"admin\" \/>\n<meta name=\"twitter:card\" content=\"summary_large_image\" \/>\n<meta name=\"twitter:label1\" content=\"Escrito por\" \/>\n\t<meta name=\"twitter:data1\" content=\"admin\" \/>\n\t<meta name=\"twitter:label2\" content=\"Tempo estimado de leitura\" \/>\n\t<meta name=\"twitter:data2\" content=\"3 minutos\" \/>\n<script type=\"application\/ld+json\" class=\"yoast-schema-graph\">{\"@context\":\"https:\\\/\\\/schema.org\",\"@graph\":[{\"@type\":\"Article\",\"@id\":\"https:\\\/\\\/encompaniastj.org\\\/pt-pt\\\/abriram-um-buraco\\\/#article\",\"isPartOf\":{\"@id\":\"https:\\\/\\\/encompaniastj.org\\\/pt-pt\\\/abriram-um-buraco\\\/\"},\"author\":{\"name\":\"admin\",\"@id\":\"https:\\\/\\\/encompaniastj.org\\\/pt-pt\\\/#\\\/schema\\\/person\\\/520e7ecc314793d40091993c2a02b651\"},\"headline\":\"ABRIRAM UM BURACO\",\"datePublished\":\"2023-01-18T06:01:32+00:00\",\"dateModified\":\"2025-07-07T14:24:04+00:00\",\"mainEntityOfPage\":{\"@id\":\"https:\\\/\\\/encompaniastj.org\\\/pt-pt\\\/abriram-um-buraco\\\/\"},\"wordCount\":572,\"commentCount\":0,\"publisher\":{\"@id\":\"https:\\\/\\\/encompaniastj.org\\\/pt-pt\\\/#organization\"},\"image\":{\"@id\":\"https:\\\/\\\/encompaniastj.org\\\/pt-pt\\\/abriram-um-buraco\\\/#primaryimage\"},\"thumbnailUrl\":\"https:\\\/\\\/encompaniastj.org\\\/wp-content\\\/uploads\\\/2025\\\/05\\\/CUADRADITOS-2-scaled-1.jpg\",\"articleSection\":[\"Palabras\"],\"inLanguage\":\"pt-PT\",\"potentialAction\":[{\"@type\":\"CommentAction\",\"name\":\"Comment\",\"target\":[\"https:\\\/\\\/encompaniastj.org\\\/pt-pt\\\/abriram-um-buraco\\\/#respond\"]}]},{\"@type\":\"WebPage\",\"@id\":\"https:\\\/\\\/encompaniastj.org\\\/pt-pt\\\/abriram-um-buraco\\\/\",\"url\":\"https:\\\/\\\/encompaniastj.org\\\/pt-pt\\\/abriram-um-buraco\\\/\",\"name\":\"ABRIRAM UM BURACO - En Compa\u00f1\u00eda STJ\",\"isPartOf\":{\"@id\":\"https:\\\/\\\/encompaniastj.org\\\/pt-pt\\\/#website\"},\"primaryImageOfPage\":{\"@id\":\"https:\\\/\\\/encompaniastj.org\\\/pt-pt\\\/abriram-um-buraco\\\/#primaryimage\"},\"image\":{\"@id\":\"https:\\\/\\\/encompaniastj.org\\\/pt-pt\\\/abriram-um-buraco\\\/#primaryimage\"},\"thumbnailUrl\":\"https:\\\/\\\/encompaniastj.org\\\/wp-content\\\/uploads\\\/2025\\\/05\\\/CUADRADITOS-2-scaled-1.jpg\",\"datePublished\":\"2023-01-18T06:01:32+00:00\",\"dateModified\":\"2025-07-07T14:24:04+00:00\",\"breadcrumb\":{\"@id\":\"https:\\\/\\\/encompaniastj.org\\\/pt-pt\\\/abriram-um-buraco\\\/#breadcrumb\"},\"inLanguage\":\"pt-PT\",\"potentialAction\":[{\"@type\":\"ReadAction\",\"target\":[\"https:\\\/\\\/encompaniastj.org\\\/pt-pt\\\/abriram-um-buraco\\\/\"]}]},{\"@type\":\"ImageObject\",\"inLanguage\":\"pt-PT\",\"@id\":\"https:\\\/\\\/encompaniastj.org\\\/pt-pt\\\/abriram-um-buraco\\\/#primaryimage\",\"url\":\"https:\\\/\\\/encompaniastj.org\\\/wp-content\\\/uploads\\\/2025\\\/05\\\/CUADRADITOS-2-scaled-1.jpg\",\"contentUrl\":\"https:\\\/\\\/encompaniastj.org\\\/wp-content\\\/uploads\\\/2025\\\/05\\\/CUADRADITOS-2-scaled-1.jpg\",\"width\":2560,\"height\":1744},{\"@type\":\"BreadcrumbList\",\"@id\":\"https:\\\/\\\/encompaniastj.org\\\/pt-pt\\\/abriram-um-buraco\\\/#breadcrumb\",\"itemListElement\":[{\"@type\":\"ListItem\",\"position\":1,\"name\":\"Portada\",\"item\":\"https:\\\/\\\/encompaniastj.org\\\/pt-pt\\\/\"},{\"@type\":\"ListItem\",\"position\":2,\"name\":\"ABRIRAM UM BURACO\"}]},{\"@type\":\"WebSite\",\"@id\":\"https:\\\/\\\/encompaniastj.org\\\/pt-pt\\\/#website\",\"url\":\"https:\\\/\\\/encompaniastj.org\\\/pt-pt\\\/\",\"name\":\"En Compa\u00f1\u00eda STJ\",\"description\":\"Bolet\u00edn de la Compa\u00f1\u00eda de Santa Teresa de Jes\u00fas\",\"publisher\":{\"@id\":\"https:\\\/\\\/encompaniastj.org\\\/pt-pt\\\/#organization\"},\"potentialAction\":[{\"@type\":\"SearchAction\",\"target\":{\"@type\":\"EntryPoint\",\"urlTemplate\":\"https:\\\/\\\/encompaniastj.org\\\/pt-pt\\\/?s={search_term_string}\"},\"query-input\":{\"@type\":\"PropertyValueSpecification\",\"valueRequired\":true,\"valueName\":\"search_term_string\"}}],\"inLanguage\":\"pt-PT\"},{\"@type\":\"Organization\",\"@id\":\"https:\\\/\\\/encompaniastj.org\\\/pt-pt\\\/#organization\",\"name\":\"Compa\u00f1\u00eda de Santa Teresa de Jes\u00fas\",\"url\":\"https:\\\/\\\/encompaniastj.org\\\/pt-pt\\\/\",\"logo\":{\"@type\":\"ImageObject\",\"inLanguage\":\"pt-PT\",\"@id\":\"https:\\\/\\\/encompaniastj.org\\\/pt-pt\\\/#\\\/schema\\\/logo\\\/image\\\/\",\"url\":\"https:\\\/\\\/encompaniastj.org\\\/wp-content\\\/uploads\\\/2025\\\/04\\\/logo_provincias02-1-3.png\",\"contentUrl\":\"https:\\\/\\\/encompaniastj.org\\\/wp-content\\\/uploads\\\/2025\\\/04\\\/logo_provincias02-1-3.png\",\"width\":2368,\"height\":825,\"caption\":\"Compa\u00f1\u00eda de Santa Teresa de Jes\u00fas\"},\"image\":{\"@id\":\"https:\\\/\\\/encompaniastj.org\\\/pt-pt\\\/#\\\/schema\\\/logo\\\/image\\\/\"}},{\"@type\":\"Person\",\"@id\":\"https:\\\/\\\/encompaniastj.org\\\/pt-pt\\\/#\\\/schema\\\/person\\\/520e7ecc314793d40091993c2a02b651\",\"name\":\"admin\",\"image\":{\"@type\":\"ImageObject\",\"inLanguage\":\"pt-PT\",\"@id\":\"https:\\\/\\\/secure.gravatar.com\\\/avatar\\\/948b492cce32b586ac2db0eaa926ee87024f7afe218d73b397ea5ddfc5f43ea1?s=96&d=mm&r=g\",\"url\":\"https:\\\/\\\/secure.gravatar.com\\\/avatar\\\/948b492cce32b586ac2db0eaa926ee87024f7afe218d73b397ea5ddfc5f43ea1?s=96&d=mm&r=g\",\"contentUrl\":\"https:\\\/\\\/secure.gravatar.com\\\/avatar\\\/948b492cce32b586ac2db0eaa926ee87024f7afe218d73b397ea5ddfc5f43ea1?s=96&d=mm&r=g\",\"caption\":\"admin\"},\"sameAs\":[\"https:\\\/\\\/encompaniastj.org\"],\"url\":\"https:\\\/\\\/encompaniastj.org\\\/pt-pt\\\/author\\\/sjdigital\\\/\"}]}<\/script>\n<!-- \/ Yoast SEO plugin. -->","yoast_head_json":{"title":"ABRIRAM UM BURACO - En Compa\u00f1\u00eda STJ","robots":{"index":"index","follow":"follow","max-snippet":"max-snippet:-1","max-image-preview":"max-image-preview:large","max-video-preview":"max-video-preview:-1"},"canonical":"https:\/\/encompaniastj.org\/pt-pt\/abriram-um-buraco\/","og_locale":"pt_PT","og_type":"article","og_title":"ABRIRAM UM BURACO - En Compa\u00f1\u00eda STJ","og_description":"\u00c9 um ano novo e um bom desafio descobrir e viver a sua novidade, no meio da vida, para ir atr\u00e1s dela e que se acenda a ilus\u00e3o. Para viver [&hellip;]","og_url":"https:\/\/encompaniastj.org\/pt-pt\/abriram-um-buraco\/","og_site_name":"En Compa\u00f1\u00eda STJ","article_published_time":"2023-01-18T06:01:32+00:00","article_modified_time":"2025-07-07T14:24:04+00:00","og_image":[{"width":2560,"height":1744,"url":"https:\/\/encompaniastj.org\/wp-content\/uploads\/2025\/05\/CUADRADITOS-2-scaled-1.jpg","type":"image\/jpeg"}],"author":"admin","twitter_card":"summary_large_image","twitter_misc":{"Escrito por":"admin","Tempo estimado de leitura":"3 minutos"},"schema":{"@context":"https:\/\/schema.org","@graph":[{"@type":"Article","@id":"https:\/\/encompaniastj.org\/pt-pt\/abriram-um-buraco\/#article","isPartOf":{"@id":"https:\/\/encompaniastj.org\/pt-pt\/abriram-um-buraco\/"},"author":{"name":"admin","@id":"https:\/\/encompaniastj.org\/pt-pt\/#\/schema\/person\/520e7ecc314793d40091993c2a02b651"},"headline":"ABRIRAM UM BURACO","datePublished":"2023-01-18T06:01:32+00:00","dateModified":"2025-07-07T14:24:04+00:00","mainEntityOfPage":{"@id":"https:\/\/encompaniastj.org\/pt-pt\/abriram-um-buraco\/"},"wordCount":572,"commentCount":0,"publisher":{"@id":"https:\/\/encompaniastj.org\/pt-pt\/#organization"},"image":{"@id":"https:\/\/encompaniastj.org\/pt-pt\/abriram-um-buraco\/#primaryimage"},"thumbnailUrl":"https:\/\/encompaniastj.org\/wp-content\/uploads\/2025\/05\/CUADRADITOS-2-scaled-1.jpg","articleSection":["Palabras"],"inLanguage":"pt-PT","potentialAction":[{"@type":"CommentAction","name":"Comment","target":["https:\/\/encompaniastj.org\/pt-pt\/abriram-um-buraco\/#respond"]}]},{"@type":"WebPage","@id":"https:\/\/encompaniastj.org\/pt-pt\/abriram-um-buraco\/","url":"https:\/\/encompaniastj.org\/pt-pt\/abriram-um-buraco\/","name":"ABRIRAM UM BURACO - En Compa\u00f1\u00eda STJ","isPartOf":{"@id":"https:\/\/encompaniastj.org\/pt-pt\/#website"},"primaryImageOfPage":{"@id":"https:\/\/encompaniastj.org\/pt-pt\/abriram-um-buraco\/#primaryimage"},"image":{"@id":"https:\/\/encompaniastj.org\/pt-pt\/abriram-um-buraco\/#primaryimage"},"thumbnailUrl":"https:\/\/encompaniastj.org\/wp-content\/uploads\/2025\/05\/CUADRADITOS-2-scaled-1.jpg","datePublished":"2023-01-18T06:01:32+00:00","dateModified":"2025-07-07T14:24:04+00:00","breadcrumb":{"@id":"https:\/\/encompaniastj.org\/pt-pt\/abriram-um-buraco\/#breadcrumb"},"inLanguage":"pt-PT","potentialAction":[{"@type":"ReadAction","target":["https:\/\/encompaniastj.org\/pt-pt\/abriram-um-buraco\/"]}]},{"@type":"ImageObject","inLanguage":"pt-PT","@id":"https:\/\/encompaniastj.org\/pt-pt\/abriram-um-buraco\/#primaryimage","url":"https:\/\/encompaniastj.org\/wp-content\/uploads\/2025\/05\/CUADRADITOS-2-scaled-1.jpg","contentUrl":"https:\/\/encompaniastj.org\/wp-content\/uploads\/2025\/05\/CUADRADITOS-2-scaled-1.jpg","width":2560,"height":1744},{"@type":"BreadcrumbList","@id":"https:\/\/encompaniastj.org\/pt-pt\/abriram-um-buraco\/#breadcrumb","itemListElement":[{"@type":"ListItem","position":1,"name":"Portada","item":"https:\/\/encompaniastj.org\/pt-pt\/"},{"@type":"ListItem","position":2,"name":"ABRIRAM UM BURACO"}]},{"@type":"WebSite","@id":"https:\/\/encompaniastj.org\/pt-pt\/#website","url":"https:\/\/encompaniastj.org\/pt-pt\/","name":"En Compa\u00f1\u00eda STJ","description":"Bolet\u00edn de la Compa\u00f1\u00eda de Santa Teresa de Jes\u00fas","publisher":{"@id":"https:\/\/encompaniastj.org\/pt-pt\/#organization"},"potentialAction":[{"@type":"SearchAction","target":{"@type":"EntryPoint","urlTemplate":"https:\/\/encompaniastj.org\/pt-pt\/?s={search_term_string}"},"query-input":{"@type":"PropertyValueSpecification","valueRequired":true,"valueName":"search_term_string"}}],"inLanguage":"pt-PT"},{"@type":"Organization","@id":"https:\/\/encompaniastj.org\/pt-pt\/#organization","name":"Compa\u00f1\u00eda de Santa Teresa de Jes\u00fas","url":"https:\/\/encompaniastj.org\/pt-pt\/","logo":{"@type":"ImageObject","inLanguage":"pt-PT","@id":"https:\/\/encompaniastj.org\/pt-pt\/#\/schema\/logo\/image\/","url":"https:\/\/encompaniastj.org\/wp-content\/uploads\/2025\/04\/logo_provincias02-1-3.png","contentUrl":"https:\/\/encompaniastj.org\/wp-content\/uploads\/2025\/04\/logo_provincias02-1-3.png","width":2368,"height":825,"caption":"Compa\u00f1\u00eda de Santa Teresa de Jes\u00fas"},"image":{"@id":"https:\/\/encompaniastj.org\/pt-pt\/#\/schema\/logo\/image\/"}},{"@type":"Person","@id":"https:\/\/encompaniastj.org\/pt-pt\/#\/schema\/person\/520e7ecc314793d40091993c2a02b651","name":"admin","image":{"@type":"ImageObject","inLanguage":"pt-PT","@id":"https:\/\/secure.gravatar.com\/avatar\/948b492cce32b586ac2db0eaa926ee87024f7afe218d73b397ea5ddfc5f43ea1?s=96&d=mm&r=g","url":"https:\/\/secure.gravatar.com\/avatar\/948b492cce32b586ac2db0eaa926ee87024f7afe218d73b397ea5ddfc5f43ea1?s=96&d=mm&r=g","contentUrl":"https:\/\/secure.gravatar.com\/avatar\/948b492cce32b586ac2db0eaa926ee87024f7afe218d73b397ea5ddfc5f43ea1?s=96&d=mm&r=g","caption":"admin"},"sameAs":["https:\/\/encompaniastj.org"],"url":"https:\/\/encompaniastj.org\/pt-pt\/author\/sjdigital\/"}]}},"_links":{"self":[{"href":"https:\/\/encompaniastj.org\/pt-pt\/wp-json\/wp\/v2\/posts\/11394","targetHints":{"allow":["GET"]}}],"collection":[{"href":"https:\/\/encompaniastj.org\/pt-pt\/wp-json\/wp\/v2\/posts"}],"about":[{"href":"https:\/\/encompaniastj.org\/pt-pt\/wp-json\/wp\/v2\/types\/post"}],"author":[{"embeddable":true,"href":"https:\/\/encompaniastj.org\/pt-pt\/wp-json\/wp\/v2\/users\/1"}],"replies":[{"embeddable":true,"href":"https:\/\/encompaniastj.org\/pt-pt\/wp-json\/wp\/v2\/comments?post=11394"}],"version-history":[{"count":1,"href":"https:\/\/encompaniastj.org\/pt-pt\/wp-json\/wp\/v2\/posts\/11394\/revisions"}],"predecessor-version":[{"id":11395,"href":"https:\/\/encompaniastj.org\/pt-pt\/wp-json\/wp\/v2\/posts\/11394\/revisions\/11395"}],"wp:featuredmedia":[{"embeddable":true,"href":"https:\/\/encompaniastj.org\/pt-pt\/wp-json\/wp\/v2\/media\/8207"}],"wp:attachment":[{"href":"https:\/\/encompaniastj.org\/pt-pt\/wp-json\/wp\/v2\/media?parent=11394"}],"wp:term":[{"taxonomy":"category","embeddable":true,"href":"https:\/\/encompaniastj.org\/pt-pt\/wp-json\/wp\/v2\/categories?post=11394"},{"taxonomy":"post_tag","embeddable":true,"href":"https:\/\/encompaniastj.org\/pt-pt\/wp-json\/wp\/v2\/tags?post=11394"}],"curies":[{"name":"wp","href":"https:\/\/api.w.org\/{rel}","templated":true}]}}