{"id":11386,"date":"2023-01-17T09:49:39","date_gmt":"2023-01-17T08:49:39","guid":{"rendered":"https:\/\/encompaniastj.org\/clotilde-antunes-de-sousa-16-de-enero-de-2023-braga-residencia-2\/"},"modified":"2025-07-07T16:24:04","modified_gmt":"2025-07-07T14:24:04","slug":"clotilde-antunes-de-sousa-16-de-enero-de-2023-braga-residencia-2","status":"publish","type":"post","link":"https:\/\/encompaniastj.org\/pt-pt\/clotilde-antunes-de-sousa-16-de-enero-de-2023-braga-residencia-2\/","title":{"rendered":"Clotilde Antunes de Sousa. 16 de janeiro de 2023 (Braga Resid\u00eancia)"},"content":{"rendered":"<p>A Irm\u00e3 Clotilde Antunes de Sousa nasceu em Barreiros \u2013 Amares, distrito de Braga, no dia 29 de agosto de 1933. Aos 19 anos de idade, entrou na Companhia de Santa Teresa de Jesus, no Noviciado de Braga, no dia 14 de outubro de 1952. Faleceu no dia 16 de Janeiro de 2023 aos 89 anos de idade.<\/p>\n<p>Ao longo da sua vida de consagrada teve por mestra Santa Teresa de Jesus, que a ensinou a servir o Senhor na cozinha \u201centre as panelas\u201d. Sendo a cozinha um trabalho exigente e de sacrif\u00edcio, a irm\u00e3 Clotilde ainda dispunha de tempo para dedicar \u00e0 catequese de inf\u00e2ncia, miss\u00e3o que assumiu com grande carinho e dedica\u00e7\u00e3o.<\/p>\n<p>Na sua vida de Teresiana passou por v\u00e1rias casas onde se entregou de alma e cora\u00e7\u00e3o \u00e0 miss\u00e3o evangelizadora distinguindo-se pela sua caridade extrema para com todos. De 1963 a 1974 exerceu a sua miss\u00e3o em Espanha: Ciudad Rodrigo e Valladolid. Regressando a Portugal passou pelas comunidades de Coimbra e Lar Teresiano de Braga na Rua do Raio e comunidade do Col\u00e9gio Teresiano de Braga. Em 2006, j\u00e1 com sa\u00fade debilitada, passou para a comunidade da Resid\u00eancia Teresiana de Braga. Os seus \u00faltimos 15 anos de vida foram marcados por um longo calv\u00e1rio, viveu-os privada de total mobilidade e da comunica\u00e7\u00e3o verbal. Anos que deram continuidade \u00e0 miss\u00e3o e projeto de vida que Deus tinha para ela.<\/p>\n<p>Damos gra\u00e7as ao Senhor pela sua longa vida e pela sua entrega generosa \u00e0 miss\u00e3o que o Senhor lhe confiou, na Companhia de Santa Teresa de Jesus.<\/p>\n<p>\u00c9 com muito carinho e gratid\u00e3o que nos despedimos da irm\u00e3 Clotilde e lhe dizemos o nosso muito obrigada por tanto bem que realizou e pelo seu testemunho de sacrif\u00edcio e entrega \u00e0 miss\u00e3o.<\/p>\n","protected":false},"excerpt":{"rendered":"<p>A Irm\u00e3 Clotilde Antunes de Sousa nasceu em Barreiros \u2013 Amares, distrito de Braga, no dia 29 de agosto de 1933. Aos 19 anos de idade, entrou na Companhia de [&hellip;]<\/p>\n","protected":false},"author":1,"featured_media":8206,"comment_status":"open","ping_status":"open","sticky":false,"template":"","format":"standard","meta":{"_acf_changed":false,"footnotes":""},"categories":[69],"tags":[],"class_list":["post-11386","post","type-post","status-publish","format-standard","has-post-thumbnail","hentry","category-falecimentos"],"acf":[],"yoast_head":"<!-- This site is optimized with the Yoast SEO plugin v27.5 - https:\/\/yoast.com\/product\/yoast-seo-wordpress\/ -->\n<title>Clotilde Antunes de Sousa. 16 de janeiro de 2023 (Braga Resid\u00eancia) - En Compa\u00f1\u00eda STJ<\/title>\n<meta name=\"robots\" content=\"index, follow, max-snippet:-1, max-image-preview:large, max-video-preview:-1\" \/>\n<link rel=\"canonical\" href=\"https:\/\/encompaniastj.org\/pt-pt\/clotilde-antunes-de-sousa-16-de-enero-de-2023-braga-residencia-2\/\" \/>\n<meta property=\"og:locale\" content=\"pt_PT\" \/>\n<meta property=\"og:type\" content=\"article\" \/>\n<meta property=\"og:title\" content=\"Clotilde Antunes de Sousa. 16 de janeiro de 2023 (Braga Resid\u00eancia) - En Compa\u00f1\u00eda STJ\" \/>\n<meta property=\"og:description\" content=\"A Irm\u00e3 Clotilde Antunes de Sousa nasceu em Barreiros \u2013 Amares, distrito de Braga, no dia 29 de agosto de 1933. Aos 19 anos de idade, entrou na Companhia de [&hellip;]\" \/>\n<meta property=\"og:url\" content=\"https:\/\/encompaniastj.org\/pt-pt\/clotilde-antunes-de-sousa-16-de-enero-de-2023-braga-residencia-2\/\" \/>\n<meta property=\"og:site_name\" content=\"En Compa\u00f1\u00eda STJ\" \/>\n<meta property=\"article:published_time\" content=\"2023-01-17T08:49:39+00:00\" \/>\n<meta property=\"article:modified_time\" content=\"2025-07-07T14:24:04+00:00\" \/>\n<meta property=\"og:image\" content=\"https:\/\/encompaniastj.org\/wp-content\/uploads\/2025\/05\/Manos1.jpg\" \/>\n\t<meta property=\"og:image:width\" content=\"1280\" \/>\n\t<meta property=\"og:image:height\" content=\"853\" \/>\n\t<meta property=\"og:image:type\" content=\"image\/jpeg\" \/>\n<meta name=\"author\" content=\"admin\" \/>\n<meta name=\"twitter:card\" content=\"summary_large_image\" \/>\n<meta name=\"twitter:label1\" content=\"Escrito por\" \/>\n\t<meta name=\"twitter:data1\" content=\"admin\" \/>\n\t<meta name=\"twitter:label2\" content=\"Tempo estimado de leitura\" \/>\n\t<meta name=\"twitter:data2\" content=\"2 minutos\" \/>\n<script type=\"application\/ld+json\" class=\"yoast-schema-graph\">{\"@context\":\"https:\\\/\\\/schema.org\",\"@graph\":[{\"@type\":\"Article\",\"@id\":\"https:\\\/\\\/encompaniastj.org\\\/pt-pt\\\/clotilde-antunes-de-sousa-16-de-enero-de-2023-braga-residencia-2\\\/#article\",\"isPartOf\":{\"@id\":\"https:\\\/\\\/encompaniastj.org\\\/pt-pt\\\/clotilde-antunes-de-sousa-16-de-enero-de-2023-braga-residencia-2\\\/\"},\"author\":{\"name\":\"admin\",\"@id\":\"https:\\\/\\\/encompaniastj.org\\\/pt-pt\\\/#\\\/schema\\\/person\\\/520e7ecc314793d40091993c2a02b651\"},\"headline\":\"Clotilde Antunes de Sousa. 16 de janeiro de 2023 (Braga Resid\u00eancia)\",\"datePublished\":\"2023-01-17T08:49:39+00:00\",\"dateModified\":\"2025-07-07T14:24:04+00:00\",\"mainEntityOfPage\":{\"@id\":\"https:\\\/\\\/encompaniastj.org\\\/pt-pt\\\/clotilde-antunes-de-sousa-16-de-enero-de-2023-braga-residencia-2\\\/\"},\"wordCount\":302,\"commentCount\":0,\"publisher\":{\"@id\":\"https:\\\/\\\/encompaniastj.org\\\/pt-pt\\\/#organization\"},\"image\":{\"@id\":\"https:\\\/\\\/encompaniastj.org\\\/pt-pt\\\/clotilde-antunes-de-sousa-16-de-enero-de-2023-braga-residencia-2\\\/#primaryimage\"},\"thumbnailUrl\":\"https:\\\/\\\/encompaniastj.org\\\/wp-content\\\/uploads\\\/2025\\\/05\\\/Manos1.jpg\",\"articleSection\":[\"Falecimentos\"],\"inLanguage\":\"pt-PT\",\"potentialAction\":[{\"@type\":\"CommentAction\",\"name\":\"Comment\",\"target\":[\"https:\\\/\\\/encompaniastj.org\\\/pt-pt\\\/clotilde-antunes-de-sousa-16-de-enero-de-2023-braga-residencia-2\\\/#respond\"]}]},{\"@type\":\"WebPage\",\"@id\":\"https:\\\/\\\/encompaniastj.org\\\/pt-pt\\\/clotilde-antunes-de-sousa-16-de-enero-de-2023-braga-residencia-2\\\/\",\"url\":\"https:\\\/\\\/encompaniastj.org\\\/pt-pt\\\/clotilde-antunes-de-sousa-16-de-enero-de-2023-braga-residencia-2\\\/\",\"name\":\"Clotilde Antunes de Sousa. 16 de janeiro de 2023 (Braga Resid\u00eancia) - En Compa\u00f1\u00eda STJ\",\"isPartOf\":{\"@id\":\"https:\\\/\\\/encompaniastj.org\\\/pt-pt\\\/#website\"},\"primaryImageOfPage\":{\"@id\":\"https:\\\/\\\/encompaniastj.org\\\/pt-pt\\\/clotilde-antunes-de-sousa-16-de-enero-de-2023-braga-residencia-2\\\/#primaryimage\"},\"image\":{\"@id\":\"https:\\\/\\\/encompaniastj.org\\\/pt-pt\\\/clotilde-antunes-de-sousa-16-de-enero-de-2023-braga-residencia-2\\\/#primaryimage\"},\"thumbnailUrl\":\"https:\\\/\\\/encompaniastj.org\\\/wp-content\\\/uploads\\\/2025\\\/05\\\/Manos1.jpg\",\"datePublished\":\"2023-01-17T08:49:39+00:00\",\"dateModified\":\"2025-07-07T14:24:04+00:00\",\"breadcrumb\":{\"@id\":\"https:\\\/\\\/encompaniastj.org\\\/pt-pt\\\/clotilde-antunes-de-sousa-16-de-enero-de-2023-braga-residencia-2\\\/#breadcrumb\"},\"inLanguage\":\"pt-PT\",\"potentialAction\":[{\"@type\":\"ReadAction\",\"target\":[\"https:\\\/\\\/encompaniastj.org\\\/pt-pt\\\/clotilde-antunes-de-sousa-16-de-enero-de-2023-braga-residencia-2\\\/\"]}]},{\"@type\":\"ImageObject\",\"inLanguage\":\"pt-PT\",\"@id\":\"https:\\\/\\\/encompaniastj.org\\\/pt-pt\\\/clotilde-antunes-de-sousa-16-de-enero-de-2023-braga-residencia-2\\\/#primaryimage\",\"url\":\"https:\\\/\\\/encompaniastj.org\\\/wp-content\\\/uploads\\\/2025\\\/05\\\/Manos1.jpg\",\"contentUrl\":\"https:\\\/\\\/encompaniastj.org\\\/wp-content\\\/uploads\\\/2025\\\/05\\\/Manos1.jpg\",\"width\":1280,\"height\":853},{\"@type\":\"BreadcrumbList\",\"@id\":\"https:\\\/\\\/encompaniastj.org\\\/pt-pt\\\/clotilde-antunes-de-sousa-16-de-enero-de-2023-braga-residencia-2\\\/#breadcrumb\",\"itemListElement\":[{\"@type\":\"ListItem\",\"position\":1,\"name\":\"Portada\",\"item\":\"https:\\\/\\\/encompaniastj.org\\\/pt-pt\\\/\"},{\"@type\":\"ListItem\",\"position\":2,\"name\":\"Clotilde Antunes de Sousa. 16 de janeiro de 2023 (Braga Resid\u00eancia)\"}]},{\"@type\":\"WebSite\",\"@id\":\"https:\\\/\\\/encompaniastj.org\\\/pt-pt\\\/#website\",\"url\":\"https:\\\/\\\/encompaniastj.org\\\/pt-pt\\\/\",\"name\":\"En Compa\u00f1\u00eda STJ\",\"description\":\"Bolet\u00edn de la Compa\u00f1\u00eda de Santa Teresa de Jes\u00fas\",\"publisher\":{\"@id\":\"https:\\\/\\\/encompaniastj.org\\\/pt-pt\\\/#organization\"},\"potentialAction\":[{\"@type\":\"SearchAction\",\"target\":{\"@type\":\"EntryPoint\",\"urlTemplate\":\"https:\\\/\\\/encompaniastj.org\\\/pt-pt\\\/?s={search_term_string}\"},\"query-input\":{\"@type\":\"PropertyValueSpecification\",\"valueRequired\":true,\"valueName\":\"search_term_string\"}}],\"inLanguage\":\"pt-PT\"},{\"@type\":\"Organization\",\"@id\":\"https:\\\/\\\/encompaniastj.org\\\/pt-pt\\\/#organization\",\"name\":\"Compa\u00f1\u00eda de Santa Teresa de Jes\u00fas\",\"url\":\"https:\\\/\\\/encompaniastj.org\\\/pt-pt\\\/\",\"logo\":{\"@type\":\"ImageObject\",\"inLanguage\":\"pt-PT\",\"@id\":\"https:\\\/\\\/encompaniastj.org\\\/pt-pt\\\/#\\\/schema\\\/logo\\\/image\\\/\",\"url\":\"https:\\\/\\\/encompaniastj.org\\\/wp-content\\\/uploads\\\/2025\\\/04\\\/logo_provincias02-1-3.png\",\"contentUrl\":\"https:\\\/\\\/encompaniastj.org\\\/wp-content\\\/uploads\\\/2025\\\/04\\\/logo_provincias02-1-3.png\",\"width\":2368,\"height\":825,\"caption\":\"Compa\u00f1\u00eda de Santa Teresa de Jes\u00fas\"},\"image\":{\"@id\":\"https:\\\/\\\/encompaniastj.org\\\/pt-pt\\\/#\\\/schema\\\/logo\\\/image\\\/\"}},{\"@type\":\"Person\",\"@id\":\"https:\\\/\\\/encompaniastj.org\\\/pt-pt\\\/#\\\/schema\\\/person\\\/520e7ecc314793d40091993c2a02b651\",\"name\":\"admin\",\"image\":{\"@type\":\"ImageObject\",\"inLanguage\":\"pt-PT\",\"@id\":\"https:\\\/\\\/secure.gravatar.com\\\/avatar\\\/948b492cce32b586ac2db0eaa926ee87024f7afe218d73b397ea5ddfc5f43ea1?s=96&d=mm&r=g\",\"url\":\"https:\\\/\\\/secure.gravatar.com\\\/avatar\\\/948b492cce32b586ac2db0eaa926ee87024f7afe218d73b397ea5ddfc5f43ea1?s=96&d=mm&r=g\",\"contentUrl\":\"https:\\\/\\\/secure.gravatar.com\\\/avatar\\\/948b492cce32b586ac2db0eaa926ee87024f7afe218d73b397ea5ddfc5f43ea1?s=96&d=mm&r=g\",\"caption\":\"admin\"},\"sameAs\":[\"https:\\\/\\\/encompaniastj.org\"],\"url\":\"https:\\\/\\\/encompaniastj.org\\\/pt-pt\\\/author\\\/sjdigital\\\/\"}]}<\/script>\n<!-- \/ Yoast SEO plugin. -->","yoast_head_json":{"title":"Clotilde Antunes de Sousa. 16 de janeiro de 2023 (Braga Resid\u00eancia) - En Compa\u00f1\u00eda STJ","robots":{"index":"index","follow":"follow","max-snippet":"max-snippet:-1","max-image-preview":"max-image-preview:large","max-video-preview":"max-video-preview:-1"},"canonical":"https:\/\/encompaniastj.org\/pt-pt\/clotilde-antunes-de-sousa-16-de-enero-de-2023-braga-residencia-2\/","og_locale":"pt_PT","og_type":"article","og_title":"Clotilde Antunes de Sousa. 16 de janeiro de 2023 (Braga Resid\u00eancia) - En Compa\u00f1\u00eda STJ","og_description":"A Irm\u00e3 Clotilde Antunes de Sousa nasceu em Barreiros \u2013 Amares, distrito de Braga, no dia 29 de agosto de 1933. Aos 19 anos de idade, entrou na Companhia de [&hellip;]","og_url":"https:\/\/encompaniastj.org\/pt-pt\/clotilde-antunes-de-sousa-16-de-enero-de-2023-braga-residencia-2\/","og_site_name":"En Compa\u00f1\u00eda STJ","article_published_time":"2023-01-17T08:49:39+00:00","article_modified_time":"2025-07-07T14:24:04+00:00","og_image":[{"width":1280,"height":853,"url":"https:\/\/encompaniastj.org\/wp-content\/uploads\/2025\/05\/Manos1.jpg","type":"image\/jpeg"}],"author":"admin","twitter_card":"summary_large_image","twitter_misc":{"Escrito por":"admin","Tempo estimado de leitura":"2 minutos"},"schema":{"@context":"https:\/\/schema.org","@graph":[{"@type":"Article","@id":"https:\/\/encompaniastj.org\/pt-pt\/clotilde-antunes-de-sousa-16-de-enero-de-2023-braga-residencia-2\/#article","isPartOf":{"@id":"https:\/\/encompaniastj.org\/pt-pt\/clotilde-antunes-de-sousa-16-de-enero-de-2023-braga-residencia-2\/"},"author":{"name":"admin","@id":"https:\/\/encompaniastj.org\/pt-pt\/#\/schema\/person\/520e7ecc314793d40091993c2a02b651"},"headline":"Clotilde Antunes de Sousa. 16 de janeiro de 2023 (Braga Resid\u00eancia)","datePublished":"2023-01-17T08:49:39+00:00","dateModified":"2025-07-07T14:24:04+00:00","mainEntityOfPage":{"@id":"https:\/\/encompaniastj.org\/pt-pt\/clotilde-antunes-de-sousa-16-de-enero-de-2023-braga-residencia-2\/"},"wordCount":302,"commentCount":0,"publisher":{"@id":"https:\/\/encompaniastj.org\/pt-pt\/#organization"},"image":{"@id":"https:\/\/encompaniastj.org\/pt-pt\/clotilde-antunes-de-sousa-16-de-enero-de-2023-braga-residencia-2\/#primaryimage"},"thumbnailUrl":"https:\/\/encompaniastj.org\/wp-content\/uploads\/2025\/05\/Manos1.jpg","articleSection":["Falecimentos"],"inLanguage":"pt-PT","potentialAction":[{"@type":"CommentAction","name":"Comment","target":["https:\/\/encompaniastj.org\/pt-pt\/clotilde-antunes-de-sousa-16-de-enero-de-2023-braga-residencia-2\/#respond"]}]},{"@type":"WebPage","@id":"https:\/\/encompaniastj.org\/pt-pt\/clotilde-antunes-de-sousa-16-de-enero-de-2023-braga-residencia-2\/","url":"https:\/\/encompaniastj.org\/pt-pt\/clotilde-antunes-de-sousa-16-de-enero-de-2023-braga-residencia-2\/","name":"Clotilde Antunes de Sousa. 16 de janeiro de 2023 (Braga Resid\u00eancia) - En Compa\u00f1\u00eda STJ","isPartOf":{"@id":"https:\/\/encompaniastj.org\/pt-pt\/#website"},"primaryImageOfPage":{"@id":"https:\/\/encompaniastj.org\/pt-pt\/clotilde-antunes-de-sousa-16-de-enero-de-2023-braga-residencia-2\/#primaryimage"},"image":{"@id":"https:\/\/encompaniastj.org\/pt-pt\/clotilde-antunes-de-sousa-16-de-enero-de-2023-braga-residencia-2\/#primaryimage"},"thumbnailUrl":"https:\/\/encompaniastj.org\/wp-content\/uploads\/2025\/05\/Manos1.jpg","datePublished":"2023-01-17T08:49:39+00:00","dateModified":"2025-07-07T14:24:04+00:00","breadcrumb":{"@id":"https:\/\/encompaniastj.org\/pt-pt\/clotilde-antunes-de-sousa-16-de-enero-de-2023-braga-residencia-2\/#breadcrumb"},"inLanguage":"pt-PT","potentialAction":[{"@type":"ReadAction","target":["https:\/\/encompaniastj.org\/pt-pt\/clotilde-antunes-de-sousa-16-de-enero-de-2023-braga-residencia-2\/"]}]},{"@type":"ImageObject","inLanguage":"pt-PT","@id":"https:\/\/encompaniastj.org\/pt-pt\/clotilde-antunes-de-sousa-16-de-enero-de-2023-braga-residencia-2\/#primaryimage","url":"https:\/\/encompaniastj.org\/wp-content\/uploads\/2025\/05\/Manos1.jpg","contentUrl":"https:\/\/encompaniastj.org\/wp-content\/uploads\/2025\/05\/Manos1.jpg","width":1280,"height":853},{"@type":"BreadcrumbList","@id":"https:\/\/encompaniastj.org\/pt-pt\/clotilde-antunes-de-sousa-16-de-enero-de-2023-braga-residencia-2\/#breadcrumb","itemListElement":[{"@type":"ListItem","position":1,"name":"Portada","item":"https:\/\/encompaniastj.org\/pt-pt\/"},{"@type":"ListItem","position":2,"name":"Clotilde Antunes de Sousa. 16 de janeiro de 2023 (Braga Resid\u00eancia)"}]},{"@type":"WebSite","@id":"https:\/\/encompaniastj.org\/pt-pt\/#website","url":"https:\/\/encompaniastj.org\/pt-pt\/","name":"En Compa\u00f1\u00eda STJ","description":"Bolet\u00edn de la Compa\u00f1\u00eda de Santa Teresa de Jes\u00fas","publisher":{"@id":"https:\/\/encompaniastj.org\/pt-pt\/#organization"},"potentialAction":[{"@type":"SearchAction","target":{"@type":"EntryPoint","urlTemplate":"https:\/\/encompaniastj.org\/pt-pt\/?s={search_term_string}"},"query-input":{"@type":"PropertyValueSpecification","valueRequired":true,"valueName":"search_term_string"}}],"inLanguage":"pt-PT"},{"@type":"Organization","@id":"https:\/\/encompaniastj.org\/pt-pt\/#organization","name":"Compa\u00f1\u00eda de Santa Teresa de Jes\u00fas","url":"https:\/\/encompaniastj.org\/pt-pt\/","logo":{"@type":"ImageObject","inLanguage":"pt-PT","@id":"https:\/\/encompaniastj.org\/pt-pt\/#\/schema\/logo\/image\/","url":"https:\/\/encompaniastj.org\/wp-content\/uploads\/2025\/04\/logo_provincias02-1-3.png","contentUrl":"https:\/\/encompaniastj.org\/wp-content\/uploads\/2025\/04\/logo_provincias02-1-3.png","width":2368,"height":825,"caption":"Compa\u00f1\u00eda de Santa Teresa de Jes\u00fas"},"image":{"@id":"https:\/\/encompaniastj.org\/pt-pt\/#\/schema\/logo\/image\/"}},{"@type":"Person","@id":"https:\/\/encompaniastj.org\/pt-pt\/#\/schema\/person\/520e7ecc314793d40091993c2a02b651","name":"admin","image":{"@type":"ImageObject","inLanguage":"pt-PT","@id":"https:\/\/secure.gravatar.com\/avatar\/948b492cce32b586ac2db0eaa926ee87024f7afe218d73b397ea5ddfc5f43ea1?s=96&d=mm&r=g","url":"https:\/\/secure.gravatar.com\/avatar\/948b492cce32b586ac2db0eaa926ee87024f7afe218d73b397ea5ddfc5f43ea1?s=96&d=mm&r=g","contentUrl":"https:\/\/secure.gravatar.com\/avatar\/948b492cce32b586ac2db0eaa926ee87024f7afe218d73b397ea5ddfc5f43ea1?s=96&d=mm&r=g","caption":"admin"},"sameAs":["https:\/\/encompaniastj.org"],"url":"https:\/\/encompaniastj.org\/pt-pt\/author\/sjdigital\/"}]}},"_links":{"self":[{"href":"https:\/\/encompaniastj.org\/pt-pt\/wp-json\/wp\/v2\/posts\/11386","targetHints":{"allow":["GET"]}}],"collection":[{"href":"https:\/\/encompaniastj.org\/pt-pt\/wp-json\/wp\/v2\/posts"}],"about":[{"href":"https:\/\/encompaniastj.org\/pt-pt\/wp-json\/wp\/v2\/types\/post"}],"author":[{"embeddable":true,"href":"https:\/\/encompaniastj.org\/pt-pt\/wp-json\/wp\/v2\/users\/1"}],"replies":[{"embeddable":true,"href":"https:\/\/encompaniastj.org\/pt-pt\/wp-json\/wp\/v2\/comments?post=11386"}],"version-history":[{"count":1,"href":"https:\/\/encompaniastj.org\/pt-pt\/wp-json\/wp\/v2\/posts\/11386\/revisions"}],"predecessor-version":[{"id":11387,"href":"https:\/\/encompaniastj.org\/pt-pt\/wp-json\/wp\/v2\/posts\/11386\/revisions\/11387"}],"wp:featuredmedia":[{"embeddable":true,"href":"https:\/\/encompaniastj.org\/pt-pt\/wp-json\/wp\/v2\/media\/8206"}],"wp:attachment":[{"href":"https:\/\/encompaniastj.org\/pt-pt\/wp-json\/wp\/v2\/media?parent=11386"}],"wp:term":[{"taxonomy":"category","embeddable":true,"href":"https:\/\/encompaniastj.org\/pt-pt\/wp-json\/wp\/v2\/categories?post=11386"},{"taxonomy":"post_tag","embeddable":true,"href":"https:\/\/encompaniastj.org\/pt-pt\/wp-json\/wp\/v2\/tags?post=11386"}],"curies":[{"name":"wp","href":"https:\/\/api.w.org\/{rel}","templated":true}]}}