{"id":11374,"date":"2023-01-13T10:42:33","date_gmt":"2023-01-13T09:42:33","guid":{"rendered":"https:\/\/encompaniastj.org\/celebramos-o-natal-em-madrid\/"},"modified":"2025-07-07T16:24:02","modified_gmt":"2025-07-07T14:24:02","slug":"celebramos-o-natal-em-madrid","status":"publish","type":"post","link":"https:\/\/encompaniastj.org\/pt-pt\/celebramos-o-natal-em-madrid\/","title":{"rendered":"Celebr\u00e1mos o Natal em Madrid"},"content":{"rendered":"<p>No dia 25 de dezembro, dia de Natal, em Federico Grases junt\u00e1mo-nos as sete comunidades de Madrid para rezar e lanchar juntas. A pandemia cortou tamb\u00e9m esta possibilidade de festejarmos o Natal juntas e podermos felicitar especialmente as irm\u00e3s mais velhas de Carabanchel e h\u00e1 dois anos que n\u00e3o o faz\u00edamos. Por isso, todos apreci\u00e1mos especialmente a possibilidade de estarmos juntas, n\u00e3o era preciso muito mais, apenas estar, desfrutar e acolher a presen\u00e7a e a vida de cada uma.<\/p>\n<p>Depois das sauda\u00e7\u00f5es e abra\u00e7os natal\u00edcios, as irm\u00e3s de San Crist\u00f3bal convidaram-nos a rezar, construindo juntas um pres\u00e9pio original com uma figura oferecida por cada comunidade. Os tamanhos, materiais e texturas das figuras daquele pres\u00e9pio eram muito diferentes, como s\u00edmbolo profundo da diversidade que todas temos entre n\u00f3s, que, sendo real, n\u00e3o era dissonante, mas original e valiosa. A princ\u00edpio, sorrimos ao ver a cer\u00e2mica do anjinho ao lado do pano de saco de uma grande Maria, ou a um menino &#8220;crescidinho&#8221; aconchegado por uma mula e um boi t\u00e3o pequeninos. Mas essa era a mensagem, assim \u00e9 a vida, a nossa vida: todas valem, todas acertam, todas constroem. Nada \u00e9 dissonante.<\/p>\n<p>Depois do lanche chegou a \u201ccorrida das luzes de Natal\u201d. O fogo dos sinalizadores foi passando de m\u00e3o em m\u00e3o e quando se apagou cantaram uma can\u00e7\u00e3o natalina fazendo um \u201csolo\u201d, que foi imediatamente cantado por todas. Como nos rimos das corridas de algumas para que n\u00e3o se lhes apagasse! E com as artimanhas de outras para passar a luz e escutar o canto da irm\u00e3 ao lado!<\/p>\n<p>Mais um ano e pudemos reunir-nos no Natal como uma fam\u00edlia de irm\u00e3s de Madrid com carinho e entusiasmo para os reconhecermos e felicitarmos umas \u00e0s outras. Agradecemos essa tarde que goz\u00e1mos e que nos ajudou a continuar cuidando dos v\u00ednculos entre todas. (F\u00e1tima Gil)<\/p>\n<p><img loading=\"lazy\" decoding=\"async\" class=\"aligncenter wp-image-10559 size-large\" src=\"https:\/\/encompaniastj.org\/wp-content\/uploads\/2025\/05\/IMG_1924-scaled-1.jpg\" alt=\"\" width=\"1024\" height=\"768\" \/><\/p>\n<p>&nbsp;<\/p>\n","protected":false},"excerpt":{"rendered":"<p>No dia 25 de dezembro, dia de Natal, em Federico Grases junt\u00e1mo-nos as sete comunidades de Madrid para rezar e lanchar juntas. A pandemia cortou tamb\u00e9m esta possibilidade de festejarmos [&hellip;]<\/p>\n","protected":false},"author":1,"featured_media":8200,"comment_status":"open","ping_status":"open","sticky":false,"template":"","format":"standard","meta":{"_acf_changed":false,"footnotes":""},"categories":[61,62,68],"tags":[],"class_list":["post-11374","post","type-post","status-publish","format-standard","has-post-thumbnail","hentry","category-noticias","category-otras","category-outras"],"acf":[],"yoast_head":"<!-- This site is optimized with the Yoast SEO plugin v27.5 - https:\/\/yoast.com\/product\/yoast-seo-wordpress\/ -->\n<title>Celebr\u00e1mos o Natal em Madrid - En Compa\u00f1\u00eda STJ<\/title>\n<meta name=\"robots\" content=\"index, follow, max-snippet:-1, max-image-preview:large, max-video-preview:-1\" \/>\n<link rel=\"canonical\" href=\"https:\/\/encompaniastj.org\/pt-pt\/celebramos-o-natal-em-madrid\/\" \/>\n<meta property=\"og:locale\" content=\"pt_PT\" \/>\n<meta property=\"og:type\" content=\"article\" \/>\n<meta property=\"og:title\" content=\"Celebr\u00e1mos o Natal em Madrid - En Compa\u00f1\u00eda STJ\" \/>\n<meta property=\"og:description\" content=\"No dia 25 de dezembro, dia de Natal, em Federico Grases junt\u00e1mo-nos as sete comunidades de Madrid para rezar e lanchar juntas. A pandemia cortou tamb\u00e9m esta possibilidade de festejarmos [&hellip;]\" \/>\n<meta property=\"og:url\" content=\"https:\/\/encompaniastj.org\/pt-pt\/celebramos-o-natal-em-madrid\/\" \/>\n<meta property=\"og:site_name\" content=\"En Compa\u00f1\u00eda STJ\" \/>\n<meta property=\"article:published_time\" content=\"2023-01-13T09:42:33+00:00\" \/>\n<meta property=\"article:modified_time\" content=\"2025-07-07T14:24:02+00:00\" \/>\n<meta property=\"og:image\" content=\"https:\/\/encompaniastj.org\/wp-content\/uploads\/2025\/05\/PHOTO-2022-12-25-21-24-45.jpg\" \/>\n\t<meta property=\"og:image:width\" content=\"1496\" \/>\n\t<meta property=\"og:image:height\" content=\"998\" \/>\n\t<meta property=\"og:image:type\" content=\"image\/jpeg\" \/>\n<meta name=\"author\" content=\"admin\" \/>\n<meta name=\"twitter:card\" content=\"summary_large_image\" \/>\n<meta name=\"twitter:label1\" content=\"Escrito por\" \/>\n\t<meta name=\"twitter:data1\" content=\"admin\" \/>\n\t<meta name=\"twitter:label2\" content=\"Tempo estimado de leitura\" \/>\n\t<meta name=\"twitter:data2\" content=\"2 minutos\" \/>\n<script type=\"application\/ld+json\" class=\"yoast-schema-graph\">{\"@context\":\"https:\\\/\\\/schema.org\",\"@graph\":[{\"@type\":\"Article\",\"@id\":\"https:\\\/\\\/encompaniastj.org\\\/pt-pt\\\/celebramos-o-natal-em-madrid\\\/#article\",\"isPartOf\":{\"@id\":\"https:\\\/\\\/encompaniastj.org\\\/pt-pt\\\/celebramos-o-natal-em-madrid\\\/\"},\"author\":{\"name\":\"admin\",\"@id\":\"https:\\\/\\\/encompaniastj.org\\\/pt-pt\\\/#\\\/schema\\\/person\\\/520e7ecc314793d40091993c2a02b651\"},\"headline\":\"Celebr\u00e1mos o Natal em Madrid\",\"datePublished\":\"2023-01-13T09:42:33+00:00\",\"dateModified\":\"2025-07-07T14:24:02+00:00\",\"mainEntityOfPage\":{\"@id\":\"https:\\\/\\\/encompaniastj.org\\\/pt-pt\\\/celebramos-o-natal-em-madrid\\\/\"},\"wordCount\":338,\"commentCount\":0,\"publisher\":{\"@id\":\"https:\\\/\\\/encompaniastj.org\\\/pt-pt\\\/#organization\"},\"image\":{\"@id\":\"https:\\\/\\\/encompaniastj.org\\\/pt-pt\\\/celebramos-o-natal-em-madrid\\\/#primaryimage\"},\"thumbnailUrl\":\"https:\\\/\\\/encompaniastj.org\\\/wp-content\\\/uploads\\\/2025\\\/05\\\/PHOTO-2022-12-25-21-24-45.jpg\",\"articleSection\":[\"Noticias\",\"Otras\",\"Outras\"],\"inLanguage\":\"pt-PT\",\"potentialAction\":[{\"@type\":\"CommentAction\",\"name\":\"Comment\",\"target\":[\"https:\\\/\\\/encompaniastj.org\\\/pt-pt\\\/celebramos-o-natal-em-madrid\\\/#respond\"]}]},{\"@type\":\"WebPage\",\"@id\":\"https:\\\/\\\/encompaniastj.org\\\/pt-pt\\\/celebramos-o-natal-em-madrid\\\/\",\"url\":\"https:\\\/\\\/encompaniastj.org\\\/pt-pt\\\/celebramos-o-natal-em-madrid\\\/\",\"name\":\"Celebr\u00e1mos o Natal em Madrid - En Compa\u00f1\u00eda STJ\",\"isPartOf\":{\"@id\":\"https:\\\/\\\/encompaniastj.org\\\/pt-pt\\\/#website\"},\"primaryImageOfPage\":{\"@id\":\"https:\\\/\\\/encompaniastj.org\\\/pt-pt\\\/celebramos-o-natal-em-madrid\\\/#primaryimage\"},\"image\":{\"@id\":\"https:\\\/\\\/encompaniastj.org\\\/pt-pt\\\/celebramos-o-natal-em-madrid\\\/#primaryimage\"},\"thumbnailUrl\":\"https:\\\/\\\/encompaniastj.org\\\/wp-content\\\/uploads\\\/2025\\\/05\\\/PHOTO-2022-12-25-21-24-45.jpg\",\"datePublished\":\"2023-01-13T09:42:33+00:00\",\"dateModified\":\"2025-07-07T14:24:02+00:00\",\"breadcrumb\":{\"@id\":\"https:\\\/\\\/encompaniastj.org\\\/pt-pt\\\/celebramos-o-natal-em-madrid\\\/#breadcrumb\"},\"inLanguage\":\"pt-PT\",\"potentialAction\":[{\"@type\":\"ReadAction\",\"target\":[\"https:\\\/\\\/encompaniastj.org\\\/pt-pt\\\/celebramos-o-natal-em-madrid\\\/\"]}]},{\"@type\":\"ImageObject\",\"inLanguage\":\"pt-PT\",\"@id\":\"https:\\\/\\\/encompaniastj.org\\\/pt-pt\\\/celebramos-o-natal-em-madrid\\\/#primaryimage\",\"url\":\"https:\\\/\\\/encompaniastj.org\\\/wp-content\\\/uploads\\\/2025\\\/05\\\/PHOTO-2022-12-25-21-24-45.jpg\",\"contentUrl\":\"https:\\\/\\\/encompaniastj.org\\\/wp-content\\\/uploads\\\/2025\\\/05\\\/PHOTO-2022-12-25-21-24-45.jpg\",\"width\":1496,\"height\":998},{\"@type\":\"BreadcrumbList\",\"@id\":\"https:\\\/\\\/encompaniastj.org\\\/pt-pt\\\/celebramos-o-natal-em-madrid\\\/#breadcrumb\",\"itemListElement\":[{\"@type\":\"ListItem\",\"position\":1,\"name\":\"Portada\",\"item\":\"https:\\\/\\\/encompaniastj.org\\\/pt-pt\\\/\"},{\"@type\":\"ListItem\",\"position\":2,\"name\":\"Celebr\u00e1mos o Natal em Madrid\"}]},{\"@type\":\"WebSite\",\"@id\":\"https:\\\/\\\/encompaniastj.org\\\/pt-pt\\\/#website\",\"url\":\"https:\\\/\\\/encompaniastj.org\\\/pt-pt\\\/\",\"name\":\"En Compa\u00f1\u00eda STJ\",\"description\":\"Bolet\u00edn de la Compa\u00f1\u00eda de Santa Teresa de Jes\u00fas\",\"publisher\":{\"@id\":\"https:\\\/\\\/encompaniastj.org\\\/pt-pt\\\/#organization\"},\"potentialAction\":[{\"@type\":\"SearchAction\",\"target\":{\"@type\":\"EntryPoint\",\"urlTemplate\":\"https:\\\/\\\/encompaniastj.org\\\/pt-pt\\\/?s={search_term_string}\"},\"query-input\":{\"@type\":\"PropertyValueSpecification\",\"valueRequired\":true,\"valueName\":\"search_term_string\"}}],\"inLanguage\":\"pt-PT\"},{\"@type\":\"Organization\",\"@id\":\"https:\\\/\\\/encompaniastj.org\\\/pt-pt\\\/#organization\",\"name\":\"Compa\u00f1\u00eda de Santa Teresa de Jes\u00fas\",\"url\":\"https:\\\/\\\/encompaniastj.org\\\/pt-pt\\\/\",\"logo\":{\"@type\":\"ImageObject\",\"inLanguage\":\"pt-PT\",\"@id\":\"https:\\\/\\\/encompaniastj.org\\\/pt-pt\\\/#\\\/schema\\\/logo\\\/image\\\/\",\"url\":\"https:\\\/\\\/encompaniastj.org\\\/wp-content\\\/uploads\\\/2025\\\/04\\\/logo_provincias02-1-3.png\",\"contentUrl\":\"https:\\\/\\\/encompaniastj.org\\\/wp-content\\\/uploads\\\/2025\\\/04\\\/logo_provincias02-1-3.png\",\"width\":2368,\"height\":825,\"caption\":\"Compa\u00f1\u00eda de Santa Teresa de Jes\u00fas\"},\"image\":{\"@id\":\"https:\\\/\\\/encompaniastj.org\\\/pt-pt\\\/#\\\/schema\\\/logo\\\/image\\\/\"}},{\"@type\":\"Person\",\"@id\":\"https:\\\/\\\/encompaniastj.org\\\/pt-pt\\\/#\\\/schema\\\/person\\\/520e7ecc314793d40091993c2a02b651\",\"name\":\"admin\",\"image\":{\"@type\":\"ImageObject\",\"inLanguage\":\"pt-PT\",\"@id\":\"https:\\\/\\\/secure.gravatar.com\\\/avatar\\\/948b492cce32b586ac2db0eaa926ee87024f7afe218d73b397ea5ddfc5f43ea1?s=96&d=mm&r=g\",\"url\":\"https:\\\/\\\/secure.gravatar.com\\\/avatar\\\/948b492cce32b586ac2db0eaa926ee87024f7afe218d73b397ea5ddfc5f43ea1?s=96&d=mm&r=g\",\"contentUrl\":\"https:\\\/\\\/secure.gravatar.com\\\/avatar\\\/948b492cce32b586ac2db0eaa926ee87024f7afe218d73b397ea5ddfc5f43ea1?s=96&d=mm&r=g\",\"caption\":\"admin\"},\"sameAs\":[\"https:\\\/\\\/encompaniastj.org\"],\"url\":\"https:\\\/\\\/encompaniastj.org\\\/pt-pt\\\/author\\\/sjdigital\\\/\"}]}<\/script>\n<!-- \/ Yoast SEO plugin. -->","yoast_head_json":{"title":"Celebr\u00e1mos o Natal em Madrid - En Compa\u00f1\u00eda STJ","robots":{"index":"index","follow":"follow","max-snippet":"max-snippet:-1","max-image-preview":"max-image-preview:large","max-video-preview":"max-video-preview:-1"},"canonical":"https:\/\/encompaniastj.org\/pt-pt\/celebramos-o-natal-em-madrid\/","og_locale":"pt_PT","og_type":"article","og_title":"Celebr\u00e1mos o Natal em Madrid - En Compa\u00f1\u00eda STJ","og_description":"No dia 25 de dezembro, dia de Natal, em Federico Grases junt\u00e1mo-nos as sete comunidades de Madrid para rezar e lanchar juntas. A pandemia cortou tamb\u00e9m esta possibilidade de festejarmos [&hellip;]","og_url":"https:\/\/encompaniastj.org\/pt-pt\/celebramos-o-natal-em-madrid\/","og_site_name":"En Compa\u00f1\u00eda STJ","article_published_time":"2023-01-13T09:42:33+00:00","article_modified_time":"2025-07-07T14:24:02+00:00","og_image":[{"width":1496,"height":998,"url":"https:\/\/encompaniastj.org\/wp-content\/uploads\/2025\/05\/PHOTO-2022-12-25-21-24-45.jpg","type":"image\/jpeg"}],"author":"admin","twitter_card":"summary_large_image","twitter_misc":{"Escrito por":"admin","Tempo estimado de leitura":"2 minutos"},"schema":{"@context":"https:\/\/schema.org","@graph":[{"@type":"Article","@id":"https:\/\/encompaniastj.org\/pt-pt\/celebramos-o-natal-em-madrid\/#article","isPartOf":{"@id":"https:\/\/encompaniastj.org\/pt-pt\/celebramos-o-natal-em-madrid\/"},"author":{"name":"admin","@id":"https:\/\/encompaniastj.org\/pt-pt\/#\/schema\/person\/520e7ecc314793d40091993c2a02b651"},"headline":"Celebr\u00e1mos o Natal em Madrid","datePublished":"2023-01-13T09:42:33+00:00","dateModified":"2025-07-07T14:24:02+00:00","mainEntityOfPage":{"@id":"https:\/\/encompaniastj.org\/pt-pt\/celebramos-o-natal-em-madrid\/"},"wordCount":338,"commentCount":0,"publisher":{"@id":"https:\/\/encompaniastj.org\/pt-pt\/#organization"},"image":{"@id":"https:\/\/encompaniastj.org\/pt-pt\/celebramos-o-natal-em-madrid\/#primaryimage"},"thumbnailUrl":"https:\/\/encompaniastj.org\/wp-content\/uploads\/2025\/05\/PHOTO-2022-12-25-21-24-45.jpg","articleSection":["Noticias","Otras","Outras"],"inLanguage":"pt-PT","potentialAction":[{"@type":"CommentAction","name":"Comment","target":["https:\/\/encompaniastj.org\/pt-pt\/celebramos-o-natal-em-madrid\/#respond"]}]},{"@type":"WebPage","@id":"https:\/\/encompaniastj.org\/pt-pt\/celebramos-o-natal-em-madrid\/","url":"https:\/\/encompaniastj.org\/pt-pt\/celebramos-o-natal-em-madrid\/","name":"Celebr\u00e1mos o Natal em Madrid - En Compa\u00f1\u00eda STJ","isPartOf":{"@id":"https:\/\/encompaniastj.org\/pt-pt\/#website"},"primaryImageOfPage":{"@id":"https:\/\/encompaniastj.org\/pt-pt\/celebramos-o-natal-em-madrid\/#primaryimage"},"image":{"@id":"https:\/\/encompaniastj.org\/pt-pt\/celebramos-o-natal-em-madrid\/#primaryimage"},"thumbnailUrl":"https:\/\/encompaniastj.org\/wp-content\/uploads\/2025\/05\/PHOTO-2022-12-25-21-24-45.jpg","datePublished":"2023-01-13T09:42:33+00:00","dateModified":"2025-07-07T14:24:02+00:00","breadcrumb":{"@id":"https:\/\/encompaniastj.org\/pt-pt\/celebramos-o-natal-em-madrid\/#breadcrumb"},"inLanguage":"pt-PT","potentialAction":[{"@type":"ReadAction","target":["https:\/\/encompaniastj.org\/pt-pt\/celebramos-o-natal-em-madrid\/"]}]},{"@type":"ImageObject","inLanguage":"pt-PT","@id":"https:\/\/encompaniastj.org\/pt-pt\/celebramos-o-natal-em-madrid\/#primaryimage","url":"https:\/\/encompaniastj.org\/wp-content\/uploads\/2025\/05\/PHOTO-2022-12-25-21-24-45.jpg","contentUrl":"https:\/\/encompaniastj.org\/wp-content\/uploads\/2025\/05\/PHOTO-2022-12-25-21-24-45.jpg","width":1496,"height":998},{"@type":"BreadcrumbList","@id":"https:\/\/encompaniastj.org\/pt-pt\/celebramos-o-natal-em-madrid\/#breadcrumb","itemListElement":[{"@type":"ListItem","position":1,"name":"Portada","item":"https:\/\/encompaniastj.org\/pt-pt\/"},{"@type":"ListItem","position":2,"name":"Celebr\u00e1mos o Natal em Madrid"}]},{"@type":"WebSite","@id":"https:\/\/encompaniastj.org\/pt-pt\/#website","url":"https:\/\/encompaniastj.org\/pt-pt\/","name":"En Compa\u00f1\u00eda STJ","description":"Bolet\u00edn de la Compa\u00f1\u00eda de Santa Teresa de Jes\u00fas","publisher":{"@id":"https:\/\/encompaniastj.org\/pt-pt\/#organization"},"potentialAction":[{"@type":"SearchAction","target":{"@type":"EntryPoint","urlTemplate":"https:\/\/encompaniastj.org\/pt-pt\/?s={search_term_string}"},"query-input":{"@type":"PropertyValueSpecification","valueRequired":true,"valueName":"search_term_string"}}],"inLanguage":"pt-PT"},{"@type":"Organization","@id":"https:\/\/encompaniastj.org\/pt-pt\/#organization","name":"Compa\u00f1\u00eda de Santa Teresa de Jes\u00fas","url":"https:\/\/encompaniastj.org\/pt-pt\/","logo":{"@type":"ImageObject","inLanguage":"pt-PT","@id":"https:\/\/encompaniastj.org\/pt-pt\/#\/schema\/logo\/image\/","url":"https:\/\/encompaniastj.org\/wp-content\/uploads\/2025\/04\/logo_provincias02-1-3.png","contentUrl":"https:\/\/encompaniastj.org\/wp-content\/uploads\/2025\/04\/logo_provincias02-1-3.png","width":2368,"height":825,"caption":"Compa\u00f1\u00eda de Santa Teresa de Jes\u00fas"},"image":{"@id":"https:\/\/encompaniastj.org\/pt-pt\/#\/schema\/logo\/image\/"}},{"@type":"Person","@id":"https:\/\/encompaniastj.org\/pt-pt\/#\/schema\/person\/520e7ecc314793d40091993c2a02b651","name":"admin","image":{"@type":"ImageObject","inLanguage":"pt-PT","@id":"https:\/\/secure.gravatar.com\/avatar\/948b492cce32b586ac2db0eaa926ee87024f7afe218d73b397ea5ddfc5f43ea1?s=96&d=mm&r=g","url":"https:\/\/secure.gravatar.com\/avatar\/948b492cce32b586ac2db0eaa926ee87024f7afe218d73b397ea5ddfc5f43ea1?s=96&d=mm&r=g","contentUrl":"https:\/\/secure.gravatar.com\/avatar\/948b492cce32b586ac2db0eaa926ee87024f7afe218d73b397ea5ddfc5f43ea1?s=96&d=mm&r=g","caption":"admin"},"sameAs":["https:\/\/encompaniastj.org"],"url":"https:\/\/encompaniastj.org\/pt-pt\/author\/sjdigital\/"}]}},"_links":{"self":[{"href":"https:\/\/encompaniastj.org\/pt-pt\/wp-json\/wp\/v2\/posts\/11374","targetHints":{"allow":["GET"]}}],"collection":[{"href":"https:\/\/encompaniastj.org\/pt-pt\/wp-json\/wp\/v2\/posts"}],"about":[{"href":"https:\/\/encompaniastj.org\/pt-pt\/wp-json\/wp\/v2\/types\/post"}],"author":[{"embeddable":true,"href":"https:\/\/encompaniastj.org\/pt-pt\/wp-json\/wp\/v2\/users\/1"}],"replies":[{"embeddable":true,"href":"https:\/\/encompaniastj.org\/pt-pt\/wp-json\/wp\/v2\/comments?post=11374"}],"version-history":[{"count":1,"href":"https:\/\/encompaniastj.org\/pt-pt\/wp-json\/wp\/v2\/posts\/11374\/revisions"}],"predecessor-version":[{"id":11375,"href":"https:\/\/encompaniastj.org\/pt-pt\/wp-json\/wp\/v2\/posts\/11374\/revisions\/11375"}],"wp:featuredmedia":[{"embeddable":true,"href":"https:\/\/encompaniastj.org\/pt-pt\/wp-json\/wp\/v2\/media\/8200"}],"wp:attachment":[{"href":"https:\/\/encompaniastj.org\/pt-pt\/wp-json\/wp\/v2\/media?parent=11374"}],"wp:term":[{"taxonomy":"category","embeddable":true,"href":"https:\/\/encompaniastj.org\/pt-pt\/wp-json\/wp\/v2\/categories?post=11374"},{"taxonomy":"post_tag","embeddable":true,"href":"https:\/\/encompaniastj.org\/pt-pt\/wp-json\/wp\/v2\/tags?post=11374"}],"curies":[{"name":"wp","href":"https:\/\/api.w.org\/{rel}","templated":true}]}}