{"id":11362,"date":"2023-01-05T09:52:35","date_gmt":"2023-01-05T08:52:35","guid":{"rendered":"https:\/\/encompaniastj.org\/juntascelebra-se-melhor\/"},"modified":"2025-07-07T16:23:59","modified_gmt":"2025-07-07T14:23:59","slug":"juntascelebra-se-melhor","status":"publish","type":"post","link":"https:\/\/encompaniastj.org\/pt-pt\/juntascelebra-se-melhor\/","title":{"rendered":"Juntas, celebra-se melhor"},"content":{"rendered":"<p><img loading=\"lazy\" decoding=\"async\" class=\"size-medium wp-image-10523 alignleft\" src=\"https:\/\/encompaniastj.org\/wp-content\/uploads\/2025\/05\/IMG-20221226-WA0022.jpg\" alt=\"\" width=\"196\" height=\"300\" \/>Esper\u00e1vamos com entusiasmo o dia 26&#8230; e chegou. Foram aparecendo as irm\u00e3s das duas casas de Sevilha; as de P\u00e9rez Cubillas j\u00e1 estavam; as da Resid\u00eancia est\u00e1vamos \u00e0 espera para preparar cadeiras para todas: 29 cadeiras&#8230;que maravilha!<\/p>\n<p>Que ter\u00e3o os encontros? Porqu\u00ea sempre essa alegria, e sempre coisas para nos contarmos umas \u00e0s outras? O almo\u00e7o, preparado com carinho,\u00a0 animou-nos ainda mais. E de l\u00e1 para a sala, junto ao Menino, que at\u00e9 se teria rido com as nossas brincadeiras, c\u00e2nticos, competi\u00e7\u00f5es&#8230;<\/p>\n<p>Pelas 5 da tarde, come\u00e7ou a fazer-se sil\u00eancio. Uma m\u00fasica suave e natal\u00edcia foi colocando-nos neste clima que conhecemos e nos enche: \u201cDeus-connosco\u201d est\u00e1 aqui, o Filho de Maria. Obrigada&#8230;tanta gratid\u00e3o por Jesus, pelas Irm\u00e3s, pelo Reino, por esse querer alargar a tenda e acolher a todos&#8230;!\u00a0 OBRIGADA!<\/p>\n<p>E como \u201ctudo passa\u201d, chegaram as despedidas. Diz\u00edamos entre n\u00f3s que isto se repetisse mais vezes, e mutuamente\u00a0 agradec\u00edamos o dia t\u00e3o precioso que t\u00ednhamos vivido.<\/p>\n<p><img loading=\"lazy\" decoding=\"async\" class=\"aligncenter wp-image-10519 size-full\" src=\"https:\/\/encompaniastj.org\/wp-content\/uploads\/2025\/05\/coll1.png\" alt=\"\" width=\"500\" height=\"500\" \/><\/p>\n<p>&nbsp;<\/p>\n","protected":false},"excerpt":{"rendered":"<p>Esper\u00e1vamos com entusiasmo o dia 26&#8230; e chegou. Foram aparecendo as irm\u00e3s das duas casas de Sevilha; as de P\u00e9rez Cubillas j\u00e1 estavam; as da Resid\u00eancia est\u00e1vamos \u00e0 espera para [&hellip;]<\/p>\n","protected":false},"author":1,"featured_media":8192,"comment_status":"open","ping_status":"open","sticky":false,"template":"","format":"standard","meta":{"_acf_changed":false,"_et_pb_use_builder":"","_et_pb_old_content":"","_et_gb_content_width":"","footnotes":""},"categories":[61,62,68],"tags":[],"class_list":["post-11362","post","type-post","status-publish","format-standard","has-post-thumbnail","hentry","category-noticias","category-otras","category-outras"],"acf":[],"yoast_head":"<!-- This site is optimized with the Yoast SEO plugin v27.5 - https:\/\/yoast.com\/product\/yoast-seo-wordpress\/ -->\n<title>Juntas, celebra-se melhor - En Compa\u00f1\u00eda STJ<\/title>\n<meta name=\"robots\" content=\"index, follow, max-snippet:-1, max-image-preview:large, max-video-preview:-1\" \/>\n<link rel=\"canonical\" href=\"https:\/\/encompaniastj.org\/pt-pt\/juntascelebra-se-melhor\/\" \/>\n<meta property=\"og:locale\" content=\"pt_PT\" \/>\n<meta property=\"og:type\" content=\"article\" \/>\n<meta property=\"og:title\" content=\"Juntas, celebra-se melhor - En Compa\u00f1\u00eda STJ\" \/>\n<meta property=\"og:description\" content=\"Esper\u00e1vamos com entusiasmo o dia 26&#8230; e chegou. Foram aparecendo as irm\u00e3s das duas casas de Sevilha; as de P\u00e9rez Cubillas j\u00e1 estavam; as da Resid\u00eancia est\u00e1vamos \u00e0 espera para [&hellip;]\" \/>\n<meta property=\"og:url\" content=\"https:\/\/encompaniastj.org\/pt-pt\/juntascelebra-se-melhor\/\" \/>\n<meta property=\"og:site_name\" content=\"En Compa\u00f1\u00eda STJ\" \/>\n<meta property=\"article:published_time\" content=\"2023-01-05T08:52:35+00:00\" \/>\n<meta property=\"article:modified_time\" content=\"2025-07-07T14:23:59+00:00\" \/>\n<meta property=\"og:image\" content=\"https:\/\/encompaniastj.org\/wp-content\/uploads\/2025\/05\/IMG-20221226-WA0021.jpg\" \/>\n\t<meta property=\"og:image:width\" content=\"2048\" \/>\n\t<meta property=\"og:image:height\" content=\"921\" \/>\n\t<meta property=\"og:image:type\" content=\"image\/jpeg\" \/>\n<meta name=\"author\" content=\"admin\" \/>\n<meta name=\"twitter:card\" content=\"summary_large_image\" \/>\n<meta name=\"twitter:label1\" content=\"Escrito por\" \/>\n\t<meta name=\"twitter:data1\" content=\"admin\" \/>\n\t<meta name=\"twitter:label2\" content=\"Tempo estimado de leitura\" \/>\n\t<meta name=\"twitter:data2\" content=\"2 minutos\" \/>\n<script type=\"application\/ld+json\" class=\"yoast-schema-graph\">{\"@context\":\"https:\\\/\\\/schema.org\",\"@graph\":[{\"@type\":\"Article\",\"@id\":\"https:\\\/\\\/encompaniastj.org\\\/pt-pt\\\/juntascelebra-se-melhor\\\/#article\",\"isPartOf\":{\"@id\":\"https:\\\/\\\/encompaniastj.org\\\/pt-pt\\\/juntascelebra-se-melhor\\\/\"},\"author\":{\"name\":\"admin\",\"@id\":\"https:\\\/\\\/encompaniastj.org\\\/pt-pt\\\/#\\\/schema\\\/person\\\/520e7ecc314793d40091993c2a02b651\"},\"headline\":\"Juntas, celebra-se melhor\",\"datePublished\":\"2023-01-05T08:52:35+00:00\",\"dateModified\":\"2025-07-07T14:23:59+00:00\",\"mainEntityOfPage\":{\"@id\":\"https:\\\/\\\/encompaniastj.org\\\/pt-pt\\\/juntascelebra-se-melhor\\\/\"},\"wordCount\":178,\"commentCount\":0,\"publisher\":{\"@id\":\"https:\\\/\\\/encompaniastj.org\\\/pt-pt\\\/#organization\"},\"image\":{\"@id\":\"https:\\\/\\\/encompaniastj.org\\\/pt-pt\\\/juntascelebra-se-melhor\\\/#primaryimage\"},\"thumbnailUrl\":\"https:\\\/\\\/encompaniastj.org\\\/wp-content\\\/uploads\\\/2025\\\/05\\\/IMG-20221226-WA0021.jpg\",\"articleSection\":[\"Noticias\",\"Otras\",\"Outras\"],\"inLanguage\":\"pt-PT\",\"potentialAction\":[{\"@type\":\"CommentAction\",\"name\":\"Comment\",\"target\":[\"https:\\\/\\\/encompaniastj.org\\\/pt-pt\\\/juntascelebra-se-melhor\\\/#respond\"]}]},{\"@type\":\"WebPage\",\"@id\":\"https:\\\/\\\/encompaniastj.org\\\/pt-pt\\\/juntascelebra-se-melhor\\\/\",\"url\":\"https:\\\/\\\/encompaniastj.org\\\/pt-pt\\\/juntascelebra-se-melhor\\\/\",\"name\":\"Juntas, celebra-se melhor - En Compa\u00f1\u00eda STJ\",\"isPartOf\":{\"@id\":\"https:\\\/\\\/encompaniastj.org\\\/pt-pt\\\/#website\"},\"primaryImageOfPage\":{\"@id\":\"https:\\\/\\\/encompaniastj.org\\\/pt-pt\\\/juntascelebra-se-melhor\\\/#primaryimage\"},\"image\":{\"@id\":\"https:\\\/\\\/encompaniastj.org\\\/pt-pt\\\/juntascelebra-se-melhor\\\/#primaryimage\"},\"thumbnailUrl\":\"https:\\\/\\\/encompaniastj.org\\\/wp-content\\\/uploads\\\/2025\\\/05\\\/IMG-20221226-WA0021.jpg\",\"datePublished\":\"2023-01-05T08:52:35+00:00\",\"dateModified\":\"2025-07-07T14:23:59+00:00\",\"breadcrumb\":{\"@id\":\"https:\\\/\\\/encompaniastj.org\\\/pt-pt\\\/juntascelebra-se-melhor\\\/#breadcrumb\"},\"inLanguage\":\"pt-PT\",\"potentialAction\":[{\"@type\":\"ReadAction\",\"target\":[\"https:\\\/\\\/encompaniastj.org\\\/pt-pt\\\/juntascelebra-se-melhor\\\/\"]}]},{\"@type\":\"ImageObject\",\"inLanguage\":\"pt-PT\",\"@id\":\"https:\\\/\\\/encompaniastj.org\\\/pt-pt\\\/juntascelebra-se-melhor\\\/#primaryimage\",\"url\":\"https:\\\/\\\/encompaniastj.org\\\/wp-content\\\/uploads\\\/2025\\\/05\\\/IMG-20221226-WA0021.jpg\",\"contentUrl\":\"https:\\\/\\\/encompaniastj.org\\\/wp-content\\\/uploads\\\/2025\\\/05\\\/IMG-20221226-WA0021.jpg\",\"width\":2048,\"height\":921},{\"@type\":\"BreadcrumbList\",\"@id\":\"https:\\\/\\\/encompaniastj.org\\\/pt-pt\\\/juntascelebra-se-melhor\\\/#breadcrumb\",\"itemListElement\":[{\"@type\":\"ListItem\",\"position\":1,\"name\":\"Portada\",\"item\":\"https:\\\/\\\/encompaniastj.org\\\/pt-pt\\\/\"},{\"@type\":\"ListItem\",\"position\":2,\"name\":\"Juntas, celebra-se melhor\"}]},{\"@type\":\"WebSite\",\"@id\":\"https:\\\/\\\/encompaniastj.org\\\/pt-pt\\\/#website\",\"url\":\"https:\\\/\\\/encompaniastj.org\\\/pt-pt\\\/\",\"name\":\"En Compa\u00f1\u00eda STJ\",\"description\":\"Bolet\u00edn de la Compa\u00f1\u00eda de Santa Teresa de Jes\u00fas\",\"publisher\":{\"@id\":\"https:\\\/\\\/encompaniastj.org\\\/pt-pt\\\/#organization\"},\"potentialAction\":[{\"@type\":\"SearchAction\",\"target\":{\"@type\":\"EntryPoint\",\"urlTemplate\":\"https:\\\/\\\/encompaniastj.org\\\/pt-pt\\\/?s={search_term_string}\"},\"query-input\":{\"@type\":\"PropertyValueSpecification\",\"valueRequired\":true,\"valueName\":\"search_term_string\"}}],\"inLanguage\":\"pt-PT\"},{\"@type\":\"Organization\",\"@id\":\"https:\\\/\\\/encompaniastj.org\\\/pt-pt\\\/#organization\",\"name\":\"Compa\u00f1\u00eda de Santa Teresa de Jes\u00fas\",\"url\":\"https:\\\/\\\/encompaniastj.org\\\/pt-pt\\\/\",\"logo\":{\"@type\":\"ImageObject\",\"inLanguage\":\"pt-PT\",\"@id\":\"https:\\\/\\\/encompaniastj.org\\\/pt-pt\\\/#\\\/schema\\\/logo\\\/image\\\/\",\"url\":\"https:\\\/\\\/encompaniastj.org\\\/wp-content\\\/uploads\\\/2025\\\/04\\\/logo_provincias02-1-3.png\",\"contentUrl\":\"https:\\\/\\\/encompaniastj.org\\\/wp-content\\\/uploads\\\/2025\\\/04\\\/logo_provincias02-1-3.png\",\"width\":2368,\"height\":825,\"caption\":\"Compa\u00f1\u00eda de Santa Teresa de Jes\u00fas\"},\"image\":{\"@id\":\"https:\\\/\\\/encompaniastj.org\\\/pt-pt\\\/#\\\/schema\\\/logo\\\/image\\\/\"}},{\"@type\":\"Person\",\"@id\":\"https:\\\/\\\/encompaniastj.org\\\/pt-pt\\\/#\\\/schema\\\/person\\\/520e7ecc314793d40091993c2a02b651\",\"name\":\"admin\",\"image\":{\"@type\":\"ImageObject\",\"inLanguage\":\"pt-PT\",\"@id\":\"https:\\\/\\\/secure.gravatar.com\\\/avatar\\\/948b492cce32b586ac2db0eaa926ee87024f7afe218d73b397ea5ddfc5f43ea1?s=96&d=mm&r=g\",\"url\":\"https:\\\/\\\/secure.gravatar.com\\\/avatar\\\/948b492cce32b586ac2db0eaa926ee87024f7afe218d73b397ea5ddfc5f43ea1?s=96&d=mm&r=g\",\"contentUrl\":\"https:\\\/\\\/secure.gravatar.com\\\/avatar\\\/948b492cce32b586ac2db0eaa926ee87024f7afe218d73b397ea5ddfc5f43ea1?s=96&d=mm&r=g\",\"caption\":\"admin\"},\"sameAs\":[\"https:\\\/\\\/encompaniastj.org\"],\"url\":\"https:\\\/\\\/encompaniastj.org\\\/pt-pt\\\/author\\\/sjdigital\\\/\"}]}<\/script>\n<!-- \/ Yoast SEO plugin. -->","yoast_head_json":{"title":"Juntas, celebra-se melhor - En Compa\u00f1\u00eda STJ","robots":{"index":"index","follow":"follow","max-snippet":"max-snippet:-1","max-image-preview":"max-image-preview:large","max-video-preview":"max-video-preview:-1"},"canonical":"https:\/\/encompaniastj.org\/pt-pt\/juntascelebra-se-melhor\/","og_locale":"pt_PT","og_type":"article","og_title":"Juntas, celebra-se melhor - En Compa\u00f1\u00eda STJ","og_description":"Esper\u00e1vamos com entusiasmo o dia 26&#8230; e chegou. Foram aparecendo as irm\u00e3s das duas casas de Sevilha; as de P\u00e9rez Cubillas j\u00e1 estavam; as da Resid\u00eancia est\u00e1vamos \u00e0 espera para [&hellip;]","og_url":"https:\/\/encompaniastj.org\/pt-pt\/juntascelebra-se-melhor\/","og_site_name":"En Compa\u00f1\u00eda STJ","article_published_time":"2023-01-05T08:52:35+00:00","article_modified_time":"2025-07-07T14:23:59+00:00","og_image":[{"width":2048,"height":921,"url":"https:\/\/encompaniastj.org\/wp-content\/uploads\/2025\/05\/IMG-20221226-WA0021.jpg","type":"image\/jpeg"}],"author":"admin","twitter_card":"summary_large_image","twitter_misc":{"Escrito por":"admin","Tempo estimado de leitura":"2 minutos"},"schema":{"@context":"https:\/\/schema.org","@graph":[{"@type":"Article","@id":"https:\/\/encompaniastj.org\/pt-pt\/juntascelebra-se-melhor\/#article","isPartOf":{"@id":"https:\/\/encompaniastj.org\/pt-pt\/juntascelebra-se-melhor\/"},"author":{"name":"admin","@id":"https:\/\/encompaniastj.org\/pt-pt\/#\/schema\/person\/520e7ecc314793d40091993c2a02b651"},"headline":"Juntas, celebra-se melhor","datePublished":"2023-01-05T08:52:35+00:00","dateModified":"2025-07-07T14:23:59+00:00","mainEntityOfPage":{"@id":"https:\/\/encompaniastj.org\/pt-pt\/juntascelebra-se-melhor\/"},"wordCount":178,"commentCount":0,"publisher":{"@id":"https:\/\/encompaniastj.org\/pt-pt\/#organization"},"image":{"@id":"https:\/\/encompaniastj.org\/pt-pt\/juntascelebra-se-melhor\/#primaryimage"},"thumbnailUrl":"https:\/\/encompaniastj.org\/wp-content\/uploads\/2025\/05\/IMG-20221226-WA0021.jpg","articleSection":["Noticias","Otras","Outras"],"inLanguage":"pt-PT","potentialAction":[{"@type":"CommentAction","name":"Comment","target":["https:\/\/encompaniastj.org\/pt-pt\/juntascelebra-se-melhor\/#respond"]}]},{"@type":"WebPage","@id":"https:\/\/encompaniastj.org\/pt-pt\/juntascelebra-se-melhor\/","url":"https:\/\/encompaniastj.org\/pt-pt\/juntascelebra-se-melhor\/","name":"Juntas, celebra-se melhor - En Compa\u00f1\u00eda STJ","isPartOf":{"@id":"https:\/\/encompaniastj.org\/pt-pt\/#website"},"primaryImageOfPage":{"@id":"https:\/\/encompaniastj.org\/pt-pt\/juntascelebra-se-melhor\/#primaryimage"},"image":{"@id":"https:\/\/encompaniastj.org\/pt-pt\/juntascelebra-se-melhor\/#primaryimage"},"thumbnailUrl":"https:\/\/encompaniastj.org\/wp-content\/uploads\/2025\/05\/IMG-20221226-WA0021.jpg","datePublished":"2023-01-05T08:52:35+00:00","dateModified":"2025-07-07T14:23:59+00:00","breadcrumb":{"@id":"https:\/\/encompaniastj.org\/pt-pt\/juntascelebra-se-melhor\/#breadcrumb"},"inLanguage":"pt-PT","potentialAction":[{"@type":"ReadAction","target":["https:\/\/encompaniastj.org\/pt-pt\/juntascelebra-se-melhor\/"]}]},{"@type":"ImageObject","inLanguage":"pt-PT","@id":"https:\/\/encompaniastj.org\/pt-pt\/juntascelebra-se-melhor\/#primaryimage","url":"https:\/\/encompaniastj.org\/wp-content\/uploads\/2025\/05\/IMG-20221226-WA0021.jpg","contentUrl":"https:\/\/encompaniastj.org\/wp-content\/uploads\/2025\/05\/IMG-20221226-WA0021.jpg","width":2048,"height":921},{"@type":"BreadcrumbList","@id":"https:\/\/encompaniastj.org\/pt-pt\/juntascelebra-se-melhor\/#breadcrumb","itemListElement":[{"@type":"ListItem","position":1,"name":"Portada","item":"https:\/\/encompaniastj.org\/pt-pt\/"},{"@type":"ListItem","position":2,"name":"Juntas, celebra-se melhor"}]},{"@type":"WebSite","@id":"https:\/\/encompaniastj.org\/pt-pt\/#website","url":"https:\/\/encompaniastj.org\/pt-pt\/","name":"En Compa\u00f1\u00eda STJ","description":"Bolet\u00edn de la Compa\u00f1\u00eda de Santa Teresa de Jes\u00fas","publisher":{"@id":"https:\/\/encompaniastj.org\/pt-pt\/#organization"},"potentialAction":[{"@type":"SearchAction","target":{"@type":"EntryPoint","urlTemplate":"https:\/\/encompaniastj.org\/pt-pt\/?s={search_term_string}"},"query-input":{"@type":"PropertyValueSpecification","valueRequired":true,"valueName":"search_term_string"}}],"inLanguage":"pt-PT"},{"@type":"Organization","@id":"https:\/\/encompaniastj.org\/pt-pt\/#organization","name":"Compa\u00f1\u00eda de Santa Teresa de Jes\u00fas","url":"https:\/\/encompaniastj.org\/pt-pt\/","logo":{"@type":"ImageObject","inLanguage":"pt-PT","@id":"https:\/\/encompaniastj.org\/pt-pt\/#\/schema\/logo\/image\/","url":"https:\/\/encompaniastj.org\/wp-content\/uploads\/2025\/04\/logo_provincias02-1-3.png","contentUrl":"https:\/\/encompaniastj.org\/wp-content\/uploads\/2025\/04\/logo_provincias02-1-3.png","width":2368,"height":825,"caption":"Compa\u00f1\u00eda de Santa Teresa de Jes\u00fas"},"image":{"@id":"https:\/\/encompaniastj.org\/pt-pt\/#\/schema\/logo\/image\/"}},{"@type":"Person","@id":"https:\/\/encompaniastj.org\/pt-pt\/#\/schema\/person\/520e7ecc314793d40091993c2a02b651","name":"admin","image":{"@type":"ImageObject","inLanguage":"pt-PT","@id":"https:\/\/secure.gravatar.com\/avatar\/948b492cce32b586ac2db0eaa926ee87024f7afe218d73b397ea5ddfc5f43ea1?s=96&d=mm&r=g","url":"https:\/\/secure.gravatar.com\/avatar\/948b492cce32b586ac2db0eaa926ee87024f7afe218d73b397ea5ddfc5f43ea1?s=96&d=mm&r=g","contentUrl":"https:\/\/secure.gravatar.com\/avatar\/948b492cce32b586ac2db0eaa926ee87024f7afe218d73b397ea5ddfc5f43ea1?s=96&d=mm&r=g","caption":"admin"},"sameAs":["https:\/\/encompaniastj.org"],"url":"https:\/\/encompaniastj.org\/pt-pt\/author\/sjdigital\/"}]}},"_links":{"self":[{"href":"https:\/\/encompaniastj.org\/pt-pt\/wp-json\/wp\/v2\/posts\/11362","targetHints":{"allow":["GET"]}}],"collection":[{"href":"https:\/\/encompaniastj.org\/pt-pt\/wp-json\/wp\/v2\/posts"}],"about":[{"href":"https:\/\/encompaniastj.org\/pt-pt\/wp-json\/wp\/v2\/types\/post"}],"author":[{"embeddable":true,"href":"https:\/\/encompaniastj.org\/pt-pt\/wp-json\/wp\/v2\/users\/1"}],"replies":[{"embeddable":true,"href":"https:\/\/encompaniastj.org\/pt-pt\/wp-json\/wp\/v2\/comments?post=11362"}],"version-history":[{"count":1,"href":"https:\/\/encompaniastj.org\/pt-pt\/wp-json\/wp\/v2\/posts\/11362\/revisions"}],"predecessor-version":[{"id":11363,"href":"https:\/\/encompaniastj.org\/pt-pt\/wp-json\/wp\/v2\/posts\/11362\/revisions\/11363"}],"wp:featuredmedia":[{"embeddable":true,"href":"https:\/\/encompaniastj.org\/pt-pt\/wp-json\/wp\/v2\/media\/8192"}],"wp:attachment":[{"href":"https:\/\/encompaniastj.org\/pt-pt\/wp-json\/wp\/v2\/media?parent=11362"}],"wp:term":[{"taxonomy":"category","embeddable":true,"href":"https:\/\/encompaniastj.org\/pt-pt\/wp-json\/wp\/v2\/categories?post=11362"},{"taxonomy":"post_tag","embeddable":true,"href":"https:\/\/encompaniastj.org\/pt-pt\/wp-json\/wp\/v2\/tags?post=11362"}],"curies":[{"name":"wp","href":"https:\/\/api.w.org\/{rel}","templated":true}]}}