{"id":11342,"date":"2022-12-21T07:23:56","date_gmt":"2022-12-21T06:23:56","guid":{"rendered":"https:\/\/encompaniastj.org\/25-anos-de-vida-na-companhia-da-nossa-irma-rosana-diaz\/"},"modified":"2025-07-07T16:23:58","modified_gmt":"2025-07-07T14:23:58","slug":"25-anos-de-vida-na-companhia-da-nossa-irma-rosana-diaz","status":"publish","type":"post","link":"https:\/\/encompaniastj.org\/pt-pt\/25-anos-de-vida-na-companhia-da-nossa-irma-rosana-diaz\/","title":{"rendered":"25 anos de vida na Companhia  da nossa irm\u00e3 Rosana Diaz"},"content":{"rendered":"<p style=\"text-align: center;\">A Comunidade de Teresiano do Pilar de Zaragoza<\/p>\n<p style=\"text-align: center;\">comemor\u00e1mos os 25 anos de vida na Companhia<\/p>\n<p style=\"text-align: center;\">da nossa irm\u00e3 Rosana Diaz<\/p>\n<p>No dia 19 de novembro, depois de unir algumas datas, pudemos comemorar com muita alegria os 25 anos de votos de Rosana juntamente com o seu anivers\u00e1rio. Foi um dia de a\u00e7\u00e3o de gra\u00e7as por estes anos de vida e fidelidade. N\u00f3s vivemo-la na privacidade da comunidade. Tivemos uma Eucaristia terna, familiar e participativa, na qual partilh\u00e1mos a nossa gratid\u00e3o e os nossos desejos para ela. Claro, com uma refei\u00e7\u00e3o preparada ao seu gosto, com uma boa e grande sobremesa ap\u00f3s o jantar. Depois fomos ao cinema ver um filme que nos faz pensar.<\/p>\n<p>&nbsp;<\/p>\n<p style=\"text-align: center;\"><img loading=\"lazy\" decoding=\"async\" class=\"aligncenter wp-image-10477 size-medium\" src=\"https:\/\/encompaniastj.org\/wp-content\/uploads\/2025\/05\/IMG_5754-scaled.jpeg\" alt=\"\" width=\"225\" height=\"300\" \/><\/p>\n<p><img loading=\"lazy\" decoding=\"async\" class=\"alignnone size-medium wp-image-10473\" src=\"https:\/\/encompaniastj.org\/wp-content\/uploads\/2025\/05\/IMG_5740-scaled.jpeg\" alt=\"\" width=\"225\" height=\"300\" \/><img loading=\"lazy\" decoding=\"async\" class=\"size-medium wp-image-10471 alignright\" src=\"https:\/\/encompaniastj.org\/wp-content\/uploads\/2025\/05\/IMG_5733-scaled.jpeg\" alt=\"\" width=\"300\" height=\"225\" \/><\/p>\n<p>&nbsp;<\/p>\n","protected":false},"excerpt":{"rendered":"<p>A Comunidade de Teresiano do Pilar de Zaragoza comemor\u00e1mos os 25 anos de vida na Companhia da nossa irm\u00e3 Rosana Diaz No dia 19 de novembro, depois de unir algumas [&hellip;]<\/p>\n","protected":false},"author":1,"featured_media":8178,"comment_status":"open","ping_status":"open","sticky":false,"template":"","format":"standard","meta":{"_acf_changed":false,"footnotes":""},"categories":[61,68],"tags":[],"class_list":["post-11342","post","type-post","status-publish","format-standard","has-post-thumbnail","hentry","category-noticias","category-outras"],"acf":[],"yoast_head":"<!-- This site is optimized with the Yoast SEO plugin v27.5 - https:\/\/yoast.com\/product\/yoast-seo-wordpress\/ -->\n<title>25 anos de vida na Companhia da nossa irm\u00e3 Rosana Diaz - En Compa\u00f1\u00eda STJ<\/title>\n<meta name=\"robots\" content=\"index, follow, max-snippet:-1, max-image-preview:large, max-video-preview:-1\" \/>\n<link rel=\"canonical\" href=\"https:\/\/encompaniastj.org\/pt-pt\/25-anos-de-vida-na-companhia-da-nossa-irma-rosana-diaz\/\" \/>\n<meta property=\"og:locale\" content=\"pt_PT\" \/>\n<meta property=\"og:type\" content=\"article\" \/>\n<meta property=\"og:title\" content=\"25 anos de vida na Companhia da nossa irm\u00e3 Rosana Diaz - En Compa\u00f1\u00eda STJ\" \/>\n<meta property=\"og:description\" content=\"A Comunidade de Teresiano do Pilar de Zaragoza comemor\u00e1mos os 25 anos de vida na Companhia da nossa irm\u00e3 Rosana Diaz No dia 19 de novembro, depois de unir algumas [&hellip;]\" \/>\n<meta property=\"og:url\" content=\"https:\/\/encompaniastj.org\/pt-pt\/25-anos-de-vida-na-companhia-da-nossa-irma-rosana-diaz\/\" \/>\n<meta property=\"og:site_name\" content=\"En Compa\u00f1\u00eda STJ\" \/>\n<meta property=\"article:published_time\" content=\"2022-12-21T06:23:56+00:00\" \/>\n<meta property=\"article:modified_time\" content=\"2025-07-07T14:23:58+00:00\" \/>\n<meta property=\"og:image\" content=\"https:\/\/encompaniastj.org\/wp-content\/uploads\/2025\/05\/IMG_5745-scaled-1.jpeg\" \/>\n\t<meta property=\"og:image:width\" content=\"2560\" \/>\n\t<meta property=\"og:image:height\" content=\"1920\" \/>\n\t<meta property=\"og:image:type\" content=\"image\/jpeg\" \/>\n<meta name=\"author\" content=\"admin\" \/>\n<meta name=\"twitter:card\" content=\"summary_large_image\" \/>\n<meta name=\"twitter:label1\" content=\"Escrito por\" \/>\n\t<meta name=\"twitter:data1\" content=\"admin\" \/>\n\t<meta name=\"twitter:label2\" content=\"Tempo estimado de leitura\" \/>\n\t<meta name=\"twitter:data2\" content=\"2 minutos\" \/>\n<script type=\"application\/ld+json\" class=\"yoast-schema-graph\">{\"@context\":\"https:\\\/\\\/schema.org\",\"@graph\":[{\"@type\":\"Article\",\"@id\":\"https:\\\/\\\/encompaniastj.org\\\/pt-pt\\\/25-anos-de-vida-na-companhia-da-nossa-irma-rosana-diaz\\\/#article\",\"isPartOf\":{\"@id\":\"https:\\\/\\\/encompaniastj.org\\\/pt-pt\\\/25-anos-de-vida-na-companhia-da-nossa-irma-rosana-diaz\\\/\"},\"author\":{\"name\":\"admin\",\"@id\":\"https:\\\/\\\/encompaniastj.org\\\/pt-pt\\\/#\\\/schema\\\/person\\\/520e7ecc314793d40091993c2a02b651\"},\"headline\":\"25 anos de vida na Companhia da nossa irm\u00e3 Rosana Diaz\",\"datePublished\":\"2022-12-21T06:23:56+00:00\",\"dateModified\":\"2025-07-07T14:23:58+00:00\",\"mainEntityOfPage\":{\"@id\":\"https:\\\/\\\/encompaniastj.org\\\/pt-pt\\\/25-anos-de-vida-na-companhia-da-nossa-irma-rosana-diaz\\\/\"},\"wordCount\":133,\"commentCount\":0,\"publisher\":{\"@id\":\"https:\\\/\\\/encompaniastj.org\\\/pt-pt\\\/#organization\"},\"image\":{\"@id\":\"https:\\\/\\\/encompaniastj.org\\\/pt-pt\\\/25-anos-de-vida-na-companhia-da-nossa-irma-rosana-diaz\\\/#primaryimage\"},\"thumbnailUrl\":\"https:\\\/\\\/encompaniastj.org\\\/wp-content\\\/uploads\\\/2025\\\/05\\\/IMG_5745-scaled-1.jpeg\",\"articleSection\":[\"Noticias\",\"Outras\"],\"inLanguage\":\"pt-PT\",\"potentialAction\":[{\"@type\":\"CommentAction\",\"name\":\"Comment\",\"target\":[\"https:\\\/\\\/encompaniastj.org\\\/pt-pt\\\/25-anos-de-vida-na-companhia-da-nossa-irma-rosana-diaz\\\/#respond\"]}]},{\"@type\":\"WebPage\",\"@id\":\"https:\\\/\\\/encompaniastj.org\\\/pt-pt\\\/25-anos-de-vida-na-companhia-da-nossa-irma-rosana-diaz\\\/\",\"url\":\"https:\\\/\\\/encompaniastj.org\\\/pt-pt\\\/25-anos-de-vida-na-companhia-da-nossa-irma-rosana-diaz\\\/\",\"name\":\"25 anos de vida na Companhia da nossa irm\u00e3 Rosana Diaz - En Compa\u00f1\u00eda STJ\",\"isPartOf\":{\"@id\":\"https:\\\/\\\/encompaniastj.org\\\/pt-pt\\\/#website\"},\"primaryImageOfPage\":{\"@id\":\"https:\\\/\\\/encompaniastj.org\\\/pt-pt\\\/25-anos-de-vida-na-companhia-da-nossa-irma-rosana-diaz\\\/#primaryimage\"},\"image\":{\"@id\":\"https:\\\/\\\/encompaniastj.org\\\/pt-pt\\\/25-anos-de-vida-na-companhia-da-nossa-irma-rosana-diaz\\\/#primaryimage\"},\"thumbnailUrl\":\"https:\\\/\\\/encompaniastj.org\\\/wp-content\\\/uploads\\\/2025\\\/05\\\/IMG_5745-scaled-1.jpeg\",\"datePublished\":\"2022-12-21T06:23:56+00:00\",\"dateModified\":\"2025-07-07T14:23:58+00:00\",\"breadcrumb\":{\"@id\":\"https:\\\/\\\/encompaniastj.org\\\/pt-pt\\\/25-anos-de-vida-na-companhia-da-nossa-irma-rosana-diaz\\\/#breadcrumb\"},\"inLanguage\":\"pt-PT\",\"potentialAction\":[{\"@type\":\"ReadAction\",\"target\":[\"https:\\\/\\\/encompaniastj.org\\\/pt-pt\\\/25-anos-de-vida-na-companhia-da-nossa-irma-rosana-diaz\\\/\"]}]},{\"@type\":\"ImageObject\",\"inLanguage\":\"pt-PT\",\"@id\":\"https:\\\/\\\/encompaniastj.org\\\/pt-pt\\\/25-anos-de-vida-na-companhia-da-nossa-irma-rosana-diaz\\\/#primaryimage\",\"url\":\"https:\\\/\\\/encompaniastj.org\\\/wp-content\\\/uploads\\\/2025\\\/05\\\/IMG_5745-scaled-1.jpeg\",\"contentUrl\":\"https:\\\/\\\/encompaniastj.org\\\/wp-content\\\/uploads\\\/2025\\\/05\\\/IMG_5745-scaled-1.jpeg\",\"width\":2560,\"height\":1920},{\"@type\":\"BreadcrumbList\",\"@id\":\"https:\\\/\\\/encompaniastj.org\\\/pt-pt\\\/25-anos-de-vida-na-companhia-da-nossa-irma-rosana-diaz\\\/#breadcrumb\",\"itemListElement\":[{\"@type\":\"ListItem\",\"position\":1,\"name\":\"Portada\",\"item\":\"https:\\\/\\\/encompaniastj.org\\\/pt-pt\\\/\"},{\"@type\":\"ListItem\",\"position\":2,\"name\":\"25 anos de vida na Companhia da nossa irm\u00e3 Rosana Diaz\"}]},{\"@type\":\"WebSite\",\"@id\":\"https:\\\/\\\/encompaniastj.org\\\/pt-pt\\\/#website\",\"url\":\"https:\\\/\\\/encompaniastj.org\\\/pt-pt\\\/\",\"name\":\"En Compa\u00f1\u00eda STJ\",\"description\":\"Bolet\u00edn de la Compa\u00f1\u00eda de Santa Teresa de Jes\u00fas\",\"publisher\":{\"@id\":\"https:\\\/\\\/encompaniastj.org\\\/pt-pt\\\/#organization\"},\"potentialAction\":[{\"@type\":\"SearchAction\",\"target\":{\"@type\":\"EntryPoint\",\"urlTemplate\":\"https:\\\/\\\/encompaniastj.org\\\/pt-pt\\\/?s={search_term_string}\"},\"query-input\":{\"@type\":\"PropertyValueSpecification\",\"valueRequired\":true,\"valueName\":\"search_term_string\"}}],\"inLanguage\":\"pt-PT\"},{\"@type\":\"Organization\",\"@id\":\"https:\\\/\\\/encompaniastj.org\\\/pt-pt\\\/#organization\",\"name\":\"Compa\u00f1\u00eda de Santa Teresa de Jes\u00fas\",\"url\":\"https:\\\/\\\/encompaniastj.org\\\/pt-pt\\\/\",\"logo\":{\"@type\":\"ImageObject\",\"inLanguage\":\"pt-PT\",\"@id\":\"https:\\\/\\\/encompaniastj.org\\\/pt-pt\\\/#\\\/schema\\\/logo\\\/image\\\/\",\"url\":\"https:\\\/\\\/encompaniastj.org\\\/wp-content\\\/uploads\\\/2025\\\/04\\\/logo_provincias02-1-3.png\",\"contentUrl\":\"https:\\\/\\\/encompaniastj.org\\\/wp-content\\\/uploads\\\/2025\\\/04\\\/logo_provincias02-1-3.png\",\"width\":2368,\"height\":825,\"caption\":\"Compa\u00f1\u00eda de Santa Teresa de Jes\u00fas\"},\"image\":{\"@id\":\"https:\\\/\\\/encompaniastj.org\\\/pt-pt\\\/#\\\/schema\\\/logo\\\/image\\\/\"}},{\"@type\":\"Person\",\"@id\":\"https:\\\/\\\/encompaniastj.org\\\/pt-pt\\\/#\\\/schema\\\/person\\\/520e7ecc314793d40091993c2a02b651\",\"name\":\"admin\",\"image\":{\"@type\":\"ImageObject\",\"inLanguage\":\"pt-PT\",\"@id\":\"https:\\\/\\\/secure.gravatar.com\\\/avatar\\\/948b492cce32b586ac2db0eaa926ee87024f7afe218d73b397ea5ddfc5f43ea1?s=96&d=mm&r=g\",\"url\":\"https:\\\/\\\/secure.gravatar.com\\\/avatar\\\/948b492cce32b586ac2db0eaa926ee87024f7afe218d73b397ea5ddfc5f43ea1?s=96&d=mm&r=g\",\"contentUrl\":\"https:\\\/\\\/secure.gravatar.com\\\/avatar\\\/948b492cce32b586ac2db0eaa926ee87024f7afe218d73b397ea5ddfc5f43ea1?s=96&d=mm&r=g\",\"caption\":\"admin\"},\"sameAs\":[\"https:\\\/\\\/encompaniastj.org\"],\"url\":\"https:\\\/\\\/encompaniastj.org\\\/pt-pt\\\/author\\\/sjdigital\\\/\"}]}<\/script>\n<!-- \/ Yoast SEO plugin. -->","yoast_head_json":{"title":"25 anos de vida na Companhia da nossa irm\u00e3 Rosana Diaz - En Compa\u00f1\u00eda STJ","robots":{"index":"index","follow":"follow","max-snippet":"max-snippet:-1","max-image-preview":"max-image-preview:large","max-video-preview":"max-video-preview:-1"},"canonical":"https:\/\/encompaniastj.org\/pt-pt\/25-anos-de-vida-na-companhia-da-nossa-irma-rosana-diaz\/","og_locale":"pt_PT","og_type":"article","og_title":"25 anos de vida na Companhia da nossa irm\u00e3 Rosana Diaz - En Compa\u00f1\u00eda STJ","og_description":"A Comunidade de Teresiano do Pilar de Zaragoza comemor\u00e1mos os 25 anos de vida na Companhia da nossa irm\u00e3 Rosana Diaz No dia 19 de novembro, depois de unir algumas [&hellip;]","og_url":"https:\/\/encompaniastj.org\/pt-pt\/25-anos-de-vida-na-companhia-da-nossa-irma-rosana-diaz\/","og_site_name":"En Compa\u00f1\u00eda STJ","article_published_time":"2022-12-21T06:23:56+00:00","article_modified_time":"2025-07-07T14:23:58+00:00","og_image":[{"width":2560,"height":1920,"url":"https:\/\/encompaniastj.org\/wp-content\/uploads\/2025\/05\/IMG_5745-scaled-1.jpeg","type":"image\/jpeg"}],"author":"admin","twitter_card":"summary_large_image","twitter_misc":{"Escrito por":"admin","Tempo estimado de leitura":"2 minutos"},"schema":{"@context":"https:\/\/schema.org","@graph":[{"@type":"Article","@id":"https:\/\/encompaniastj.org\/pt-pt\/25-anos-de-vida-na-companhia-da-nossa-irma-rosana-diaz\/#article","isPartOf":{"@id":"https:\/\/encompaniastj.org\/pt-pt\/25-anos-de-vida-na-companhia-da-nossa-irma-rosana-diaz\/"},"author":{"name":"admin","@id":"https:\/\/encompaniastj.org\/pt-pt\/#\/schema\/person\/520e7ecc314793d40091993c2a02b651"},"headline":"25 anos de vida na Companhia da nossa irm\u00e3 Rosana Diaz","datePublished":"2022-12-21T06:23:56+00:00","dateModified":"2025-07-07T14:23:58+00:00","mainEntityOfPage":{"@id":"https:\/\/encompaniastj.org\/pt-pt\/25-anos-de-vida-na-companhia-da-nossa-irma-rosana-diaz\/"},"wordCount":133,"commentCount":0,"publisher":{"@id":"https:\/\/encompaniastj.org\/pt-pt\/#organization"},"image":{"@id":"https:\/\/encompaniastj.org\/pt-pt\/25-anos-de-vida-na-companhia-da-nossa-irma-rosana-diaz\/#primaryimage"},"thumbnailUrl":"https:\/\/encompaniastj.org\/wp-content\/uploads\/2025\/05\/IMG_5745-scaled-1.jpeg","articleSection":["Noticias","Outras"],"inLanguage":"pt-PT","potentialAction":[{"@type":"CommentAction","name":"Comment","target":["https:\/\/encompaniastj.org\/pt-pt\/25-anos-de-vida-na-companhia-da-nossa-irma-rosana-diaz\/#respond"]}]},{"@type":"WebPage","@id":"https:\/\/encompaniastj.org\/pt-pt\/25-anos-de-vida-na-companhia-da-nossa-irma-rosana-diaz\/","url":"https:\/\/encompaniastj.org\/pt-pt\/25-anos-de-vida-na-companhia-da-nossa-irma-rosana-diaz\/","name":"25 anos de vida na Companhia da nossa irm\u00e3 Rosana Diaz - En Compa\u00f1\u00eda STJ","isPartOf":{"@id":"https:\/\/encompaniastj.org\/pt-pt\/#website"},"primaryImageOfPage":{"@id":"https:\/\/encompaniastj.org\/pt-pt\/25-anos-de-vida-na-companhia-da-nossa-irma-rosana-diaz\/#primaryimage"},"image":{"@id":"https:\/\/encompaniastj.org\/pt-pt\/25-anos-de-vida-na-companhia-da-nossa-irma-rosana-diaz\/#primaryimage"},"thumbnailUrl":"https:\/\/encompaniastj.org\/wp-content\/uploads\/2025\/05\/IMG_5745-scaled-1.jpeg","datePublished":"2022-12-21T06:23:56+00:00","dateModified":"2025-07-07T14:23:58+00:00","breadcrumb":{"@id":"https:\/\/encompaniastj.org\/pt-pt\/25-anos-de-vida-na-companhia-da-nossa-irma-rosana-diaz\/#breadcrumb"},"inLanguage":"pt-PT","potentialAction":[{"@type":"ReadAction","target":["https:\/\/encompaniastj.org\/pt-pt\/25-anos-de-vida-na-companhia-da-nossa-irma-rosana-diaz\/"]}]},{"@type":"ImageObject","inLanguage":"pt-PT","@id":"https:\/\/encompaniastj.org\/pt-pt\/25-anos-de-vida-na-companhia-da-nossa-irma-rosana-diaz\/#primaryimage","url":"https:\/\/encompaniastj.org\/wp-content\/uploads\/2025\/05\/IMG_5745-scaled-1.jpeg","contentUrl":"https:\/\/encompaniastj.org\/wp-content\/uploads\/2025\/05\/IMG_5745-scaled-1.jpeg","width":2560,"height":1920},{"@type":"BreadcrumbList","@id":"https:\/\/encompaniastj.org\/pt-pt\/25-anos-de-vida-na-companhia-da-nossa-irma-rosana-diaz\/#breadcrumb","itemListElement":[{"@type":"ListItem","position":1,"name":"Portada","item":"https:\/\/encompaniastj.org\/pt-pt\/"},{"@type":"ListItem","position":2,"name":"25 anos de vida na Companhia da nossa irm\u00e3 Rosana Diaz"}]},{"@type":"WebSite","@id":"https:\/\/encompaniastj.org\/pt-pt\/#website","url":"https:\/\/encompaniastj.org\/pt-pt\/","name":"En Compa\u00f1\u00eda STJ","description":"Bolet\u00edn de la Compa\u00f1\u00eda de Santa Teresa de Jes\u00fas","publisher":{"@id":"https:\/\/encompaniastj.org\/pt-pt\/#organization"},"potentialAction":[{"@type":"SearchAction","target":{"@type":"EntryPoint","urlTemplate":"https:\/\/encompaniastj.org\/pt-pt\/?s={search_term_string}"},"query-input":{"@type":"PropertyValueSpecification","valueRequired":true,"valueName":"search_term_string"}}],"inLanguage":"pt-PT"},{"@type":"Organization","@id":"https:\/\/encompaniastj.org\/pt-pt\/#organization","name":"Compa\u00f1\u00eda de Santa Teresa de Jes\u00fas","url":"https:\/\/encompaniastj.org\/pt-pt\/","logo":{"@type":"ImageObject","inLanguage":"pt-PT","@id":"https:\/\/encompaniastj.org\/pt-pt\/#\/schema\/logo\/image\/","url":"https:\/\/encompaniastj.org\/wp-content\/uploads\/2025\/04\/logo_provincias02-1-3.png","contentUrl":"https:\/\/encompaniastj.org\/wp-content\/uploads\/2025\/04\/logo_provincias02-1-3.png","width":2368,"height":825,"caption":"Compa\u00f1\u00eda de Santa Teresa de Jes\u00fas"},"image":{"@id":"https:\/\/encompaniastj.org\/pt-pt\/#\/schema\/logo\/image\/"}},{"@type":"Person","@id":"https:\/\/encompaniastj.org\/pt-pt\/#\/schema\/person\/520e7ecc314793d40091993c2a02b651","name":"admin","image":{"@type":"ImageObject","inLanguage":"pt-PT","@id":"https:\/\/secure.gravatar.com\/avatar\/948b492cce32b586ac2db0eaa926ee87024f7afe218d73b397ea5ddfc5f43ea1?s=96&d=mm&r=g","url":"https:\/\/secure.gravatar.com\/avatar\/948b492cce32b586ac2db0eaa926ee87024f7afe218d73b397ea5ddfc5f43ea1?s=96&d=mm&r=g","contentUrl":"https:\/\/secure.gravatar.com\/avatar\/948b492cce32b586ac2db0eaa926ee87024f7afe218d73b397ea5ddfc5f43ea1?s=96&d=mm&r=g","caption":"admin"},"sameAs":["https:\/\/encompaniastj.org"],"url":"https:\/\/encompaniastj.org\/pt-pt\/author\/sjdigital\/"}]}},"_links":{"self":[{"href":"https:\/\/encompaniastj.org\/pt-pt\/wp-json\/wp\/v2\/posts\/11342","targetHints":{"allow":["GET"]}}],"collection":[{"href":"https:\/\/encompaniastj.org\/pt-pt\/wp-json\/wp\/v2\/posts"}],"about":[{"href":"https:\/\/encompaniastj.org\/pt-pt\/wp-json\/wp\/v2\/types\/post"}],"author":[{"embeddable":true,"href":"https:\/\/encompaniastj.org\/pt-pt\/wp-json\/wp\/v2\/users\/1"}],"replies":[{"embeddable":true,"href":"https:\/\/encompaniastj.org\/pt-pt\/wp-json\/wp\/v2\/comments?post=11342"}],"version-history":[{"count":1,"href":"https:\/\/encompaniastj.org\/pt-pt\/wp-json\/wp\/v2\/posts\/11342\/revisions"}],"predecessor-version":[{"id":11343,"href":"https:\/\/encompaniastj.org\/pt-pt\/wp-json\/wp\/v2\/posts\/11342\/revisions\/11343"}],"wp:featuredmedia":[{"embeddable":true,"href":"https:\/\/encompaniastj.org\/pt-pt\/wp-json\/wp\/v2\/media\/8178"}],"wp:attachment":[{"href":"https:\/\/encompaniastj.org\/pt-pt\/wp-json\/wp\/v2\/media?parent=11342"}],"wp:term":[{"taxonomy":"category","embeddable":true,"href":"https:\/\/encompaniastj.org\/pt-pt\/wp-json\/wp\/v2\/categories?post=11342"},{"taxonomy":"post_tag","embeddable":true,"href":"https:\/\/encompaniastj.org\/pt-pt\/wp-json\/wp\/v2\/tags?post=11342"}],"curies":[{"name":"wp","href":"https:\/\/api.w.org\/{rel}","templated":true}]}}