{"id":11340,"date":"2022-12-21T07:14:41","date_gmt":"2022-12-21T06:14:41","guid":{"rendered":"https:\/\/encompaniastj.org\/o-que-podemos-pagar\/"},"modified":"2025-07-07T16:23:58","modified_gmt":"2025-07-07T14:23:58","slug":"o-que-podemos-pagar","status":"publish","type":"post","link":"https:\/\/encompaniastj.org\/pt-pt\/o-que-podemos-pagar\/","title":{"rendered":"O QUE PODEMOS PAGAR?"},"content":{"rendered":"<p>\u00c9 fim de ano. E \u00e9 tempo de agradecer. N\u00e3o param de nos chegar, e enviamos tamb\u00e9m dezenas de WhatsApp, com felicita\u00e7\u00f5es e desejos. \u00c0s vezes, empenhados em encobrir a dif\u00edcil realidade mundial, enchendo-a de luzes e m\u00fasicas e celebra\u00e7\u00f5es. \u00c0s vezes, mais perto do significado profundo deste tempo natalicio.<\/p>\n<p>\u00c9 tempo de agradecer. Noutro tempo dizia-se: &#8220;<em>que Deus te pague<\/em>&#8220;. E viv\u00edamos com a consci\u00eancia de que a <em>certeza pode estar em que te pagar\u00e1 e agradecer\u00e1 o Senhor.<\/em> Era um modo de reconhecer que podemos bem pouco em muitos casos, diante de algumas circunst\u00e2ncias, em rela\u00e7\u00e3o a algumas pessoas, diante de alguns factos&#8230; e deix\u00e1vamos a Deus esta &#8220;tarefa&#8221; de &#8220;pagar&#8221; da nossa parte, para agradecer. Porque, na maioria das vezes, o que podemos pagar?&#8221;.<\/p>\n<p><em>A pobre alma, n\u00e3o pode fazer como quisera, nem pode nada sem que lho d\u00eaem, <\/em>diz Teresa de Jesus. <em>Ainda que queira n\u00e3o pode\u2026<\/em> <em>pois quereria pagar um pouco do que deve<\/em><em>.<\/em> Ela fala assim quando quer agradecer e se pergunta: <em>que poderemos n\u00f3s pagar os que, como digo, nada temos para dar se n\u00e3o o recebermos<\/em><em>?<a href=\"#_ftn1\" name=\"_ftnref1\"><strong>[1]<\/strong><\/a><\/em><\/p>\n<p>\u00c9 muito teresiano reconhecer o que recebemos, para poder agradecer, <em>para n\u00e3o acabar de dar gra\u00e7as,<\/em> como ela diz. E \u00e9 tempo prop\u00edcio para viver assim neste fim de ano, com o olhar e o cora\u00e7\u00e3o agradecidos, no meio deste hoje complexo, duro para tantas pessoas e ao mesmo tempo cheio de desafios que podem ser oportunidades para crescer, para p\u00f4r o nosso gr\u00e3o de areia.<\/p>\n<p><em>Que podemos pagar?<\/em>, diz a Santa\u2026 Vamos a olhar no cora\u00e7\u00e3o, nesse nosso espa\u00e7o interior e habitado, no nosso meio, e um pouco mais al\u00e9m tamb\u00e9m. E olhando, vamos tentar descobrir o que recebemos. E descobrindo, vamos a tentar <em>despertar a amar, <\/em>como diz Teresa tamb\u00e9m: <em>se n\u00e3o reconhecemos que recebemos, n\u00e3o despertaremos a amar.<\/em> Assim que, se deste olhar chegarmos a descobrir, poder\u00e1 ser tamb\u00e9m o passo para <em>despertar a amar<\/em>.<\/p>\n<p>Isso o diz ela. Isso o experimentou ela, e nos d\u00e1 luz. A n\u00f3s toca-nos reconhec\u00ea-lo na nossa vida, concretizar, p\u00f4r nomes e rostos, situa\u00e7\u00f5es e circunst\u00e2ncias, acontecimentos\u2026 Que bom seria, antes de terminar o ano, concretizar e reconhecer<em> o recebemos <\/em>e ver como nasce da\u00ed, concreto tamb\u00e9m, o <em>despertar a amar<\/em>!<\/p>\n<p>Oxal\u00e1 este exercicio para antes de terminar o ano, e oxal\u00e1 cada dia do novo ano\u2026 Teresa tem um \u201ctruque\u201d para isso: <em>pouco a pouco ir acostumando a alma\u2026 se n\u00e3o \u00e9 assim e pouco a pouco, nunca faremos nada<a href=\"#_ftn2\" name=\"_ftnref2\"><strong>[2]<\/strong><\/a>.<\/em><\/p>\n<p><em>\u00a0<\/em>E tem tamb\u00e9m uma grande seguran\u00e7a, que partilha: <em>Sua Majestade \u00e9 muito bom pagador e paga mui sem medida!<a href=\"#_ftn3\" name=\"_ftnref3\"><strong>[3]<\/strong><\/a>.<\/em><\/p>\n<p>Felizes dias para reconhecer e agradecer, para despertar a amar porque nos sabemos amados!<\/p>\n<p><a href=\"#_ftnref1\" name=\"_ftn1\">[1]<\/a> Caminho de Perfei\u00e7\u00e3o 32,13<\/p>\n<p><a href=\"#_ftnref2\" name=\"_ftn2\">[2]<\/a> Ibidem 26, 10<\/p>\n<p><a href=\"#_ftnref3\" name=\"_ftn3\">[3]<\/a> Ibidem 37,3<\/p>\n","protected":false},"excerpt":{"rendered":"<p>\u00c9 fim de ano. E \u00e9 tempo de agradecer. N\u00e3o param de nos chegar, e enviamos tamb\u00e9m dezenas de WhatsApp, com felicita\u00e7\u00f5es e desejos. \u00c0s vezes, empenhados em encobrir a [&hellip;]<\/p>\n","protected":false},"author":1,"featured_media":8172,"comment_status":"open","ping_status":"open","sticky":false,"template":"","format":"standard","meta":{"_acf_changed":false,"footnotes":""},"categories":[77],"tags":[],"class_list":["post-11340","post","type-post","status-publish","format-standard","has-post-thumbnail","hentry","category-palabras"],"acf":[],"yoast_head":"<!-- This site is optimized with the Yoast SEO plugin v27.5 - https:\/\/yoast.com\/product\/yoast-seo-wordpress\/ -->\n<title>O QUE PODEMOS PAGAR? - En Compa\u00f1\u00eda STJ<\/title>\n<meta name=\"robots\" content=\"index, follow, max-snippet:-1, max-image-preview:large, max-video-preview:-1\" \/>\n<link rel=\"canonical\" href=\"https:\/\/encompaniastj.org\/pt-pt\/o-que-podemos-pagar\/\" \/>\n<meta property=\"og:locale\" content=\"pt_PT\" \/>\n<meta property=\"og:type\" content=\"article\" \/>\n<meta property=\"og:title\" content=\"O QUE PODEMOS PAGAR? - En Compa\u00f1\u00eda STJ\" \/>\n<meta property=\"og:description\" content=\"\u00c9 fim de ano. E \u00e9 tempo de agradecer. N\u00e3o param de nos chegar, e enviamos tamb\u00e9m dezenas de WhatsApp, com felicita\u00e7\u00f5es e desejos. \u00c0s vezes, empenhados em encobrir a [&hellip;]\" \/>\n<meta property=\"og:url\" content=\"https:\/\/encompaniastj.org\/pt-pt\/o-que-podemos-pagar\/\" \/>\n<meta property=\"og:site_name\" content=\"En Compa\u00f1\u00eda STJ\" \/>\n<meta property=\"article:published_time\" content=\"2022-12-21T06:14:41+00:00\" \/>\n<meta property=\"article:modified_time\" content=\"2025-07-07T14:23:58+00:00\" \/>\n<meta property=\"og:image\" content=\"https:\/\/encompaniastj.org\/wp-content\/uploads\/2025\/05\/QUE-PODEMOS-PAGAR-ENCOMPANIA.jpg\" \/>\n\t<meta property=\"og:image:width\" content=\"1080\" \/>\n\t<meta property=\"og:image:height\" content=\"1280\" \/>\n\t<meta property=\"og:image:type\" content=\"image\/jpeg\" \/>\n<meta name=\"author\" content=\"admin\" \/>\n<meta name=\"twitter:card\" content=\"summary_large_image\" \/>\n<meta name=\"twitter:label1\" content=\"Escrito por\" \/>\n\t<meta name=\"twitter:data1\" content=\"admin\" \/>\n\t<meta name=\"twitter:label2\" content=\"Tempo estimado de leitura\" \/>\n\t<meta name=\"twitter:data2\" content=\"3 minutos\" \/>\n<script type=\"application\/ld+json\" class=\"yoast-schema-graph\">{\"@context\":\"https:\\\/\\\/schema.org\",\"@graph\":[{\"@type\":\"Article\",\"@id\":\"https:\\\/\\\/encompaniastj.org\\\/pt-pt\\\/o-que-podemos-pagar\\\/#article\",\"isPartOf\":{\"@id\":\"https:\\\/\\\/encompaniastj.org\\\/pt-pt\\\/o-que-podemos-pagar\\\/\"},\"author\":{\"name\":\"admin\",\"@id\":\"https:\\\/\\\/encompaniastj.org\\\/pt-pt\\\/#\\\/schema\\\/person\\\/520e7ecc314793d40091993c2a02b651\"},\"headline\":\"O QUE PODEMOS PAGAR?\",\"datePublished\":\"2022-12-21T06:14:41+00:00\",\"dateModified\":\"2025-07-07T14:23:58+00:00\",\"mainEntityOfPage\":{\"@id\":\"https:\\\/\\\/encompaniastj.org\\\/pt-pt\\\/o-que-podemos-pagar\\\/\"},\"wordCount\":489,\"commentCount\":0,\"publisher\":{\"@id\":\"https:\\\/\\\/encompaniastj.org\\\/pt-pt\\\/#organization\"},\"image\":{\"@id\":\"https:\\\/\\\/encompaniastj.org\\\/pt-pt\\\/o-que-podemos-pagar\\\/#primaryimage\"},\"thumbnailUrl\":\"https:\\\/\\\/encompaniastj.org\\\/wp-content\\\/uploads\\\/2025\\\/05\\\/QUE-PODEMOS-PAGAR-ENCOMPANIA.jpg\",\"articleSection\":[\"Palabras\"],\"inLanguage\":\"pt-PT\",\"potentialAction\":[{\"@type\":\"CommentAction\",\"name\":\"Comment\",\"target\":[\"https:\\\/\\\/encompaniastj.org\\\/pt-pt\\\/o-que-podemos-pagar\\\/#respond\"]}]},{\"@type\":\"WebPage\",\"@id\":\"https:\\\/\\\/encompaniastj.org\\\/pt-pt\\\/o-que-podemos-pagar\\\/\",\"url\":\"https:\\\/\\\/encompaniastj.org\\\/pt-pt\\\/o-que-podemos-pagar\\\/\",\"name\":\"O QUE PODEMOS PAGAR? - En Compa\u00f1\u00eda STJ\",\"isPartOf\":{\"@id\":\"https:\\\/\\\/encompaniastj.org\\\/pt-pt\\\/#website\"},\"primaryImageOfPage\":{\"@id\":\"https:\\\/\\\/encompaniastj.org\\\/pt-pt\\\/o-que-podemos-pagar\\\/#primaryimage\"},\"image\":{\"@id\":\"https:\\\/\\\/encompaniastj.org\\\/pt-pt\\\/o-que-podemos-pagar\\\/#primaryimage\"},\"thumbnailUrl\":\"https:\\\/\\\/encompaniastj.org\\\/wp-content\\\/uploads\\\/2025\\\/05\\\/QUE-PODEMOS-PAGAR-ENCOMPANIA.jpg\",\"datePublished\":\"2022-12-21T06:14:41+00:00\",\"dateModified\":\"2025-07-07T14:23:58+00:00\",\"breadcrumb\":{\"@id\":\"https:\\\/\\\/encompaniastj.org\\\/pt-pt\\\/o-que-podemos-pagar\\\/#breadcrumb\"},\"inLanguage\":\"pt-PT\",\"potentialAction\":[{\"@type\":\"ReadAction\",\"target\":[\"https:\\\/\\\/encompaniastj.org\\\/pt-pt\\\/o-que-podemos-pagar\\\/\"]}]},{\"@type\":\"ImageObject\",\"inLanguage\":\"pt-PT\",\"@id\":\"https:\\\/\\\/encompaniastj.org\\\/pt-pt\\\/o-que-podemos-pagar\\\/#primaryimage\",\"url\":\"https:\\\/\\\/encompaniastj.org\\\/wp-content\\\/uploads\\\/2025\\\/05\\\/QUE-PODEMOS-PAGAR-ENCOMPANIA.jpg\",\"contentUrl\":\"https:\\\/\\\/encompaniastj.org\\\/wp-content\\\/uploads\\\/2025\\\/05\\\/QUE-PODEMOS-PAGAR-ENCOMPANIA.jpg\",\"width\":1080,\"height\":1280},{\"@type\":\"BreadcrumbList\",\"@id\":\"https:\\\/\\\/encompaniastj.org\\\/pt-pt\\\/o-que-podemos-pagar\\\/#breadcrumb\",\"itemListElement\":[{\"@type\":\"ListItem\",\"position\":1,\"name\":\"Portada\",\"item\":\"https:\\\/\\\/encompaniastj.org\\\/pt-pt\\\/\"},{\"@type\":\"ListItem\",\"position\":2,\"name\":\"O QUE PODEMOS PAGAR?\"}]},{\"@type\":\"WebSite\",\"@id\":\"https:\\\/\\\/encompaniastj.org\\\/pt-pt\\\/#website\",\"url\":\"https:\\\/\\\/encompaniastj.org\\\/pt-pt\\\/\",\"name\":\"En Compa\u00f1\u00eda STJ\",\"description\":\"Bolet\u00edn de la Compa\u00f1\u00eda de Santa Teresa de Jes\u00fas\",\"publisher\":{\"@id\":\"https:\\\/\\\/encompaniastj.org\\\/pt-pt\\\/#organization\"},\"potentialAction\":[{\"@type\":\"SearchAction\",\"target\":{\"@type\":\"EntryPoint\",\"urlTemplate\":\"https:\\\/\\\/encompaniastj.org\\\/pt-pt\\\/?s={search_term_string}\"},\"query-input\":{\"@type\":\"PropertyValueSpecification\",\"valueRequired\":true,\"valueName\":\"search_term_string\"}}],\"inLanguage\":\"pt-PT\"},{\"@type\":\"Organization\",\"@id\":\"https:\\\/\\\/encompaniastj.org\\\/pt-pt\\\/#organization\",\"name\":\"Compa\u00f1\u00eda de Santa Teresa de Jes\u00fas\",\"url\":\"https:\\\/\\\/encompaniastj.org\\\/pt-pt\\\/\",\"logo\":{\"@type\":\"ImageObject\",\"inLanguage\":\"pt-PT\",\"@id\":\"https:\\\/\\\/encompaniastj.org\\\/pt-pt\\\/#\\\/schema\\\/logo\\\/image\\\/\",\"url\":\"https:\\\/\\\/encompaniastj.org\\\/wp-content\\\/uploads\\\/2025\\\/04\\\/logo_provincias02-1-3.png\",\"contentUrl\":\"https:\\\/\\\/encompaniastj.org\\\/wp-content\\\/uploads\\\/2025\\\/04\\\/logo_provincias02-1-3.png\",\"width\":2368,\"height\":825,\"caption\":\"Compa\u00f1\u00eda de Santa Teresa de Jes\u00fas\"},\"image\":{\"@id\":\"https:\\\/\\\/encompaniastj.org\\\/pt-pt\\\/#\\\/schema\\\/logo\\\/image\\\/\"}},{\"@type\":\"Person\",\"@id\":\"https:\\\/\\\/encompaniastj.org\\\/pt-pt\\\/#\\\/schema\\\/person\\\/520e7ecc314793d40091993c2a02b651\",\"name\":\"admin\",\"image\":{\"@type\":\"ImageObject\",\"inLanguage\":\"pt-PT\",\"@id\":\"https:\\\/\\\/secure.gravatar.com\\\/avatar\\\/948b492cce32b586ac2db0eaa926ee87024f7afe218d73b397ea5ddfc5f43ea1?s=96&d=mm&r=g\",\"url\":\"https:\\\/\\\/secure.gravatar.com\\\/avatar\\\/948b492cce32b586ac2db0eaa926ee87024f7afe218d73b397ea5ddfc5f43ea1?s=96&d=mm&r=g\",\"contentUrl\":\"https:\\\/\\\/secure.gravatar.com\\\/avatar\\\/948b492cce32b586ac2db0eaa926ee87024f7afe218d73b397ea5ddfc5f43ea1?s=96&d=mm&r=g\",\"caption\":\"admin\"},\"sameAs\":[\"https:\\\/\\\/encompaniastj.org\"],\"url\":\"https:\\\/\\\/encompaniastj.org\\\/pt-pt\\\/author\\\/sjdigital\\\/\"}]}<\/script>\n<!-- \/ Yoast SEO plugin. -->","yoast_head_json":{"title":"O QUE PODEMOS PAGAR? - En Compa\u00f1\u00eda STJ","robots":{"index":"index","follow":"follow","max-snippet":"max-snippet:-1","max-image-preview":"max-image-preview:large","max-video-preview":"max-video-preview:-1"},"canonical":"https:\/\/encompaniastj.org\/pt-pt\/o-que-podemos-pagar\/","og_locale":"pt_PT","og_type":"article","og_title":"O QUE PODEMOS PAGAR? - En Compa\u00f1\u00eda STJ","og_description":"\u00c9 fim de ano. E \u00e9 tempo de agradecer. N\u00e3o param de nos chegar, e enviamos tamb\u00e9m dezenas de WhatsApp, com felicita\u00e7\u00f5es e desejos. \u00c0s vezes, empenhados em encobrir a [&hellip;]","og_url":"https:\/\/encompaniastj.org\/pt-pt\/o-que-podemos-pagar\/","og_site_name":"En Compa\u00f1\u00eda STJ","article_published_time":"2022-12-21T06:14:41+00:00","article_modified_time":"2025-07-07T14:23:58+00:00","og_image":[{"width":1080,"height":1280,"url":"https:\/\/encompaniastj.org\/wp-content\/uploads\/2025\/05\/QUE-PODEMOS-PAGAR-ENCOMPANIA.jpg","type":"image\/jpeg"}],"author":"admin","twitter_card":"summary_large_image","twitter_misc":{"Escrito por":"admin","Tempo estimado de leitura":"3 minutos"},"schema":{"@context":"https:\/\/schema.org","@graph":[{"@type":"Article","@id":"https:\/\/encompaniastj.org\/pt-pt\/o-que-podemos-pagar\/#article","isPartOf":{"@id":"https:\/\/encompaniastj.org\/pt-pt\/o-que-podemos-pagar\/"},"author":{"name":"admin","@id":"https:\/\/encompaniastj.org\/pt-pt\/#\/schema\/person\/520e7ecc314793d40091993c2a02b651"},"headline":"O QUE PODEMOS PAGAR?","datePublished":"2022-12-21T06:14:41+00:00","dateModified":"2025-07-07T14:23:58+00:00","mainEntityOfPage":{"@id":"https:\/\/encompaniastj.org\/pt-pt\/o-que-podemos-pagar\/"},"wordCount":489,"commentCount":0,"publisher":{"@id":"https:\/\/encompaniastj.org\/pt-pt\/#organization"},"image":{"@id":"https:\/\/encompaniastj.org\/pt-pt\/o-que-podemos-pagar\/#primaryimage"},"thumbnailUrl":"https:\/\/encompaniastj.org\/wp-content\/uploads\/2025\/05\/QUE-PODEMOS-PAGAR-ENCOMPANIA.jpg","articleSection":["Palabras"],"inLanguage":"pt-PT","potentialAction":[{"@type":"CommentAction","name":"Comment","target":["https:\/\/encompaniastj.org\/pt-pt\/o-que-podemos-pagar\/#respond"]}]},{"@type":"WebPage","@id":"https:\/\/encompaniastj.org\/pt-pt\/o-que-podemos-pagar\/","url":"https:\/\/encompaniastj.org\/pt-pt\/o-que-podemos-pagar\/","name":"O QUE PODEMOS PAGAR? - En Compa\u00f1\u00eda STJ","isPartOf":{"@id":"https:\/\/encompaniastj.org\/pt-pt\/#website"},"primaryImageOfPage":{"@id":"https:\/\/encompaniastj.org\/pt-pt\/o-que-podemos-pagar\/#primaryimage"},"image":{"@id":"https:\/\/encompaniastj.org\/pt-pt\/o-que-podemos-pagar\/#primaryimage"},"thumbnailUrl":"https:\/\/encompaniastj.org\/wp-content\/uploads\/2025\/05\/QUE-PODEMOS-PAGAR-ENCOMPANIA.jpg","datePublished":"2022-12-21T06:14:41+00:00","dateModified":"2025-07-07T14:23:58+00:00","breadcrumb":{"@id":"https:\/\/encompaniastj.org\/pt-pt\/o-que-podemos-pagar\/#breadcrumb"},"inLanguage":"pt-PT","potentialAction":[{"@type":"ReadAction","target":["https:\/\/encompaniastj.org\/pt-pt\/o-que-podemos-pagar\/"]}]},{"@type":"ImageObject","inLanguage":"pt-PT","@id":"https:\/\/encompaniastj.org\/pt-pt\/o-que-podemos-pagar\/#primaryimage","url":"https:\/\/encompaniastj.org\/wp-content\/uploads\/2025\/05\/QUE-PODEMOS-PAGAR-ENCOMPANIA.jpg","contentUrl":"https:\/\/encompaniastj.org\/wp-content\/uploads\/2025\/05\/QUE-PODEMOS-PAGAR-ENCOMPANIA.jpg","width":1080,"height":1280},{"@type":"BreadcrumbList","@id":"https:\/\/encompaniastj.org\/pt-pt\/o-que-podemos-pagar\/#breadcrumb","itemListElement":[{"@type":"ListItem","position":1,"name":"Portada","item":"https:\/\/encompaniastj.org\/pt-pt\/"},{"@type":"ListItem","position":2,"name":"O QUE PODEMOS PAGAR?"}]},{"@type":"WebSite","@id":"https:\/\/encompaniastj.org\/pt-pt\/#website","url":"https:\/\/encompaniastj.org\/pt-pt\/","name":"En Compa\u00f1\u00eda STJ","description":"Bolet\u00edn de la Compa\u00f1\u00eda de Santa Teresa de Jes\u00fas","publisher":{"@id":"https:\/\/encompaniastj.org\/pt-pt\/#organization"},"potentialAction":[{"@type":"SearchAction","target":{"@type":"EntryPoint","urlTemplate":"https:\/\/encompaniastj.org\/pt-pt\/?s={search_term_string}"},"query-input":{"@type":"PropertyValueSpecification","valueRequired":true,"valueName":"search_term_string"}}],"inLanguage":"pt-PT"},{"@type":"Organization","@id":"https:\/\/encompaniastj.org\/pt-pt\/#organization","name":"Compa\u00f1\u00eda de Santa Teresa de Jes\u00fas","url":"https:\/\/encompaniastj.org\/pt-pt\/","logo":{"@type":"ImageObject","inLanguage":"pt-PT","@id":"https:\/\/encompaniastj.org\/pt-pt\/#\/schema\/logo\/image\/","url":"https:\/\/encompaniastj.org\/wp-content\/uploads\/2025\/04\/logo_provincias02-1-3.png","contentUrl":"https:\/\/encompaniastj.org\/wp-content\/uploads\/2025\/04\/logo_provincias02-1-3.png","width":2368,"height":825,"caption":"Compa\u00f1\u00eda de Santa Teresa de Jes\u00fas"},"image":{"@id":"https:\/\/encompaniastj.org\/pt-pt\/#\/schema\/logo\/image\/"}},{"@type":"Person","@id":"https:\/\/encompaniastj.org\/pt-pt\/#\/schema\/person\/520e7ecc314793d40091993c2a02b651","name":"admin","image":{"@type":"ImageObject","inLanguage":"pt-PT","@id":"https:\/\/secure.gravatar.com\/avatar\/948b492cce32b586ac2db0eaa926ee87024f7afe218d73b397ea5ddfc5f43ea1?s=96&d=mm&r=g","url":"https:\/\/secure.gravatar.com\/avatar\/948b492cce32b586ac2db0eaa926ee87024f7afe218d73b397ea5ddfc5f43ea1?s=96&d=mm&r=g","contentUrl":"https:\/\/secure.gravatar.com\/avatar\/948b492cce32b586ac2db0eaa926ee87024f7afe218d73b397ea5ddfc5f43ea1?s=96&d=mm&r=g","caption":"admin"},"sameAs":["https:\/\/encompaniastj.org"],"url":"https:\/\/encompaniastj.org\/pt-pt\/author\/sjdigital\/"}]}},"_links":{"self":[{"href":"https:\/\/encompaniastj.org\/pt-pt\/wp-json\/wp\/v2\/posts\/11340","targetHints":{"allow":["GET"]}}],"collection":[{"href":"https:\/\/encompaniastj.org\/pt-pt\/wp-json\/wp\/v2\/posts"}],"about":[{"href":"https:\/\/encompaniastj.org\/pt-pt\/wp-json\/wp\/v2\/types\/post"}],"author":[{"embeddable":true,"href":"https:\/\/encompaniastj.org\/pt-pt\/wp-json\/wp\/v2\/users\/1"}],"replies":[{"embeddable":true,"href":"https:\/\/encompaniastj.org\/pt-pt\/wp-json\/wp\/v2\/comments?post=11340"}],"version-history":[{"count":1,"href":"https:\/\/encompaniastj.org\/pt-pt\/wp-json\/wp\/v2\/posts\/11340\/revisions"}],"predecessor-version":[{"id":11341,"href":"https:\/\/encompaniastj.org\/pt-pt\/wp-json\/wp\/v2\/posts\/11340\/revisions\/11341"}],"wp:featuredmedia":[{"embeddable":true,"href":"https:\/\/encompaniastj.org\/pt-pt\/wp-json\/wp\/v2\/media\/8172"}],"wp:attachment":[{"href":"https:\/\/encompaniastj.org\/pt-pt\/wp-json\/wp\/v2\/media?parent=11340"}],"wp:term":[{"taxonomy":"category","embeddable":true,"href":"https:\/\/encompaniastj.org\/pt-pt\/wp-json\/wp\/v2\/categories?post=11340"},{"taxonomy":"post_tag","embeddable":true,"href":"https:\/\/encompaniastj.org\/pt-pt\/wp-json\/wp\/v2\/tags?post=11340"}],"curies":[{"name":"wp","href":"https:\/\/api.w.org\/{rel}","templated":true}]}}