{"id":11302,"date":"2022-11-21T07:29:08","date_gmt":"2022-11-21T06:29:08","guid":{"rendered":"https:\/\/encompaniastj.org\/nossa-missao-em-sao-cristovao\/"},"modified":"2025-07-07T16:23:50","modified_gmt":"2025-07-07T14:23:50","slug":"nossa-missao-em-sao-cristovao","status":"publish","type":"post","link":"https:\/\/encompaniastj.org\/pt-pt\/nossa-missao-em-sao-cristovao\/","title":{"rendered":"Nossa miss\u00e3o em S\u00e3o Crist\u00f3v\u00e3o"},"content":{"rendered":"<p>Algu\u00e9m nos disse com interesse que queria conhecer a nossa miss\u00e3o em S\u00e3o Crist\u00f3v\u00e3o:<\/p>\n<p>N\u00f3s contamos! Este pequeno e grande S\u00e3o Crist\u00f3v\u00e3o enche os vitrais do nosso templo Paroquial e ao mesmo tempo, \u00e9 como se andasse pelo nosso bairro nesta zona sul de Madrid, carregando, diariamente, aos ombros, o &#8220;pequeno Jesus&#8221; por turnos, os que est\u00e3o na fila, para poder atravessar aquele grande rio de dificuldades que encontram, e chegar \u00e0quela outra margem, onde se dizia que a vida era melhor&#8230;<\/p>\n<p>E n\u00f3s tr\u00eas (Aquilina, Carmen e Hort\u00eansia) conscientes das nossas limita\u00e7\u00f5es e com o desejo de ajud\u00e1-los na lenta e \u00e1rdua travessia, ousamos ser para eles, tamb\u00e9m &#8220;um pouco de S\u00e3o Crist\u00f3v\u00e3o&#8221;.<\/p>\n<p>Mas de onde? Como? Com quem?<\/p>\n<p><strong>PELA C\u00c1RITAS<\/strong>: acolhemos, escutamos, incentivamos, orientamos, partilhamos, ACOMPANHAMOS&#8230;vemos juntas as suas aspira\u00e7\u00f5es e entendemos o qu\u00e3o justos e humanos s\u00e3o os seus sonhos.<\/p>\n<p>O sonho de poder viver sem choques.<\/p>\n<ul>\n<li>O sonho t\u00e3o humano de ter um telhado, uma casa simples, mas digna.<\/li>\n<li>O sonho de um trabalho justamente remunerado e que d\u00ea para comer e sustentar o crescimento dos seus filhos.<\/li>\n<li>O sonho de poder ajudar os seus entes queridos que ficaram do outro lado do Atl\u00e2ntico em situa\u00e7\u00e3o de pobreza&#8230;<\/li>\n<\/ul>\n<p><strong>C\u00e1ritas<\/strong> em S\u00e3o Crist\u00f3v\u00e3o, organiza-se, \u201cdesdobra-se\u201d e \u201cmultiplica-se\u201d com o desejo de poder chegar ao maior n\u00famero poss\u00edvel e aos mais pobres. Mas s\u00e3o tantos os que batem \u00e0s suas portas\u2026<\/p>\n<p><strong>COMO: \u00a0<\/strong>Com diversos\u00a0\u00a0 projetos:<\/p>\n<ul>\n<li><strong>CETA <\/strong>Centro de Educa\u00e7\u00e3o e Oficinas para Adultos (mulheres que aprendem a ler, escrever e a comunicar em espanhol; e s\u00e3o-lhes oferecidos espa\u00e7os para interagir com respeito e desfrutar de uma conviv\u00eancia serena, amig\u00e1vel e l\u00fadica; eles t\u00eam uma oficina de costura e artesanato e com seus filhos pequenos, fazemos passeios culturais&#8230;<\/li>\n<li><strong>CEM <\/strong>\u00a0Centro de Educa\u00e7\u00e3o de Menores, crian\u00e7as do ensino prim\u00e1rio que chegam dos seus pa\u00edses com grandes dificuldades acad\u00e9micas e necessitam de apoio escolar. A partir deste projeto tamb\u00e9m s\u00e3o oferecidos conv\u00edvios e campos de f\u00e9rias.<\/li>\n<\/ul>\n<p>A nossa colabora\u00e7\u00e3o na Par\u00f3quia d\u00e1-se tamb\u00e9m no campo da Catequese de Primeira Comunh\u00e3o e Catecumenato de Adultos, anima\u00e7\u00e3o de Eucaristias e outras celebra\u00e7\u00f5es lit\u00fargicas.<\/p>\n<p>Usufru\u00edmos semanalmente com o grupo Teresiano de Ora\u00e7\u00e3o.<\/p>\n<p>Fazemos parte do Conselho Pastoral Paroquial.<\/p>\n<p><strong>\u00a0<\/strong><strong>COM QUEM:<\/strong><\/p>\n<p>Com os tr\u00eas p\u00e1rocos da Par\u00f3quia, com um grupo insuficiente de volunt\u00e1rios leigos, mais todos os que ajudam como pequenos e silenciosos \u201cS\u00e3o Crist\u00f3v\u00e3o\u201d.<\/p>\n<p>J\u00e1 vedes. \u00c9 t\u00e3o simples para n\u00f3s. Contamos com o seu apoio como IRM\u00c3S para esta miss\u00e3o em que damos o que somos e TUDO O QUE RECEBEMOS DE PRESENTE.<\/p>\n","protected":false},"excerpt":{"rendered":"<p>Algu\u00e9m nos disse com interesse que queria conhecer a nossa miss\u00e3o em S\u00e3o Crist\u00f3v\u00e3o: N\u00f3s contamos! Este pequeno e grande S\u00e3o Crist\u00f3v\u00e3o enche os vitrais do nosso templo Paroquial e [&hellip;]<\/p>\n","protected":false},"author":1,"featured_media":8133,"comment_status":"open","ping_status":"open","sticky":false,"template":"","format":"standard","meta":{"_acf_changed":false,"footnotes":""},"categories":[61,80,78],"tags":[],"class_list":["post-11302","post","type-post","status-publish","format-standard","has-post-thumbnail","hentry","category-noticias","category-paroquial-eclesial","category-parroquial-eclesial"],"acf":[],"yoast_head":"<!-- This site is optimized with the Yoast SEO plugin v27.5 - https:\/\/yoast.com\/product\/yoast-seo-wordpress\/ -->\n<title>Nossa miss\u00e3o em S\u00e3o Crist\u00f3v\u00e3o - En Compa\u00f1\u00eda STJ<\/title>\n<meta name=\"robots\" content=\"index, follow, max-snippet:-1, max-image-preview:large, max-video-preview:-1\" \/>\n<link rel=\"canonical\" href=\"https:\/\/encompaniastj.org\/pt-pt\/nossa-missao-em-sao-cristovao\/\" \/>\n<meta property=\"og:locale\" content=\"pt_PT\" \/>\n<meta property=\"og:type\" content=\"article\" \/>\n<meta property=\"og:title\" content=\"Nossa miss\u00e3o em S\u00e3o Crist\u00f3v\u00e3o - En Compa\u00f1\u00eda STJ\" \/>\n<meta property=\"og:description\" content=\"Algu\u00e9m nos disse com interesse que queria conhecer a nossa miss\u00e3o em S\u00e3o Crist\u00f3v\u00e3o: N\u00f3s contamos! Este pequeno e grande S\u00e3o Crist\u00f3v\u00e3o enche os vitrais do nosso templo Paroquial e [&hellip;]\" \/>\n<meta property=\"og:url\" content=\"https:\/\/encompaniastj.org\/pt-pt\/nossa-missao-em-sao-cristovao\/\" \/>\n<meta property=\"og:site_name\" content=\"En Compa\u00f1\u00eda STJ\" \/>\n<meta property=\"article:published_time\" content=\"2022-11-21T06:29:08+00:00\" \/>\n<meta property=\"article:modified_time\" content=\"2025-07-07T14:23:50+00:00\" \/>\n<meta property=\"og:image\" content=\"https:\/\/encompaniastj.org\/wp-content\/uploads\/2025\/05\/foto2-5.jpg\" \/>\n\t<meta property=\"og:image:width\" content=\"319\" \/>\n\t<meta property=\"og:image:height\" content=\"480\" \/>\n\t<meta property=\"og:image:type\" content=\"image\/jpeg\" \/>\n<meta name=\"author\" content=\"admin\" \/>\n<meta name=\"twitter:card\" content=\"summary_large_image\" \/>\n<meta name=\"twitter:label1\" content=\"Escrito por\" \/>\n\t<meta name=\"twitter:data1\" content=\"admin\" \/>\n\t<meta name=\"twitter:label2\" content=\"Tempo estimado de leitura\" \/>\n\t<meta name=\"twitter:data2\" content=\"2 minutos\" \/>\n<script type=\"application\/ld+json\" class=\"yoast-schema-graph\">{\"@context\":\"https:\\\/\\\/schema.org\",\"@graph\":[{\"@type\":\"Article\",\"@id\":\"https:\\\/\\\/encompaniastj.org\\\/pt-pt\\\/nossa-missao-em-sao-cristovao\\\/#article\",\"isPartOf\":{\"@id\":\"https:\\\/\\\/encompaniastj.org\\\/pt-pt\\\/nossa-missao-em-sao-cristovao\\\/\"},\"author\":{\"name\":\"admin\",\"@id\":\"https:\\\/\\\/encompaniastj.org\\\/pt-pt\\\/#\\\/schema\\\/person\\\/520e7ecc314793d40091993c2a02b651\"},\"headline\":\"Nossa miss\u00e3o em S\u00e3o Crist\u00f3v\u00e3o\",\"datePublished\":\"2022-11-21T06:29:08+00:00\",\"dateModified\":\"2025-07-07T14:23:50+00:00\",\"mainEntityOfPage\":{\"@id\":\"https:\\\/\\\/encompaniastj.org\\\/pt-pt\\\/nossa-missao-em-sao-cristovao\\\/\"},\"wordCount\":498,\"commentCount\":0,\"publisher\":{\"@id\":\"https:\\\/\\\/encompaniastj.org\\\/pt-pt\\\/#organization\"},\"image\":{\"@id\":\"https:\\\/\\\/encompaniastj.org\\\/pt-pt\\\/nossa-missao-em-sao-cristovao\\\/#primaryimage\"},\"thumbnailUrl\":\"https:\\\/\\\/encompaniastj.org\\\/wp-content\\\/uploads\\\/2025\\\/05\\\/foto2-5.jpg\",\"articleSection\":[\"Noticias\",\"Paroquial - eclesial\",\"Parroquial - Eclesial\"],\"inLanguage\":\"pt-PT\",\"potentialAction\":[{\"@type\":\"CommentAction\",\"name\":\"Comment\",\"target\":[\"https:\\\/\\\/encompaniastj.org\\\/pt-pt\\\/nossa-missao-em-sao-cristovao\\\/#respond\"]}]},{\"@type\":\"WebPage\",\"@id\":\"https:\\\/\\\/encompaniastj.org\\\/pt-pt\\\/nossa-missao-em-sao-cristovao\\\/\",\"url\":\"https:\\\/\\\/encompaniastj.org\\\/pt-pt\\\/nossa-missao-em-sao-cristovao\\\/\",\"name\":\"Nossa miss\u00e3o em S\u00e3o Crist\u00f3v\u00e3o - En Compa\u00f1\u00eda STJ\",\"isPartOf\":{\"@id\":\"https:\\\/\\\/encompaniastj.org\\\/pt-pt\\\/#website\"},\"primaryImageOfPage\":{\"@id\":\"https:\\\/\\\/encompaniastj.org\\\/pt-pt\\\/nossa-missao-em-sao-cristovao\\\/#primaryimage\"},\"image\":{\"@id\":\"https:\\\/\\\/encompaniastj.org\\\/pt-pt\\\/nossa-missao-em-sao-cristovao\\\/#primaryimage\"},\"thumbnailUrl\":\"https:\\\/\\\/encompaniastj.org\\\/wp-content\\\/uploads\\\/2025\\\/05\\\/foto2-5.jpg\",\"datePublished\":\"2022-11-21T06:29:08+00:00\",\"dateModified\":\"2025-07-07T14:23:50+00:00\",\"breadcrumb\":{\"@id\":\"https:\\\/\\\/encompaniastj.org\\\/pt-pt\\\/nossa-missao-em-sao-cristovao\\\/#breadcrumb\"},\"inLanguage\":\"pt-PT\",\"potentialAction\":[{\"@type\":\"ReadAction\",\"target\":[\"https:\\\/\\\/encompaniastj.org\\\/pt-pt\\\/nossa-missao-em-sao-cristovao\\\/\"]}]},{\"@type\":\"ImageObject\",\"inLanguage\":\"pt-PT\",\"@id\":\"https:\\\/\\\/encompaniastj.org\\\/pt-pt\\\/nossa-missao-em-sao-cristovao\\\/#primaryimage\",\"url\":\"https:\\\/\\\/encompaniastj.org\\\/wp-content\\\/uploads\\\/2025\\\/05\\\/foto2-5.jpg\",\"contentUrl\":\"https:\\\/\\\/encompaniastj.org\\\/wp-content\\\/uploads\\\/2025\\\/05\\\/foto2-5.jpg\",\"width\":319,\"height\":480},{\"@type\":\"BreadcrumbList\",\"@id\":\"https:\\\/\\\/encompaniastj.org\\\/pt-pt\\\/nossa-missao-em-sao-cristovao\\\/#breadcrumb\",\"itemListElement\":[{\"@type\":\"ListItem\",\"position\":1,\"name\":\"Portada\",\"item\":\"https:\\\/\\\/encompaniastj.org\\\/pt-pt\\\/\"},{\"@type\":\"ListItem\",\"position\":2,\"name\":\"Nossa miss\u00e3o em S\u00e3o Crist\u00f3v\u00e3o\"}]},{\"@type\":\"WebSite\",\"@id\":\"https:\\\/\\\/encompaniastj.org\\\/pt-pt\\\/#website\",\"url\":\"https:\\\/\\\/encompaniastj.org\\\/pt-pt\\\/\",\"name\":\"En Compa\u00f1\u00eda STJ\",\"description\":\"Bolet\u00edn de la Compa\u00f1\u00eda de Santa Teresa de Jes\u00fas\",\"publisher\":{\"@id\":\"https:\\\/\\\/encompaniastj.org\\\/pt-pt\\\/#organization\"},\"potentialAction\":[{\"@type\":\"SearchAction\",\"target\":{\"@type\":\"EntryPoint\",\"urlTemplate\":\"https:\\\/\\\/encompaniastj.org\\\/pt-pt\\\/?s={search_term_string}\"},\"query-input\":{\"@type\":\"PropertyValueSpecification\",\"valueRequired\":true,\"valueName\":\"search_term_string\"}}],\"inLanguage\":\"pt-PT\"},{\"@type\":\"Organization\",\"@id\":\"https:\\\/\\\/encompaniastj.org\\\/pt-pt\\\/#organization\",\"name\":\"Compa\u00f1\u00eda de Santa Teresa de Jes\u00fas\",\"url\":\"https:\\\/\\\/encompaniastj.org\\\/pt-pt\\\/\",\"logo\":{\"@type\":\"ImageObject\",\"inLanguage\":\"pt-PT\",\"@id\":\"https:\\\/\\\/encompaniastj.org\\\/pt-pt\\\/#\\\/schema\\\/logo\\\/image\\\/\",\"url\":\"https:\\\/\\\/encompaniastj.org\\\/wp-content\\\/uploads\\\/2025\\\/04\\\/logo_provincias02-1-3.png\",\"contentUrl\":\"https:\\\/\\\/encompaniastj.org\\\/wp-content\\\/uploads\\\/2025\\\/04\\\/logo_provincias02-1-3.png\",\"width\":2368,\"height\":825,\"caption\":\"Compa\u00f1\u00eda de Santa Teresa de Jes\u00fas\"},\"image\":{\"@id\":\"https:\\\/\\\/encompaniastj.org\\\/pt-pt\\\/#\\\/schema\\\/logo\\\/image\\\/\"}},{\"@type\":\"Person\",\"@id\":\"https:\\\/\\\/encompaniastj.org\\\/pt-pt\\\/#\\\/schema\\\/person\\\/520e7ecc314793d40091993c2a02b651\",\"name\":\"admin\",\"image\":{\"@type\":\"ImageObject\",\"inLanguage\":\"pt-PT\",\"@id\":\"https:\\\/\\\/secure.gravatar.com\\\/avatar\\\/948b492cce32b586ac2db0eaa926ee87024f7afe218d73b397ea5ddfc5f43ea1?s=96&d=mm&r=g\",\"url\":\"https:\\\/\\\/secure.gravatar.com\\\/avatar\\\/948b492cce32b586ac2db0eaa926ee87024f7afe218d73b397ea5ddfc5f43ea1?s=96&d=mm&r=g\",\"contentUrl\":\"https:\\\/\\\/secure.gravatar.com\\\/avatar\\\/948b492cce32b586ac2db0eaa926ee87024f7afe218d73b397ea5ddfc5f43ea1?s=96&d=mm&r=g\",\"caption\":\"admin\"},\"sameAs\":[\"https:\\\/\\\/encompaniastj.org\"],\"url\":\"https:\\\/\\\/encompaniastj.org\\\/pt-pt\\\/author\\\/sjdigital\\\/\"}]}<\/script>\n<!-- \/ Yoast SEO plugin. -->","yoast_head_json":{"title":"Nossa miss\u00e3o em S\u00e3o Crist\u00f3v\u00e3o - En Compa\u00f1\u00eda STJ","robots":{"index":"index","follow":"follow","max-snippet":"max-snippet:-1","max-image-preview":"max-image-preview:large","max-video-preview":"max-video-preview:-1"},"canonical":"https:\/\/encompaniastj.org\/pt-pt\/nossa-missao-em-sao-cristovao\/","og_locale":"pt_PT","og_type":"article","og_title":"Nossa miss\u00e3o em S\u00e3o Crist\u00f3v\u00e3o - En Compa\u00f1\u00eda STJ","og_description":"Algu\u00e9m nos disse com interesse que queria conhecer a nossa miss\u00e3o em S\u00e3o Crist\u00f3v\u00e3o: N\u00f3s contamos! Este pequeno e grande S\u00e3o Crist\u00f3v\u00e3o enche os vitrais do nosso templo Paroquial e [&hellip;]","og_url":"https:\/\/encompaniastj.org\/pt-pt\/nossa-missao-em-sao-cristovao\/","og_site_name":"En Compa\u00f1\u00eda STJ","article_published_time":"2022-11-21T06:29:08+00:00","article_modified_time":"2025-07-07T14:23:50+00:00","og_image":[{"width":319,"height":480,"url":"https:\/\/encompaniastj.org\/wp-content\/uploads\/2025\/05\/foto2-5.jpg","type":"image\/jpeg"}],"author":"admin","twitter_card":"summary_large_image","twitter_misc":{"Escrito por":"admin","Tempo estimado de leitura":"2 minutos"},"schema":{"@context":"https:\/\/schema.org","@graph":[{"@type":"Article","@id":"https:\/\/encompaniastj.org\/pt-pt\/nossa-missao-em-sao-cristovao\/#article","isPartOf":{"@id":"https:\/\/encompaniastj.org\/pt-pt\/nossa-missao-em-sao-cristovao\/"},"author":{"name":"admin","@id":"https:\/\/encompaniastj.org\/pt-pt\/#\/schema\/person\/520e7ecc314793d40091993c2a02b651"},"headline":"Nossa miss\u00e3o em S\u00e3o Crist\u00f3v\u00e3o","datePublished":"2022-11-21T06:29:08+00:00","dateModified":"2025-07-07T14:23:50+00:00","mainEntityOfPage":{"@id":"https:\/\/encompaniastj.org\/pt-pt\/nossa-missao-em-sao-cristovao\/"},"wordCount":498,"commentCount":0,"publisher":{"@id":"https:\/\/encompaniastj.org\/pt-pt\/#organization"},"image":{"@id":"https:\/\/encompaniastj.org\/pt-pt\/nossa-missao-em-sao-cristovao\/#primaryimage"},"thumbnailUrl":"https:\/\/encompaniastj.org\/wp-content\/uploads\/2025\/05\/foto2-5.jpg","articleSection":["Noticias","Paroquial - eclesial","Parroquial - Eclesial"],"inLanguage":"pt-PT","potentialAction":[{"@type":"CommentAction","name":"Comment","target":["https:\/\/encompaniastj.org\/pt-pt\/nossa-missao-em-sao-cristovao\/#respond"]}]},{"@type":"WebPage","@id":"https:\/\/encompaniastj.org\/pt-pt\/nossa-missao-em-sao-cristovao\/","url":"https:\/\/encompaniastj.org\/pt-pt\/nossa-missao-em-sao-cristovao\/","name":"Nossa miss\u00e3o em S\u00e3o Crist\u00f3v\u00e3o - En Compa\u00f1\u00eda STJ","isPartOf":{"@id":"https:\/\/encompaniastj.org\/pt-pt\/#website"},"primaryImageOfPage":{"@id":"https:\/\/encompaniastj.org\/pt-pt\/nossa-missao-em-sao-cristovao\/#primaryimage"},"image":{"@id":"https:\/\/encompaniastj.org\/pt-pt\/nossa-missao-em-sao-cristovao\/#primaryimage"},"thumbnailUrl":"https:\/\/encompaniastj.org\/wp-content\/uploads\/2025\/05\/foto2-5.jpg","datePublished":"2022-11-21T06:29:08+00:00","dateModified":"2025-07-07T14:23:50+00:00","breadcrumb":{"@id":"https:\/\/encompaniastj.org\/pt-pt\/nossa-missao-em-sao-cristovao\/#breadcrumb"},"inLanguage":"pt-PT","potentialAction":[{"@type":"ReadAction","target":["https:\/\/encompaniastj.org\/pt-pt\/nossa-missao-em-sao-cristovao\/"]}]},{"@type":"ImageObject","inLanguage":"pt-PT","@id":"https:\/\/encompaniastj.org\/pt-pt\/nossa-missao-em-sao-cristovao\/#primaryimage","url":"https:\/\/encompaniastj.org\/wp-content\/uploads\/2025\/05\/foto2-5.jpg","contentUrl":"https:\/\/encompaniastj.org\/wp-content\/uploads\/2025\/05\/foto2-5.jpg","width":319,"height":480},{"@type":"BreadcrumbList","@id":"https:\/\/encompaniastj.org\/pt-pt\/nossa-missao-em-sao-cristovao\/#breadcrumb","itemListElement":[{"@type":"ListItem","position":1,"name":"Portada","item":"https:\/\/encompaniastj.org\/pt-pt\/"},{"@type":"ListItem","position":2,"name":"Nossa miss\u00e3o em S\u00e3o Crist\u00f3v\u00e3o"}]},{"@type":"WebSite","@id":"https:\/\/encompaniastj.org\/pt-pt\/#website","url":"https:\/\/encompaniastj.org\/pt-pt\/","name":"En Compa\u00f1\u00eda STJ","description":"Bolet\u00edn de la Compa\u00f1\u00eda de Santa Teresa de Jes\u00fas","publisher":{"@id":"https:\/\/encompaniastj.org\/pt-pt\/#organization"},"potentialAction":[{"@type":"SearchAction","target":{"@type":"EntryPoint","urlTemplate":"https:\/\/encompaniastj.org\/pt-pt\/?s={search_term_string}"},"query-input":{"@type":"PropertyValueSpecification","valueRequired":true,"valueName":"search_term_string"}}],"inLanguage":"pt-PT"},{"@type":"Organization","@id":"https:\/\/encompaniastj.org\/pt-pt\/#organization","name":"Compa\u00f1\u00eda de Santa Teresa de Jes\u00fas","url":"https:\/\/encompaniastj.org\/pt-pt\/","logo":{"@type":"ImageObject","inLanguage":"pt-PT","@id":"https:\/\/encompaniastj.org\/pt-pt\/#\/schema\/logo\/image\/","url":"https:\/\/encompaniastj.org\/wp-content\/uploads\/2025\/04\/logo_provincias02-1-3.png","contentUrl":"https:\/\/encompaniastj.org\/wp-content\/uploads\/2025\/04\/logo_provincias02-1-3.png","width":2368,"height":825,"caption":"Compa\u00f1\u00eda de Santa Teresa de Jes\u00fas"},"image":{"@id":"https:\/\/encompaniastj.org\/pt-pt\/#\/schema\/logo\/image\/"}},{"@type":"Person","@id":"https:\/\/encompaniastj.org\/pt-pt\/#\/schema\/person\/520e7ecc314793d40091993c2a02b651","name":"admin","image":{"@type":"ImageObject","inLanguage":"pt-PT","@id":"https:\/\/secure.gravatar.com\/avatar\/948b492cce32b586ac2db0eaa926ee87024f7afe218d73b397ea5ddfc5f43ea1?s=96&d=mm&r=g","url":"https:\/\/secure.gravatar.com\/avatar\/948b492cce32b586ac2db0eaa926ee87024f7afe218d73b397ea5ddfc5f43ea1?s=96&d=mm&r=g","contentUrl":"https:\/\/secure.gravatar.com\/avatar\/948b492cce32b586ac2db0eaa926ee87024f7afe218d73b397ea5ddfc5f43ea1?s=96&d=mm&r=g","caption":"admin"},"sameAs":["https:\/\/encompaniastj.org"],"url":"https:\/\/encompaniastj.org\/pt-pt\/author\/sjdigital\/"}]}},"_links":{"self":[{"href":"https:\/\/encompaniastj.org\/pt-pt\/wp-json\/wp\/v2\/posts\/11302","targetHints":{"allow":["GET"]}}],"collection":[{"href":"https:\/\/encompaniastj.org\/pt-pt\/wp-json\/wp\/v2\/posts"}],"about":[{"href":"https:\/\/encompaniastj.org\/pt-pt\/wp-json\/wp\/v2\/types\/post"}],"author":[{"embeddable":true,"href":"https:\/\/encompaniastj.org\/pt-pt\/wp-json\/wp\/v2\/users\/1"}],"replies":[{"embeddable":true,"href":"https:\/\/encompaniastj.org\/pt-pt\/wp-json\/wp\/v2\/comments?post=11302"}],"version-history":[{"count":1,"href":"https:\/\/encompaniastj.org\/pt-pt\/wp-json\/wp\/v2\/posts\/11302\/revisions"}],"predecessor-version":[{"id":11303,"href":"https:\/\/encompaniastj.org\/pt-pt\/wp-json\/wp\/v2\/posts\/11302\/revisions\/11303"}],"wp:featuredmedia":[{"embeddable":true,"href":"https:\/\/encompaniastj.org\/pt-pt\/wp-json\/wp\/v2\/media\/8133"}],"wp:attachment":[{"href":"https:\/\/encompaniastj.org\/pt-pt\/wp-json\/wp\/v2\/media?parent=11302"}],"wp:term":[{"taxonomy":"category","embeddable":true,"href":"https:\/\/encompaniastj.org\/pt-pt\/wp-json\/wp\/v2\/categories?post=11302"},{"taxonomy":"post_tag","embeddable":true,"href":"https:\/\/encompaniastj.org\/pt-pt\/wp-json\/wp\/v2\/tags?post=11302"}],"curies":[{"name":"wp","href":"https:\/\/api.w.org\/{rel}","templated":true}]}}