{"id":11300,"date":"2022-11-25T07:44:55","date_gmt":"2022-11-25T06:44:55","guid":{"rendered":"https:\/\/encompaniastj.org\/o-apartamento-do-raval-das-teresianas-muda-a-vida-de-maes-em-risco-de-exclusao\/"},"modified":"2025-07-07T16:23:50","modified_gmt":"2025-07-07T14:23:50","slug":"o-apartamento-do-raval-das-teresianas-muda-a-vida-de-maes-em-risco-de-exclusao","status":"publish","type":"post","link":"https:\/\/encompaniastj.org\/pt-pt\/o-apartamento-do-raval-das-teresianas-muda-a-vida-de-maes-em-risco-de-exclusao\/","title":{"rendered":"O apartamento do Raval das Teresianas muda a vida de m\u00e3es em risco de exclus\u00e3o"},"content":{"rendered":"<p>O dia 18 de novembro de 2022, ficar\u00e1 gravado na mem\u00f3ria de duas mulheres que fugiram de maus tratos e trag\u00e9dias com os seus beb\u00e9s \u00e0s costas. Nesse dia foi inaugurado, com a solenidade das coisas simples, mas amadas, \u201co Apartamento das Oportunidades\u201d em que se haviam instalado j\u00e1 h\u00e1 alguns dias.<\/p>\n<p>E se era um grande dia para elas, tamb\u00e9m o era para a Companhia de Santa Teresa, que havia contribu\u00eddo para essa alegria e para p\u00f4r o seu gr\u00e3ozinho de areia para resolver um problema universal sofrido por tantas mulheres marginalizadas. Era o apartamento da Calle de la Cera que durante 25 anos pertenceu \u00e0 \u201cComunidade do Raval\u201d.<\/p>\n<p>N\u00f3s, as que chor\u00e1mos ao sair de l\u00e1, hoje gost\u00e1vamos de ver a alegria que a generosidade da Companhia trazia para essas mulheres e para aquelas que continuar\u00e3o a encontrar sua solu\u00e7\u00e3o para avan\u00e7ar neste apartamento de \u201coportunidades\u201d.<\/p>\n<p>Fui a \u00fanica na comunidade, testemunha da feliz \u201ctransfer\u00eancia\u201d, inaugurando com uma festa, na medida das nossas possibilidades, o in\u00edcio dessas novas vidas: Por enquanto, duas mulheres \u2013 ambas latino-americanas, na qualidade de \u201casilo pol\u00edtico&#8221;- o est\u00e3o ocupando -juntamente com uma terceira que atua na qualidade de &#8220;encarregada&#8221; do apartamento nos seus come\u00e7os-. Uma psic\u00f3loga e uma educadora social tamb\u00e9m v\u00eam semanalmente para auxili\u00e1-las na sua mudan\u00e7a total de vida.<\/p>\n<p>Elas mesmos nos tinham preparado a festa. \u00c0s 14 horas est\u00e1vamos na porta do n\u00famero 44 de La Cera, Moss\u00e9n Peio, as tr\u00eas profissionais de Santa Anna, educadoras e assistentes sociais, alguma volunt\u00e1ria e eu.<\/p>\n<p>Receberam-nos com alegria quando j\u00e1 tinham tudo pronto e aguardaram a nossa chegada aquecendo no forno alguns dos pratos que nos iam servir.<\/p>\n<p>Depois de visitar todos os quartos e verificar se tinham tudo bem, fomos ao sal\u00e3o onde Mossen Peio primeiro, e depois eu, lhes dirigimos algumas palavras de boas-vindas e de alegria por poder colocar \u00e0 sua disposi\u00e7\u00e3o uma casa partilhada. Elas responderam-nos com palavras que nos comoveram a todos.<\/p>\n<p>\u201cVer-se na rua com um beb\u00e9 nos bra\u00e7os \u00e9 a coisa mais horr\u00edvel que pode acontecer a algu\u00e9m\u201d \u2013 disse-nos uma delas \u2013 e por isso estamos t\u00e3o felizes e agradecidas\u201d.<\/p>\n<p>Simbolicamente, o Peio cortou uma fita que mereceu os aplausos de todos e come\u00e7amos a comer aquele maravilhoso \u201cbanquete\u201d que nos tinham preparado. N\u00e3o sem antes convidar os vizinhos mais pr\u00f3ximos, Henrique e Maite -um dos maiores colaboradores do bairro do Raval h\u00e1 anos- e os melhores vizinhos que voc\u00ea pode ter. Elas gostaram da inaugura\u00e7\u00e3o, tanto como tinham sofrido quando souberam de que n\u00f3s \u00edamos embora.<\/p>\n<p>At\u00e9 teve espumante para celebrar a festa e acolher aquelas mulheres para quem a vida se complicara demais e s\u00f3 o amor fraterno e a solidariedade lhes deram esperan\u00e7a e for\u00e7a para viver em casa com os filhos queridos.<\/p>\n<p>A dor de ter deixado aquele amado apartamento no Raval partilhado por 25 anos, tinha agora encontrado a sua recompensa. Victoria Molins, stj<\/p>\n<p><img loading=\"lazy\" decoding=\"async\" class=\"size-medium wp-image-10248 alignleft\" src=\"https:\/\/encompaniastj.org\/wp-content\/uploads\/2025\/05\/foto3.png\" alt=\"\" width=\"300\" height=\"300\" \/> <img loading=\"lazy\" decoding=\"async\" class=\"alignnone size-medium wp-image-10244\" src=\"https:\/\/encompaniastj.org\/wp-content\/uploads\/2025\/05\/foto1-2-1.png\" alt=\"\" width=\"300\" height=\"300\" \/><\/p>\n<p><img loading=\"lazy\" decoding=\"async\" class=\"alignnone size-medium wp-image-10244\" src=\"https:\/\/encompaniastj.org\/wp-content\/uploads\/2025\/05\/foto1-2-1.png\" alt=\"\" width=\"300\" height=\"300\" \/><\/p>\n<p>&nbsp;<\/p>\n","protected":false},"excerpt":{"rendered":"<p>O dia 18 de novembro de 2022, ficar\u00e1 gravado na mem\u00f3ria de duas mulheres que fugiram de maus tratos e trag\u00e9dias com os seus beb\u00e9s \u00e0s costas. Nesse dia foi [&hellip;]<\/p>\n","protected":false},"author":1,"featured_media":8138,"comment_status":"open","ping_status":"open","sticky":false,"template":"","format":"standard","meta":{"_acf_changed":false,"footnotes":""},"categories":[76,74,61],"tags":[],"class_list":["post-11300","post","type-post","status-publish","format-standard","has-post-thumbnail","hentry","category-acao-social","category-accion-social","category-noticias"],"acf":[],"yoast_head":"<!-- This site is optimized with the Yoast SEO plugin v27.5 - https:\/\/yoast.com\/product\/yoast-seo-wordpress\/ -->\n<title>O apartamento do Raval das Teresianas muda a vida de m\u00e3es em risco de exclus\u00e3o - En Compa\u00f1\u00eda STJ<\/title>\n<meta name=\"robots\" content=\"index, follow, max-snippet:-1, max-image-preview:large, max-video-preview:-1\" \/>\n<link rel=\"canonical\" href=\"https:\/\/encompaniastj.org\/pt-pt\/o-apartamento-do-raval-das-teresianas-muda-a-vida-de-maes-em-risco-de-exclusao\/\" \/>\n<meta property=\"og:locale\" content=\"pt_PT\" \/>\n<meta property=\"og:type\" content=\"article\" \/>\n<meta property=\"og:title\" content=\"O apartamento do Raval das Teresianas muda a vida de m\u00e3es em risco de exclus\u00e3o - En Compa\u00f1\u00eda STJ\" \/>\n<meta property=\"og:description\" content=\"O dia 18 de novembro de 2022, ficar\u00e1 gravado na mem\u00f3ria de duas mulheres que fugiram de maus tratos e trag\u00e9dias com os seus beb\u00e9s \u00e0s costas. Nesse dia foi [&hellip;]\" \/>\n<meta property=\"og:url\" content=\"https:\/\/encompaniastj.org\/pt-pt\/o-apartamento-do-raval-das-teresianas-muda-a-vida-de-maes-em-risco-de-exclusao\/\" \/>\n<meta property=\"og:site_name\" content=\"En Compa\u00f1\u00eda STJ\" \/>\n<meta property=\"article:published_time\" content=\"2022-11-25T06:44:55+00:00\" \/>\n<meta property=\"article:modified_time\" content=\"2025-07-07T14:23:50+00:00\" \/>\n<meta property=\"og:image\" content=\"https:\/\/encompaniastj.org\/wp-content\/uploads\/2025\/05\/foto3-2-scaled-1.jpg\" \/>\n\t<meta property=\"og:image:width\" content=\"2560\" \/>\n\t<meta property=\"og:image:height\" content=\"1920\" \/>\n\t<meta property=\"og:image:type\" content=\"image\/jpeg\" \/>\n<meta name=\"author\" content=\"admin\" \/>\n<meta name=\"twitter:card\" content=\"summary_large_image\" \/>\n<meta name=\"twitter:label1\" content=\"Escrito por\" \/>\n\t<meta name=\"twitter:data1\" content=\"admin\" \/>\n\t<meta name=\"twitter:label2\" content=\"Tempo estimado de leitura\" \/>\n\t<meta name=\"twitter:data2\" content=\"3 minutos\" \/>\n<script type=\"application\/ld+json\" class=\"yoast-schema-graph\">{\"@context\":\"https:\\\/\\\/schema.org\",\"@graph\":[{\"@type\":\"Article\",\"@id\":\"https:\\\/\\\/encompaniastj.org\\\/pt-pt\\\/o-apartamento-do-raval-das-teresianas-muda-a-vida-de-maes-em-risco-de-exclusao\\\/#article\",\"isPartOf\":{\"@id\":\"https:\\\/\\\/encompaniastj.org\\\/pt-pt\\\/o-apartamento-do-raval-das-teresianas-muda-a-vida-de-maes-em-risco-de-exclusao\\\/\"},\"author\":{\"name\":\"admin\",\"@id\":\"https:\\\/\\\/encompaniastj.org\\\/pt-pt\\\/#\\\/schema\\\/person\\\/520e7ecc314793d40091993c2a02b651\"},\"headline\":\"O apartamento do Raval das Teresianas muda a vida de m\u00e3es em risco de exclus\u00e3o\",\"datePublished\":\"2022-11-25T06:44:55+00:00\",\"dateModified\":\"2025-07-07T14:23:50+00:00\",\"mainEntityOfPage\":{\"@id\":\"https:\\\/\\\/encompaniastj.org\\\/pt-pt\\\/o-apartamento-do-raval-das-teresianas-muda-a-vida-de-maes-em-risco-de-exclusao\\\/\"},\"wordCount\":533,\"commentCount\":0,\"publisher\":{\"@id\":\"https:\\\/\\\/encompaniastj.org\\\/pt-pt\\\/#organization\"},\"image\":{\"@id\":\"https:\\\/\\\/encompaniastj.org\\\/pt-pt\\\/o-apartamento-do-raval-das-teresianas-muda-a-vida-de-maes-em-risco-de-exclusao\\\/#primaryimage\"},\"thumbnailUrl\":\"https:\\\/\\\/encompaniastj.org\\\/wp-content\\\/uploads\\\/2025\\\/05\\\/foto3-2-scaled-1.jpg\",\"articleSection\":[\"A\u00e7\u00e3o Social\",\"Acci\u00f3n Social\",\"Noticias\"],\"inLanguage\":\"pt-PT\",\"potentialAction\":[{\"@type\":\"CommentAction\",\"name\":\"Comment\",\"target\":[\"https:\\\/\\\/encompaniastj.org\\\/pt-pt\\\/o-apartamento-do-raval-das-teresianas-muda-a-vida-de-maes-em-risco-de-exclusao\\\/#respond\"]}]},{\"@type\":\"WebPage\",\"@id\":\"https:\\\/\\\/encompaniastj.org\\\/pt-pt\\\/o-apartamento-do-raval-das-teresianas-muda-a-vida-de-maes-em-risco-de-exclusao\\\/\",\"url\":\"https:\\\/\\\/encompaniastj.org\\\/pt-pt\\\/o-apartamento-do-raval-das-teresianas-muda-a-vida-de-maes-em-risco-de-exclusao\\\/\",\"name\":\"O apartamento do Raval das Teresianas muda a vida de m\u00e3es em risco de exclus\u00e3o - En Compa\u00f1\u00eda STJ\",\"isPartOf\":{\"@id\":\"https:\\\/\\\/encompaniastj.org\\\/pt-pt\\\/#website\"},\"primaryImageOfPage\":{\"@id\":\"https:\\\/\\\/encompaniastj.org\\\/pt-pt\\\/o-apartamento-do-raval-das-teresianas-muda-a-vida-de-maes-em-risco-de-exclusao\\\/#primaryimage\"},\"image\":{\"@id\":\"https:\\\/\\\/encompaniastj.org\\\/pt-pt\\\/o-apartamento-do-raval-das-teresianas-muda-a-vida-de-maes-em-risco-de-exclusao\\\/#primaryimage\"},\"thumbnailUrl\":\"https:\\\/\\\/encompaniastj.org\\\/wp-content\\\/uploads\\\/2025\\\/05\\\/foto3-2-scaled-1.jpg\",\"datePublished\":\"2022-11-25T06:44:55+00:00\",\"dateModified\":\"2025-07-07T14:23:50+00:00\",\"breadcrumb\":{\"@id\":\"https:\\\/\\\/encompaniastj.org\\\/pt-pt\\\/o-apartamento-do-raval-das-teresianas-muda-a-vida-de-maes-em-risco-de-exclusao\\\/#breadcrumb\"},\"inLanguage\":\"pt-PT\",\"potentialAction\":[{\"@type\":\"ReadAction\",\"target\":[\"https:\\\/\\\/encompaniastj.org\\\/pt-pt\\\/o-apartamento-do-raval-das-teresianas-muda-a-vida-de-maes-em-risco-de-exclusao\\\/\"]}]},{\"@type\":\"ImageObject\",\"inLanguage\":\"pt-PT\",\"@id\":\"https:\\\/\\\/encompaniastj.org\\\/pt-pt\\\/o-apartamento-do-raval-das-teresianas-muda-a-vida-de-maes-em-risco-de-exclusao\\\/#primaryimage\",\"url\":\"https:\\\/\\\/encompaniastj.org\\\/wp-content\\\/uploads\\\/2025\\\/05\\\/foto3-2-scaled-1.jpg\",\"contentUrl\":\"https:\\\/\\\/encompaniastj.org\\\/wp-content\\\/uploads\\\/2025\\\/05\\\/foto3-2-scaled-1.jpg\",\"width\":2560,\"height\":1920},{\"@type\":\"BreadcrumbList\",\"@id\":\"https:\\\/\\\/encompaniastj.org\\\/pt-pt\\\/o-apartamento-do-raval-das-teresianas-muda-a-vida-de-maes-em-risco-de-exclusao\\\/#breadcrumb\",\"itemListElement\":[{\"@type\":\"ListItem\",\"position\":1,\"name\":\"Portada\",\"item\":\"https:\\\/\\\/encompaniastj.org\\\/pt-pt\\\/\"},{\"@type\":\"ListItem\",\"position\":2,\"name\":\"O apartamento do Raval das Teresianas muda a vida de m\u00e3es em risco de exclus\u00e3o\"}]},{\"@type\":\"WebSite\",\"@id\":\"https:\\\/\\\/encompaniastj.org\\\/pt-pt\\\/#website\",\"url\":\"https:\\\/\\\/encompaniastj.org\\\/pt-pt\\\/\",\"name\":\"En Compa\u00f1\u00eda STJ\",\"description\":\"Bolet\u00edn de la Compa\u00f1\u00eda de Santa Teresa de Jes\u00fas\",\"publisher\":{\"@id\":\"https:\\\/\\\/encompaniastj.org\\\/pt-pt\\\/#organization\"},\"potentialAction\":[{\"@type\":\"SearchAction\",\"target\":{\"@type\":\"EntryPoint\",\"urlTemplate\":\"https:\\\/\\\/encompaniastj.org\\\/pt-pt\\\/?s={search_term_string}\"},\"query-input\":{\"@type\":\"PropertyValueSpecification\",\"valueRequired\":true,\"valueName\":\"search_term_string\"}}],\"inLanguage\":\"pt-PT\"},{\"@type\":\"Organization\",\"@id\":\"https:\\\/\\\/encompaniastj.org\\\/pt-pt\\\/#organization\",\"name\":\"Compa\u00f1\u00eda de Santa Teresa de Jes\u00fas\",\"url\":\"https:\\\/\\\/encompaniastj.org\\\/pt-pt\\\/\",\"logo\":{\"@type\":\"ImageObject\",\"inLanguage\":\"pt-PT\",\"@id\":\"https:\\\/\\\/encompaniastj.org\\\/pt-pt\\\/#\\\/schema\\\/logo\\\/image\\\/\",\"url\":\"https:\\\/\\\/encompaniastj.org\\\/wp-content\\\/uploads\\\/2025\\\/04\\\/logo_provincias02-1-3.png\",\"contentUrl\":\"https:\\\/\\\/encompaniastj.org\\\/wp-content\\\/uploads\\\/2025\\\/04\\\/logo_provincias02-1-3.png\",\"width\":2368,\"height\":825,\"caption\":\"Compa\u00f1\u00eda de Santa Teresa de Jes\u00fas\"},\"image\":{\"@id\":\"https:\\\/\\\/encompaniastj.org\\\/pt-pt\\\/#\\\/schema\\\/logo\\\/image\\\/\"}},{\"@type\":\"Person\",\"@id\":\"https:\\\/\\\/encompaniastj.org\\\/pt-pt\\\/#\\\/schema\\\/person\\\/520e7ecc314793d40091993c2a02b651\",\"name\":\"admin\",\"image\":{\"@type\":\"ImageObject\",\"inLanguage\":\"pt-PT\",\"@id\":\"https:\\\/\\\/secure.gravatar.com\\\/avatar\\\/948b492cce32b586ac2db0eaa926ee87024f7afe218d73b397ea5ddfc5f43ea1?s=96&d=mm&r=g\",\"url\":\"https:\\\/\\\/secure.gravatar.com\\\/avatar\\\/948b492cce32b586ac2db0eaa926ee87024f7afe218d73b397ea5ddfc5f43ea1?s=96&d=mm&r=g\",\"contentUrl\":\"https:\\\/\\\/secure.gravatar.com\\\/avatar\\\/948b492cce32b586ac2db0eaa926ee87024f7afe218d73b397ea5ddfc5f43ea1?s=96&d=mm&r=g\",\"caption\":\"admin\"},\"sameAs\":[\"https:\\\/\\\/encompaniastj.org\"],\"url\":\"https:\\\/\\\/encompaniastj.org\\\/pt-pt\\\/author\\\/sjdigital\\\/\"}]}<\/script>\n<!-- \/ Yoast SEO plugin. -->","yoast_head_json":{"title":"O apartamento do Raval das Teresianas muda a vida de m\u00e3es em risco de exclus\u00e3o - En Compa\u00f1\u00eda STJ","robots":{"index":"index","follow":"follow","max-snippet":"max-snippet:-1","max-image-preview":"max-image-preview:large","max-video-preview":"max-video-preview:-1"},"canonical":"https:\/\/encompaniastj.org\/pt-pt\/o-apartamento-do-raval-das-teresianas-muda-a-vida-de-maes-em-risco-de-exclusao\/","og_locale":"pt_PT","og_type":"article","og_title":"O apartamento do Raval das Teresianas muda a vida de m\u00e3es em risco de exclus\u00e3o - En Compa\u00f1\u00eda STJ","og_description":"O dia 18 de novembro de 2022, ficar\u00e1 gravado na mem\u00f3ria de duas mulheres que fugiram de maus tratos e trag\u00e9dias com os seus beb\u00e9s \u00e0s costas. Nesse dia foi [&hellip;]","og_url":"https:\/\/encompaniastj.org\/pt-pt\/o-apartamento-do-raval-das-teresianas-muda-a-vida-de-maes-em-risco-de-exclusao\/","og_site_name":"En Compa\u00f1\u00eda STJ","article_published_time":"2022-11-25T06:44:55+00:00","article_modified_time":"2025-07-07T14:23:50+00:00","og_image":[{"width":2560,"height":1920,"url":"https:\/\/encompaniastj.org\/wp-content\/uploads\/2025\/05\/foto3-2-scaled-1.jpg","type":"image\/jpeg"}],"author":"admin","twitter_card":"summary_large_image","twitter_misc":{"Escrito por":"admin","Tempo estimado de leitura":"3 minutos"},"schema":{"@context":"https:\/\/schema.org","@graph":[{"@type":"Article","@id":"https:\/\/encompaniastj.org\/pt-pt\/o-apartamento-do-raval-das-teresianas-muda-a-vida-de-maes-em-risco-de-exclusao\/#article","isPartOf":{"@id":"https:\/\/encompaniastj.org\/pt-pt\/o-apartamento-do-raval-das-teresianas-muda-a-vida-de-maes-em-risco-de-exclusao\/"},"author":{"name":"admin","@id":"https:\/\/encompaniastj.org\/pt-pt\/#\/schema\/person\/520e7ecc314793d40091993c2a02b651"},"headline":"O apartamento do Raval das Teresianas muda a vida de m\u00e3es em risco de exclus\u00e3o","datePublished":"2022-11-25T06:44:55+00:00","dateModified":"2025-07-07T14:23:50+00:00","mainEntityOfPage":{"@id":"https:\/\/encompaniastj.org\/pt-pt\/o-apartamento-do-raval-das-teresianas-muda-a-vida-de-maes-em-risco-de-exclusao\/"},"wordCount":533,"commentCount":0,"publisher":{"@id":"https:\/\/encompaniastj.org\/pt-pt\/#organization"},"image":{"@id":"https:\/\/encompaniastj.org\/pt-pt\/o-apartamento-do-raval-das-teresianas-muda-a-vida-de-maes-em-risco-de-exclusao\/#primaryimage"},"thumbnailUrl":"https:\/\/encompaniastj.org\/wp-content\/uploads\/2025\/05\/foto3-2-scaled-1.jpg","articleSection":["A\u00e7\u00e3o Social","Acci\u00f3n Social","Noticias"],"inLanguage":"pt-PT","potentialAction":[{"@type":"CommentAction","name":"Comment","target":["https:\/\/encompaniastj.org\/pt-pt\/o-apartamento-do-raval-das-teresianas-muda-a-vida-de-maes-em-risco-de-exclusao\/#respond"]}]},{"@type":"WebPage","@id":"https:\/\/encompaniastj.org\/pt-pt\/o-apartamento-do-raval-das-teresianas-muda-a-vida-de-maes-em-risco-de-exclusao\/","url":"https:\/\/encompaniastj.org\/pt-pt\/o-apartamento-do-raval-das-teresianas-muda-a-vida-de-maes-em-risco-de-exclusao\/","name":"O apartamento do Raval das Teresianas muda a vida de m\u00e3es em risco de exclus\u00e3o - En Compa\u00f1\u00eda STJ","isPartOf":{"@id":"https:\/\/encompaniastj.org\/pt-pt\/#website"},"primaryImageOfPage":{"@id":"https:\/\/encompaniastj.org\/pt-pt\/o-apartamento-do-raval-das-teresianas-muda-a-vida-de-maes-em-risco-de-exclusao\/#primaryimage"},"image":{"@id":"https:\/\/encompaniastj.org\/pt-pt\/o-apartamento-do-raval-das-teresianas-muda-a-vida-de-maes-em-risco-de-exclusao\/#primaryimage"},"thumbnailUrl":"https:\/\/encompaniastj.org\/wp-content\/uploads\/2025\/05\/foto3-2-scaled-1.jpg","datePublished":"2022-11-25T06:44:55+00:00","dateModified":"2025-07-07T14:23:50+00:00","breadcrumb":{"@id":"https:\/\/encompaniastj.org\/pt-pt\/o-apartamento-do-raval-das-teresianas-muda-a-vida-de-maes-em-risco-de-exclusao\/#breadcrumb"},"inLanguage":"pt-PT","potentialAction":[{"@type":"ReadAction","target":["https:\/\/encompaniastj.org\/pt-pt\/o-apartamento-do-raval-das-teresianas-muda-a-vida-de-maes-em-risco-de-exclusao\/"]}]},{"@type":"ImageObject","inLanguage":"pt-PT","@id":"https:\/\/encompaniastj.org\/pt-pt\/o-apartamento-do-raval-das-teresianas-muda-a-vida-de-maes-em-risco-de-exclusao\/#primaryimage","url":"https:\/\/encompaniastj.org\/wp-content\/uploads\/2025\/05\/foto3-2-scaled-1.jpg","contentUrl":"https:\/\/encompaniastj.org\/wp-content\/uploads\/2025\/05\/foto3-2-scaled-1.jpg","width":2560,"height":1920},{"@type":"BreadcrumbList","@id":"https:\/\/encompaniastj.org\/pt-pt\/o-apartamento-do-raval-das-teresianas-muda-a-vida-de-maes-em-risco-de-exclusao\/#breadcrumb","itemListElement":[{"@type":"ListItem","position":1,"name":"Portada","item":"https:\/\/encompaniastj.org\/pt-pt\/"},{"@type":"ListItem","position":2,"name":"O apartamento do Raval das Teresianas muda a vida de m\u00e3es em risco de exclus\u00e3o"}]},{"@type":"WebSite","@id":"https:\/\/encompaniastj.org\/pt-pt\/#website","url":"https:\/\/encompaniastj.org\/pt-pt\/","name":"En Compa\u00f1\u00eda STJ","description":"Bolet\u00edn de la Compa\u00f1\u00eda de Santa Teresa de Jes\u00fas","publisher":{"@id":"https:\/\/encompaniastj.org\/pt-pt\/#organization"},"potentialAction":[{"@type":"SearchAction","target":{"@type":"EntryPoint","urlTemplate":"https:\/\/encompaniastj.org\/pt-pt\/?s={search_term_string}"},"query-input":{"@type":"PropertyValueSpecification","valueRequired":true,"valueName":"search_term_string"}}],"inLanguage":"pt-PT"},{"@type":"Organization","@id":"https:\/\/encompaniastj.org\/pt-pt\/#organization","name":"Compa\u00f1\u00eda de Santa Teresa de Jes\u00fas","url":"https:\/\/encompaniastj.org\/pt-pt\/","logo":{"@type":"ImageObject","inLanguage":"pt-PT","@id":"https:\/\/encompaniastj.org\/pt-pt\/#\/schema\/logo\/image\/","url":"https:\/\/encompaniastj.org\/wp-content\/uploads\/2025\/04\/logo_provincias02-1-3.png","contentUrl":"https:\/\/encompaniastj.org\/wp-content\/uploads\/2025\/04\/logo_provincias02-1-3.png","width":2368,"height":825,"caption":"Compa\u00f1\u00eda de Santa Teresa de Jes\u00fas"},"image":{"@id":"https:\/\/encompaniastj.org\/pt-pt\/#\/schema\/logo\/image\/"}},{"@type":"Person","@id":"https:\/\/encompaniastj.org\/pt-pt\/#\/schema\/person\/520e7ecc314793d40091993c2a02b651","name":"admin","image":{"@type":"ImageObject","inLanguage":"pt-PT","@id":"https:\/\/secure.gravatar.com\/avatar\/948b492cce32b586ac2db0eaa926ee87024f7afe218d73b397ea5ddfc5f43ea1?s=96&d=mm&r=g","url":"https:\/\/secure.gravatar.com\/avatar\/948b492cce32b586ac2db0eaa926ee87024f7afe218d73b397ea5ddfc5f43ea1?s=96&d=mm&r=g","contentUrl":"https:\/\/secure.gravatar.com\/avatar\/948b492cce32b586ac2db0eaa926ee87024f7afe218d73b397ea5ddfc5f43ea1?s=96&d=mm&r=g","caption":"admin"},"sameAs":["https:\/\/encompaniastj.org"],"url":"https:\/\/encompaniastj.org\/pt-pt\/author\/sjdigital\/"}]}},"_links":{"self":[{"href":"https:\/\/encompaniastj.org\/pt-pt\/wp-json\/wp\/v2\/posts\/11300","targetHints":{"allow":["GET"]}}],"collection":[{"href":"https:\/\/encompaniastj.org\/pt-pt\/wp-json\/wp\/v2\/posts"}],"about":[{"href":"https:\/\/encompaniastj.org\/pt-pt\/wp-json\/wp\/v2\/types\/post"}],"author":[{"embeddable":true,"href":"https:\/\/encompaniastj.org\/pt-pt\/wp-json\/wp\/v2\/users\/1"}],"replies":[{"embeddable":true,"href":"https:\/\/encompaniastj.org\/pt-pt\/wp-json\/wp\/v2\/comments?post=11300"}],"version-history":[{"count":1,"href":"https:\/\/encompaniastj.org\/pt-pt\/wp-json\/wp\/v2\/posts\/11300\/revisions"}],"predecessor-version":[{"id":11301,"href":"https:\/\/encompaniastj.org\/pt-pt\/wp-json\/wp\/v2\/posts\/11300\/revisions\/11301"}],"wp:featuredmedia":[{"embeddable":true,"href":"https:\/\/encompaniastj.org\/pt-pt\/wp-json\/wp\/v2\/media\/8138"}],"wp:attachment":[{"href":"https:\/\/encompaniastj.org\/pt-pt\/wp-json\/wp\/v2\/media?parent=11300"}],"wp:term":[{"taxonomy":"category","embeddable":true,"href":"https:\/\/encompaniastj.org\/pt-pt\/wp-json\/wp\/v2\/categories?post=11300"},{"taxonomy":"post_tag","embeddable":true,"href":"https:\/\/encompaniastj.org\/pt-pt\/wp-json\/wp\/v2\/tags?post=11300"}],"curies":[{"name":"wp","href":"https:\/\/api.w.org\/{rel}","templated":true}]}}