{"id":11278,"date":"2022-11-17T10:14:01","date_gmt":"2022-11-17T09:14:01","guid":{"rendered":"https:\/\/encompaniastj.org\/da-pastoral-juvenil-vocacional-teresiana\/"},"modified":"2025-07-07T16:23:50","modified_gmt":"2025-07-07T14:23:50","slug":"da-pastoral-juvenil-vocacional-teresiana","status":"publish","type":"post","link":"https:\/\/encompaniastj.org\/pt-pt\/da-pastoral-juvenil-vocacional-teresiana\/","title":{"rendered":"Da Pastoral Juvenil Vocacional Teresiana"},"content":{"rendered":"<p>Sauda\u00e7\u00f5es da Pastoral Juvenil Vocacional Teresiana. Mais uma vez queremos partilhar convosco novidades do \u00e2mbito, deste tempo que tem sabor de intensidade e promessa:<\/p>\n<p>Como muitos de v\u00f3s deveis ter visto na publica\u00e7\u00e3o que fizemos, estivemos presentes na Confer\u00eancia de Pastoral Juvenil Vocacional da CONFER, que este ano comemorou a sua 50\u00aa edi\u00e7\u00e3o. Poder assistir e participar desses encontros oferece-nos a oportunidade de celebrar, refletir e partilhar com outros movimentos e congrega\u00e7\u00f5es que trabalham no mesmo. \u00c9 sempre uma d\u00e1diva poder encontrar-nos. O lema deste ano foi &#8220;Lan\u00e7ando-nos para o que est\u00e1 por vir.&#8221; (Fil 3, 13) e centrou-se no processo aberto pelo S\u00ednodo da Juventude e nos tr\u00eas cen\u00e1rios com que \u00a0contamos na PJ: a) os jovens que est\u00e3o connosco ; b) os que j\u00e1 estiveram, mas j\u00e1 n\u00e3o est\u00e3o; c) aqueles que nunca estiveram. Podereis imaginar como as apresenta\u00e7\u00f5es e mesas redondas foram interessantes e desafiadoras.<\/p>\n<p>Aproveitando este tempo de prepara\u00e7\u00e3o para o Cap\u00edtulo, propusemos na equipa da PJVT realizar com eles o Workshop com Jovens que foi oferecido dentro dos materiais de prepara\u00e7\u00e3o para este tempo capitular (\u201cAmplia o espa\u00e7o da tua tenda)\u201d. No m\u00eas de janeiro convocaremos jovens e agentes da PJVT, para podermos fazer a experi\u00eancia juntos na modalidade online.<\/p>\n<p>Outro assunto que sentimos nosso e ao qual estamos dedicando tempo e criatividade, \u00e9 a nossa colabora\u00e7\u00e3o na prepara\u00e7\u00e3o da Jornada Mundial da Juventude no pr\u00f3ximo ver\u00e3o. L\u00e1 estaremos dando o melhor de n\u00f3s mesmas juntamente com essa gera\u00e7\u00e3o que pode tornar o nosso mundo mais uma fam\u00edlia humana libertada.<\/p>\n<p>Por fim, embora as informa\u00e7\u00f5es sobre quem comp\u00f5e este grupo que coordena a PJVT apareceu h\u00e1 algumas semanas, partilhamos convosco uma foto para que nos possais p\u00f4r um rosto. Por ordem de apari\u00e7\u00e3o somos: Rita Malpique, Conchi S\u00e1nchez stj, Rosa Fuentes, Eva Cazalla e Mauge Aranda stj.\u00a0Uma sauda\u00e7\u00e3o para todos da PJVT<\/p>\n<p><img loading=\"lazy\" decoding=\"async\" class=\"aligncenter wp-image-10151 size-large\" src=\"https:\/\/encompaniastj.org\/wp-content\/uploads\/2025\/05\/Foto-2-2.png\" alt=\"\" width=\"1024\" height=\"576\" \/><\/p>\n<p><img loading=\"lazy\" decoding=\"async\" class=\"aligncenter wp-image-10149 size-large\" src=\"https:\/\/encompaniastj.org\/wp-content\/uploads\/2025\/05\/Foto-1.jpeg\" alt=\"\" width=\"1024\" height=\"768\" \/><\/p>\n<p>&nbsp;<\/p>\n","protected":false},"excerpt":{"rendered":"<p>Sauda\u00e7\u00f5es da Pastoral Juvenil Vocacional Teresiana. Mais uma vez queremos partilhar convosco novidades do \u00e2mbito, deste tempo que tem sabor de intensidade e promessa: Como muitos de v\u00f3s deveis ter [&hellip;]<\/p>\n","protected":false},"author":1,"featured_media":8131,"comment_status":"open","ping_status":"open","sticky":false,"template":"","format":"standard","meta":{"_acf_changed":false,"footnotes":""},"categories":[61,64],"tags":[],"class_list":["post-11278","post","type-post","status-publish","format-standard","has-post-thumbnail","hentry","category-noticias","category-pjvt"],"acf":[],"yoast_head":"<!-- This site is optimized with the Yoast SEO plugin v27.5 - https:\/\/yoast.com\/product\/yoast-seo-wordpress\/ -->\n<title>Da Pastoral Juvenil Vocacional Teresiana - En Compa\u00f1\u00eda STJ<\/title>\n<meta name=\"robots\" content=\"index, follow, max-snippet:-1, max-image-preview:large, max-video-preview:-1\" \/>\n<link rel=\"canonical\" href=\"https:\/\/encompaniastj.org\/pt-pt\/da-pastoral-juvenil-vocacional-teresiana\/\" \/>\n<meta property=\"og:locale\" content=\"pt_PT\" \/>\n<meta property=\"og:type\" content=\"article\" \/>\n<meta property=\"og:title\" content=\"Da Pastoral Juvenil Vocacional Teresiana - En Compa\u00f1\u00eda STJ\" \/>\n<meta property=\"og:description\" content=\"Sauda\u00e7\u00f5es da Pastoral Juvenil Vocacional Teresiana. Mais uma vez queremos partilhar convosco novidades do \u00e2mbito, deste tempo que tem sabor de intensidade e promessa: Como muitos de v\u00f3s deveis ter [&hellip;]\" \/>\n<meta property=\"og:url\" content=\"https:\/\/encompaniastj.org\/pt-pt\/da-pastoral-juvenil-vocacional-teresiana\/\" \/>\n<meta property=\"og:site_name\" content=\"En Compa\u00f1\u00eda STJ\" \/>\n<meta property=\"article:published_time\" content=\"2022-11-17T09:14:01+00:00\" \/>\n<meta property=\"article:modified_time\" content=\"2025-07-07T14:23:50+00:00\" \/>\n<meta property=\"og:image\" content=\"https:\/\/encompaniastj.org\/wp-content\/uploads\/2025\/05\/Foto-1.jpeg\" \/>\n\t<meta property=\"og:image:width\" content=\"2048\" \/>\n\t<meta property=\"og:image:height\" content=\"1536\" \/>\n\t<meta property=\"og:image:type\" content=\"image\/jpeg\" \/>\n<meta name=\"author\" content=\"admin\" \/>\n<meta name=\"twitter:card\" content=\"summary_large_image\" \/>\n<meta name=\"twitter:label1\" content=\"Escrito por\" \/>\n\t<meta name=\"twitter:data1\" content=\"admin\" \/>\n\t<meta name=\"twitter:label2\" content=\"Tempo estimado de leitura\" \/>\n\t<meta name=\"twitter:data2\" content=\"2 minutos\" \/>\n<script type=\"application\/ld+json\" class=\"yoast-schema-graph\">{\"@context\":\"https:\\\/\\\/schema.org\",\"@graph\":[{\"@type\":\"Article\",\"@id\":\"https:\\\/\\\/encompaniastj.org\\\/pt-pt\\\/da-pastoral-juvenil-vocacional-teresiana\\\/#article\",\"isPartOf\":{\"@id\":\"https:\\\/\\\/encompaniastj.org\\\/pt-pt\\\/da-pastoral-juvenil-vocacional-teresiana\\\/\"},\"author\":{\"name\":\"admin\",\"@id\":\"https:\\\/\\\/encompaniastj.org\\\/pt-pt\\\/#\\\/schema\\\/person\\\/520e7ecc314793d40091993c2a02b651\"},\"headline\":\"Da Pastoral Juvenil Vocacional Teresiana\",\"datePublished\":\"2022-11-17T09:14:01+00:00\",\"dateModified\":\"2025-07-07T14:23:50+00:00\",\"mainEntityOfPage\":{\"@id\":\"https:\\\/\\\/encompaniastj.org\\\/pt-pt\\\/da-pastoral-juvenil-vocacional-teresiana\\\/\"},\"wordCount\":342,\"commentCount\":0,\"publisher\":{\"@id\":\"https:\\\/\\\/encompaniastj.org\\\/pt-pt\\\/#organization\"},\"image\":{\"@id\":\"https:\\\/\\\/encompaniastj.org\\\/pt-pt\\\/da-pastoral-juvenil-vocacional-teresiana\\\/#primaryimage\"},\"thumbnailUrl\":\"https:\\\/\\\/encompaniastj.org\\\/wp-content\\\/uploads\\\/2025\\\/05\\\/Foto-1.jpeg\",\"articleSection\":[\"Noticias\",\"PJVT\"],\"inLanguage\":\"pt-PT\",\"potentialAction\":[{\"@type\":\"CommentAction\",\"name\":\"Comment\",\"target\":[\"https:\\\/\\\/encompaniastj.org\\\/pt-pt\\\/da-pastoral-juvenil-vocacional-teresiana\\\/#respond\"]}]},{\"@type\":\"WebPage\",\"@id\":\"https:\\\/\\\/encompaniastj.org\\\/pt-pt\\\/da-pastoral-juvenil-vocacional-teresiana\\\/\",\"url\":\"https:\\\/\\\/encompaniastj.org\\\/pt-pt\\\/da-pastoral-juvenil-vocacional-teresiana\\\/\",\"name\":\"Da Pastoral Juvenil Vocacional Teresiana - En Compa\u00f1\u00eda STJ\",\"isPartOf\":{\"@id\":\"https:\\\/\\\/encompaniastj.org\\\/pt-pt\\\/#website\"},\"primaryImageOfPage\":{\"@id\":\"https:\\\/\\\/encompaniastj.org\\\/pt-pt\\\/da-pastoral-juvenil-vocacional-teresiana\\\/#primaryimage\"},\"image\":{\"@id\":\"https:\\\/\\\/encompaniastj.org\\\/pt-pt\\\/da-pastoral-juvenil-vocacional-teresiana\\\/#primaryimage\"},\"thumbnailUrl\":\"https:\\\/\\\/encompaniastj.org\\\/wp-content\\\/uploads\\\/2025\\\/05\\\/Foto-1.jpeg\",\"datePublished\":\"2022-11-17T09:14:01+00:00\",\"dateModified\":\"2025-07-07T14:23:50+00:00\",\"breadcrumb\":{\"@id\":\"https:\\\/\\\/encompaniastj.org\\\/pt-pt\\\/da-pastoral-juvenil-vocacional-teresiana\\\/#breadcrumb\"},\"inLanguage\":\"pt-PT\",\"potentialAction\":[{\"@type\":\"ReadAction\",\"target\":[\"https:\\\/\\\/encompaniastj.org\\\/pt-pt\\\/da-pastoral-juvenil-vocacional-teresiana\\\/\"]}]},{\"@type\":\"ImageObject\",\"inLanguage\":\"pt-PT\",\"@id\":\"https:\\\/\\\/encompaniastj.org\\\/pt-pt\\\/da-pastoral-juvenil-vocacional-teresiana\\\/#primaryimage\",\"url\":\"https:\\\/\\\/encompaniastj.org\\\/wp-content\\\/uploads\\\/2025\\\/05\\\/Foto-1.jpeg\",\"contentUrl\":\"https:\\\/\\\/encompaniastj.org\\\/wp-content\\\/uploads\\\/2025\\\/05\\\/Foto-1.jpeg\",\"width\":2048,\"height\":1536},{\"@type\":\"BreadcrumbList\",\"@id\":\"https:\\\/\\\/encompaniastj.org\\\/pt-pt\\\/da-pastoral-juvenil-vocacional-teresiana\\\/#breadcrumb\",\"itemListElement\":[{\"@type\":\"ListItem\",\"position\":1,\"name\":\"Portada\",\"item\":\"https:\\\/\\\/encompaniastj.org\\\/pt-pt\\\/\"},{\"@type\":\"ListItem\",\"position\":2,\"name\":\"Da Pastoral Juvenil Vocacional Teresiana\"}]},{\"@type\":\"WebSite\",\"@id\":\"https:\\\/\\\/encompaniastj.org\\\/pt-pt\\\/#website\",\"url\":\"https:\\\/\\\/encompaniastj.org\\\/pt-pt\\\/\",\"name\":\"En Compa\u00f1\u00eda STJ\",\"description\":\"Bolet\u00edn de la Compa\u00f1\u00eda de Santa Teresa de Jes\u00fas\",\"publisher\":{\"@id\":\"https:\\\/\\\/encompaniastj.org\\\/pt-pt\\\/#organization\"},\"potentialAction\":[{\"@type\":\"SearchAction\",\"target\":{\"@type\":\"EntryPoint\",\"urlTemplate\":\"https:\\\/\\\/encompaniastj.org\\\/pt-pt\\\/?s={search_term_string}\"},\"query-input\":{\"@type\":\"PropertyValueSpecification\",\"valueRequired\":true,\"valueName\":\"search_term_string\"}}],\"inLanguage\":\"pt-PT\"},{\"@type\":\"Organization\",\"@id\":\"https:\\\/\\\/encompaniastj.org\\\/pt-pt\\\/#organization\",\"name\":\"Compa\u00f1\u00eda de Santa Teresa de Jes\u00fas\",\"url\":\"https:\\\/\\\/encompaniastj.org\\\/pt-pt\\\/\",\"logo\":{\"@type\":\"ImageObject\",\"inLanguage\":\"pt-PT\",\"@id\":\"https:\\\/\\\/encompaniastj.org\\\/pt-pt\\\/#\\\/schema\\\/logo\\\/image\\\/\",\"url\":\"https:\\\/\\\/encompaniastj.org\\\/wp-content\\\/uploads\\\/2025\\\/04\\\/logo_provincias02-1-3.png\",\"contentUrl\":\"https:\\\/\\\/encompaniastj.org\\\/wp-content\\\/uploads\\\/2025\\\/04\\\/logo_provincias02-1-3.png\",\"width\":2368,\"height\":825,\"caption\":\"Compa\u00f1\u00eda de Santa Teresa de Jes\u00fas\"},\"image\":{\"@id\":\"https:\\\/\\\/encompaniastj.org\\\/pt-pt\\\/#\\\/schema\\\/logo\\\/image\\\/\"}},{\"@type\":\"Person\",\"@id\":\"https:\\\/\\\/encompaniastj.org\\\/pt-pt\\\/#\\\/schema\\\/person\\\/520e7ecc314793d40091993c2a02b651\",\"name\":\"admin\",\"image\":{\"@type\":\"ImageObject\",\"inLanguage\":\"pt-PT\",\"@id\":\"https:\\\/\\\/secure.gravatar.com\\\/avatar\\\/948b492cce32b586ac2db0eaa926ee87024f7afe218d73b397ea5ddfc5f43ea1?s=96&d=mm&r=g\",\"url\":\"https:\\\/\\\/secure.gravatar.com\\\/avatar\\\/948b492cce32b586ac2db0eaa926ee87024f7afe218d73b397ea5ddfc5f43ea1?s=96&d=mm&r=g\",\"contentUrl\":\"https:\\\/\\\/secure.gravatar.com\\\/avatar\\\/948b492cce32b586ac2db0eaa926ee87024f7afe218d73b397ea5ddfc5f43ea1?s=96&d=mm&r=g\",\"caption\":\"admin\"},\"sameAs\":[\"https:\\\/\\\/encompaniastj.org\"],\"url\":\"https:\\\/\\\/encompaniastj.org\\\/pt-pt\\\/author\\\/sjdigital\\\/\"}]}<\/script>\n<!-- \/ Yoast SEO plugin. -->","yoast_head_json":{"title":"Da Pastoral Juvenil Vocacional Teresiana - En Compa\u00f1\u00eda STJ","robots":{"index":"index","follow":"follow","max-snippet":"max-snippet:-1","max-image-preview":"max-image-preview:large","max-video-preview":"max-video-preview:-1"},"canonical":"https:\/\/encompaniastj.org\/pt-pt\/da-pastoral-juvenil-vocacional-teresiana\/","og_locale":"pt_PT","og_type":"article","og_title":"Da Pastoral Juvenil Vocacional Teresiana - En Compa\u00f1\u00eda STJ","og_description":"Sauda\u00e7\u00f5es da Pastoral Juvenil Vocacional Teresiana. Mais uma vez queremos partilhar convosco novidades do \u00e2mbito, deste tempo que tem sabor de intensidade e promessa: Como muitos de v\u00f3s deveis ter [&hellip;]","og_url":"https:\/\/encompaniastj.org\/pt-pt\/da-pastoral-juvenil-vocacional-teresiana\/","og_site_name":"En Compa\u00f1\u00eda STJ","article_published_time":"2022-11-17T09:14:01+00:00","article_modified_time":"2025-07-07T14:23:50+00:00","og_image":[{"width":2048,"height":1536,"url":"https:\/\/encompaniastj.org\/wp-content\/uploads\/2025\/05\/Foto-1.jpeg","type":"image\/jpeg"}],"author":"admin","twitter_card":"summary_large_image","twitter_misc":{"Escrito por":"admin","Tempo estimado de leitura":"2 minutos"},"schema":{"@context":"https:\/\/schema.org","@graph":[{"@type":"Article","@id":"https:\/\/encompaniastj.org\/pt-pt\/da-pastoral-juvenil-vocacional-teresiana\/#article","isPartOf":{"@id":"https:\/\/encompaniastj.org\/pt-pt\/da-pastoral-juvenil-vocacional-teresiana\/"},"author":{"name":"admin","@id":"https:\/\/encompaniastj.org\/pt-pt\/#\/schema\/person\/520e7ecc314793d40091993c2a02b651"},"headline":"Da Pastoral Juvenil Vocacional Teresiana","datePublished":"2022-11-17T09:14:01+00:00","dateModified":"2025-07-07T14:23:50+00:00","mainEntityOfPage":{"@id":"https:\/\/encompaniastj.org\/pt-pt\/da-pastoral-juvenil-vocacional-teresiana\/"},"wordCount":342,"commentCount":0,"publisher":{"@id":"https:\/\/encompaniastj.org\/pt-pt\/#organization"},"image":{"@id":"https:\/\/encompaniastj.org\/pt-pt\/da-pastoral-juvenil-vocacional-teresiana\/#primaryimage"},"thumbnailUrl":"https:\/\/encompaniastj.org\/wp-content\/uploads\/2025\/05\/Foto-1.jpeg","articleSection":["Noticias","PJVT"],"inLanguage":"pt-PT","potentialAction":[{"@type":"CommentAction","name":"Comment","target":["https:\/\/encompaniastj.org\/pt-pt\/da-pastoral-juvenil-vocacional-teresiana\/#respond"]}]},{"@type":"WebPage","@id":"https:\/\/encompaniastj.org\/pt-pt\/da-pastoral-juvenil-vocacional-teresiana\/","url":"https:\/\/encompaniastj.org\/pt-pt\/da-pastoral-juvenil-vocacional-teresiana\/","name":"Da Pastoral Juvenil Vocacional Teresiana - En Compa\u00f1\u00eda STJ","isPartOf":{"@id":"https:\/\/encompaniastj.org\/pt-pt\/#website"},"primaryImageOfPage":{"@id":"https:\/\/encompaniastj.org\/pt-pt\/da-pastoral-juvenil-vocacional-teresiana\/#primaryimage"},"image":{"@id":"https:\/\/encompaniastj.org\/pt-pt\/da-pastoral-juvenil-vocacional-teresiana\/#primaryimage"},"thumbnailUrl":"https:\/\/encompaniastj.org\/wp-content\/uploads\/2025\/05\/Foto-1.jpeg","datePublished":"2022-11-17T09:14:01+00:00","dateModified":"2025-07-07T14:23:50+00:00","breadcrumb":{"@id":"https:\/\/encompaniastj.org\/pt-pt\/da-pastoral-juvenil-vocacional-teresiana\/#breadcrumb"},"inLanguage":"pt-PT","potentialAction":[{"@type":"ReadAction","target":["https:\/\/encompaniastj.org\/pt-pt\/da-pastoral-juvenil-vocacional-teresiana\/"]}]},{"@type":"ImageObject","inLanguage":"pt-PT","@id":"https:\/\/encompaniastj.org\/pt-pt\/da-pastoral-juvenil-vocacional-teresiana\/#primaryimage","url":"https:\/\/encompaniastj.org\/wp-content\/uploads\/2025\/05\/Foto-1.jpeg","contentUrl":"https:\/\/encompaniastj.org\/wp-content\/uploads\/2025\/05\/Foto-1.jpeg","width":2048,"height":1536},{"@type":"BreadcrumbList","@id":"https:\/\/encompaniastj.org\/pt-pt\/da-pastoral-juvenil-vocacional-teresiana\/#breadcrumb","itemListElement":[{"@type":"ListItem","position":1,"name":"Portada","item":"https:\/\/encompaniastj.org\/pt-pt\/"},{"@type":"ListItem","position":2,"name":"Da Pastoral Juvenil Vocacional Teresiana"}]},{"@type":"WebSite","@id":"https:\/\/encompaniastj.org\/pt-pt\/#website","url":"https:\/\/encompaniastj.org\/pt-pt\/","name":"En Compa\u00f1\u00eda STJ","description":"Bolet\u00edn de la Compa\u00f1\u00eda de Santa Teresa de Jes\u00fas","publisher":{"@id":"https:\/\/encompaniastj.org\/pt-pt\/#organization"},"potentialAction":[{"@type":"SearchAction","target":{"@type":"EntryPoint","urlTemplate":"https:\/\/encompaniastj.org\/pt-pt\/?s={search_term_string}"},"query-input":{"@type":"PropertyValueSpecification","valueRequired":true,"valueName":"search_term_string"}}],"inLanguage":"pt-PT"},{"@type":"Organization","@id":"https:\/\/encompaniastj.org\/pt-pt\/#organization","name":"Compa\u00f1\u00eda de Santa Teresa de Jes\u00fas","url":"https:\/\/encompaniastj.org\/pt-pt\/","logo":{"@type":"ImageObject","inLanguage":"pt-PT","@id":"https:\/\/encompaniastj.org\/pt-pt\/#\/schema\/logo\/image\/","url":"https:\/\/encompaniastj.org\/wp-content\/uploads\/2025\/04\/logo_provincias02-1-3.png","contentUrl":"https:\/\/encompaniastj.org\/wp-content\/uploads\/2025\/04\/logo_provincias02-1-3.png","width":2368,"height":825,"caption":"Compa\u00f1\u00eda de Santa Teresa de Jes\u00fas"},"image":{"@id":"https:\/\/encompaniastj.org\/pt-pt\/#\/schema\/logo\/image\/"}},{"@type":"Person","@id":"https:\/\/encompaniastj.org\/pt-pt\/#\/schema\/person\/520e7ecc314793d40091993c2a02b651","name":"admin","image":{"@type":"ImageObject","inLanguage":"pt-PT","@id":"https:\/\/secure.gravatar.com\/avatar\/948b492cce32b586ac2db0eaa926ee87024f7afe218d73b397ea5ddfc5f43ea1?s=96&d=mm&r=g","url":"https:\/\/secure.gravatar.com\/avatar\/948b492cce32b586ac2db0eaa926ee87024f7afe218d73b397ea5ddfc5f43ea1?s=96&d=mm&r=g","contentUrl":"https:\/\/secure.gravatar.com\/avatar\/948b492cce32b586ac2db0eaa926ee87024f7afe218d73b397ea5ddfc5f43ea1?s=96&d=mm&r=g","caption":"admin"},"sameAs":["https:\/\/encompaniastj.org"],"url":"https:\/\/encompaniastj.org\/pt-pt\/author\/sjdigital\/"}]}},"_links":{"self":[{"href":"https:\/\/encompaniastj.org\/pt-pt\/wp-json\/wp\/v2\/posts\/11278","targetHints":{"allow":["GET"]}}],"collection":[{"href":"https:\/\/encompaniastj.org\/pt-pt\/wp-json\/wp\/v2\/posts"}],"about":[{"href":"https:\/\/encompaniastj.org\/pt-pt\/wp-json\/wp\/v2\/types\/post"}],"author":[{"embeddable":true,"href":"https:\/\/encompaniastj.org\/pt-pt\/wp-json\/wp\/v2\/users\/1"}],"replies":[{"embeddable":true,"href":"https:\/\/encompaniastj.org\/pt-pt\/wp-json\/wp\/v2\/comments?post=11278"}],"version-history":[{"count":1,"href":"https:\/\/encompaniastj.org\/pt-pt\/wp-json\/wp\/v2\/posts\/11278\/revisions"}],"predecessor-version":[{"id":11279,"href":"https:\/\/encompaniastj.org\/pt-pt\/wp-json\/wp\/v2\/posts\/11278\/revisions\/11279"}],"wp:featuredmedia":[{"embeddable":true,"href":"https:\/\/encompaniastj.org\/pt-pt\/wp-json\/wp\/v2\/media\/8131"}],"wp:attachment":[{"href":"https:\/\/encompaniastj.org\/pt-pt\/wp-json\/wp\/v2\/media?parent=11278"}],"wp:term":[{"taxonomy":"category","embeddable":true,"href":"https:\/\/encompaniastj.org\/pt-pt\/wp-json\/wp\/v2\/categories?post=11278"},{"taxonomy":"post_tag","embeddable":true,"href":"https:\/\/encompaniastj.org\/pt-pt\/wp-json\/wp\/v2\/tags?post=11278"}],"curies":[{"name":"wp","href":"https:\/\/api.w.org\/{rel}","templated":true}]}}