{"id":11274,"date":"2022-11-15T08:18:26","date_gmt":"2022-11-15T07:18:26","guid":{"rendered":"https:\/\/encompaniastj.org\/visita-da-paroquia-santo-henrique-de-osso\/"},"modified":"2025-07-07T16:23:50","modified_gmt":"2025-07-07T14:23:50","slug":"visita-da-paroquia-santo-henrique-de-osso","status":"publish","type":"post","link":"https:\/\/encompaniastj.org\/pt-pt\/visita-da-paroquia-santo-henrique-de-osso\/","title":{"rendered":"Visita da Par\u00f3quia Santo Henrique de Oss\u00f3"},"content":{"rendered":"<p>No s\u00e1bado, 30 de outubro de 2022, a par\u00f3quia de Santo Henrique de Oss\u00f3, em Can Vidalet, visitou-nos. Como no ano passado, pediram-nos para passar um dia no nosso col\u00e9gio.<\/p>\n<p>Um bom grupo de fam\u00edlias, catequistas, colaboradores, acompanhados pelo Pe. Est\u00eav\u00e3o. Foi bom ver as crian\u00e7as desfrutando \u00e0 vontade dos campos de jogo, onde passaram boa parte da manh\u00e3 enquanto os adultos visitavam o castelo de Gaud\u00ed, aproveitando a beleza que ele cont\u00e9m. \u00c0s 12h30 tivemos a Eucaristia, muito bem preparada e participada. Fic\u00e1mos impressionadas com o qu\u00e3o bem cantavam e o cuidado com que eles escolheram as m\u00fasicas.<\/p>\n<p>Ap\u00f3s o almo\u00e7o, com uma longa discuss\u00e3o cordial e fraterna ap\u00f3s a refei\u00e7\u00e3o, tiraram a foto obrigat\u00f3ria em torno da est\u00e1tua de Santo Henrique que parecia sorrir para eles como membros da par\u00f3quia que leva o seu nome.<\/p>\n<p>Despediram-se muito felizes e agradecidos. E n\u00f3s tamb\u00e9m estamos felizes por poder receb\u00ea-los.<\/p>\n<p>Anexamos um trecho da cr\u00f3nica escrita por Pablo Mart\u00edn, 14 anos, filho de catequista, da Par\u00f3quia Henrique d&#8217;Oss\u00f3, que viu no domingo como um grupo.<\/p>\n<p><em>\u2026Antes de comer fomos todos \u00e0 Capela para a celebra\u00e7\u00e3o da Eucaristia. Todos pudemos contemplar a sua arquitetura e os detalhes das pinturas com a representa\u00e7\u00e3o de passagens do Antigo Testamento e do Novo Testamento.<\/em><\/p>\n<p><em>Fic\u00e1mos impressionados com os vitrais que representam diferentes momentos da vida de Santa Teresa e a est\u00e1tua de Santo Henrique de Oss\u00f3, fundador da Companhia de Santa Teresa de Jesus e padroeiro de nossa par\u00f3quia e catequistas.<\/em><\/p>\n<p><em>Estamos muito gratos pelo acolhimento no Col\u00e9gio, esperamos poder visit\u00e1-lo novamente em breve!&#8230;<\/em><\/p>\n<p>COMUNIDADE GANDUXER, CASA MADRE<\/p>\n<p><img loading=\"lazy\" decoding=\"async\" class=\"aligncenter wp-image-10136 size-large\" src=\"https:\/\/encompaniastj.org\/wp-content\/uploads\/2025\/05\/parroquia-EdO.jpg\" alt=\"\" width=\"1024\" height=\"768\" \/><\/p>\n","protected":false},"excerpt":{"rendered":"<p>No s\u00e1bado, 30 de outubro de 2022, a par\u00f3quia de Santo Henrique de Oss\u00f3, em Can Vidalet, visitou-nos. Como no ano passado, pediram-nos para passar um dia no nosso col\u00e9gio. [&hellip;]<\/p>\n","protected":false},"author":1,"featured_media":8129,"comment_status":"open","ping_status":"open","sticky":false,"template":"","format":"standard","meta":{"_acf_changed":false,"footnotes":""},"categories":[61,62,68],"tags":[],"class_list":["post-11274","post","type-post","status-publish","format-standard","has-post-thumbnail","hentry","category-noticias","category-otras","category-outras"],"acf":[],"yoast_head":"<!-- This site is optimized with the Yoast SEO plugin v27.5 - https:\/\/yoast.com\/product\/yoast-seo-wordpress\/ -->\n<title>Visita da Par\u00f3quia Santo Henrique de Oss\u00f3 - En Compa\u00f1\u00eda STJ<\/title>\n<meta name=\"robots\" content=\"index, follow, max-snippet:-1, max-image-preview:large, max-video-preview:-1\" \/>\n<link rel=\"canonical\" href=\"https:\/\/encompaniastj.org\/pt-pt\/visita-da-paroquia-santo-henrique-de-osso\/\" \/>\n<meta property=\"og:locale\" content=\"pt_PT\" \/>\n<meta property=\"og:type\" content=\"article\" \/>\n<meta property=\"og:title\" content=\"Visita da Par\u00f3quia Santo Henrique de Oss\u00f3 - En Compa\u00f1\u00eda STJ\" \/>\n<meta property=\"og:description\" content=\"No s\u00e1bado, 30 de outubro de 2022, a par\u00f3quia de Santo Henrique de Oss\u00f3, em Can Vidalet, visitou-nos. Como no ano passado, pediram-nos para passar um dia no nosso col\u00e9gio. [&hellip;]\" \/>\n<meta property=\"og:url\" content=\"https:\/\/encompaniastj.org\/pt-pt\/visita-da-paroquia-santo-henrique-de-osso\/\" \/>\n<meta property=\"og:site_name\" content=\"En Compa\u00f1\u00eda STJ\" \/>\n<meta property=\"article:published_time\" content=\"2022-11-15T07:18:26+00:00\" \/>\n<meta property=\"article:modified_time\" content=\"2025-07-07T14:23:50+00:00\" \/>\n<meta property=\"og:image\" content=\"https:\/\/encompaniastj.org\/wp-content\/uploads\/2025\/05\/parroquia-EdO.jpg\" \/>\n\t<meta property=\"og:image:width\" content=\"1600\" \/>\n\t<meta property=\"og:image:height\" content=\"1200\" \/>\n\t<meta property=\"og:image:type\" content=\"image\/jpeg\" \/>\n<meta name=\"author\" content=\"admin\" \/>\n<meta name=\"twitter:card\" content=\"summary_large_image\" \/>\n<meta name=\"twitter:label1\" content=\"Escrito por\" \/>\n\t<meta name=\"twitter:data1\" content=\"admin\" \/>\n\t<meta name=\"twitter:label2\" content=\"Tempo estimado de leitura\" \/>\n\t<meta name=\"twitter:data2\" content=\"2 minutos\" \/>\n<script type=\"application\/ld+json\" class=\"yoast-schema-graph\">{\"@context\":\"https:\\\/\\\/schema.org\",\"@graph\":[{\"@type\":\"Article\",\"@id\":\"https:\\\/\\\/encompaniastj.org\\\/pt-pt\\\/visita-da-paroquia-santo-henrique-de-osso\\\/#article\",\"isPartOf\":{\"@id\":\"https:\\\/\\\/encompaniastj.org\\\/pt-pt\\\/visita-da-paroquia-santo-henrique-de-osso\\\/\"},\"author\":{\"name\":\"admin\",\"@id\":\"https:\\\/\\\/encompaniastj.org\\\/pt-pt\\\/#\\\/schema\\\/person\\\/520e7ecc314793d40091993c2a02b651\"},\"headline\":\"Visita da Par\u00f3quia Santo Henrique de Oss\u00f3\",\"datePublished\":\"2022-11-15T07:18:26+00:00\",\"dateModified\":\"2025-07-07T14:23:50+00:00\",\"mainEntityOfPage\":{\"@id\":\"https:\\\/\\\/encompaniastj.org\\\/pt-pt\\\/visita-da-paroquia-santo-henrique-de-osso\\\/\"},\"wordCount\":300,\"commentCount\":0,\"publisher\":{\"@id\":\"https:\\\/\\\/encompaniastj.org\\\/pt-pt\\\/#organization\"},\"image\":{\"@id\":\"https:\\\/\\\/encompaniastj.org\\\/pt-pt\\\/visita-da-paroquia-santo-henrique-de-osso\\\/#primaryimage\"},\"thumbnailUrl\":\"https:\\\/\\\/encompaniastj.org\\\/wp-content\\\/uploads\\\/2025\\\/05\\\/parroquia-EdO.jpg\",\"articleSection\":[\"Noticias\",\"Otras\",\"Outras\"],\"inLanguage\":\"pt-PT\",\"potentialAction\":[{\"@type\":\"CommentAction\",\"name\":\"Comment\",\"target\":[\"https:\\\/\\\/encompaniastj.org\\\/pt-pt\\\/visita-da-paroquia-santo-henrique-de-osso\\\/#respond\"]}]},{\"@type\":\"WebPage\",\"@id\":\"https:\\\/\\\/encompaniastj.org\\\/pt-pt\\\/visita-da-paroquia-santo-henrique-de-osso\\\/\",\"url\":\"https:\\\/\\\/encompaniastj.org\\\/pt-pt\\\/visita-da-paroquia-santo-henrique-de-osso\\\/\",\"name\":\"Visita da Par\u00f3quia Santo Henrique de Oss\u00f3 - En Compa\u00f1\u00eda STJ\",\"isPartOf\":{\"@id\":\"https:\\\/\\\/encompaniastj.org\\\/pt-pt\\\/#website\"},\"primaryImageOfPage\":{\"@id\":\"https:\\\/\\\/encompaniastj.org\\\/pt-pt\\\/visita-da-paroquia-santo-henrique-de-osso\\\/#primaryimage\"},\"image\":{\"@id\":\"https:\\\/\\\/encompaniastj.org\\\/pt-pt\\\/visita-da-paroquia-santo-henrique-de-osso\\\/#primaryimage\"},\"thumbnailUrl\":\"https:\\\/\\\/encompaniastj.org\\\/wp-content\\\/uploads\\\/2025\\\/05\\\/parroquia-EdO.jpg\",\"datePublished\":\"2022-11-15T07:18:26+00:00\",\"dateModified\":\"2025-07-07T14:23:50+00:00\",\"breadcrumb\":{\"@id\":\"https:\\\/\\\/encompaniastj.org\\\/pt-pt\\\/visita-da-paroquia-santo-henrique-de-osso\\\/#breadcrumb\"},\"inLanguage\":\"pt-PT\",\"potentialAction\":[{\"@type\":\"ReadAction\",\"target\":[\"https:\\\/\\\/encompaniastj.org\\\/pt-pt\\\/visita-da-paroquia-santo-henrique-de-osso\\\/\"]}]},{\"@type\":\"ImageObject\",\"inLanguage\":\"pt-PT\",\"@id\":\"https:\\\/\\\/encompaniastj.org\\\/pt-pt\\\/visita-da-paroquia-santo-henrique-de-osso\\\/#primaryimage\",\"url\":\"https:\\\/\\\/encompaniastj.org\\\/wp-content\\\/uploads\\\/2025\\\/05\\\/parroquia-EdO.jpg\",\"contentUrl\":\"https:\\\/\\\/encompaniastj.org\\\/wp-content\\\/uploads\\\/2025\\\/05\\\/parroquia-EdO.jpg\",\"width\":1600,\"height\":1200},{\"@type\":\"BreadcrumbList\",\"@id\":\"https:\\\/\\\/encompaniastj.org\\\/pt-pt\\\/visita-da-paroquia-santo-henrique-de-osso\\\/#breadcrumb\",\"itemListElement\":[{\"@type\":\"ListItem\",\"position\":1,\"name\":\"Portada\",\"item\":\"https:\\\/\\\/encompaniastj.org\\\/pt-pt\\\/\"},{\"@type\":\"ListItem\",\"position\":2,\"name\":\"Visita da Par\u00f3quia Santo Henrique de Oss\u00f3\"}]},{\"@type\":\"WebSite\",\"@id\":\"https:\\\/\\\/encompaniastj.org\\\/pt-pt\\\/#website\",\"url\":\"https:\\\/\\\/encompaniastj.org\\\/pt-pt\\\/\",\"name\":\"En Compa\u00f1\u00eda STJ\",\"description\":\"Bolet\u00edn de la Compa\u00f1\u00eda de Santa Teresa de Jes\u00fas\",\"publisher\":{\"@id\":\"https:\\\/\\\/encompaniastj.org\\\/pt-pt\\\/#organization\"},\"potentialAction\":[{\"@type\":\"SearchAction\",\"target\":{\"@type\":\"EntryPoint\",\"urlTemplate\":\"https:\\\/\\\/encompaniastj.org\\\/pt-pt\\\/?s={search_term_string}\"},\"query-input\":{\"@type\":\"PropertyValueSpecification\",\"valueRequired\":true,\"valueName\":\"search_term_string\"}}],\"inLanguage\":\"pt-PT\"},{\"@type\":\"Organization\",\"@id\":\"https:\\\/\\\/encompaniastj.org\\\/pt-pt\\\/#organization\",\"name\":\"Compa\u00f1\u00eda de Santa Teresa de Jes\u00fas\",\"url\":\"https:\\\/\\\/encompaniastj.org\\\/pt-pt\\\/\",\"logo\":{\"@type\":\"ImageObject\",\"inLanguage\":\"pt-PT\",\"@id\":\"https:\\\/\\\/encompaniastj.org\\\/pt-pt\\\/#\\\/schema\\\/logo\\\/image\\\/\",\"url\":\"https:\\\/\\\/encompaniastj.org\\\/wp-content\\\/uploads\\\/2025\\\/04\\\/logo_provincias02-1-3.png\",\"contentUrl\":\"https:\\\/\\\/encompaniastj.org\\\/wp-content\\\/uploads\\\/2025\\\/04\\\/logo_provincias02-1-3.png\",\"width\":2368,\"height\":825,\"caption\":\"Compa\u00f1\u00eda de Santa Teresa de Jes\u00fas\"},\"image\":{\"@id\":\"https:\\\/\\\/encompaniastj.org\\\/pt-pt\\\/#\\\/schema\\\/logo\\\/image\\\/\"}},{\"@type\":\"Person\",\"@id\":\"https:\\\/\\\/encompaniastj.org\\\/pt-pt\\\/#\\\/schema\\\/person\\\/520e7ecc314793d40091993c2a02b651\",\"name\":\"admin\",\"image\":{\"@type\":\"ImageObject\",\"inLanguage\":\"pt-PT\",\"@id\":\"https:\\\/\\\/secure.gravatar.com\\\/avatar\\\/948b492cce32b586ac2db0eaa926ee87024f7afe218d73b397ea5ddfc5f43ea1?s=96&d=mm&r=g\",\"url\":\"https:\\\/\\\/secure.gravatar.com\\\/avatar\\\/948b492cce32b586ac2db0eaa926ee87024f7afe218d73b397ea5ddfc5f43ea1?s=96&d=mm&r=g\",\"contentUrl\":\"https:\\\/\\\/secure.gravatar.com\\\/avatar\\\/948b492cce32b586ac2db0eaa926ee87024f7afe218d73b397ea5ddfc5f43ea1?s=96&d=mm&r=g\",\"caption\":\"admin\"},\"sameAs\":[\"https:\\\/\\\/encompaniastj.org\"],\"url\":\"https:\\\/\\\/encompaniastj.org\\\/pt-pt\\\/author\\\/sjdigital\\\/\"}]}<\/script>\n<!-- \/ Yoast SEO plugin. -->","yoast_head_json":{"title":"Visita da Par\u00f3quia Santo Henrique de Oss\u00f3 - En Compa\u00f1\u00eda STJ","robots":{"index":"index","follow":"follow","max-snippet":"max-snippet:-1","max-image-preview":"max-image-preview:large","max-video-preview":"max-video-preview:-1"},"canonical":"https:\/\/encompaniastj.org\/pt-pt\/visita-da-paroquia-santo-henrique-de-osso\/","og_locale":"pt_PT","og_type":"article","og_title":"Visita da Par\u00f3quia Santo Henrique de Oss\u00f3 - En Compa\u00f1\u00eda STJ","og_description":"No s\u00e1bado, 30 de outubro de 2022, a par\u00f3quia de Santo Henrique de Oss\u00f3, em Can Vidalet, visitou-nos. Como no ano passado, pediram-nos para passar um dia no nosso col\u00e9gio. [&hellip;]","og_url":"https:\/\/encompaniastj.org\/pt-pt\/visita-da-paroquia-santo-henrique-de-osso\/","og_site_name":"En Compa\u00f1\u00eda STJ","article_published_time":"2022-11-15T07:18:26+00:00","article_modified_time":"2025-07-07T14:23:50+00:00","og_image":[{"width":1600,"height":1200,"url":"https:\/\/encompaniastj.org\/wp-content\/uploads\/2025\/05\/parroquia-EdO.jpg","type":"image\/jpeg"}],"author":"admin","twitter_card":"summary_large_image","twitter_misc":{"Escrito por":"admin","Tempo estimado de leitura":"2 minutos"},"schema":{"@context":"https:\/\/schema.org","@graph":[{"@type":"Article","@id":"https:\/\/encompaniastj.org\/pt-pt\/visita-da-paroquia-santo-henrique-de-osso\/#article","isPartOf":{"@id":"https:\/\/encompaniastj.org\/pt-pt\/visita-da-paroquia-santo-henrique-de-osso\/"},"author":{"name":"admin","@id":"https:\/\/encompaniastj.org\/pt-pt\/#\/schema\/person\/520e7ecc314793d40091993c2a02b651"},"headline":"Visita da Par\u00f3quia Santo Henrique de Oss\u00f3","datePublished":"2022-11-15T07:18:26+00:00","dateModified":"2025-07-07T14:23:50+00:00","mainEntityOfPage":{"@id":"https:\/\/encompaniastj.org\/pt-pt\/visita-da-paroquia-santo-henrique-de-osso\/"},"wordCount":300,"commentCount":0,"publisher":{"@id":"https:\/\/encompaniastj.org\/pt-pt\/#organization"},"image":{"@id":"https:\/\/encompaniastj.org\/pt-pt\/visita-da-paroquia-santo-henrique-de-osso\/#primaryimage"},"thumbnailUrl":"https:\/\/encompaniastj.org\/wp-content\/uploads\/2025\/05\/parroquia-EdO.jpg","articleSection":["Noticias","Otras","Outras"],"inLanguage":"pt-PT","potentialAction":[{"@type":"CommentAction","name":"Comment","target":["https:\/\/encompaniastj.org\/pt-pt\/visita-da-paroquia-santo-henrique-de-osso\/#respond"]}]},{"@type":"WebPage","@id":"https:\/\/encompaniastj.org\/pt-pt\/visita-da-paroquia-santo-henrique-de-osso\/","url":"https:\/\/encompaniastj.org\/pt-pt\/visita-da-paroquia-santo-henrique-de-osso\/","name":"Visita da Par\u00f3quia Santo Henrique de Oss\u00f3 - En Compa\u00f1\u00eda STJ","isPartOf":{"@id":"https:\/\/encompaniastj.org\/pt-pt\/#website"},"primaryImageOfPage":{"@id":"https:\/\/encompaniastj.org\/pt-pt\/visita-da-paroquia-santo-henrique-de-osso\/#primaryimage"},"image":{"@id":"https:\/\/encompaniastj.org\/pt-pt\/visita-da-paroquia-santo-henrique-de-osso\/#primaryimage"},"thumbnailUrl":"https:\/\/encompaniastj.org\/wp-content\/uploads\/2025\/05\/parroquia-EdO.jpg","datePublished":"2022-11-15T07:18:26+00:00","dateModified":"2025-07-07T14:23:50+00:00","breadcrumb":{"@id":"https:\/\/encompaniastj.org\/pt-pt\/visita-da-paroquia-santo-henrique-de-osso\/#breadcrumb"},"inLanguage":"pt-PT","potentialAction":[{"@type":"ReadAction","target":["https:\/\/encompaniastj.org\/pt-pt\/visita-da-paroquia-santo-henrique-de-osso\/"]}]},{"@type":"ImageObject","inLanguage":"pt-PT","@id":"https:\/\/encompaniastj.org\/pt-pt\/visita-da-paroquia-santo-henrique-de-osso\/#primaryimage","url":"https:\/\/encompaniastj.org\/wp-content\/uploads\/2025\/05\/parroquia-EdO.jpg","contentUrl":"https:\/\/encompaniastj.org\/wp-content\/uploads\/2025\/05\/parroquia-EdO.jpg","width":1600,"height":1200},{"@type":"BreadcrumbList","@id":"https:\/\/encompaniastj.org\/pt-pt\/visita-da-paroquia-santo-henrique-de-osso\/#breadcrumb","itemListElement":[{"@type":"ListItem","position":1,"name":"Portada","item":"https:\/\/encompaniastj.org\/pt-pt\/"},{"@type":"ListItem","position":2,"name":"Visita da Par\u00f3quia Santo Henrique de Oss\u00f3"}]},{"@type":"WebSite","@id":"https:\/\/encompaniastj.org\/pt-pt\/#website","url":"https:\/\/encompaniastj.org\/pt-pt\/","name":"En Compa\u00f1\u00eda STJ","description":"Bolet\u00edn de la Compa\u00f1\u00eda de Santa Teresa de Jes\u00fas","publisher":{"@id":"https:\/\/encompaniastj.org\/pt-pt\/#organization"},"potentialAction":[{"@type":"SearchAction","target":{"@type":"EntryPoint","urlTemplate":"https:\/\/encompaniastj.org\/pt-pt\/?s={search_term_string}"},"query-input":{"@type":"PropertyValueSpecification","valueRequired":true,"valueName":"search_term_string"}}],"inLanguage":"pt-PT"},{"@type":"Organization","@id":"https:\/\/encompaniastj.org\/pt-pt\/#organization","name":"Compa\u00f1\u00eda de Santa Teresa de Jes\u00fas","url":"https:\/\/encompaniastj.org\/pt-pt\/","logo":{"@type":"ImageObject","inLanguage":"pt-PT","@id":"https:\/\/encompaniastj.org\/pt-pt\/#\/schema\/logo\/image\/","url":"https:\/\/encompaniastj.org\/wp-content\/uploads\/2025\/04\/logo_provincias02-1-3.png","contentUrl":"https:\/\/encompaniastj.org\/wp-content\/uploads\/2025\/04\/logo_provincias02-1-3.png","width":2368,"height":825,"caption":"Compa\u00f1\u00eda de Santa Teresa de Jes\u00fas"},"image":{"@id":"https:\/\/encompaniastj.org\/pt-pt\/#\/schema\/logo\/image\/"}},{"@type":"Person","@id":"https:\/\/encompaniastj.org\/pt-pt\/#\/schema\/person\/520e7ecc314793d40091993c2a02b651","name":"admin","image":{"@type":"ImageObject","inLanguage":"pt-PT","@id":"https:\/\/secure.gravatar.com\/avatar\/948b492cce32b586ac2db0eaa926ee87024f7afe218d73b397ea5ddfc5f43ea1?s=96&d=mm&r=g","url":"https:\/\/secure.gravatar.com\/avatar\/948b492cce32b586ac2db0eaa926ee87024f7afe218d73b397ea5ddfc5f43ea1?s=96&d=mm&r=g","contentUrl":"https:\/\/secure.gravatar.com\/avatar\/948b492cce32b586ac2db0eaa926ee87024f7afe218d73b397ea5ddfc5f43ea1?s=96&d=mm&r=g","caption":"admin"},"sameAs":["https:\/\/encompaniastj.org"],"url":"https:\/\/encompaniastj.org\/pt-pt\/author\/sjdigital\/"}]}},"_links":{"self":[{"href":"https:\/\/encompaniastj.org\/pt-pt\/wp-json\/wp\/v2\/posts\/11274","targetHints":{"allow":["GET"]}}],"collection":[{"href":"https:\/\/encompaniastj.org\/pt-pt\/wp-json\/wp\/v2\/posts"}],"about":[{"href":"https:\/\/encompaniastj.org\/pt-pt\/wp-json\/wp\/v2\/types\/post"}],"author":[{"embeddable":true,"href":"https:\/\/encompaniastj.org\/pt-pt\/wp-json\/wp\/v2\/users\/1"}],"replies":[{"embeddable":true,"href":"https:\/\/encompaniastj.org\/pt-pt\/wp-json\/wp\/v2\/comments?post=11274"}],"version-history":[{"count":1,"href":"https:\/\/encompaniastj.org\/pt-pt\/wp-json\/wp\/v2\/posts\/11274\/revisions"}],"predecessor-version":[{"id":11275,"href":"https:\/\/encompaniastj.org\/pt-pt\/wp-json\/wp\/v2\/posts\/11274\/revisions\/11275"}],"wp:featuredmedia":[{"embeddable":true,"href":"https:\/\/encompaniastj.org\/pt-pt\/wp-json\/wp\/v2\/media\/8129"}],"wp:attachment":[{"href":"https:\/\/encompaniastj.org\/pt-pt\/wp-json\/wp\/v2\/media?parent=11274"}],"wp:term":[{"taxonomy":"category","embeddable":true,"href":"https:\/\/encompaniastj.org\/pt-pt\/wp-json\/wp\/v2\/categories?post=11274"},{"taxonomy":"post_tag","embeddable":true,"href":"https:\/\/encompaniastj.org\/pt-pt\/wp-json\/wp\/v2\/tags?post=11274"}],"curies":[{"name":"wp","href":"https:\/\/api.w.org\/{rel}","templated":true}]}}