{"id":11256,"date":"2022-11-14T09:57:39","date_gmt":"2022-11-14T08:57:39","guid":{"rendered":"https:\/\/encompaniastj.org\/imigrantes-com-fome-de-deus-aprender-com-eles\/"},"modified":"2025-07-07T16:23:47","modified_gmt":"2025-07-07T14:23:47","slug":"imigrantes-com-fome-de-deus-aprender-com-eles","status":"publish","type":"post","link":"https:\/\/encompaniastj.org\/pt-pt\/imigrantes-com-fome-de-deus-aprender-com-eles\/","title":{"rendered":"Imigrantes com fome de Deus. Aprender com eles."},"content":{"rendered":"<p>S\u00e3o dois imigrantes Colombianos. Alexandre e Bernardo (nomes fict\u00edcios), que vieram para Portugal \u00e0 procura de melhores condi\u00e7\u00f5es de vida, com o objetivo de arranjarem trabalho e maneira de \u201ctrazer para c\u00e1\u201d as suas esposas e filhos. Alugaram uma pequena casa em Elvas e conseguiram emprego tempor\u00e1rio na vizinha Espanha. O emprego terminou e de repente viram-se sem possibilidade de pagarem o aluguer da casa, sem alimentos, sem roupas e sem muitas outras necessidades prim\u00e1rias. Atrav\u00e9s da Seguran\u00e7a Social chegaram at\u00e9 mim para partilhar as suas dificuldades e pedirem ajuda.<\/p>\n<p>Como no dia da \u201cErradica\u00e7\u00e3o da Pobreza\u201d, 17 de outubro, t\u00ednhamos feito, junto dos alunos do col\u00e9gio, uma recolha de alimentos, levaram uma grande quantidade de bens alimentares e quiseram agradecer aos alunos, tirando com eles uma fotografia, abra\u00e7ando-os e falando-lhes dos seus filhos que deixaram na Col\u00f4mbia. Combinei com eles um hor\u00e1rio para irem ao Roupeiro Social pois precisavam tamb\u00e9m de roupa. Enquanto procuravam roupa adequada para eles um deles disse-me:<\/p>\n<p><em>\u201cHermana somos cat\u00f3licos. Necessitamos de um ros\u00e1rio, um crucifixo e una b\u00edblia\u201d<\/em><\/p>\n<p>Procurei, n\u00e3o naquele momento, mas noutro, entregar-lhes o que me pediam e mais uma vez compreendi que <em>\u201cNEM S\u00d3 DE P\u00c3O VIVE O HOMEM\u201d.<\/em> Ajudar as pessoas apenas com o p\u00e3o material \u00e9 muito pouco. \u00c9 necess\u00e1rio, tamb\u00e9m, o p\u00e3o espiritual, o p\u00e3o da proximidade, o p\u00e3o dos afetos e o p\u00e3o da escuta. No final de lhe entregar o que pediam beijaram o crucifixo e a b\u00edblia e em espanhol rezaram a Ave Maria.<\/p>\n<p>Disseram-me: \u201cHermana es que sin Dios non podemos vivir. Es dif\u00edcil ser imigrante\u201d<\/p>\n<p><em>O que tenho aprendido com os imigrantes?<\/em><\/p>\n<p>-Que o nosso atendimento a cada um tem que ser personalizado. Atender \u00e0s suas necessidades f\u00edsicas e espirituais.<\/p>\n<p>-Escutar sem pressas, sem preconceitos, com muita paci\u00eancia e amor. S\u00e3o mist\u00e9rio, s\u00e3o terreno sagrado, s\u00e3o Jesus imigrante que nos estendem a m\u00e3o e nos pedem ajuda.<\/p>\n<p>-Trabalhar \u201cem rede\u201d, com outras institui\u00e7\u00f5es, para ajudar na procura de casa, de emprego, aprender l\u00edngua e costumes, legaliza\u00e7\u00e3o de documentos, etc.<\/p>\n<p>-Rezar com eles respeitando os seus cultos. Neste caso, o Alexandre e o Bernardo s\u00e3o cat\u00f3licos praticantes e por isso mostr\u00e1mos-lhe as Igrejas de Elvas, indicamos o hor\u00e1rio das Eucaristias, do atendimento dos p\u00e1rocos, dos centros de imigrantes, etc.<\/p>\n<p>Gra\u00e7as ao nosso lema, \u201cCaminhar juntos na Esperan\u00e7a\u201d, estes nossos irm\u00e3os que na Col\u00f4mbia eram camionistas de longo curso, hoje j\u00e1 encontraram emprego, n\u00e3o na sua \u00e1rea, mas no campo cuidando das vinhas e dos animais. Est\u00e3o contentes porque como dizem, \u201cnon nos sentimos solos, ustedes nos cuidan, que la Vigen os bendiga\u201d<\/p>\n<p>E eu dou gra\u00e7as a Deus porque por estes \u201chermanos\u201d alarguei o meu c\u00edrculo de amigos e a minha tenda de acolhimento para acolher os que chegam de longe e me pedem AMOR.<\/p>\n<p>Louvado sejas Senhor porque hoje sou mais rica na Tua riqueza, os pobres. (Maria de F\u00e1tima Magalh\u00e3es, stj)<\/p>\n","protected":false},"excerpt":{"rendered":"<p>S\u00e3o dois imigrantes Colombianos. Alexandre e Bernardo (nomes fict\u00edcios), que vieram para Portugal \u00e0 procura de melhores condi\u00e7\u00f5es de vida, com o objetivo de arranjarem trabalho e maneira de \u201ctrazer [&hellip;]<\/p>\n","protected":false},"author":1,"featured_media":8120,"comment_status":"open","ping_status":"open","sticky":false,"template":"","format":"standard","meta":{"_acf_changed":false,"footnotes":""},"categories":[76,61],"tags":[],"class_list":["post-11256","post","type-post","status-publish","format-standard","has-post-thumbnail","hentry","category-acao-social","category-noticias"],"acf":[],"yoast_head":"<!-- This site is optimized with the Yoast SEO plugin v27.5 - https:\/\/yoast.com\/product\/yoast-seo-wordpress\/ -->\n<title>Imigrantes com fome de Deus. Aprender com eles. - En Compa\u00f1\u00eda STJ<\/title>\n<meta name=\"robots\" content=\"index, follow, max-snippet:-1, max-image-preview:large, max-video-preview:-1\" \/>\n<link rel=\"canonical\" href=\"https:\/\/encompaniastj.org\/pt-pt\/imigrantes-com-fome-de-deus-aprender-com-eles\/\" \/>\n<meta property=\"og:locale\" content=\"pt_PT\" \/>\n<meta property=\"og:type\" content=\"article\" \/>\n<meta property=\"og:title\" content=\"Imigrantes com fome de Deus. Aprender com eles. - En Compa\u00f1\u00eda STJ\" \/>\n<meta property=\"og:description\" content=\"S\u00e3o dois imigrantes Colombianos. Alexandre e Bernardo (nomes fict\u00edcios), que vieram para Portugal \u00e0 procura de melhores condi\u00e7\u00f5es de vida, com o objetivo de arranjarem trabalho e maneira de \u201ctrazer [&hellip;]\" \/>\n<meta property=\"og:url\" content=\"https:\/\/encompaniastj.org\/pt-pt\/imigrantes-com-fome-de-deus-aprender-com-eles\/\" \/>\n<meta property=\"og:site_name\" content=\"En Compa\u00f1\u00eda STJ\" \/>\n<meta property=\"article:published_time\" content=\"2022-11-14T08:57:39+00:00\" \/>\n<meta property=\"article:modified_time\" content=\"2025-07-07T14:23:47+00:00\" \/>\n<meta property=\"og:image\" content=\"https:\/\/encompaniastj.org\/wp-content\/uploads\/2025\/05\/foto2-1-2.jpg\" \/>\n\t<meta property=\"og:image:width\" content=\"626\" \/>\n\t<meta property=\"og:image:height\" content=\"417\" \/>\n\t<meta property=\"og:image:type\" content=\"image\/jpeg\" \/>\n<meta name=\"author\" content=\"admin\" \/>\n<meta name=\"twitter:card\" content=\"summary_large_image\" \/>\n<meta name=\"twitter:label1\" content=\"Escrito por\" \/>\n\t<meta name=\"twitter:data1\" content=\"admin\" \/>\n\t<meta name=\"twitter:label2\" content=\"Tempo estimado de leitura\" \/>\n\t<meta name=\"twitter:data2\" content=\"3 minutos\" \/>\n<script type=\"application\/ld+json\" class=\"yoast-schema-graph\">{\"@context\":\"https:\\\/\\\/schema.org\",\"@graph\":[{\"@type\":\"Article\",\"@id\":\"https:\\\/\\\/encompaniastj.org\\\/pt-pt\\\/imigrantes-com-fome-de-deus-aprender-com-eles\\\/#article\",\"isPartOf\":{\"@id\":\"https:\\\/\\\/encompaniastj.org\\\/pt-pt\\\/imigrantes-com-fome-de-deus-aprender-com-eles\\\/\"},\"author\":{\"name\":\"admin\",\"@id\":\"https:\\\/\\\/encompaniastj.org\\\/pt-pt\\\/#\\\/schema\\\/person\\\/520e7ecc314793d40091993c2a02b651\"},\"headline\":\"Imigrantes com fome de Deus. Aprender com eles.\",\"datePublished\":\"2022-11-14T08:57:39+00:00\",\"dateModified\":\"2025-07-07T14:23:47+00:00\",\"mainEntityOfPage\":{\"@id\":\"https:\\\/\\\/encompaniastj.org\\\/pt-pt\\\/imigrantes-com-fome-de-deus-aprender-com-eles\\\/\"},\"wordCount\":536,\"commentCount\":0,\"publisher\":{\"@id\":\"https:\\\/\\\/encompaniastj.org\\\/pt-pt\\\/#organization\"},\"image\":{\"@id\":\"https:\\\/\\\/encompaniastj.org\\\/pt-pt\\\/imigrantes-com-fome-de-deus-aprender-com-eles\\\/#primaryimage\"},\"thumbnailUrl\":\"https:\\\/\\\/encompaniastj.org\\\/wp-content\\\/uploads\\\/2025\\\/05\\\/foto2-1-2.jpg\",\"articleSection\":[\"A\u00e7\u00e3o Social\",\"Noticias\"],\"inLanguage\":\"pt-PT\",\"potentialAction\":[{\"@type\":\"CommentAction\",\"name\":\"Comment\",\"target\":[\"https:\\\/\\\/encompaniastj.org\\\/pt-pt\\\/imigrantes-com-fome-de-deus-aprender-com-eles\\\/#respond\"]}]},{\"@type\":\"WebPage\",\"@id\":\"https:\\\/\\\/encompaniastj.org\\\/pt-pt\\\/imigrantes-com-fome-de-deus-aprender-com-eles\\\/\",\"url\":\"https:\\\/\\\/encompaniastj.org\\\/pt-pt\\\/imigrantes-com-fome-de-deus-aprender-com-eles\\\/\",\"name\":\"Imigrantes com fome de Deus. Aprender com eles. - En Compa\u00f1\u00eda STJ\",\"isPartOf\":{\"@id\":\"https:\\\/\\\/encompaniastj.org\\\/pt-pt\\\/#website\"},\"primaryImageOfPage\":{\"@id\":\"https:\\\/\\\/encompaniastj.org\\\/pt-pt\\\/imigrantes-com-fome-de-deus-aprender-com-eles\\\/#primaryimage\"},\"image\":{\"@id\":\"https:\\\/\\\/encompaniastj.org\\\/pt-pt\\\/imigrantes-com-fome-de-deus-aprender-com-eles\\\/#primaryimage\"},\"thumbnailUrl\":\"https:\\\/\\\/encompaniastj.org\\\/wp-content\\\/uploads\\\/2025\\\/05\\\/foto2-1-2.jpg\",\"datePublished\":\"2022-11-14T08:57:39+00:00\",\"dateModified\":\"2025-07-07T14:23:47+00:00\",\"breadcrumb\":{\"@id\":\"https:\\\/\\\/encompaniastj.org\\\/pt-pt\\\/imigrantes-com-fome-de-deus-aprender-com-eles\\\/#breadcrumb\"},\"inLanguage\":\"pt-PT\",\"potentialAction\":[{\"@type\":\"ReadAction\",\"target\":[\"https:\\\/\\\/encompaniastj.org\\\/pt-pt\\\/imigrantes-com-fome-de-deus-aprender-com-eles\\\/\"]}]},{\"@type\":\"ImageObject\",\"inLanguage\":\"pt-PT\",\"@id\":\"https:\\\/\\\/encompaniastj.org\\\/pt-pt\\\/imigrantes-com-fome-de-deus-aprender-com-eles\\\/#primaryimage\",\"url\":\"https:\\\/\\\/encompaniastj.org\\\/wp-content\\\/uploads\\\/2025\\\/05\\\/foto2-1-2.jpg\",\"contentUrl\":\"https:\\\/\\\/encompaniastj.org\\\/wp-content\\\/uploads\\\/2025\\\/05\\\/foto2-1-2.jpg\",\"width\":626,\"height\":417},{\"@type\":\"BreadcrumbList\",\"@id\":\"https:\\\/\\\/encompaniastj.org\\\/pt-pt\\\/imigrantes-com-fome-de-deus-aprender-com-eles\\\/#breadcrumb\",\"itemListElement\":[{\"@type\":\"ListItem\",\"position\":1,\"name\":\"Portada\",\"item\":\"https:\\\/\\\/encompaniastj.org\\\/pt-pt\\\/\"},{\"@type\":\"ListItem\",\"position\":2,\"name\":\"Imigrantes com fome de Deus. Aprender com eles.\"}]},{\"@type\":\"WebSite\",\"@id\":\"https:\\\/\\\/encompaniastj.org\\\/pt-pt\\\/#website\",\"url\":\"https:\\\/\\\/encompaniastj.org\\\/pt-pt\\\/\",\"name\":\"En Compa\u00f1\u00eda STJ\",\"description\":\"Bolet\u00edn de la Compa\u00f1\u00eda de Santa Teresa de Jes\u00fas\",\"publisher\":{\"@id\":\"https:\\\/\\\/encompaniastj.org\\\/pt-pt\\\/#organization\"},\"potentialAction\":[{\"@type\":\"SearchAction\",\"target\":{\"@type\":\"EntryPoint\",\"urlTemplate\":\"https:\\\/\\\/encompaniastj.org\\\/pt-pt\\\/?s={search_term_string}\"},\"query-input\":{\"@type\":\"PropertyValueSpecification\",\"valueRequired\":true,\"valueName\":\"search_term_string\"}}],\"inLanguage\":\"pt-PT\"},{\"@type\":\"Organization\",\"@id\":\"https:\\\/\\\/encompaniastj.org\\\/pt-pt\\\/#organization\",\"name\":\"Compa\u00f1\u00eda de Santa Teresa de Jes\u00fas\",\"url\":\"https:\\\/\\\/encompaniastj.org\\\/pt-pt\\\/\",\"logo\":{\"@type\":\"ImageObject\",\"inLanguage\":\"pt-PT\",\"@id\":\"https:\\\/\\\/encompaniastj.org\\\/pt-pt\\\/#\\\/schema\\\/logo\\\/image\\\/\",\"url\":\"https:\\\/\\\/encompaniastj.org\\\/wp-content\\\/uploads\\\/2025\\\/04\\\/logo_provincias02-1-3.png\",\"contentUrl\":\"https:\\\/\\\/encompaniastj.org\\\/wp-content\\\/uploads\\\/2025\\\/04\\\/logo_provincias02-1-3.png\",\"width\":2368,\"height\":825,\"caption\":\"Compa\u00f1\u00eda de Santa Teresa de Jes\u00fas\"},\"image\":{\"@id\":\"https:\\\/\\\/encompaniastj.org\\\/pt-pt\\\/#\\\/schema\\\/logo\\\/image\\\/\"}},{\"@type\":\"Person\",\"@id\":\"https:\\\/\\\/encompaniastj.org\\\/pt-pt\\\/#\\\/schema\\\/person\\\/520e7ecc314793d40091993c2a02b651\",\"name\":\"admin\",\"image\":{\"@type\":\"ImageObject\",\"inLanguage\":\"pt-PT\",\"@id\":\"https:\\\/\\\/secure.gravatar.com\\\/avatar\\\/948b492cce32b586ac2db0eaa926ee87024f7afe218d73b397ea5ddfc5f43ea1?s=96&d=mm&r=g\",\"url\":\"https:\\\/\\\/secure.gravatar.com\\\/avatar\\\/948b492cce32b586ac2db0eaa926ee87024f7afe218d73b397ea5ddfc5f43ea1?s=96&d=mm&r=g\",\"contentUrl\":\"https:\\\/\\\/secure.gravatar.com\\\/avatar\\\/948b492cce32b586ac2db0eaa926ee87024f7afe218d73b397ea5ddfc5f43ea1?s=96&d=mm&r=g\",\"caption\":\"admin\"},\"sameAs\":[\"https:\\\/\\\/encompaniastj.org\"],\"url\":\"https:\\\/\\\/encompaniastj.org\\\/pt-pt\\\/author\\\/sjdigital\\\/\"}]}<\/script>\n<!-- \/ Yoast SEO plugin. -->","yoast_head_json":{"title":"Imigrantes com fome de Deus. Aprender com eles. - En Compa\u00f1\u00eda STJ","robots":{"index":"index","follow":"follow","max-snippet":"max-snippet:-1","max-image-preview":"max-image-preview:large","max-video-preview":"max-video-preview:-1"},"canonical":"https:\/\/encompaniastj.org\/pt-pt\/imigrantes-com-fome-de-deus-aprender-com-eles\/","og_locale":"pt_PT","og_type":"article","og_title":"Imigrantes com fome de Deus. Aprender com eles. - En Compa\u00f1\u00eda STJ","og_description":"S\u00e3o dois imigrantes Colombianos. Alexandre e Bernardo (nomes fict\u00edcios), que vieram para Portugal \u00e0 procura de melhores condi\u00e7\u00f5es de vida, com o objetivo de arranjarem trabalho e maneira de \u201ctrazer [&hellip;]","og_url":"https:\/\/encompaniastj.org\/pt-pt\/imigrantes-com-fome-de-deus-aprender-com-eles\/","og_site_name":"En Compa\u00f1\u00eda STJ","article_published_time":"2022-11-14T08:57:39+00:00","article_modified_time":"2025-07-07T14:23:47+00:00","og_image":[{"width":626,"height":417,"url":"https:\/\/encompaniastj.org\/wp-content\/uploads\/2025\/05\/foto2-1-2.jpg","type":"image\/jpeg"}],"author":"admin","twitter_card":"summary_large_image","twitter_misc":{"Escrito por":"admin","Tempo estimado de leitura":"3 minutos"},"schema":{"@context":"https:\/\/schema.org","@graph":[{"@type":"Article","@id":"https:\/\/encompaniastj.org\/pt-pt\/imigrantes-com-fome-de-deus-aprender-com-eles\/#article","isPartOf":{"@id":"https:\/\/encompaniastj.org\/pt-pt\/imigrantes-com-fome-de-deus-aprender-com-eles\/"},"author":{"name":"admin","@id":"https:\/\/encompaniastj.org\/pt-pt\/#\/schema\/person\/520e7ecc314793d40091993c2a02b651"},"headline":"Imigrantes com fome de Deus. Aprender com eles.","datePublished":"2022-11-14T08:57:39+00:00","dateModified":"2025-07-07T14:23:47+00:00","mainEntityOfPage":{"@id":"https:\/\/encompaniastj.org\/pt-pt\/imigrantes-com-fome-de-deus-aprender-com-eles\/"},"wordCount":536,"commentCount":0,"publisher":{"@id":"https:\/\/encompaniastj.org\/pt-pt\/#organization"},"image":{"@id":"https:\/\/encompaniastj.org\/pt-pt\/imigrantes-com-fome-de-deus-aprender-com-eles\/#primaryimage"},"thumbnailUrl":"https:\/\/encompaniastj.org\/wp-content\/uploads\/2025\/05\/foto2-1-2.jpg","articleSection":["A\u00e7\u00e3o Social","Noticias"],"inLanguage":"pt-PT","potentialAction":[{"@type":"CommentAction","name":"Comment","target":["https:\/\/encompaniastj.org\/pt-pt\/imigrantes-com-fome-de-deus-aprender-com-eles\/#respond"]}]},{"@type":"WebPage","@id":"https:\/\/encompaniastj.org\/pt-pt\/imigrantes-com-fome-de-deus-aprender-com-eles\/","url":"https:\/\/encompaniastj.org\/pt-pt\/imigrantes-com-fome-de-deus-aprender-com-eles\/","name":"Imigrantes com fome de Deus. Aprender com eles. - En Compa\u00f1\u00eda STJ","isPartOf":{"@id":"https:\/\/encompaniastj.org\/pt-pt\/#website"},"primaryImageOfPage":{"@id":"https:\/\/encompaniastj.org\/pt-pt\/imigrantes-com-fome-de-deus-aprender-com-eles\/#primaryimage"},"image":{"@id":"https:\/\/encompaniastj.org\/pt-pt\/imigrantes-com-fome-de-deus-aprender-com-eles\/#primaryimage"},"thumbnailUrl":"https:\/\/encompaniastj.org\/wp-content\/uploads\/2025\/05\/foto2-1-2.jpg","datePublished":"2022-11-14T08:57:39+00:00","dateModified":"2025-07-07T14:23:47+00:00","breadcrumb":{"@id":"https:\/\/encompaniastj.org\/pt-pt\/imigrantes-com-fome-de-deus-aprender-com-eles\/#breadcrumb"},"inLanguage":"pt-PT","potentialAction":[{"@type":"ReadAction","target":["https:\/\/encompaniastj.org\/pt-pt\/imigrantes-com-fome-de-deus-aprender-com-eles\/"]}]},{"@type":"ImageObject","inLanguage":"pt-PT","@id":"https:\/\/encompaniastj.org\/pt-pt\/imigrantes-com-fome-de-deus-aprender-com-eles\/#primaryimage","url":"https:\/\/encompaniastj.org\/wp-content\/uploads\/2025\/05\/foto2-1-2.jpg","contentUrl":"https:\/\/encompaniastj.org\/wp-content\/uploads\/2025\/05\/foto2-1-2.jpg","width":626,"height":417},{"@type":"BreadcrumbList","@id":"https:\/\/encompaniastj.org\/pt-pt\/imigrantes-com-fome-de-deus-aprender-com-eles\/#breadcrumb","itemListElement":[{"@type":"ListItem","position":1,"name":"Portada","item":"https:\/\/encompaniastj.org\/pt-pt\/"},{"@type":"ListItem","position":2,"name":"Imigrantes com fome de Deus. Aprender com eles."}]},{"@type":"WebSite","@id":"https:\/\/encompaniastj.org\/pt-pt\/#website","url":"https:\/\/encompaniastj.org\/pt-pt\/","name":"En Compa\u00f1\u00eda STJ","description":"Bolet\u00edn de la Compa\u00f1\u00eda de Santa Teresa de Jes\u00fas","publisher":{"@id":"https:\/\/encompaniastj.org\/pt-pt\/#organization"},"potentialAction":[{"@type":"SearchAction","target":{"@type":"EntryPoint","urlTemplate":"https:\/\/encompaniastj.org\/pt-pt\/?s={search_term_string}"},"query-input":{"@type":"PropertyValueSpecification","valueRequired":true,"valueName":"search_term_string"}}],"inLanguage":"pt-PT"},{"@type":"Organization","@id":"https:\/\/encompaniastj.org\/pt-pt\/#organization","name":"Compa\u00f1\u00eda de Santa Teresa de Jes\u00fas","url":"https:\/\/encompaniastj.org\/pt-pt\/","logo":{"@type":"ImageObject","inLanguage":"pt-PT","@id":"https:\/\/encompaniastj.org\/pt-pt\/#\/schema\/logo\/image\/","url":"https:\/\/encompaniastj.org\/wp-content\/uploads\/2025\/04\/logo_provincias02-1-3.png","contentUrl":"https:\/\/encompaniastj.org\/wp-content\/uploads\/2025\/04\/logo_provincias02-1-3.png","width":2368,"height":825,"caption":"Compa\u00f1\u00eda de Santa Teresa de Jes\u00fas"},"image":{"@id":"https:\/\/encompaniastj.org\/pt-pt\/#\/schema\/logo\/image\/"}},{"@type":"Person","@id":"https:\/\/encompaniastj.org\/pt-pt\/#\/schema\/person\/520e7ecc314793d40091993c2a02b651","name":"admin","image":{"@type":"ImageObject","inLanguage":"pt-PT","@id":"https:\/\/secure.gravatar.com\/avatar\/948b492cce32b586ac2db0eaa926ee87024f7afe218d73b397ea5ddfc5f43ea1?s=96&d=mm&r=g","url":"https:\/\/secure.gravatar.com\/avatar\/948b492cce32b586ac2db0eaa926ee87024f7afe218d73b397ea5ddfc5f43ea1?s=96&d=mm&r=g","contentUrl":"https:\/\/secure.gravatar.com\/avatar\/948b492cce32b586ac2db0eaa926ee87024f7afe218d73b397ea5ddfc5f43ea1?s=96&d=mm&r=g","caption":"admin"},"sameAs":["https:\/\/encompaniastj.org"],"url":"https:\/\/encompaniastj.org\/pt-pt\/author\/sjdigital\/"}]}},"_links":{"self":[{"href":"https:\/\/encompaniastj.org\/pt-pt\/wp-json\/wp\/v2\/posts\/11256","targetHints":{"allow":["GET"]}}],"collection":[{"href":"https:\/\/encompaniastj.org\/pt-pt\/wp-json\/wp\/v2\/posts"}],"about":[{"href":"https:\/\/encompaniastj.org\/pt-pt\/wp-json\/wp\/v2\/types\/post"}],"author":[{"embeddable":true,"href":"https:\/\/encompaniastj.org\/pt-pt\/wp-json\/wp\/v2\/users\/1"}],"replies":[{"embeddable":true,"href":"https:\/\/encompaniastj.org\/pt-pt\/wp-json\/wp\/v2\/comments?post=11256"}],"version-history":[{"count":1,"href":"https:\/\/encompaniastj.org\/pt-pt\/wp-json\/wp\/v2\/posts\/11256\/revisions"}],"predecessor-version":[{"id":11257,"href":"https:\/\/encompaniastj.org\/pt-pt\/wp-json\/wp\/v2\/posts\/11256\/revisions\/11257"}],"wp:featuredmedia":[{"embeddable":true,"href":"https:\/\/encompaniastj.org\/pt-pt\/wp-json\/wp\/v2\/media\/8120"}],"wp:attachment":[{"href":"https:\/\/encompaniastj.org\/pt-pt\/wp-json\/wp\/v2\/media?parent=11256"}],"wp:term":[{"taxonomy":"category","embeddable":true,"href":"https:\/\/encompaniastj.org\/pt-pt\/wp-json\/wp\/v2\/categories?post=11256"},{"taxonomy":"post_tag","embeddable":true,"href":"https:\/\/encompaniastj.org\/pt-pt\/wp-json\/wp\/v2\/tags?post=11256"}],"curies":[{"name":"wp","href":"https:\/\/api.w.org\/{rel}","templated":true}]}}