{"id":11254,"date":"2022-11-14T09:30:29","date_gmt":"2022-11-14T08:30:29","guid":{"rendered":"https:\/\/encompaniastj.org\/aprender-com-a-fe-dos-mais-pequeninos\/"},"modified":"2025-07-07T16:23:47","modified_gmt":"2025-07-07T14:23:47","slug":"aprender-com-a-fe-dos-mais-pequeninos","status":"publish","type":"post","link":"https:\/\/encompaniastj.org\/pt-pt\/aprender-com-a-fe-dos-mais-pequeninos\/","title":{"rendered":"Aprender com A F\u00c9 dos \u201cmais pequeninos\u201d"},"content":{"rendered":"<p>Chama-se Concei\u00e7\u00e3o. (nome fict\u00edcio)<\/p>\n<p>Vive num bairro degradado, numa casa sem condi\u00e7\u00f5es, pessoa idosa, com o marido acamado e \u00e9 de etnia cigana. Nas minhas idas ao bairro costume encontrar-me com ela, e levar-lhe um cabaz de alimentos. Tenho por costume colocar no cabaz algo que leve as pessoas a Deus porque sei que \u201cnem s\u00f3 de p\u00e3o vive o homem\u201d. Uma estampa, um pequeno jornal cat\u00f3lico, um ter\u00e7o, uma pequena ora\u00e7\u00e3o, uma medalha etc. vai juntamente com os alimentos.<\/p>\n<p>Como os salesianos me mandam todos os meses umas dezenas do pequeno jornal, \u201cCavaleiro da Imaculada \u201c, com muitas hist\u00f3rias e imagens \u00e9 esse pequeno jornal que, muitas vezes coloc\u00e1mos no cabaz de alimentos ficando, muitas vezes, com a sensa\u00e7\u00e3o que o deitar\u00e3o fora sem o lerem, mas tamb\u00e9m com a certeza que alguns aproveitar\u00e3o. Tamb\u00e9m oferecemos muitas vezes uma estampa com o \u201cOferecimento das obras do dia\u201d e, com estes pequenos gestos vamos evangelizando e ajudando as pessoas a rezar e a relacionar-se com o transcendente e com o espiritual.<\/p>\n<p>Por falta de disponibilidade passei um tempo sem ir ao bairro e, ent\u00e3o, a Concei\u00e7\u00e3o passou pelo col\u00e9gio a pedir apoio para medicamentos e um cabaz de alimentos. Como n\u00e3o estava em casa fui ao bairro falar com a Concei\u00e7\u00e3o, levar alimentos e dizer-lhe o nome da farm\u00e1cia onde poderia levantar os medicamentos. Foi ent\u00e3o que a Concei\u00e7\u00e3o me disse:<\/p>\n<p>\u201d Espere um bocadinho irm\u00e3 que lhe quero mostrar o meu tesouro\u201d.<\/p>\n<p>Que tesouro era aquele?<\/p>\n<p>Era uma imagem do Imaculado Cora\u00e7\u00e3o de Maria que tinha recortado no jornalzinho, \u201cCavaleiro da Imaculada\u201d, que lhe tinha sido colocada num cabaz de alimentos. \u00a0Estava velha, debotada, suja, cheia de manchas de gordura e rasgada nas pontas. Mostrou-ma, beijou-a v\u00e1rias vezes e disse-me.:<\/p>\n<p>\u201cEu sabia que a irm\u00e3 viria ter comigo. Foi a Santinha que me disse\u201d (Assim chamam a Nossa Senhora muita gente do Alentejo). \u00c9 o meu tesouro, quando morrer quero lev\u00e1-la comigo\u201d<\/p>\n<p>Com o seu rosto enrugado, cabelo branco, revelando graves dificuldades de mobilidade, foi-me desfiando as suas m\u00e1goas, falando dos filhos reclusos, dos problemas econ\u00f3micos, \u201cn\u00e3o tenho dinheiro para os meus medicamentos e os do meu marido, etc, etc.\u201d<\/p>\n<p>E enquanto partilhava comigo a sua cruz, ia beijando o recorte da imagem do Imaculado Cora\u00e7\u00e3o de Maria, j\u00e1 gasto e carcomido e dizendo em simult\u00e2neo: \u201cFoi ela que trouxe a irm\u00e3zinha a minha casa. \u00c9 o meu tesouro\u201d<\/p>\n<p>O que aprendi com a Concei\u00e7\u00e3o ?<\/p>\n<p>A valorizar os gestos simples. A confiar em Maria, nossa M\u00e3e comum. Quando agora entro no meu quarto, olho de outra forma para uma linda imagem de Maria que tenho na minha secret\u00e1ria e rezo a ora\u00e7\u00e3o que a Concei\u00e7\u00e3o me ensinou:<\/p>\n<p>\u201cMaria \u00e9s o meu tesouro. Leva-me ao teu TESOURO, O TEU FILHO JESUS\u201d<\/p>\n<p>E a pobreza da Concei\u00e7\u00e3o tornou-se a minha riqueza porque me levou a Jesus e a Maria, sua M\u00e3e, que me ensinam a aproximar-me dos pobres com um olhar rico de miseric\u00f3rdia e de AMOR. ( Maria de F\u00e1tima Magalh\u00e3es, stj)<\/p>\n","protected":false},"excerpt":{"rendered":"<p>Chama-se Concei\u00e7\u00e3o. (nome fict\u00edcio) Vive num bairro degradado, numa casa sem condi\u00e7\u00f5es, pessoa idosa, com o marido acamado e \u00e9 de etnia cigana. Nas minhas idas ao bairro costume encontrar-me [&hellip;]<\/p>\n","protected":false},"author":1,"featured_media":8119,"comment_status":"open","ping_status":"open","sticky":false,"template":"","format":"standard","meta":{"_acf_changed":false,"footnotes":""},"categories":[76,61],"tags":[],"class_list":["post-11254","post","type-post","status-publish","format-standard","has-post-thumbnail","hentry","category-acao-social","category-noticias"],"acf":[],"yoast_head":"<!-- This site is optimized with the Yoast SEO plugin v27.5 - https:\/\/yoast.com\/product\/yoast-seo-wordpress\/ -->\n<title>Aprender com A F\u00c9 dos \u201cmais pequeninos\u201d - En Compa\u00f1\u00eda STJ<\/title>\n<meta name=\"robots\" content=\"index, follow, max-snippet:-1, max-image-preview:large, max-video-preview:-1\" \/>\n<link rel=\"canonical\" href=\"https:\/\/encompaniastj.org\/pt-pt\/aprender-com-a-fe-dos-mais-pequeninos\/\" \/>\n<meta property=\"og:locale\" content=\"pt_PT\" \/>\n<meta property=\"og:type\" content=\"article\" \/>\n<meta property=\"og:title\" content=\"Aprender com A F\u00c9 dos \u201cmais pequeninos\u201d - En Compa\u00f1\u00eda STJ\" \/>\n<meta property=\"og:description\" content=\"Chama-se Concei\u00e7\u00e3o. (nome fict\u00edcio) Vive num bairro degradado, numa casa sem condi\u00e7\u00f5es, pessoa idosa, com o marido acamado e \u00e9 de etnia cigana. Nas minhas idas ao bairro costume encontrar-me [&hellip;]\" \/>\n<meta property=\"og:url\" content=\"https:\/\/encompaniastj.org\/pt-pt\/aprender-com-a-fe-dos-mais-pequeninos\/\" \/>\n<meta property=\"og:site_name\" content=\"En Compa\u00f1\u00eda STJ\" \/>\n<meta property=\"article:published_time\" content=\"2022-11-14T08:30:29+00:00\" \/>\n<meta property=\"article:modified_time\" content=\"2025-07-07T14:23:47+00:00\" \/>\n<meta property=\"og:image\" content=\"https:\/\/encompaniastj.org\/wp-content\/uploads\/2025\/05\/foto1-5.png\" \/>\n\t<meta property=\"og:image:width\" content=\"319\" \/>\n\t<meta property=\"og:image:height\" content=\"419\" \/>\n\t<meta property=\"og:image:type\" content=\"image\/png\" \/>\n<meta name=\"author\" content=\"admin\" \/>\n<meta name=\"twitter:card\" content=\"summary_large_image\" \/>\n<meta name=\"twitter:label1\" content=\"Escrito por\" \/>\n\t<meta name=\"twitter:data1\" content=\"admin\" \/>\n\t<meta name=\"twitter:label2\" content=\"Tempo estimado de leitura\" \/>\n\t<meta name=\"twitter:data2\" content=\"3 minutos\" \/>\n<script type=\"application\/ld+json\" class=\"yoast-schema-graph\">{\"@context\":\"https:\\\/\\\/schema.org\",\"@graph\":[{\"@type\":\"Article\",\"@id\":\"https:\\\/\\\/encompaniastj.org\\\/pt-pt\\\/aprender-com-a-fe-dos-mais-pequeninos\\\/#article\",\"isPartOf\":{\"@id\":\"https:\\\/\\\/encompaniastj.org\\\/pt-pt\\\/aprender-com-a-fe-dos-mais-pequeninos\\\/\"},\"author\":{\"name\":\"admin\",\"@id\":\"https:\\\/\\\/encompaniastj.org\\\/pt-pt\\\/#\\\/schema\\\/person\\\/520e7ecc314793d40091993c2a02b651\"},\"headline\":\"Aprender com A F\u00c9 dos \u201cmais pequeninos\u201d\",\"datePublished\":\"2022-11-14T08:30:29+00:00\",\"dateModified\":\"2025-07-07T14:23:47+00:00\",\"mainEntityOfPage\":{\"@id\":\"https:\\\/\\\/encompaniastj.org\\\/pt-pt\\\/aprender-com-a-fe-dos-mais-pequeninos\\\/\"},\"wordCount\":543,\"commentCount\":0,\"publisher\":{\"@id\":\"https:\\\/\\\/encompaniastj.org\\\/pt-pt\\\/#organization\"},\"image\":{\"@id\":\"https:\\\/\\\/encompaniastj.org\\\/pt-pt\\\/aprender-com-a-fe-dos-mais-pequeninos\\\/#primaryimage\"},\"thumbnailUrl\":\"https:\\\/\\\/encompaniastj.org\\\/wp-content\\\/uploads\\\/2025\\\/05\\\/foto1-5.png\",\"articleSection\":[\"A\u00e7\u00e3o Social\",\"Noticias\"],\"inLanguage\":\"pt-PT\",\"potentialAction\":[{\"@type\":\"CommentAction\",\"name\":\"Comment\",\"target\":[\"https:\\\/\\\/encompaniastj.org\\\/pt-pt\\\/aprender-com-a-fe-dos-mais-pequeninos\\\/#respond\"]}]},{\"@type\":\"WebPage\",\"@id\":\"https:\\\/\\\/encompaniastj.org\\\/pt-pt\\\/aprender-com-a-fe-dos-mais-pequeninos\\\/\",\"url\":\"https:\\\/\\\/encompaniastj.org\\\/pt-pt\\\/aprender-com-a-fe-dos-mais-pequeninos\\\/\",\"name\":\"Aprender com A F\u00c9 dos \u201cmais pequeninos\u201d - En Compa\u00f1\u00eda STJ\",\"isPartOf\":{\"@id\":\"https:\\\/\\\/encompaniastj.org\\\/pt-pt\\\/#website\"},\"primaryImageOfPage\":{\"@id\":\"https:\\\/\\\/encompaniastj.org\\\/pt-pt\\\/aprender-com-a-fe-dos-mais-pequeninos\\\/#primaryimage\"},\"image\":{\"@id\":\"https:\\\/\\\/encompaniastj.org\\\/pt-pt\\\/aprender-com-a-fe-dos-mais-pequeninos\\\/#primaryimage\"},\"thumbnailUrl\":\"https:\\\/\\\/encompaniastj.org\\\/wp-content\\\/uploads\\\/2025\\\/05\\\/foto1-5.png\",\"datePublished\":\"2022-11-14T08:30:29+00:00\",\"dateModified\":\"2025-07-07T14:23:47+00:00\",\"breadcrumb\":{\"@id\":\"https:\\\/\\\/encompaniastj.org\\\/pt-pt\\\/aprender-com-a-fe-dos-mais-pequeninos\\\/#breadcrumb\"},\"inLanguage\":\"pt-PT\",\"potentialAction\":[{\"@type\":\"ReadAction\",\"target\":[\"https:\\\/\\\/encompaniastj.org\\\/pt-pt\\\/aprender-com-a-fe-dos-mais-pequeninos\\\/\"]}]},{\"@type\":\"ImageObject\",\"inLanguage\":\"pt-PT\",\"@id\":\"https:\\\/\\\/encompaniastj.org\\\/pt-pt\\\/aprender-com-a-fe-dos-mais-pequeninos\\\/#primaryimage\",\"url\":\"https:\\\/\\\/encompaniastj.org\\\/wp-content\\\/uploads\\\/2025\\\/05\\\/foto1-5.png\",\"contentUrl\":\"https:\\\/\\\/encompaniastj.org\\\/wp-content\\\/uploads\\\/2025\\\/05\\\/foto1-5.png\",\"width\":319,\"height\":419},{\"@type\":\"BreadcrumbList\",\"@id\":\"https:\\\/\\\/encompaniastj.org\\\/pt-pt\\\/aprender-com-a-fe-dos-mais-pequeninos\\\/#breadcrumb\",\"itemListElement\":[{\"@type\":\"ListItem\",\"position\":1,\"name\":\"Portada\",\"item\":\"https:\\\/\\\/encompaniastj.org\\\/pt-pt\\\/\"},{\"@type\":\"ListItem\",\"position\":2,\"name\":\"Aprender com A F\u00c9 dos \u201cmais pequeninos\u201d\"}]},{\"@type\":\"WebSite\",\"@id\":\"https:\\\/\\\/encompaniastj.org\\\/pt-pt\\\/#website\",\"url\":\"https:\\\/\\\/encompaniastj.org\\\/pt-pt\\\/\",\"name\":\"En Compa\u00f1\u00eda STJ\",\"description\":\"Bolet\u00edn de la Compa\u00f1\u00eda de Santa Teresa de Jes\u00fas\",\"publisher\":{\"@id\":\"https:\\\/\\\/encompaniastj.org\\\/pt-pt\\\/#organization\"},\"potentialAction\":[{\"@type\":\"SearchAction\",\"target\":{\"@type\":\"EntryPoint\",\"urlTemplate\":\"https:\\\/\\\/encompaniastj.org\\\/pt-pt\\\/?s={search_term_string}\"},\"query-input\":{\"@type\":\"PropertyValueSpecification\",\"valueRequired\":true,\"valueName\":\"search_term_string\"}}],\"inLanguage\":\"pt-PT\"},{\"@type\":\"Organization\",\"@id\":\"https:\\\/\\\/encompaniastj.org\\\/pt-pt\\\/#organization\",\"name\":\"Compa\u00f1\u00eda de Santa Teresa de Jes\u00fas\",\"url\":\"https:\\\/\\\/encompaniastj.org\\\/pt-pt\\\/\",\"logo\":{\"@type\":\"ImageObject\",\"inLanguage\":\"pt-PT\",\"@id\":\"https:\\\/\\\/encompaniastj.org\\\/pt-pt\\\/#\\\/schema\\\/logo\\\/image\\\/\",\"url\":\"https:\\\/\\\/encompaniastj.org\\\/wp-content\\\/uploads\\\/2025\\\/04\\\/logo_provincias02-1-3.png\",\"contentUrl\":\"https:\\\/\\\/encompaniastj.org\\\/wp-content\\\/uploads\\\/2025\\\/04\\\/logo_provincias02-1-3.png\",\"width\":2368,\"height\":825,\"caption\":\"Compa\u00f1\u00eda de Santa Teresa de Jes\u00fas\"},\"image\":{\"@id\":\"https:\\\/\\\/encompaniastj.org\\\/pt-pt\\\/#\\\/schema\\\/logo\\\/image\\\/\"}},{\"@type\":\"Person\",\"@id\":\"https:\\\/\\\/encompaniastj.org\\\/pt-pt\\\/#\\\/schema\\\/person\\\/520e7ecc314793d40091993c2a02b651\",\"name\":\"admin\",\"image\":{\"@type\":\"ImageObject\",\"inLanguage\":\"pt-PT\",\"@id\":\"https:\\\/\\\/secure.gravatar.com\\\/avatar\\\/948b492cce32b586ac2db0eaa926ee87024f7afe218d73b397ea5ddfc5f43ea1?s=96&d=mm&r=g\",\"url\":\"https:\\\/\\\/secure.gravatar.com\\\/avatar\\\/948b492cce32b586ac2db0eaa926ee87024f7afe218d73b397ea5ddfc5f43ea1?s=96&d=mm&r=g\",\"contentUrl\":\"https:\\\/\\\/secure.gravatar.com\\\/avatar\\\/948b492cce32b586ac2db0eaa926ee87024f7afe218d73b397ea5ddfc5f43ea1?s=96&d=mm&r=g\",\"caption\":\"admin\"},\"sameAs\":[\"https:\\\/\\\/encompaniastj.org\"],\"url\":\"https:\\\/\\\/encompaniastj.org\\\/pt-pt\\\/author\\\/sjdigital\\\/\"}]}<\/script>\n<!-- \/ Yoast SEO plugin. -->","yoast_head_json":{"title":"Aprender com A F\u00c9 dos \u201cmais pequeninos\u201d - En Compa\u00f1\u00eda STJ","robots":{"index":"index","follow":"follow","max-snippet":"max-snippet:-1","max-image-preview":"max-image-preview:large","max-video-preview":"max-video-preview:-1"},"canonical":"https:\/\/encompaniastj.org\/pt-pt\/aprender-com-a-fe-dos-mais-pequeninos\/","og_locale":"pt_PT","og_type":"article","og_title":"Aprender com A F\u00c9 dos \u201cmais pequeninos\u201d - En Compa\u00f1\u00eda STJ","og_description":"Chama-se Concei\u00e7\u00e3o. (nome fict\u00edcio) Vive num bairro degradado, numa casa sem condi\u00e7\u00f5es, pessoa idosa, com o marido acamado e \u00e9 de etnia cigana. Nas minhas idas ao bairro costume encontrar-me [&hellip;]","og_url":"https:\/\/encompaniastj.org\/pt-pt\/aprender-com-a-fe-dos-mais-pequeninos\/","og_site_name":"En Compa\u00f1\u00eda STJ","article_published_time":"2022-11-14T08:30:29+00:00","article_modified_time":"2025-07-07T14:23:47+00:00","og_image":[{"width":319,"height":419,"url":"https:\/\/encompaniastj.org\/wp-content\/uploads\/2025\/05\/foto1-5.png","type":"image\/png"}],"author":"admin","twitter_card":"summary_large_image","twitter_misc":{"Escrito por":"admin","Tempo estimado de leitura":"3 minutos"},"schema":{"@context":"https:\/\/schema.org","@graph":[{"@type":"Article","@id":"https:\/\/encompaniastj.org\/pt-pt\/aprender-com-a-fe-dos-mais-pequeninos\/#article","isPartOf":{"@id":"https:\/\/encompaniastj.org\/pt-pt\/aprender-com-a-fe-dos-mais-pequeninos\/"},"author":{"name":"admin","@id":"https:\/\/encompaniastj.org\/pt-pt\/#\/schema\/person\/520e7ecc314793d40091993c2a02b651"},"headline":"Aprender com A F\u00c9 dos \u201cmais pequeninos\u201d","datePublished":"2022-11-14T08:30:29+00:00","dateModified":"2025-07-07T14:23:47+00:00","mainEntityOfPage":{"@id":"https:\/\/encompaniastj.org\/pt-pt\/aprender-com-a-fe-dos-mais-pequeninos\/"},"wordCount":543,"commentCount":0,"publisher":{"@id":"https:\/\/encompaniastj.org\/pt-pt\/#organization"},"image":{"@id":"https:\/\/encompaniastj.org\/pt-pt\/aprender-com-a-fe-dos-mais-pequeninos\/#primaryimage"},"thumbnailUrl":"https:\/\/encompaniastj.org\/wp-content\/uploads\/2025\/05\/foto1-5.png","articleSection":["A\u00e7\u00e3o Social","Noticias"],"inLanguage":"pt-PT","potentialAction":[{"@type":"CommentAction","name":"Comment","target":["https:\/\/encompaniastj.org\/pt-pt\/aprender-com-a-fe-dos-mais-pequeninos\/#respond"]}]},{"@type":"WebPage","@id":"https:\/\/encompaniastj.org\/pt-pt\/aprender-com-a-fe-dos-mais-pequeninos\/","url":"https:\/\/encompaniastj.org\/pt-pt\/aprender-com-a-fe-dos-mais-pequeninos\/","name":"Aprender com A F\u00c9 dos \u201cmais pequeninos\u201d - En Compa\u00f1\u00eda STJ","isPartOf":{"@id":"https:\/\/encompaniastj.org\/pt-pt\/#website"},"primaryImageOfPage":{"@id":"https:\/\/encompaniastj.org\/pt-pt\/aprender-com-a-fe-dos-mais-pequeninos\/#primaryimage"},"image":{"@id":"https:\/\/encompaniastj.org\/pt-pt\/aprender-com-a-fe-dos-mais-pequeninos\/#primaryimage"},"thumbnailUrl":"https:\/\/encompaniastj.org\/wp-content\/uploads\/2025\/05\/foto1-5.png","datePublished":"2022-11-14T08:30:29+00:00","dateModified":"2025-07-07T14:23:47+00:00","breadcrumb":{"@id":"https:\/\/encompaniastj.org\/pt-pt\/aprender-com-a-fe-dos-mais-pequeninos\/#breadcrumb"},"inLanguage":"pt-PT","potentialAction":[{"@type":"ReadAction","target":["https:\/\/encompaniastj.org\/pt-pt\/aprender-com-a-fe-dos-mais-pequeninos\/"]}]},{"@type":"ImageObject","inLanguage":"pt-PT","@id":"https:\/\/encompaniastj.org\/pt-pt\/aprender-com-a-fe-dos-mais-pequeninos\/#primaryimage","url":"https:\/\/encompaniastj.org\/wp-content\/uploads\/2025\/05\/foto1-5.png","contentUrl":"https:\/\/encompaniastj.org\/wp-content\/uploads\/2025\/05\/foto1-5.png","width":319,"height":419},{"@type":"BreadcrumbList","@id":"https:\/\/encompaniastj.org\/pt-pt\/aprender-com-a-fe-dos-mais-pequeninos\/#breadcrumb","itemListElement":[{"@type":"ListItem","position":1,"name":"Portada","item":"https:\/\/encompaniastj.org\/pt-pt\/"},{"@type":"ListItem","position":2,"name":"Aprender com A F\u00c9 dos \u201cmais pequeninos\u201d"}]},{"@type":"WebSite","@id":"https:\/\/encompaniastj.org\/pt-pt\/#website","url":"https:\/\/encompaniastj.org\/pt-pt\/","name":"En Compa\u00f1\u00eda STJ","description":"Bolet\u00edn de la Compa\u00f1\u00eda de Santa Teresa de Jes\u00fas","publisher":{"@id":"https:\/\/encompaniastj.org\/pt-pt\/#organization"},"potentialAction":[{"@type":"SearchAction","target":{"@type":"EntryPoint","urlTemplate":"https:\/\/encompaniastj.org\/pt-pt\/?s={search_term_string}"},"query-input":{"@type":"PropertyValueSpecification","valueRequired":true,"valueName":"search_term_string"}}],"inLanguage":"pt-PT"},{"@type":"Organization","@id":"https:\/\/encompaniastj.org\/pt-pt\/#organization","name":"Compa\u00f1\u00eda de Santa Teresa de Jes\u00fas","url":"https:\/\/encompaniastj.org\/pt-pt\/","logo":{"@type":"ImageObject","inLanguage":"pt-PT","@id":"https:\/\/encompaniastj.org\/pt-pt\/#\/schema\/logo\/image\/","url":"https:\/\/encompaniastj.org\/wp-content\/uploads\/2025\/04\/logo_provincias02-1-3.png","contentUrl":"https:\/\/encompaniastj.org\/wp-content\/uploads\/2025\/04\/logo_provincias02-1-3.png","width":2368,"height":825,"caption":"Compa\u00f1\u00eda de Santa Teresa de Jes\u00fas"},"image":{"@id":"https:\/\/encompaniastj.org\/pt-pt\/#\/schema\/logo\/image\/"}},{"@type":"Person","@id":"https:\/\/encompaniastj.org\/pt-pt\/#\/schema\/person\/520e7ecc314793d40091993c2a02b651","name":"admin","image":{"@type":"ImageObject","inLanguage":"pt-PT","@id":"https:\/\/secure.gravatar.com\/avatar\/948b492cce32b586ac2db0eaa926ee87024f7afe218d73b397ea5ddfc5f43ea1?s=96&d=mm&r=g","url":"https:\/\/secure.gravatar.com\/avatar\/948b492cce32b586ac2db0eaa926ee87024f7afe218d73b397ea5ddfc5f43ea1?s=96&d=mm&r=g","contentUrl":"https:\/\/secure.gravatar.com\/avatar\/948b492cce32b586ac2db0eaa926ee87024f7afe218d73b397ea5ddfc5f43ea1?s=96&d=mm&r=g","caption":"admin"},"sameAs":["https:\/\/encompaniastj.org"],"url":"https:\/\/encompaniastj.org\/pt-pt\/author\/sjdigital\/"}]}},"_links":{"self":[{"href":"https:\/\/encompaniastj.org\/pt-pt\/wp-json\/wp\/v2\/posts\/11254","targetHints":{"allow":["GET"]}}],"collection":[{"href":"https:\/\/encompaniastj.org\/pt-pt\/wp-json\/wp\/v2\/posts"}],"about":[{"href":"https:\/\/encompaniastj.org\/pt-pt\/wp-json\/wp\/v2\/types\/post"}],"author":[{"embeddable":true,"href":"https:\/\/encompaniastj.org\/pt-pt\/wp-json\/wp\/v2\/users\/1"}],"replies":[{"embeddable":true,"href":"https:\/\/encompaniastj.org\/pt-pt\/wp-json\/wp\/v2\/comments?post=11254"}],"version-history":[{"count":1,"href":"https:\/\/encompaniastj.org\/pt-pt\/wp-json\/wp\/v2\/posts\/11254\/revisions"}],"predecessor-version":[{"id":11255,"href":"https:\/\/encompaniastj.org\/pt-pt\/wp-json\/wp\/v2\/posts\/11254\/revisions\/11255"}],"wp:featuredmedia":[{"embeddable":true,"href":"https:\/\/encompaniastj.org\/pt-pt\/wp-json\/wp\/v2\/media\/8119"}],"wp:attachment":[{"href":"https:\/\/encompaniastj.org\/pt-pt\/wp-json\/wp\/v2\/media?parent=11254"}],"wp:term":[{"taxonomy":"category","embeddable":true,"href":"https:\/\/encompaniastj.org\/pt-pt\/wp-json\/wp\/v2\/categories?post=11254"},{"taxonomy":"post_tag","embeddable":true,"href":"https:\/\/encompaniastj.org\/pt-pt\/wp-json\/wp\/v2\/tags?post=11254"}],"curies":[{"name":"wp","href":"https:\/\/api.w.org\/{rel}","templated":true}]}}