{"id":11246,"date":"2022-11-14T08:06:46","date_gmt":"2022-11-14T07:06:46","guid":{"rendered":"https:\/\/encompaniastj.org\/bodas-de-ouro-da-ir-ma-cristina-pulpon\/"},"modified":"2025-07-07T16:23:47","modified_gmt":"2025-07-07T14:23:47","slug":"bodas-de-ouro-da-ir-ma-cristina-pulpon","status":"publish","type":"post","link":"https:\/\/encompaniastj.org\/pt-pt\/bodas-de-ouro-da-ir-ma-cristina-pulpon\/","title":{"rendered":"Bodas de Ouro da Ir. M\u00aa Cristina Pulp\u00f3n"},"content":{"rendered":"<p>Na v\u00e9spera da celebra\u00e7\u00e3o das Bodas de Ouro de Ir. M\u00aa Cristina Pulp\u00f3n a ora\u00e7\u00e3o da tarde foi especial: sobre o chamamento de Jesus a Pedro na pesca milagrosa ap\u00f3s a ressurrei\u00e7\u00e3o. O orat\u00f3rio havia sido preparado entre as duas irm\u00e3s, Gl\u00f3ria e Angelina, com os s\u00edmbolos da bandeira, as Constitui\u00e7\u00f5es, a alian\u00e7a, o crucifixo, as velas com as cores da Companhia e tr\u00eas flores representando os tr\u00eas votos. Tamb\u00e9m tivemos um tempo de ora\u00e7\u00e3o partilhada, sobretudo dando gra\u00e7as a Deus.<\/p>\n<p>O dia da celebra\u00e7\u00e3o finalmente chegou, 22 de outubro. A fam\u00edlia de Cristina e v\u00e1rios amigos de diferentes grupos ligados \u00e0 nossa pastoral, e o padre Jos\u00e9 Manuel Vidriales, p\u00e1roco de Martiago, chegaram. \u00c0s 12h30 come\u00e7ou a Eucaristia no grande orat\u00f3rio de baixo, que estava lindo: a bandeira, a Santa e a Virgem. Como \u00e9ramos apenas 17 pessoas, tudo foi muito \u00edntimo. Beatriz, irm\u00e3 de Cristina, dedicou-se a fazer o v\u00eddeo e as fotos. Angelina leu a moni\u00e7\u00e3o de entrada. Gl\u00f3ria e Cristina acompanharam \u00e0 viola c\u00e2nticos que os presentes poderiam conhecer. A homilia foi dirigida quase exclusivamente a Cristina, com tr\u00eas perguntas: Porqu\u00ea Cristina decidiu viver para o Senhor? Porque \u00e9 que ela quis fazer os votos perp\u00e9tuos? Tens sido feliz?<\/p>\n<p>Quando o padre terminou, Cristina renovou os votos e Jos\u00e9 Manuel deu-lhe a b\u00ean\u00e7\u00e3o solene, retirada do ritual da Companhia, um momento muito emocionante.<\/p>\n<p>As oferendas-peti\u00e7\u00f5es foram lidas e trazidas por diferentes membros da fam\u00edlia.<\/p>\n<p>No momento da paz, o padre quis que todos a d\u00e9ssemos a Cristina. Na Comunh\u00e3o as tr\u00eas irm\u00e3s cant\u00e1mos um c\u00e2ntico dela sobre a releitura do Salmo 26: &#8220;Tu \u00e9s minha luz e minha alegria&#8221;. E depois ela leu uma a\u00e7\u00e3o de gra\u00e7as a Deus na qual teve presentes, de maneira geral, a todas as pessoas com quem conviveu e trabalhou e, logicamente, uma men\u00e7\u00e3o especial aos seus pais.<\/p>\n<p>E terminamos com um c\u00e2ntico \u00e0 Virgem que acompanha as nossas vidas.<\/p>\n<p>Depois da Eucaristia, fomos para Cidade Rodrigo para comer.<\/p>\n<p>A ora\u00e7\u00e3o comunit\u00e1ria, \u00e0s 8, foi de a\u00e7\u00e3o de gra\u00e7as partilhada, como n\u00e3o poderia ser de outra forma.<\/p>\n<p>50 anos passam muito r\u00e1pido, s\u00e3o um suspiro de eternidade, mas dia a dia s\u00e3o repletos da b\u00ean\u00e7\u00e3o de Deus e da presen\u00e7a materna de Maria. Por tudo isso, por tanta experi\u00eancia e tanta vida acumulada, agradecemos. Bendito sejas, Deus!<\/p>\n<p><img loading=\"lazy\" decoding=\"async\" class=\"aligncenter wp-image-10057 size-full\" src=\"https:\/\/encompaniastj.org\/wp-content\/uploads\/2025\/05\/fot3.jpg\" alt=\"\" width=\"950\" height=\"633\" \/> <img loading=\"lazy\" decoding=\"async\" class=\"aligncenter wp-image-10052 size-full\" src=\"https:\/\/encompaniastj.org\/wp-content\/uploads\/2025\/05\/collage2-4.png\" alt=\"\" width=\"500\" height=\"500\" \/> <img loading=\"lazy\" decoding=\"async\" class=\"aligncenter wp-image-10050 size-full\" src=\"https:\/\/encompaniastj.org\/wp-content\/uploads\/2025\/05\/collage1-3.png\" alt=\"\" width=\"500\" height=\"500\" \/><\/p>\n","protected":false},"excerpt":{"rendered":"<p>Na v\u00e9spera da celebra\u00e7\u00e3o das Bodas de Ouro de Ir. M\u00aa Cristina Pulp\u00f3n a ora\u00e7\u00e3o da tarde foi especial: sobre o chamamento de Jesus a Pedro na pesca milagrosa ap\u00f3s [&hellip;]<\/p>\n","protected":false},"author":1,"featured_media":8114,"comment_status":"open","ping_status":"open","sticky":false,"template":"","format":"standard","meta":{"_acf_changed":false,"footnotes":""},"categories":[61,62,68],"tags":[],"class_list":["post-11246","post","type-post","status-publish","format-standard","has-post-thumbnail","hentry","category-noticias","category-otras","category-outras"],"acf":[],"yoast_head":"<!-- This site is optimized with the Yoast SEO plugin v27.5 - https:\/\/yoast.com\/product\/yoast-seo-wordpress\/ -->\n<title>Bodas de Ouro da Ir. M\u00aa Cristina Pulp\u00f3n - En Compa\u00f1\u00eda STJ<\/title>\n<meta name=\"robots\" content=\"index, follow, max-snippet:-1, max-image-preview:large, max-video-preview:-1\" \/>\n<link rel=\"canonical\" href=\"https:\/\/encompaniastj.org\/pt-pt\/bodas-de-ouro-da-ir-ma-cristina-pulpon\/\" \/>\n<meta property=\"og:locale\" content=\"pt_PT\" \/>\n<meta property=\"og:type\" content=\"article\" \/>\n<meta property=\"og:title\" content=\"Bodas de Ouro da Ir. M\u00aa Cristina Pulp\u00f3n - En Compa\u00f1\u00eda STJ\" \/>\n<meta property=\"og:description\" content=\"Na v\u00e9spera da celebra\u00e7\u00e3o das Bodas de Ouro de Ir. M\u00aa Cristina Pulp\u00f3n a ora\u00e7\u00e3o da tarde foi especial: sobre o chamamento de Jesus a Pedro na pesca milagrosa ap\u00f3s [&hellip;]\" \/>\n<meta property=\"og:url\" content=\"https:\/\/encompaniastj.org\/pt-pt\/bodas-de-ouro-da-ir-ma-cristina-pulpon\/\" \/>\n<meta property=\"og:site_name\" content=\"En Compa\u00f1\u00eda STJ\" \/>\n<meta property=\"article:published_time\" content=\"2022-11-14T07:06:46+00:00\" \/>\n<meta property=\"article:modified_time\" content=\"2025-07-07T14:23:47+00:00\" \/>\n<meta property=\"og:image\" content=\"https:\/\/encompaniastj.org\/wp-content\/uploads\/2025\/05\/fot5.jpg\" \/>\n\t<meta property=\"og:image:width\" content=\"950\" \/>\n\t<meta property=\"og:image:height\" content=\"633\" \/>\n\t<meta property=\"og:image:type\" content=\"image\/jpeg\" \/>\n<meta name=\"author\" content=\"admin\" \/>\n<meta name=\"twitter:card\" content=\"summary_large_image\" \/>\n<meta name=\"twitter:label1\" content=\"Escrito por\" \/>\n\t<meta name=\"twitter:data1\" content=\"admin\" \/>\n\t<meta name=\"twitter:label2\" content=\"Tempo estimado de leitura\" \/>\n\t<meta name=\"twitter:data2\" content=\"3 minutos\" \/>\n<script type=\"application\/ld+json\" class=\"yoast-schema-graph\">{\"@context\":\"https:\\\/\\\/schema.org\",\"@graph\":[{\"@type\":\"Article\",\"@id\":\"https:\\\/\\\/encompaniastj.org\\\/pt-pt\\\/bodas-de-ouro-da-ir-ma-cristina-pulpon\\\/#article\",\"isPartOf\":{\"@id\":\"https:\\\/\\\/encompaniastj.org\\\/pt-pt\\\/bodas-de-ouro-da-ir-ma-cristina-pulpon\\\/\"},\"author\":{\"name\":\"admin\",\"@id\":\"https:\\\/\\\/encompaniastj.org\\\/pt-pt\\\/#\\\/schema\\\/person\\\/520e7ecc314793d40091993c2a02b651\"},\"headline\":\"Bodas de Ouro da Ir. M\u00aa Cristina Pulp\u00f3n\",\"datePublished\":\"2022-11-14T07:06:46+00:00\",\"dateModified\":\"2025-07-07T14:23:47+00:00\",\"mainEntityOfPage\":{\"@id\":\"https:\\\/\\\/encompaniastj.org\\\/pt-pt\\\/bodas-de-ouro-da-ir-ma-cristina-pulpon\\\/\"},\"wordCount\":441,\"commentCount\":0,\"publisher\":{\"@id\":\"https:\\\/\\\/encompaniastj.org\\\/pt-pt\\\/#organization\"},\"image\":{\"@id\":\"https:\\\/\\\/encompaniastj.org\\\/pt-pt\\\/bodas-de-ouro-da-ir-ma-cristina-pulpon\\\/#primaryimage\"},\"thumbnailUrl\":\"https:\\\/\\\/encompaniastj.org\\\/wp-content\\\/uploads\\\/2025\\\/05\\\/fot5.jpg\",\"articleSection\":[\"Noticias\",\"Otras\",\"Outras\"],\"inLanguage\":\"pt-PT\",\"potentialAction\":[{\"@type\":\"CommentAction\",\"name\":\"Comment\",\"target\":[\"https:\\\/\\\/encompaniastj.org\\\/pt-pt\\\/bodas-de-ouro-da-ir-ma-cristina-pulpon\\\/#respond\"]}]},{\"@type\":\"WebPage\",\"@id\":\"https:\\\/\\\/encompaniastj.org\\\/pt-pt\\\/bodas-de-ouro-da-ir-ma-cristina-pulpon\\\/\",\"url\":\"https:\\\/\\\/encompaniastj.org\\\/pt-pt\\\/bodas-de-ouro-da-ir-ma-cristina-pulpon\\\/\",\"name\":\"Bodas de Ouro da Ir. M\u00aa Cristina Pulp\u00f3n - En Compa\u00f1\u00eda STJ\",\"isPartOf\":{\"@id\":\"https:\\\/\\\/encompaniastj.org\\\/pt-pt\\\/#website\"},\"primaryImageOfPage\":{\"@id\":\"https:\\\/\\\/encompaniastj.org\\\/pt-pt\\\/bodas-de-ouro-da-ir-ma-cristina-pulpon\\\/#primaryimage\"},\"image\":{\"@id\":\"https:\\\/\\\/encompaniastj.org\\\/pt-pt\\\/bodas-de-ouro-da-ir-ma-cristina-pulpon\\\/#primaryimage\"},\"thumbnailUrl\":\"https:\\\/\\\/encompaniastj.org\\\/wp-content\\\/uploads\\\/2025\\\/05\\\/fot5.jpg\",\"datePublished\":\"2022-11-14T07:06:46+00:00\",\"dateModified\":\"2025-07-07T14:23:47+00:00\",\"breadcrumb\":{\"@id\":\"https:\\\/\\\/encompaniastj.org\\\/pt-pt\\\/bodas-de-ouro-da-ir-ma-cristina-pulpon\\\/#breadcrumb\"},\"inLanguage\":\"pt-PT\",\"potentialAction\":[{\"@type\":\"ReadAction\",\"target\":[\"https:\\\/\\\/encompaniastj.org\\\/pt-pt\\\/bodas-de-ouro-da-ir-ma-cristina-pulpon\\\/\"]}]},{\"@type\":\"ImageObject\",\"inLanguage\":\"pt-PT\",\"@id\":\"https:\\\/\\\/encompaniastj.org\\\/pt-pt\\\/bodas-de-ouro-da-ir-ma-cristina-pulpon\\\/#primaryimage\",\"url\":\"https:\\\/\\\/encompaniastj.org\\\/wp-content\\\/uploads\\\/2025\\\/05\\\/fot5.jpg\",\"contentUrl\":\"https:\\\/\\\/encompaniastj.org\\\/wp-content\\\/uploads\\\/2025\\\/05\\\/fot5.jpg\",\"width\":950,\"height\":633},{\"@type\":\"BreadcrumbList\",\"@id\":\"https:\\\/\\\/encompaniastj.org\\\/pt-pt\\\/bodas-de-ouro-da-ir-ma-cristina-pulpon\\\/#breadcrumb\",\"itemListElement\":[{\"@type\":\"ListItem\",\"position\":1,\"name\":\"Portada\",\"item\":\"https:\\\/\\\/encompaniastj.org\\\/pt-pt\\\/\"},{\"@type\":\"ListItem\",\"position\":2,\"name\":\"Bodas de Ouro da Ir. M\u00aa Cristina Pulp\u00f3n\"}]},{\"@type\":\"WebSite\",\"@id\":\"https:\\\/\\\/encompaniastj.org\\\/pt-pt\\\/#website\",\"url\":\"https:\\\/\\\/encompaniastj.org\\\/pt-pt\\\/\",\"name\":\"En Compa\u00f1\u00eda STJ\",\"description\":\"Bolet\u00edn de la Compa\u00f1\u00eda de Santa Teresa de Jes\u00fas\",\"publisher\":{\"@id\":\"https:\\\/\\\/encompaniastj.org\\\/pt-pt\\\/#organization\"},\"potentialAction\":[{\"@type\":\"SearchAction\",\"target\":{\"@type\":\"EntryPoint\",\"urlTemplate\":\"https:\\\/\\\/encompaniastj.org\\\/pt-pt\\\/?s={search_term_string}\"},\"query-input\":{\"@type\":\"PropertyValueSpecification\",\"valueRequired\":true,\"valueName\":\"search_term_string\"}}],\"inLanguage\":\"pt-PT\"},{\"@type\":\"Organization\",\"@id\":\"https:\\\/\\\/encompaniastj.org\\\/pt-pt\\\/#organization\",\"name\":\"Compa\u00f1\u00eda de Santa Teresa de Jes\u00fas\",\"url\":\"https:\\\/\\\/encompaniastj.org\\\/pt-pt\\\/\",\"logo\":{\"@type\":\"ImageObject\",\"inLanguage\":\"pt-PT\",\"@id\":\"https:\\\/\\\/encompaniastj.org\\\/pt-pt\\\/#\\\/schema\\\/logo\\\/image\\\/\",\"url\":\"https:\\\/\\\/encompaniastj.org\\\/wp-content\\\/uploads\\\/2025\\\/04\\\/logo_provincias02-1-3.png\",\"contentUrl\":\"https:\\\/\\\/encompaniastj.org\\\/wp-content\\\/uploads\\\/2025\\\/04\\\/logo_provincias02-1-3.png\",\"width\":2368,\"height\":825,\"caption\":\"Compa\u00f1\u00eda de Santa Teresa de Jes\u00fas\"},\"image\":{\"@id\":\"https:\\\/\\\/encompaniastj.org\\\/pt-pt\\\/#\\\/schema\\\/logo\\\/image\\\/\"}},{\"@type\":\"Person\",\"@id\":\"https:\\\/\\\/encompaniastj.org\\\/pt-pt\\\/#\\\/schema\\\/person\\\/520e7ecc314793d40091993c2a02b651\",\"name\":\"admin\",\"image\":{\"@type\":\"ImageObject\",\"inLanguage\":\"pt-PT\",\"@id\":\"https:\\\/\\\/secure.gravatar.com\\\/avatar\\\/948b492cce32b586ac2db0eaa926ee87024f7afe218d73b397ea5ddfc5f43ea1?s=96&d=mm&r=g\",\"url\":\"https:\\\/\\\/secure.gravatar.com\\\/avatar\\\/948b492cce32b586ac2db0eaa926ee87024f7afe218d73b397ea5ddfc5f43ea1?s=96&d=mm&r=g\",\"contentUrl\":\"https:\\\/\\\/secure.gravatar.com\\\/avatar\\\/948b492cce32b586ac2db0eaa926ee87024f7afe218d73b397ea5ddfc5f43ea1?s=96&d=mm&r=g\",\"caption\":\"admin\"},\"sameAs\":[\"https:\\\/\\\/encompaniastj.org\"],\"url\":\"https:\\\/\\\/encompaniastj.org\\\/pt-pt\\\/author\\\/sjdigital\\\/\"}]}<\/script>\n<!-- \/ Yoast SEO plugin. -->","yoast_head_json":{"title":"Bodas de Ouro da Ir. M\u00aa Cristina Pulp\u00f3n - En Compa\u00f1\u00eda STJ","robots":{"index":"index","follow":"follow","max-snippet":"max-snippet:-1","max-image-preview":"max-image-preview:large","max-video-preview":"max-video-preview:-1"},"canonical":"https:\/\/encompaniastj.org\/pt-pt\/bodas-de-ouro-da-ir-ma-cristina-pulpon\/","og_locale":"pt_PT","og_type":"article","og_title":"Bodas de Ouro da Ir. M\u00aa Cristina Pulp\u00f3n - En Compa\u00f1\u00eda STJ","og_description":"Na v\u00e9spera da celebra\u00e7\u00e3o das Bodas de Ouro de Ir. M\u00aa Cristina Pulp\u00f3n a ora\u00e7\u00e3o da tarde foi especial: sobre o chamamento de Jesus a Pedro na pesca milagrosa ap\u00f3s [&hellip;]","og_url":"https:\/\/encompaniastj.org\/pt-pt\/bodas-de-ouro-da-ir-ma-cristina-pulpon\/","og_site_name":"En Compa\u00f1\u00eda STJ","article_published_time":"2022-11-14T07:06:46+00:00","article_modified_time":"2025-07-07T14:23:47+00:00","og_image":[{"width":950,"height":633,"url":"https:\/\/encompaniastj.org\/wp-content\/uploads\/2025\/05\/fot5.jpg","type":"image\/jpeg"}],"author":"admin","twitter_card":"summary_large_image","twitter_misc":{"Escrito por":"admin","Tempo estimado de leitura":"3 minutos"},"schema":{"@context":"https:\/\/schema.org","@graph":[{"@type":"Article","@id":"https:\/\/encompaniastj.org\/pt-pt\/bodas-de-ouro-da-ir-ma-cristina-pulpon\/#article","isPartOf":{"@id":"https:\/\/encompaniastj.org\/pt-pt\/bodas-de-ouro-da-ir-ma-cristina-pulpon\/"},"author":{"name":"admin","@id":"https:\/\/encompaniastj.org\/pt-pt\/#\/schema\/person\/520e7ecc314793d40091993c2a02b651"},"headline":"Bodas de Ouro da Ir. M\u00aa Cristina Pulp\u00f3n","datePublished":"2022-11-14T07:06:46+00:00","dateModified":"2025-07-07T14:23:47+00:00","mainEntityOfPage":{"@id":"https:\/\/encompaniastj.org\/pt-pt\/bodas-de-ouro-da-ir-ma-cristina-pulpon\/"},"wordCount":441,"commentCount":0,"publisher":{"@id":"https:\/\/encompaniastj.org\/pt-pt\/#organization"},"image":{"@id":"https:\/\/encompaniastj.org\/pt-pt\/bodas-de-ouro-da-ir-ma-cristina-pulpon\/#primaryimage"},"thumbnailUrl":"https:\/\/encompaniastj.org\/wp-content\/uploads\/2025\/05\/fot5.jpg","articleSection":["Noticias","Otras","Outras"],"inLanguage":"pt-PT","potentialAction":[{"@type":"CommentAction","name":"Comment","target":["https:\/\/encompaniastj.org\/pt-pt\/bodas-de-ouro-da-ir-ma-cristina-pulpon\/#respond"]}]},{"@type":"WebPage","@id":"https:\/\/encompaniastj.org\/pt-pt\/bodas-de-ouro-da-ir-ma-cristina-pulpon\/","url":"https:\/\/encompaniastj.org\/pt-pt\/bodas-de-ouro-da-ir-ma-cristina-pulpon\/","name":"Bodas de Ouro da Ir. M\u00aa Cristina Pulp\u00f3n - En Compa\u00f1\u00eda STJ","isPartOf":{"@id":"https:\/\/encompaniastj.org\/pt-pt\/#website"},"primaryImageOfPage":{"@id":"https:\/\/encompaniastj.org\/pt-pt\/bodas-de-ouro-da-ir-ma-cristina-pulpon\/#primaryimage"},"image":{"@id":"https:\/\/encompaniastj.org\/pt-pt\/bodas-de-ouro-da-ir-ma-cristina-pulpon\/#primaryimage"},"thumbnailUrl":"https:\/\/encompaniastj.org\/wp-content\/uploads\/2025\/05\/fot5.jpg","datePublished":"2022-11-14T07:06:46+00:00","dateModified":"2025-07-07T14:23:47+00:00","breadcrumb":{"@id":"https:\/\/encompaniastj.org\/pt-pt\/bodas-de-ouro-da-ir-ma-cristina-pulpon\/#breadcrumb"},"inLanguage":"pt-PT","potentialAction":[{"@type":"ReadAction","target":["https:\/\/encompaniastj.org\/pt-pt\/bodas-de-ouro-da-ir-ma-cristina-pulpon\/"]}]},{"@type":"ImageObject","inLanguage":"pt-PT","@id":"https:\/\/encompaniastj.org\/pt-pt\/bodas-de-ouro-da-ir-ma-cristina-pulpon\/#primaryimage","url":"https:\/\/encompaniastj.org\/wp-content\/uploads\/2025\/05\/fot5.jpg","contentUrl":"https:\/\/encompaniastj.org\/wp-content\/uploads\/2025\/05\/fot5.jpg","width":950,"height":633},{"@type":"BreadcrumbList","@id":"https:\/\/encompaniastj.org\/pt-pt\/bodas-de-ouro-da-ir-ma-cristina-pulpon\/#breadcrumb","itemListElement":[{"@type":"ListItem","position":1,"name":"Portada","item":"https:\/\/encompaniastj.org\/pt-pt\/"},{"@type":"ListItem","position":2,"name":"Bodas de Ouro da Ir. M\u00aa Cristina Pulp\u00f3n"}]},{"@type":"WebSite","@id":"https:\/\/encompaniastj.org\/pt-pt\/#website","url":"https:\/\/encompaniastj.org\/pt-pt\/","name":"En Compa\u00f1\u00eda STJ","description":"Bolet\u00edn de la Compa\u00f1\u00eda de Santa Teresa de Jes\u00fas","publisher":{"@id":"https:\/\/encompaniastj.org\/pt-pt\/#organization"},"potentialAction":[{"@type":"SearchAction","target":{"@type":"EntryPoint","urlTemplate":"https:\/\/encompaniastj.org\/pt-pt\/?s={search_term_string}"},"query-input":{"@type":"PropertyValueSpecification","valueRequired":true,"valueName":"search_term_string"}}],"inLanguage":"pt-PT"},{"@type":"Organization","@id":"https:\/\/encompaniastj.org\/pt-pt\/#organization","name":"Compa\u00f1\u00eda de Santa Teresa de Jes\u00fas","url":"https:\/\/encompaniastj.org\/pt-pt\/","logo":{"@type":"ImageObject","inLanguage":"pt-PT","@id":"https:\/\/encompaniastj.org\/pt-pt\/#\/schema\/logo\/image\/","url":"https:\/\/encompaniastj.org\/wp-content\/uploads\/2025\/04\/logo_provincias02-1-3.png","contentUrl":"https:\/\/encompaniastj.org\/wp-content\/uploads\/2025\/04\/logo_provincias02-1-3.png","width":2368,"height":825,"caption":"Compa\u00f1\u00eda de Santa Teresa de Jes\u00fas"},"image":{"@id":"https:\/\/encompaniastj.org\/pt-pt\/#\/schema\/logo\/image\/"}},{"@type":"Person","@id":"https:\/\/encompaniastj.org\/pt-pt\/#\/schema\/person\/520e7ecc314793d40091993c2a02b651","name":"admin","image":{"@type":"ImageObject","inLanguage":"pt-PT","@id":"https:\/\/secure.gravatar.com\/avatar\/948b492cce32b586ac2db0eaa926ee87024f7afe218d73b397ea5ddfc5f43ea1?s=96&d=mm&r=g","url":"https:\/\/secure.gravatar.com\/avatar\/948b492cce32b586ac2db0eaa926ee87024f7afe218d73b397ea5ddfc5f43ea1?s=96&d=mm&r=g","contentUrl":"https:\/\/secure.gravatar.com\/avatar\/948b492cce32b586ac2db0eaa926ee87024f7afe218d73b397ea5ddfc5f43ea1?s=96&d=mm&r=g","caption":"admin"},"sameAs":["https:\/\/encompaniastj.org"],"url":"https:\/\/encompaniastj.org\/pt-pt\/author\/sjdigital\/"}]}},"_links":{"self":[{"href":"https:\/\/encompaniastj.org\/pt-pt\/wp-json\/wp\/v2\/posts\/11246","targetHints":{"allow":["GET"]}}],"collection":[{"href":"https:\/\/encompaniastj.org\/pt-pt\/wp-json\/wp\/v2\/posts"}],"about":[{"href":"https:\/\/encompaniastj.org\/pt-pt\/wp-json\/wp\/v2\/types\/post"}],"author":[{"embeddable":true,"href":"https:\/\/encompaniastj.org\/pt-pt\/wp-json\/wp\/v2\/users\/1"}],"replies":[{"embeddable":true,"href":"https:\/\/encompaniastj.org\/pt-pt\/wp-json\/wp\/v2\/comments?post=11246"}],"version-history":[{"count":1,"href":"https:\/\/encompaniastj.org\/pt-pt\/wp-json\/wp\/v2\/posts\/11246\/revisions"}],"predecessor-version":[{"id":11247,"href":"https:\/\/encompaniastj.org\/pt-pt\/wp-json\/wp\/v2\/posts\/11246\/revisions\/11247"}],"wp:featuredmedia":[{"embeddable":true,"href":"https:\/\/encompaniastj.org\/pt-pt\/wp-json\/wp\/v2\/media\/8114"}],"wp:attachment":[{"href":"https:\/\/encompaniastj.org\/pt-pt\/wp-json\/wp\/v2\/media?parent=11246"}],"wp:term":[{"taxonomy":"category","embeddable":true,"href":"https:\/\/encompaniastj.org\/pt-pt\/wp-json\/wp\/v2\/categories?post=11246"},{"taxonomy":"post_tag","embeddable":true,"href":"https:\/\/encompaniastj.org\/pt-pt\/wp-json\/wp\/v2\/tags?post=11246"}],"curies":[{"name":"wp","href":"https:\/\/api.w.org\/{rel}","templated":true}]}}