{"id":11226,"date":"2022-11-07T09:19:09","date_gmt":"2022-11-07T08:19:09","guid":{"rendered":"https:\/\/encompaniastj.org\/echavacoiz-uma-comunidade-aberta-a-esperanca\/"},"modified":"2025-07-07T16:23:44","modified_gmt":"2025-07-07T14:23:44","slug":"echavacoiz-uma-comunidade-aberta-a-esperanca","status":"publish","type":"post","link":"https:\/\/encompaniastj.org\/pt-pt\/echavacoiz-uma-comunidade-aberta-a-esperanca\/","title":{"rendered":"Echavacoiz, uma comunidade aberta \u00e0 esperan\u00e7a"},"content":{"rendered":"<p>Comunidade aberta, que quer ser o nosso desejo, como diz o Papa Francisco, aberta \u00e0s periferias existenciais das pessoas.<\/p>\n<p>Assume na medida do poss\u00edvel com responsabilidade uma boa Coordena\u00e7\u00e3o, relacionamento e media\u00e7\u00e3o com os servi\u00e7os sociais e outras institui\u00e7\u00f5es que facilitam o acesso aos recursos sociais, motivam respostas de acompanhamento e apoio que permite o trabalho individual, capacitando, enfrentando problemas e procurando solu\u00e7\u00f5es a partir dos recursos pessoais, habilidades, valores e aumento da autoestima.<\/p>\n<p>A nossa miss\u00e3o \u00e9 estar perto das nossas irm\u00e3s e irm\u00e3os atrav\u00e9s da evangeliza\u00e7\u00e3o na pastoral da inf\u00e2ncia e adolesc\u00eancia, pastoral cigana, pastoral penitenci\u00e1ria, acolhimento, assist\u00eancia social, acompanhamento de oficinas ocupacionais, trabalho com refugiados e imigrantes, educa\u00e7\u00e3o na escola&#8230;<\/p>\n<p>No nosso meio ambiente est\u00e1 o maior n\u00facleo da popula\u00e7\u00e3o cigana de Pamplona. Entre eles e para eles realizamos fundamentalmente a nossa a\u00e7\u00e3o educativa e evangelizadora, procurando responder de forma criativa aos diferentes rostos que a pobreza vai adquirindo e trabalhando com outros\/as, atrav\u00e9s da educa\u00e7\u00e3o integral em diversos \u00e2mbitos para a inclus\u00e3o social baseada na dignidade da pessoa. No cora\u00e7\u00e3o do bairro desde a sua origem, a comunidade compreende-se na medida em que se mant\u00e9m aberta \u00e0s necessidades das pessoas do bairro e da Par\u00f3quia.<\/p>\n<p>Precisamos de ouvir e partilhar a Palavra de Deus e voltar continuamente nosso olhar para o Senhor Jesus, para que, desde a nossa pr\u00f3pria fraqueza, possamos permanecer de forma gratuita, semear com esperan\u00e7a e alegria, criar espa\u00e7os de acolhimento incondicional e colaborar com todos aqueles que no bairro lutam contra as causas de tanta injusti\u00e7a, para poder dizer como Henrique de Oss\u00f3 &#8220;Estar l\u00e1 onde os interesses de Jesus estejam mais em perigo&#8221;.<\/p>\n<p>Todas as nossas atividades e tarefas s\u00e3o acompanhadas pelos leigos. Est\u00e3o sendo dados passos para que, dentro de suas possibilidades, possam aceder a cursos de voluntariado e recursos sociais. H\u00e1 uma rela\u00e7\u00e3o muito boa, e o voluntariado aumentou em pouco tempo e foi rejuvenescendo ap\u00f3s a pandemia. Destacamos o voluntariado dos alunos do nosso col\u00e9gio Santa Teresa e do col\u00e9gio Larraona coordenado pelos respons\u00e1veis \u200bda pastoral. Alunos do 1.\u00ba e 2.\u00ba ano do ensino secund\u00e1rio que acompanham as tarefas de apoio escolar, distribui\u00e7\u00e3o de alimentos, armaz\u00e9m, horta urbana e as campanhas que s\u00e3o realizadas junto das fam\u00edlias em situa\u00e7\u00e3o de vulnerabilidade.<\/p>\n<p><img loading=\"lazy\" decoding=\"async\" class=\"aligncenter wp-image-9982 size-large\" src=\"https:\/\/encompaniastj.org\/wp-content\/uploads\/2025\/05\/Imagen-3-1.jpg\" alt=\"\" width=\"1024\" height=\"561\" \/><\/p>\n<p><img loading=\"lazy\" decoding=\"async\" class=\"aligncenter wp-image-9978 size-large\" src=\"https:\/\/encompaniastj.org\/wp-content\/uploads\/2025\/05\/Imagen-1-1.jpg\" alt=\"\" width=\"1024\" height=\"577\" \/> <img loading=\"lazy\" decoding=\"async\" class=\"aligncenter wp-image-9980 size-large\" src=\"https:\/\/encompaniastj.org\/wp-content\/uploads\/2025\/05\/Imagen-2-1.jpg\" alt=\"\" width=\"1024\" height=\"601\" \/><\/p>\n","protected":false},"excerpt":{"rendered":"<p>Comunidade aberta, que quer ser o nosso desejo, como diz o Papa Francisco, aberta \u00e0s periferias existenciais das pessoas. Assume na medida do poss\u00edvel com responsabilidade uma boa Coordena\u00e7\u00e3o, relacionamento [&hellip;]<\/p>\n","protected":false},"author":1,"featured_media":8098,"comment_status":"open","ping_status":"open","sticky":false,"template":"","format":"standard","meta":{"_acf_changed":false,"footnotes":""},"categories":[76,74,61],"tags":[],"class_list":["post-11226","post","type-post","status-publish","format-standard","has-post-thumbnail","hentry","category-acao-social","category-accion-social","category-noticias"],"acf":[],"yoast_head":"<!-- This site is optimized with the Yoast SEO plugin v27.5 - https:\/\/yoast.com\/product\/yoast-seo-wordpress\/ -->\n<title>Echavacoiz, uma comunidade aberta \u00e0 esperan\u00e7a - En Compa\u00f1\u00eda STJ<\/title>\n<meta name=\"robots\" content=\"index, follow, max-snippet:-1, max-image-preview:large, max-video-preview:-1\" \/>\n<link rel=\"canonical\" href=\"https:\/\/encompaniastj.org\/pt-pt\/echavacoiz-uma-comunidade-aberta-a-esperanca\/\" \/>\n<meta property=\"og:locale\" content=\"pt_PT\" \/>\n<meta property=\"og:type\" content=\"article\" \/>\n<meta property=\"og:title\" content=\"Echavacoiz, uma comunidade aberta \u00e0 esperan\u00e7a - En Compa\u00f1\u00eda STJ\" \/>\n<meta property=\"og:description\" content=\"Comunidade aberta, que quer ser o nosso desejo, como diz o Papa Francisco, aberta \u00e0s periferias existenciais das pessoas. Assume na medida do poss\u00edvel com responsabilidade uma boa Coordena\u00e7\u00e3o, relacionamento [&hellip;]\" \/>\n<meta property=\"og:url\" content=\"https:\/\/encompaniastj.org\/pt-pt\/echavacoiz-uma-comunidade-aberta-a-esperanca\/\" \/>\n<meta property=\"og:site_name\" content=\"En Compa\u00f1\u00eda STJ\" \/>\n<meta property=\"article:published_time\" content=\"2022-11-07T08:19:09+00:00\" \/>\n<meta property=\"article:modified_time\" content=\"2025-07-07T14:23:44+00:00\" \/>\n<meta property=\"og:image\" content=\"https:\/\/encompaniastj.org\/wp-content\/uploads\/2025\/05\/Imagen-3-1.jpg\" \/>\n\t<meta property=\"og:image:width\" content=\"1824\" \/>\n\t<meta property=\"og:image:height\" content=\"999\" \/>\n\t<meta property=\"og:image:type\" content=\"image\/jpeg\" \/>\n<meta name=\"author\" content=\"admin\" \/>\n<meta name=\"twitter:card\" content=\"summary_large_image\" \/>\n<meta name=\"twitter:label1\" content=\"Escrito por\" \/>\n\t<meta name=\"twitter:data1\" content=\"admin\" \/>\n\t<meta name=\"twitter:label2\" content=\"Tempo estimado de leitura\" \/>\n\t<meta name=\"twitter:data2\" content=\"3 minutos\" \/>\n<script type=\"application\/ld+json\" class=\"yoast-schema-graph\">{\"@context\":\"https:\\\/\\\/schema.org\",\"@graph\":[{\"@type\":\"Article\",\"@id\":\"https:\\\/\\\/encompaniastj.org\\\/pt-pt\\\/echavacoiz-uma-comunidade-aberta-a-esperanca\\\/#article\",\"isPartOf\":{\"@id\":\"https:\\\/\\\/encompaniastj.org\\\/pt-pt\\\/echavacoiz-uma-comunidade-aberta-a-esperanca\\\/\"},\"author\":{\"name\":\"admin\",\"@id\":\"https:\\\/\\\/encompaniastj.org\\\/pt-pt\\\/#\\\/schema\\\/person\\\/520e7ecc314793d40091993c2a02b651\"},\"headline\":\"Echavacoiz, uma comunidade aberta \u00e0 esperan\u00e7a\",\"datePublished\":\"2022-11-07T08:19:09+00:00\",\"dateModified\":\"2025-07-07T14:23:44+00:00\",\"mainEntityOfPage\":{\"@id\":\"https:\\\/\\\/encompaniastj.org\\\/pt-pt\\\/echavacoiz-uma-comunidade-aberta-a-esperanca\\\/\"},\"wordCount\":419,\"commentCount\":0,\"publisher\":{\"@id\":\"https:\\\/\\\/encompaniastj.org\\\/pt-pt\\\/#organization\"},\"image\":{\"@id\":\"https:\\\/\\\/encompaniastj.org\\\/pt-pt\\\/echavacoiz-uma-comunidade-aberta-a-esperanca\\\/#primaryimage\"},\"thumbnailUrl\":\"https:\\\/\\\/encompaniastj.org\\\/wp-content\\\/uploads\\\/2025\\\/05\\\/Imagen-3-1.jpg\",\"articleSection\":[\"A\u00e7\u00e3o Social\",\"Acci\u00f3n Social\",\"Noticias\"],\"inLanguage\":\"pt-PT\",\"potentialAction\":[{\"@type\":\"CommentAction\",\"name\":\"Comment\",\"target\":[\"https:\\\/\\\/encompaniastj.org\\\/pt-pt\\\/echavacoiz-uma-comunidade-aberta-a-esperanca\\\/#respond\"]}]},{\"@type\":\"WebPage\",\"@id\":\"https:\\\/\\\/encompaniastj.org\\\/pt-pt\\\/echavacoiz-uma-comunidade-aberta-a-esperanca\\\/\",\"url\":\"https:\\\/\\\/encompaniastj.org\\\/pt-pt\\\/echavacoiz-uma-comunidade-aberta-a-esperanca\\\/\",\"name\":\"Echavacoiz, uma comunidade aberta \u00e0 esperan\u00e7a - En Compa\u00f1\u00eda STJ\",\"isPartOf\":{\"@id\":\"https:\\\/\\\/encompaniastj.org\\\/pt-pt\\\/#website\"},\"primaryImageOfPage\":{\"@id\":\"https:\\\/\\\/encompaniastj.org\\\/pt-pt\\\/echavacoiz-uma-comunidade-aberta-a-esperanca\\\/#primaryimage\"},\"image\":{\"@id\":\"https:\\\/\\\/encompaniastj.org\\\/pt-pt\\\/echavacoiz-uma-comunidade-aberta-a-esperanca\\\/#primaryimage\"},\"thumbnailUrl\":\"https:\\\/\\\/encompaniastj.org\\\/wp-content\\\/uploads\\\/2025\\\/05\\\/Imagen-3-1.jpg\",\"datePublished\":\"2022-11-07T08:19:09+00:00\",\"dateModified\":\"2025-07-07T14:23:44+00:00\",\"breadcrumb\":{\"@id\":\"https:\\\/\\\/encompaniastj.org\\\/pt-pt\\\/echavacoiz-uma-comunidade-aberta-a-esperanca\\\/#breadcrumb\"},\"inLanguage\":\"pt-PT\",\"potentialAction\":[{\"@type\":\"ReadAction\",\"target\":[\"https:\\\/\\\/encompaniastj.org\\\/pt-pt\\\/echavacoiz-uma-comunidade-aberta-a-esperanca\\\/\"]}]},{\"@type\":\"ImageObject\",\"inLanguage\":\"pt-PT\",\"@id\":\"https:\\\/\\\/encompaniastj.org\\\/pt-pt\\\/echavacoiz-uma-comunidade-aberta-a-esperanca\\\/#primaryimage\",\"url\":\"https:\\\/\\\/encompaniastj.org\\\/wp-content\\\/uploads\\\/2025\\\/05\\\/Imagen-3-1.jpg\",\"contentUrl\":\"https:\\\/\\\/encompaniastj.org\\\/wp-content\\\/uploads\\\/2025\\\/05\\\/Imagen-3-1.jpg\",\"width\":1824,\"height\":999},{\"@type\":\"BreadcrumbList\",\"@id\":\"https:\\\/\\\/encompaniastj.org\\\/pt-pt\\\/echavacoiz-uma-comunidade-aberta-a-esperanca\\\/#breadcrumb\",\"itemListElement\":[{\"@type\":\"ListItem\",\"position\":1,\"name\":\"Portada\",\"item\":\"https:\\\/\\\/encompaniastj.org\\\/pt-pt\\\/\"},{\"@type\":\"ListItem\",\"position\":2,\"name\":\"Echavacoiz, uma comunidade aberta \u00e0 esperan\u00e7a\"}]},{\"@type\":\"WebSite\",\"@id\":\"https:\\\/\\\/encompaniastj.org\\\/pt-pt\\\/#website\",\"url\":\"https:\\\/\\\/encompaniastj.org\\\/pt-pt\\\/\",\"name\":\"En Compa\u00f1\u00eda STJ\",\"description\":\"Bolet\u00edn de la Compa\u00f1\u00eda de Santa Teresa de Jes\u00fas\",\"publisher\":{\"@id\":\"https:\\\/\\\/encompaniastj.org\\\/pt-pt\\\/#organization\"},\"potentialAction\":[{\"@type\":\"SearchAction\",\"target\":{\"@type\":\"EntryPoint\",\"urlTemplate\":\"https:\\\/\\\/encompaniastj.org\\\/pt-pt\\\/?s={search_term_string}\"},\"query-input\":{\"@type\":\"PropertyValueSpecification\",\"valueRequired\":true,\"valueName\":\"search_term_string\"}}],\"inLanguage\":\"pt-PT\"},{\"@type\":\"Organization\",\"@id\":\"https:\\\/\\\/encompaniastj.org\\\/pt-pt\\\/#organization\",\"name\":\"Compa\u00f1\u00eda de Santa Teresa de Jes\u00fas\",\"url\":\"https:\\\/\\\/encompaniastj.org\\\/pt-pt\\\/\",\"logo\":{\"@type\":\"ImageObject\",\"inLanguage\":\"pt-PT\",\"@id\":\"https:\\\/\\\/encompaniastj.org\\\/pt-pt\\\/#\\\/schema\\\/logo\\\/image\\\/\",\"url\":\"https:\\\/\\\/encompaniastj.org\\\/wp-content\\\/uploads\\\/2025\\\/04\\\/logo_provincias02-1-3.png\",\"contentUrl\":\"https:\\\/\\\/encompaniastj.org\\\/wp-content\\\/uploads\\\/2025\\\/04\\\/logo_provincias02-1-3.png\",\"width\":2368,\"height\":825,\"caption\":\"Compa\u00f1\u00eda de Santa Teresa de Jes\u00fas\"},\"image\":{\"@id\":\"https:\\\/\\\/encompaniastj.org\\\/pt-pt\\\/#\\\/schema\\\/logo\\\/image\\\/\"}},{\"@type\":\"Person\",\"@id\":\"https:\\\/\\\/encompaniastj.org\\\/pt-pt\\\/#\\\/schema\\\/person\\\/520e7ecc314793d40091993c2a02b651\",\"name\":\"admin\",\"image\":{\"@type\":\"ImageObject\",\"inLanguage\":\"pt-PT\",\"@id\":\"https:\\\/\\\/secure.gravatar.com\\\/avatar\\\/948b492cce32b586ac2db0eaa926ee87024f7afe218d73b397ea5ddfc5f43ea1?s=96&d=mm&r=g\",\"url\":\"https:\\\/\\\/secure.gravatar.com\\\/avatar\\\/948b492cce32b586ac2db0eaa926ee87024f7afe218d73b397ea5ddfc5f43ea1?s=96&d=mm&r=g\",\"contentUrl\":\"https:\\\/\\\/secure.gravatar.com\\\/avatar\\\/948b492cce32b586ac2db0eaa926ee87024f7afe218d73b397ea5ddfc5f43ea1?s=96&d=mm&r=g\",\"caption\":\"admin\"},\"sameAs\":[\"https:\\\/\\\/encompaniastj.org\"],\"url\":\"https:\\\/\\\/encompaniastj.org\\\/pt-pt\\\/author\\\/sjdigital\\\/\"}]}<\/script>\n<!-- \/ Yoast SEO plugin. -->","yoast_head_json":{"title":"Echavacoiz, uma comunidade aberta \u00e0 esperan\u00e7a - En Compa\u00f1\u00eda STJ","robots":{"index":"index","follow":"follow","max-snippet":"max-snippet:-1","max-image-preview":"max-image-preview:large","max-video-preview":"max-video-preview:-1"},"canonical":"https:\/\/encompaniastj.org\/pt-pt\/echavacoiz-uma-comunidade-aberta-a-esperanca\/","og_locale":"pt_PT","og_type":"article","og_title":"Echavacoiz, uma comunidade aberta \u00e0 esperan\u00e7a - En Compa\u00f1\u00eda STJ","og_description":"Comunidade aberta, que quer ser o nosso desejo, como diz o Papa Francisco, aberta \u00e0s periferias existenciais das pessoas. Assume na medida do poss\u00edvel com responsabilidade uma boa Coordena\u00e7\u00e3o, relacionamento [&hellip;]","og_url":"https:\/\/encompaniastj.org\/pt-pt\/echavacoiz-uma-comunidade-aberta-a-esperanca\/","og_site_name":"En Compa\u00f1\u00eda STJ","article_published_time":"2022-11-07T08:19:09+00:00","article_modified_time":"2025-07-07T14:23:44+00:00","og_image":[{"width":1824,"height":999,"url":"https:\/\/encompaniastj.org\/wp-content\/uploads\/2025\/05\/Imagen-3-1.jpg","type":"image\/jpeg"}],"author":"admin","twitter_card":"summary_large_image","twitter_misc":{"Escrito por":"admin","Tempo estimado de leitura":"3 minutos"},"schema":{"@context":"https:\/\/schema.org","@graph":[{"@type":"Article","@id":"https:\/\/encompaniastj.org\/pt-pt\/echavacoiz-uma-comunidade-aberta-a-esperanca\/#article","isPartOf":{"@id":"https:\/\/encompaniastj.org\/pt-pt\/echavacoiz-uma-comunidade-aberta-a-esperanca\/"},"author":{"name":"admin","@id":"https:\/\/encompaniastj.org\/pt-pt\/#\/schema\/person\/520e7ecc314793d40091993c2a02b651"},"headline":"Echavacoiz, uma comunidade aberta \u00e0 esperan\u00e7a","datePublished":"2022-11-07T08:19:09+00:00","dateModified":"2025-07-07T14:23:44+00:00","mainEntityOfPage":{"@id":"https:\/\/encompaniastj.org\/pt-pt\/echavacoiz-uma-comunidade-aberta-a-esperanca\/"},"wordCount":419,"commentCount":0,"publisher":{"@id":"https:\/\/encompaniastj.org\/pt-pt\/#organization"},"image":{"@id":"https:\/\/encompaniastj.org\/pt-pt\/echavacoiz-uma-comunidade-aberta-a-esperanca\/#primaryimage"},"thumbnailUrl":"https:\/\/encompaniastj.org\/wp-content\/uploads\/2025\/05\/Imagen-3-1.jpg","articleSection":["A\u00e7\u00e3o Social","Acci\u00f3n Social","Noticias"],"inLanguage":"pt-PT","potentialAction":[{"@type":"CommentAction","name":"Comment","target":["https:\/\/encompaniastj.org\/pt-pt\/echavacoiz-uma-comunidade-aberta-a-esperanca\/#respond"]}]},{"@type":"WebPage","@id":"https:\/\/encompaniastj.org\/pt-pt\/echavacoiz-uma-comunidade-aberta-a-esperanca\/","url":"https:\/\/encompaniastj.org\/pt-pt\/echavacoiz-uma-comunidade-aberta-a-esperanca\/","name":"Echavacoiz, uma comunidade aberta \u00e0 esperan\u00e7a - En Compa\u00f1\u00eda STJ","isPartOf":{"@id":"https:\/\/encompaniastj.org\/pt-pt\/#website"},"primaryImageOfPage":{"@id":"https:\/\/encompaniastj.org\/pt-pt\/echavacoiz-uma-comunidade-aberta-a-esperanca\/#primaryimage"},"image":{"@id":"https:\/\/encompaniastj.org\/pt-pt\/echavacoiz-uma-comunidade-aberta-a-esperanca\/#primaryimage"},"thumbnailUrl":"https:\/\/encompaniastj.org\/wp-content\/uploads\/2025\/05\/Imagen-3-1.jpg","datePublished":"2022-11-07T08:19:09+00:00","dateModified":"2025-07-07T14:23:44+00:00","breadcrumb":{"@id":"https:\/\/encompaniastj.org\/pt-pt\/echavacoiz-uma-comunidade-aberta-a-esperanca\/#breadcrumb"},"inLanguage":"pt-PT","potentialAction":[{"@type":"ReadAction","target":["https:\/\/encompaniastj.org\/pt-pt\/echavacoiz-uma-comunidade-aberta-a-esperanca\/"]}]},{"@type":"ImageObject","inLanguage":"pt-PT","@id":"https:\/\/encompaniastj.org\/pt-pt\/echavacoiz-uma-comunidade-aberta-a-esperanca\/#primaryimage","url":"https:\/\/encompaniastj.org\/wp-content\/uploads\/2025\/05\/Imagen-3-1.jpg","contentUrl":"https:\/\/encompaniastj.org\/wp-content\/uploads\/2025\/05\/Imagen-3-1.jpg","width":1824,"height":999},{"@type":"BreadcrumbList","@id":"https:\/\/encompaniastj.org\/pt-pt\/echavacoiz-uma-comunidade-aberta-a-esperanca\/#breadcrumb","itemListElement":[{"@type":"ListItem","position":1,"name":"Portada","item":"https:\/\/encompaniastj.org\/pt-pt\/"},{"@type":"ListItem","position":2,"name":"Echavacoiz, uma comunidade aberta \u00e0 esperan\u00e7a"}]},{"@type":"WebSite","@id":"https:\/\/encompaniastj.org\/pt-pt\/#website","url":"https:\/\/encompaniastj.org\/pt-pt\/","name":"En Compa\u00f1\u00eda STJ","description":"Bolet\u00edn de la Compa\u00f1\u00eda de Santa Teresa de Jes\u00fas","publisher":{"@id":"https:\/\/encompaniastj.org\/pt-pt\/#organization"},"potentialAction":[{"@type":"SearchAction","target":{"@type":"EntryPoint","urlTemplate":"https:\/\/encompaniastj.org\/pt-pt\/?s={search_term_string}"},"query-input":{"@type":"PropertyValueSpecification","valueRequired":true,"valueName":"search_term_string"}}],"inLanguage":"pt-PT"},{"@type":"Organization","@id":"https:\/\/encompaniastj.org\/pt-pt\/#organization","name":"Compa\u00f1\u00eda de Santa Teresa de Jes\u00fas","url":"https:\/\/encompaniastj.org\/pt-pt\/","logo":{"@type":"ImageObject","inLanguage":"pt-PT","@id":"https:\/\/encompaniastj.org\/pt-pt\/#\/schema\/logo\/image\/","url":"https:\/\/encompaniastj.org\/wp-content\/uploads\/2025\/04\/logo_provincias02-1-3.png","contentUrl":"https:\/\/encompaniastj.org\/wp-content\/uploads\/2025\/04\/logo_provincias02-1-3.png","width":2368,"height":825,"caption":"Compa\u00f1\u00eda de Santa Teresa de Jes\u00fas"},"image":{"@id":"https:\/\/encompaniastj.org\/pt-pt\/#\/schema\/logo\/image\/"}},{"@type":"Person","@id":"https:\/\/encompaniastj.org\/pt-pt\/#\/schema\/person\/520e7ecc314793d40091993c2a02b651","name":"admin","image":{"@type":"ImageObject","inLanguage":"pt-PT","@id":"https:\/\/secure.gravatar.com\/avatar\/948b492cce32b586ac2db0eaa926ee87024f7afe218d73b397ea5ddfc5f43ea1?s=96&d=mm&r=g","url":"https:\/\/secure.gravatar.com\/avatar\/948b492cce32b586ac2db0eaa926ee87024f7afe218d73b397ea5ddfc5f43ea1?s=96&d=mm&r=g","contentUrl":"https:\/\/secure.gravatar.com\/avatar\/948b492cce32b586ac2db0eaa926ee87024f7afe218d73b397ea5ddfc5f43ea1?s=96&d=mm&r=g","caption":"admin"},"sameAs":["https:\/\/encompaniastj.org"],"url":"https:\/\/encompaniastj.org\/pt-pt\/author\/sjdigital\/"}]}},"_links":{"self":[{"href":"https:\/\/encompaniastj.org\/pt-pt\/wp-json\/wp\/v2\/posts\/11226","targetHints":{"allow":["GET"]}}],"collection":[{"href":"https:\/\/encompaniastj.org\/pt-pt\/wp-json\/wp\/v2\/posts"}],"about":[{"href":"https:\/\/encompaniastj.org\/pt-pt\/wp-json\/wp\/v2\/types\/post"}],"author":[{"embeddable":true,"href":"https:\/\/encompaniastj.org\/pt-pt\/wp-json\/wp\/v2\/users\/1"}],"replies":[{"embeddable":true,"href":"https:\/\/encompaniastj.org\/pt-pt\/wp-json\/wp\/v2\/comments?post=11226"}],"version-history":[{"count":1,"href":"https:\/\/encompaniastj.org\/pt-pt\/wp-json\/wp\/v2\/posts\/11226\/revisions"}],"predecessor-version":[{"id":11227,"href":"https:\/\/encompaniastj.org\/pt-pt\/wp-json\/wp\/v2\/posts\/11226\/revisions\/11227"}],"wp:featuredmedia":[{"embeddable":true,"href":"https:\/\/encompaniastj.org\/pt-pt\/wp-json\/wp\/v2\/media\/8098"}],"wp:attachment":[{"href":"https:\/\/encompaniastj.org\/pt-pt\/wp-json\/wp\/v2\/media?parent=11226"}],"wp:term":[{"taxonomy":"category","embeddable":true,"href":"https:\/\/encompaniastj.org\/pt-pt\/wp-json\/wp\/v2\/categories?post=11226"},{"taxonomy":"post_tag","embeddable":true,"href":"https:\/\/encompaniastj.org\/pt-pt\/wp-json\/wp\/v2\/tags?post=11226"}],"curies":[{"name":"wp","href":"https:\/\/api.w.org\/{rel}","templated":true}]}}