{"id":11208,"date":"2022-11-02T12:14:32","date_gmt":"2022-11-02T11:14:32","guid":{"rendered":"https:\/\/encompaniastj.org\/uma-chamada-de-telefone\/"},"modified":"2025-07-07T16:23:41","modified_gmt":"2025-07-07T14:23:41","slug":"uma-chamada-de-telefone","status":"publish","type":"post","link":"https:\/\/encompaniastj.org\/pt-pt\/uma-chamada-de-telefone\/","title":{"rendered":"Uma chamada de telefone"},"content":{"rendered":"<p>Era o final do ver\u00e3o quando um telefonema de Pilar, uma assistente social do bairro, nos informava \u00e0 comunidade que Denis, um menino de 8 anos que havia chegado da Ucr\u00e2nia em maio, havia acabado de falecer. Um cancro dos olhos rapidamente lhe causou a morte.<\/p>\n<p>Quando Pilar nos disse que a sua m\u00e3e queria uma presen\u00e7a religiosa em casa, o p\u00e1roco e uma de n\u00f3s fizemo-nos presentes&#8230;. Vivemos uma experi\u00eancia de f\u00e9, solidariedade e carinho para com esta m\u00e3e de cora\u00e7\u00e3o partido pela dor, n\u00e3o s\u00f3 pela perda de um filho, mas tamb\u00e9m por estar longe de sua terra.<\/p>\n<p>Ao aproximarmo-nos do corpo sem vida de Denis, cercado pelos \u00faltimos brinquedos que ele tinha sobre a cama, lembrei-me do momento em que Jesus diz: <em>&#8220;O teu filho n\u00e3o est\u00e1 morto&#8221;.<\/em> Que vontade eu tinha naqueles momentos de dizer: <em>&#8220;Mestre, se Tu tivesses estado aqui&#8230;&#8221;.<\/em> Mas o Mestre esteve. Naquela casa respirou-se naquele momento uma presen\u00e7a especial do Jesus da vida. Lauren, o p\u00e1roco, iniciou uma ora\u00e7\u00e3o na qual nos demos as m\u00e3os, fizemos sil\u00eancio e rez\u00e1mos ao Deus da vida, que sem d\u00favida acolheu a Denis.<\/p>\n<p>No dia seguinte, depois de ter procurado um sacerdote ucraniano, reconheci como \u00e9 bom trabalhar em rede. Alguns de n\u00f3s fomos pedindo ajuda. Foi poss\u00edvel celebrar um encontro ecum\u00e9nico na Par\u00f3quia, sem d\u00favida, no qual pudemos rezar com esta m\u00e3e. A comunidade franciscana esteve a par do que eles poderiam precisar. Fomos acompanhados pelo grupo de migra\u00e7\u00f5es da Diocese e pelos amigos que esta m\u00e3e teve nestes meses, duas assistentes sociais do bairro.<\/p>\n<p>A nossa comunidade viveu este acontecimento com for\u00e7a e gratid\u00e3o ao perceber as pessoas boas que nos rodeiam.<\/p>\n<p>COMUNIDADE DE ECHAVACOIZ<\/p>\n<p>&nbsp;<\/p>\n<p><img loading=\"lazy\" decoding=\"async\" class=\"aligncenter wp-image-9855 size-large\" src=\"https:\/\/encompaniastj.org\/wp-content\/uploads\/2025\/05\/Imagen-3.jpg\" alt=\"\" width=\"778\" height=\"1024\" \/><\/p>\n<p><img loading=\"lazy\" decoding=\"async\" class=\"aligncenter wp-image-9853 size-large\" src=\"https:\/\/encompaniastj.org\/wp-content\/uploads\/2025\/05\/Imagen-2.jpg\" alt=\"\" width=\"1024\" height=\"770\" \/> <img loading=\"lazy\" decoding=\"async\" class=\"aligncenter wp-image-9851 size-large\" src=\"https:\/\/encompaniastj.org\/wp-content\/uploads\/2025\/05\/Imagen-1.jpg\" alt=\"\" width=\"1024\" height=\"768\" \/><\/p>\n<p>&nbsp;<\/p>\n<p>&nbsp;<\/p>\n<p>&nbsp;<\/p>\n","protected":false},"excerpt":{"rendered":"<p>Era o final do ver\u00e3o quando um telefonema de Pilar, uma assistente social do bairro, nos informava \u00e0 comunidade que Denis, um menino de 8 anos que havia chegado da [&hellip;]<\/p>\n","protected":false},"author":1,"featured_media":8089,"comment_status":"open","ping_status":"open","sticky":false,"template":"","format":"standard","meta":{"_acf_changed":false,"footnotes":""},"categories":[61,68],"tags":[],"class_list":["post-11208","post","type-post","status-publish","format-standard","has-post-thumbnail","hentry","category-noticias","category-outras"],"acf":[],"yoast_head":"<!-- This site is optimized with the Yoast SEO plugin v27.5 - https:\/\/yoast.com\/product\/yoast-seo-wordpress\/ -->\n<title>Uma chamada de telefone - En Compa\u00f1\u00eda STJ<\/title>\n<meta name=\"robots\" content=\"index, follow, max-snippet:-1, max-image-preview:large, max-video-preview:-1\" \/>\n<link rel=\"canonical\" href=\"https:\/\/encompaniastj.org\/pt-pt\/uma-chamada-de-telefone\/\" \/>\n<meta property=\"og:locale\" content=\"pt_PT\" \/>\n<meta property=\"og:type\" content=\"article\" \/>\n<meta property=\"og:title\" content=\"Uma chamada de telefone - En Compa\u00f1\u00eda STJ\" \/>\n<meta property=\"og:description\" content=\"Era o final do ver\u00e3o quando um telefonema de Pilar, uma assistente social do bairro, nos informava \u00e0 comunidade que Denis, um menino de 8 anos que havia chegado da [&hellip;]\" \/>\n<meta property=\"og:url\" content=\"https:\/\/encompaniastj.org\/pt-pt\/uma-chamada-de-telefone\/\" \/>\n<meta property=\"og:site_name\" content=\"En Compa\u00f1\u00eda STJ\" \/>\n<meta property=\"article:published_time\" content=\"2022-11-02T11:14:32+00:00\" \/>\n<meta property=\"article:modified_time\" content=\"2025-07-07T14:23:41+00:00\" \/>\n<meta property=\"og:image\" content=\"https:\/\/encompaniastj.org\/wp-content\/uploads\/2025\/05\/foto1-1-3.jpg\" \/>\n\t<meta property=\"og:image:width\" content=\"1711\" \/>\n\t<meta property=\"og:image:height\" content=\"734\" \/>\n\t<meta property=\"og:image:type\" content=\"image\/jpeg\" \/>\n<meta name=\"author\" content=\"admin\" \/>\n<meta name=\"twitter:card\" content=\"summary_large_image\" \/>\n<meta name=\"twitter:label1\" content=\"Escrito por\" \/>\n\t<meta name=\"twitter:data1\" content=\"admin\" \/>\n\t<meta name=\"twitter:label2\" content=\"Tempo estimado de leitura\" \/>\n\t<meta name=\"twitter:data2\" content=\"2 minutos\" \/>\n<script type=\"application\/ld+json\" class=\"yoast-schema-graph\">{\"@context\":\"https:\\\/\\\/schema.org\",\"@graph\":[{\"@type\":\"Article\",\"@id\":\"https:\\\/\\\/encompaniastj.org\\\/pt-pt\\\/uma-chamada-de-telefone\\\/#article\",\"isPartOf\":{\"@id\":\"https:\\\/\\\/encompaniastj.org\\\/pt-pt\\\/uma-chamada-de-telefone\\\/\"},\"author\":{\"name\":\"admin\",\"@id\":\"https:\\\/\\\/encompaniastj.org\\\/pt-pt\\\/#\\\/schema\\\/person\\\/520e7ecc314793d40091993c2a02b651\"},\"headline\":\"Uma chamada de telefone\",\"datePublished\":\"2022-11-02T11:14:32+00:00\",\"dateModified\":\"2025-07-07T14:23:41+00:00\",\"mainEntityOfPage\":{\"@id\":\"https:\\\/\\\/encompaniastj.org\\\/pt-pt\\\/uma-chamada-de-telefone\\\/\"},\"wordCount\":315,\"commentCount\":0,\"publisher\":{\"@id\":\"https:\\\/\\\/encompaniastj.org\\\/pt-pt\\\/#organization\"},\"image\":{\"@id\":\"https:\\\/\\\/encompaniastj.org\\\/pt-pt\\\/uma-chamada-de-telefone\\\/#primaryimage\"},\"thumbnailUrl\":\"https:\\\/\\\/encompaniastj.org\\\/wp-content\\\/uploads\\\/2025\\\/05\\\/foto1-1-3.jpg\",\"articleSection\":[\"Noticias\",\"Outras\"],\"inLanguage\":\"pt-PT\",\"potentialAction\":[{\"@type\":\"CommentAction\",\"name\":\"Comment\",\"target\":[\"https:\\\/\\\/encompaniastj.org\\\/pt-pt\\\/uma-chamada-de-telefone\\\/#respond\"]}]},{\"@type\":\"WebPage\",\"@id\":\"https:\\\/\\\/encompaniastj.org\\\/pt-pt\\\/uma-chamada-de-telefone\\\/\",\"url\":\"https:\\\/\\\/encompaniastj.org\\\/pt-pt\\\/uma-chamada-de-telefone\\\/\",\"name\":\"Uma chamada de telefone - En Compa\u00f1\u00eda STJ\",\"isPartOf\":{\"@id\":\"https:\\\/\\\/encompaniastj.org\\\/pt-pt\\\/#website\"},\"primaryImageOfPage\":{\"@id\":\"https:\\\/\\\/encompaniastj.org\\\/pt-pt\\\/uma-chamada-de-telefone\\\/#primaryimage\"},\"image\":{\"@id\":\"https:\\\/\\\/encompaniastj.org\\\/pt-pt\\\/uma-chamada-de-telefone\\\/#primaryimage\"},\"thumbnailUrl\":\"https:\\\/\\\/encompaniastj.org\\\/wp-content\\\/uploads\\\/2025\\\/05\\\/foto1-1-3.jpg\",\"datePublished\":\"2022-11-02T11:14:32+00:00\",\"dateModified\":\"2025-07-07T14:23:41+00:00\",\"breadcrumb\":{\"@id\":\"https:\\\/\\\/encompaniastj.org\\\/pt-pt\\\/uma-chamada-de-telefone\\\/#breadcrumb\"},\"inLanguage\":\"pt-PT\",\"potentialAction\":[{\"@type\":\"ReadAction\",\"target\":[\"https:\\\/\\\/encompaniastj.org\\\/pt-pt\\\/uma-chamada-de-telefone\\\/\"]}]},{\"@type\":\"ImageObject\",\"inLanguage\":\"pt-PT\",\"@id\":\"https:\\\/\\\/encompaniastj.org\\\/pt-pt\\\/uma-chamada-de-telefone\\\/#primaryimage\",\"url\":\"https:\\\/\\\/encompaniastj.org\\\/wp-content\\\/uploads\\\/2025\\\/05\\\/foto1-1-3.jpg\",\"contentUrl\":\"https:\\\/\\\/encompaniastj.org\\\/wp-content\\\/uploads\\\/2025\\\/05\\\/foto1-1-3.jpg\",\"width\":1711,\"height\":734},{\"@type\":\"BreadcrumbList\",\"@id\":\"https:\\\/\\\/encompaniastj.org\\\/pt-pt\\\/uma-chamada-de-telefone\\\/#breadcrumb\",\"itemListElement\":[{\"@type\":\"ListItem\",\"position\":1,\"name\":\"Portada\",\"item\":\"https:\\\/\\\/encompaniastj.org\\\/pt-pt\\\/\"},{\"@type\":\"ListItem\",\"position\":2,\"name\":\"Uma chamada de telefone\"}]},{\"@type\":\"WebSite\",\"@id\":\"https:\\\/\\\/encompaniastj.org\\\/pt-pt\\\/#website\",\"url\":\"https:\\\/\\\/encompaniastj.org\\\/pt-pt\\\/\",\"name\":\"En Compa\u00f1\u00eda STJ\",\"description\":\"Bolet\u00edn de la Compa\u00f1\u00eda de Santa Teresa de Jes\u00fas\",\"publisher\":{\"@id\":\"https:\\\/\\\/encompaniastj.org\\\/pt-pt\\\/#organization\"},\"potentialAction\":[{\"@type\":\"SearchAction\",\"target\":{\"@type\":\"EntryPoint\",\"urlTemplate\":\"https:\\\/\\\/encompaniastj.org\\\/pt-pt\\\/?s={search_term_string}\"},\"query-input\":{\"@type\":\"PropertyValueSpecification\",\"valueRequired\":true,\"valueName\":\"search_term_string\"}}],\"inLanguage\":\"pt-PT\"},{\"@type\":\"Organization\",\"@id\":\"https:\\\/\\\/encompaniastj.org\\\/pt-pt\\\/#organization\",\"name\":\"Compa\u00f1\u00eda de Santa Teresa de Jes\u00fas\",\"url\":\"https:\\\/\\\/encompaniastj.org\\\/pt-pt\\\/\",\"logo\":{\"@type\":\"ImageObject\",\"inLanguage\":\"pt-PT\",\"@id\":\"https:\\\/\\\/encompaniastj.org\\\/pt-pt\\\/#\\\/schema\\\/logo\\\/image\\\/\",\"url\":\"https:\\\/\\\/encompaniastj.org\\\/wp-content\\\/uploads\\\/2025\\\/04\\\/logo_provincias02-1-3.png\",\"contentUrl\":\"https:\\\/\\\/encompaniastj.org\\\/wp-content\\\/uploads\\\/2025\\\/04\\\/logo_provincias02-1-3.png\",\"width\":2368,\"height\":825,\"caption\":\"Compa\u00f1\u00eda de Santa Teresa de Jes\u00fas\"},\"image\":{\"@id\":\"https:\\\/\\\/encompaniastj.org\\\/pt-pt\\\/#\\\/schema\\\/logo\\\/image\\\/\"}},{\"@type\":\"Person\",\"@id\":\"https:\\\/\\\/encompaniastj.org\\\/pt-pt\\\/#\\\/schema\\\/person\\\/520e7ecc314793d40091993c2a02b651\",\"name\":\"admin\",\"image\":{\"@type\":\"ImageObject\",\"inLanguage\":\"pt-PT\",\"@id\":\"https:\\\/\\\/secure.gravatar.com\\\/avatar\\\/948b492cce32b586ac2db0eaa926ee87024f7afe218d73b397ea5ddfc5f43ea1?s=96&d=mm&r=g\",\"url\":\"https:\\\/\\\/secure.gravatar.com\\\/avatar\\\/948b492cce32b586ac2db0eaa926ee87024f7afe218d73b397ea5ddfc5f43ea1?s=96&d=mm&r=g\",\"contentUrl\":\"https:\\\/\\\/secure.gravatar.com\\\/avatar\\\/948b492cce32b586ac2db0eaa926ee87024f7afe218d73b397ea5ddfc5f43ea1?s=96&d=mm&r=g\",\"caption\":\"admin\"},\"sameAs\":[\"https:\\\/\\\/encompaniastj.org\"],\"url\":\"https:\\\/\\\/encompaniastj.org\\\/pt-pt\\\/author\\\/sjdigital\\\/\"}]}<\/script>\n<!-- \/ Yoast SEO plugin. -->","yoast_head_json":{"title":"Uma chamada de telefone - En Compa\u00f1\u00eda STJ","robots":{"index":"index","follow":"follow","max-snippet":"max-snippet:-1","max-image-preview":"max-image-preview:large","max-video-preview":"max-video-preview:-1"},"canonical":"https:\/\/encompaniastj.org\/pt-pt\/uma-chamada-de-telefone\/","og_locale":"pt_PT","og_type":"article","og_title":"Uma chamada de telefone - En Compa\u00f1\u00eda STJ","og_description":"Era o final do ver\u00e3o quando um telefonema de Pilar, uma assistente social do bairro, nos informava \u00e0 comunidade que Denis, um menino de 8 anos que havia chegado da [&hellip;]","og_url":"https:\/\/encompaniastj.org\/pt-pt\/uma-chamada-de-telefone\/","og_site_name":"En Compa\u00f1\u00eda STJ","article_published_time":"2022-11-02T11:14:32+00:00","article_modified_time":"2025-07-07T14:23:41+00:00","og_image":[{"width":1711,"height":734,"url":"https:\/\/encompaniastj.org\/wp-content\/uploads\/2025\/05\/foto1-1-3.jpg","type":"image\/jpeg"}],"author":"admin","twitter_card":"summary_large_image","twitter_misc":{"Escrito por":"admin","Tempo estimado de leitura":"2 minutos"},"schema":{"@context":"https:\/\/schema.org","@graph":[{"@type":"Article","@id":"https:\/\/encompaniastj.org\/pt-pt\/uma-chamada-de-telefone\/#article","isPartOf":{"@id":"https:\/\/encompaniastj.org\/pt-pt\/uma-chamada-de-telefone\/"},"author":{"name":"admin","@id":"https:\/\/encompaniastj.org\/pt-pt\/#\/schema\/person\/520e7ecc314793d40091993c2a02b651"},"headline":"Uma chamada de telefone","datePublished":"2022-11-02T11:14:32+00:00","dateModified":"2025-07-07T14:23:41+00:00","mainEntityOfPage":{"@id":"https:\/\/encompaniastj.org\/pt-pt\/uma-chamada-de-telefone\/"},"wordCount":315,"commentCount":0,"publisher":{"@id":"https:\/\/encompaniastj.org\/pt-pt\/#organization"},"image":{"@id":"https:\/\/encompaniastj.org\/pt-pt\/uma-chamada-de-telefone\/#primaryimage"},"thumbnailUrl":"https:\/\/encompaniastj.org\/wp-content\/uploads\/2025\/05\/foto1-1-3.jpg","articleSection":["Noticias","Outras"],"inLanguage":"pt-PT","potentialAction":[{"@type":"CommentAction","name":"Comment","target":["https:\/\/encompaniastj.org\/pt-pt\/uma-chamada-de-telefone\/#respond"]}]},{"@type":"WebPage","@id":"https:\/\/encompaniastj.org\/pt-pt\/uma-chamada-de-telefone\/","url":"https:\/\/encompaniastj.org\/pt-pt\/uma-chamada-de-telefone\/","name":"Uma chamada de telefone - En Compa\u00f1\u00eda STJ","isPartOf":{"@id":"https:\/\/encompaniastj.org\/pt-pt\/#website"},"primaryImageOfPage":{"@id":"https:\/\/encompaniastj.org\/pt-pt\/uma-chamada-de-telefone\/#primaryimage"},"image":{"@id":"https:\/\/encompaniastj.org\/pt-pt\/uma-chamada-de-telefone\/#primaryimage"},"thumbnailUrl":"https:\/\/encompaniastj.org\/wp-content\/uploads\/2025\/05\/foto1-1-3.jpg","datePublished":"2022-11-02T11:14:32+00:00","dateModified":"2025-07-07T14:23:41+00:00","breadcrumb":{"@id":"https:\/\/encompaniastj.org\/pt-pt\/uma-chamada-de-telefone\/#breadcrumb"},"inLanguage":"pt-PT","potentialAction":[{"@type":"ReadAction","target":["https:\/\/encompaniastj.org\/pt-pt\/uma-chamada-de-telefone\/"]}]},{"@type":"ImageObject","inLanguage":"pt-PT","@id":"https:\/\/encompaniastj.org\/pt-pt\/uma-chamada-de-telefone\/#primaryimage","url":"https:\/\/encompaniastj.org\/wp-content\/uploads\/2025\/05\/foto1-1-3.jpg","contentUrl":"https:\/\/encompaniastj.org\/wp-content\/uploads\/2025\/05\/foto1-1-3.jpg","width":1711,"height":734},{"@type":"BreadcrumbList","@id":"https:\/\/encompaniastj.org\/pt-pt\/uma-chamada-de-telefone\/#breadcrumb","itemListElement":[{"@type":"ListItem","position":1,"name":"Portada","item":"https:\/\/encompaniastj.org\/pt-pt\/"},{"@type":"ListItem","position":2,"name":"Uma chamada de telefone"}]},{"@type":"WebSite","@id":"https:\/\/encompaniastj.org\/pt-pt\/#website","url":"https:\/\/encompaniastj.org\/pt-pt\/","name":"En Compa\u00f1\u00eda STJ","description":"Bolet\u00edn de la Compa\u00f1\u00eda de Santa Teresa de Jes\u00fas","publisher":{"@id":"https:\/\/encompaniastj.org\/pt-pt\/#organization"},"potentialAction":[{"@type":"SearchAction","target":{"@type":"EntryPoint","urlTemplate":"https:\/\/encompaniastj.org\/pt-pt\/?s={search_term_string}"},"query-input":{"@type":"PropertyValueSpecification","valueRequired":true,"valueName":"search_term_string"}}],"inLanguage":"pt-PT"},{"@type":"Organization","@id":"https:\/\/encompaniastj.org\/pt-pt\/#organization","name":"Compa\u00f1\u00eda de Santa Teresa de Jes\u00fas","url":"https:\/\/encompaniastj.org\/pt-pt\/","logo":{"@type":"ImageObject","inLanguage":"pt-PT","@id":"https:\/\/encompaniastj.org\/pt-pt\/#\/schema\/logo\/image\/","url":"https:\/\/encompaniastj.org\/wp-content\/uploads\/2025\/04\/logo_provincias02-1-3.png","contentUrl":"https:\/\/encompaniastj.org\/wp-content\/uploads\/2025\/04\/logo_provincias02-1-3.png","width":2368,"height":825,"caption":"Compa\u00f1\u00eda de Santa Teresa de Jes\u00fas"},"image":{"@id":"https:\/\/encompaniastj.org\/pt-pt\/#\/schema\/logo\/image\/"}},{"@type":"Person","@id":"https:\/\/encompaniastj.org\/pt-pt\/#\/schema\/person\/520e7ecc314793d40091993c2a02b651","name":"admin","image":{"@type":"ImageObject","inLanguage":"pt-PT","@id":"https:\/\/secure.gravatar.com\/avatar\/948b492cce32b586ac2db0eaa926ee87024f7afe218d73b397ea5ddfc5f43ea1?s=96&d=mm&r=g","url":"https:\/\/secure.gravatar.com\/avatar\/948b492cce32b586ac2db0eaa926ee87024f7afe218d73b397ea5ddfc5f43ea1?s=96&d=mm&r=g","contentUrl":"https:\/\/secure.gravatar.com\/avatar\/948b492cce32b586ac2db0eaa926ee87024f7afe218d73b397ea5ddfc5f43ea1?s=96&d=mm&r=g","caption":"admin"},"sameAs":["https:\/\/encompaniastj.org"],"url":"https:\/\/encompaniastj.org\/pt-pt\/author\/sjdigital\/"}]}},"_links":{"self":[{"href":"https:\/\/encompaniastj.org\/pt-pt\/wp-json\/wp\/v2\/posts\/11208","targetHints":{"allow":["GET"]}}],"collection":[{"href":"https:\/\/encompaniastj.org\/pt-pt\/wp-json\/wp\/v2\/posts"}],"about":[{"href":"https:\/\/encompaniastj.org\/pt-pt\/wp-json\/wp\/v2\/types\/post"}],"author":[{"embeddable":true,"href":"https:\/\/encompaniastj.org\/pt-pt\/wp-json\/wp\/v2\/users\/1"}],"replies":[{"embeddable":true,"href":"https:\/\/encompaniastj.org\/pt-pt\/wp-json\/wp\/v2\/comments?post=11208"}],"version-history":[{"count":1,"href":"https:\/\/encompaniastj.org\/pt-pt\/wp-json\/wp\/v2\/posts\/11208\/revisions"}],"predecessor-version":[{"id":11209,"href":"https:\/\/encompaniastj.org\/pt-pt\/wp-json\/wp\/v2\/posts\/11208\/revisions\/11209"}],"wp:featuredmedia":[{"embeddable":true,"href":"https:\/\/encompaniastj.org\/pt-pt\/wp-json\/wp\/v2\/media\/8089"}],"wp:attachment":[{"href":"https:\/\/encompaniastj.org\/pt-pt\/wp-json\/wp\/v2\/media?parent=11208"}],"wp:term":[{"taxonomy":"category","embeddable":true,"href":"https:\/\/encompaniastj.org\/pt-pt\/wp-json\/wp\/v2\/categories?post=11208"},{"taxonomy":"post_tag","embeddable":true,"href":"https:\/\/encompaniastj.org\/pt-pt\/wp-json\/wp\/v2\/tags?post=11208"}],"curies":[{"name":"wp","href":"https:\/\/api.w.org\/{rel}","templated":true}]}}