{"id":11206,"date":"2022-11-02T11:54:44","date_gmt":"2022-11-02T10:54:44","guid":{"rendered":"https:\/\/encompaniastj.org\/acao-de-gracas-a-maria-montejo-por-uma-vida-de-dedicacao-em-huelva\/"},"modified":"2025-07-07T16:23:41","modified_gmt":"2025-07-07T14:23:41","slug":"acao-de-gracas-a-maria-montejo-por-uma-vida-de-dedicacao-em-huelva","status":"publish","type":"post","link":"https:\/\/encompaniastj.org\/pt-pt\/acao-de-gracas-a-maria-montejo-por-uma-vida-de-dedicacao-em-huelva\/","title":{"rendered":"A\u00e7\u00e3o de Gra\u00e7as a Maria Montejo por uma vida de dedica\u00e7\u00e3o em Huelva"},"content":{"rendered":"<p><img loading=\"lazy\" decoding=\"async\" class=\"aligncenter wp-image-9844 size-large\" src=\"https:\/\/encompaniastj.org\/wp-content\/uploads\/2025\/05\/WhatsApp-Image-2022-10-24-at-22.16.12-4.jpeg\" alt=\"\" width=\"1024\" height=\"768\" \/><\/p>\n<p><em>\u201cSe n\u00e3o reconhecermos o que recebemos, n\u00e3o despertaremos para amar\u201d.<\/em><\/p>\n<p>No s\u00e1bado, 22 de outubro, desfrut\u00e1mos de um ato de homenagem e agradecimento por todo o trabalho realizado por Maria Montejo em Huelva.<\/p>\n<p>A iniciativa das antigas alunas fez-nos viver um belo dia de Fam\u00edlia Teresiana. Est\u00e1vamos muitas pessoas: irm\u00e3s da Companhia de Huelva e Sevilha, e duas que se deslocaram de Madrid, MTA, Comunidade Educativa e Antigas Alunos de diferentes gera\u00e7\u00f5es.<\/p>\n<p>&#8220;O sucesso n\u00e3o vem do reconhecimento de todos n\u00f3s que estamos aqui, mas do resultado de tudo que tu semeaste com amor.&#8221; Foi com estas palavras que Laura, a Antiga aluna mais jovem falou<\/p>\n<p>Ficou evidente a dedica\u00e7\u00e3o cheia de amor ao longo do tempo e no contato com muitas gera\u00e7\u00f5es de alunos de Huelva e com toda a fam\u00edlia teresiana. Foi reconhecido e apreciado o amor dado. E com o reconhecimento de Maria, foi reconhecido o trabalho da Companhia nestas terras de Huelva e o trabalho de muitas irm\u00e3s que passaram por Huelva ao longo dos anos e das que agora temos a sorte de estar aqui.<\/p>\n<p>A homenagem come\u00e7ou com um ato no sal\u00e3o da Casa Col\u00f3n. Chon S\u00e1nchez come\u00e7ou apresentando as pessoas que iriam dirigir-se a Maria ao longo do encontro. Em seguida, Sagr\u00e1rio G\u00f3mez, como Coordenadora da comunidade, dirigiu algumas palavras emocionadas onde p\u00f4de destacar a dedica\u00e7\u00e3o incondicional de Maria \u00e0s irm\u00e3s e leu a sauda\u00e7\u00e3o carinhosa e agradecida enviada pela Irm\u00e3 Assun\u00e7\u00e3o Codes, Geral da Companhia.<\/p>\n<p>Beatriz Rodr\u00edguez Arrizabalaga em uma conversa sincera partilhou connosco a sua pr\u00f3pria experi\u00eancia do carisma ao longo da sua vida, lembrando muitos momentos da sua vida no col\u00e9gio, a dedica\u00e7\u00e3o e a presen\u00e7a de muitas irm\u00e3s e as aprendizagens vitais que lhe serviram e continuam servindo na sua vida pessoal e profissional. E no meio destas preciosas palavras, dirigiu algumas palavras afetuosas a Maria, \u00a0a Madre Mar\u00eda Montejo.<\/p>\n<p>Gema Gil, tamb\u00e9m antiga aluna de Huelva, recordou com carinho a presen\u00e7a de Mar\u00eda como prefeita do col\u00e9gio durante a maior parte de seu tempo escolar, e o que aprendeu com ela e dela, lhe serviu na sua vida e na sua a\u00e7\u00e3o educativa.<\/p>\n<p>Laura Beltr\u00e1n, a \u00a0antiga aluna mais nova, lembrou como Maria \u00e9 presen\u00e7a essencial no col\u00e9gio para todos os grupos da fam\u00edlia teresiana, falou do seu sorriso, da sua escuta de todos, de seu conhecimento de todos os alunos e suas fam\u00edlias&#8230; de algum modo o mesmo foi expresso por todos aqueles que falaram dela. Uma mulher incondicional e dedicada.<\/p>\n<p>Sagrario G\u00f3mez, tomou a palavra novamente para nos ler a mensagem de Isabel del Valle, antiga aluna, que lembrou com uma fa\u00edsca como Maria a fazia escolher entre o basquete e a missa ao celebr\u00e1-la no recreio. Tamb\u00e9m agradeceu calorosamente o seu trabalho.<\/p>\n<p>M\u00aa Jos\u00e9 Marfil, da Associa\u00e7\u00e3o de Antigas Alunas, lembrou como a Associa\u00e7\u00e3o est\u00e1 a \u201ccaminhar\u201d pelas viagens que t\u00eam feito juntas. Agradeceu o impulso que Mar\u00eda deu nos seus prim\u00f3rdios e no acompanhamento ao longo do tempo.<\/p>\n<p>Foi visto um v\u00eddeo que refletia a presen\u00e7a de Maria com as pessoas, com as suas comunidades ao longo dos anos, com a comunidade educativa ao longo do tempo, as celebra\u00e7\u00f5es importantes, os eventos do col\u00e9gio&#8230;<\/p>\n<p>O ato terminou com a entrega de alguns detalhes e o canto da Salve Rociera. Do sal\u00e3o de atos fomos partilhar um cocktail que nos permitiu conhecer e conversar, continuar tecendo a fam\u00edlia teresiana.<\/p>\n<p>A homenagem terminou com a Eucaristia celebrada na capela do col\u00e9gio e presidida pelo nosso Bispo, D. Santiago G\u00f3mez Sierra.<\/p>\n<p>Uma homenagem emocionada, carinhosa, cheia de muitas palavras, mem\u00f3rias, que nos deixou um precioso gostinho de \u201corgulho de fam\u00edlia\u201d e a certeza de que \u201cse o gr\u00e3o de trigo cai na terra e morre, d\u00e1 MUITOS FRUTOS\u201d. E \u00e9 palp\u00e1vel o fruto que a vida dedicada de Mar\u00eda Montejo e de muitas irm\u00e3s deu nesta terra de Huelva.<\/p>\n<p><img loading=\"lazy\" decoding=\"async\" class=\"aligncenter wp-image-9840 size-full\" src=\"https:\/\/encompaniastj.org\/wp-content\/uploads\/2025\/05\/WhatsApp-Image-2022-10-24-at-22.16.12-1.jpeg\" alt=\"\" width=\"1024\" height=\"768\" \/><\/p>\n<p><img loading=\"lazy\" decoding=\"async\" class=\"aligncenter wp-image-9836 size-large\" src=\"https:\/\/encompaniastj.org\/wp-content\/uploads\/2025\/05\/WhatsApp-Image-2022-10-22-at-10.33.09-PM.jpeg\" alt=\"\" width=\"1024\" height=\"461\" \/><\/p>\n","protected":false},"excerpt":{"rendered":"<p>\u201cSe n\u00e3o reconhecermos o que recebemos, n\u00e3o despertaremos para amar\u201d. No s\u00e1bado, 22 de outubro, desfrut\u00e1mos de um ato de homenagem e agradecimento por todo o trabalho realizado por Maria [&hellip;]<\/p>\n","protected":false},"author":1,"featured_media":8084,"comment_status":"open","ping_status":"open","sticky":false,"template":"","format":"standard","meta":{"_acf_changed":false,"footnotes":""},"categories":[61,62,68],"tags":[],"class_list":["post-11206","post","type-post","status-publish","format-standard","has-post-thumbnail","hentry","category-noticias","category-otras","category-outras"],"acf":[],"yoast_head":"<!-- This site is optimized with the Yoast SEO plugin v27.5 - https:\/\/yoast.com\/product\/yoast-seo-wordpress\/ -->\n<title>A\u00e7\u00e3o de Gra\u00e7as a Maria Montejo por uma vida de dedica\u00e7\u00e3o em Huelva - En Compa\u00f1\u00eda STJ<\/title>\n<meta name=\"robots\" content=\"index, follow, max-snippet:-1, max-image-preview:large, max-video-preview:-1\" \/>\n<link rel=\"canonical\" href=\"https:\/\/encompaniastj.org\/pt-pt\/acao-de-gracas-a-maria-montejo-por-uma-vida-de-dedicacao-em-huelva\/\" \/>\n<meta property=\"og:locale\" content=\"pt_PT\" \/>\n<meta property=\"og:type\" content=\"article\" \/>\n<meta property=\"og:title\" content=\"A\u00e7\u00e3o de Gra\u00e7as a Maria Montejo por uma vida de dedica\u00e7\u00e3o em Huelva - En Compa\u00f1\u00eda STJ\" \/>\n<meta property=\"og:description\" content=\"\u201cSe n\u00e3o reconhecermos o que recebemos, n\u00e3o despertaremos para amar\u201d. No s\u00e1bado, 22 de outubro, desfrut\u00e1mos de um ato de homenagem e agradecimento por todo o trabalho realizado por Maria [&hellip;]\" \/>\n<meta property=\"og:url\" content=\"https:\/\/encompaniastj.org\/pt-pt\/acao-de-gracas-a-maria-montejo-por-uma-vida-de-dedicacao-em-huelva\/\" \/>\n<meta property=\"og:site_name\" content=\"En Compa\u00f1\u00eda STJ\" \/>\n<meta property=\"article:published_time\" content=\"2022-11-02T10:54:44+00:00\" \/>\n<meta property=\"article:modified_time\" content=\"2025-07-07T14:23:41+00:00\" \/>\n<meta property=\"og:image\" content=\"https:\/\/encompaniastj.org\/wp-content\/uploads\/2025\/05\/WhatsApp-Image-2022-10-23-at-10.12.08-AM.jpeg\" \/>\n\t<meta property=\"og:image:width\" content=\"1024\" \/>\n\t<meta property=\"og:image:height\" content=\"768\" \/>\n\t<meta property=\"og:image:type\" content=\"image\/jpeg\" \/>\n<meta name=\"author\" content=\"admin\" \/>\n<meta name=\"twitter:card\" content=\"summary_large_image\" \/>\n<meta name=\"twitter:label1\" content=\"Escrito por\" \/>\n\t<meta name=\"twitter:data1\" content=\"admin\" \/>\n\t<meta name=\"twitter:label2\" content=\"Tempo estimado de leitura\" \/>\n\t<meta name=\"twitter:data2\" content=\"4 minutos\" \/>\n<script type=\"application\/ld+json\" class=\"yoast-schema-graph\">{\"@context\":\"https:\\\/\\\/schema.org\",\"@graph\":[{\"@type\":\"Article\",\"@id\":\"https:\\\/\\\/encompaniastj.org\\\/pt-pt\\\/acao-de-gracas-a-maria-montejo-por-uma-vida-de-dedicacao-em-huelva\\\/#article\",\"isPartOf\":{\"@id\":\"https:\\\/\\\/encompaniastj.org\\\/pt-pt\\\/acao-de-gracas-a-maria-montejo-por-uma-vida-de-dedicacao-em-huelva\\\/\"},\"author\":{\"name\":\"admin\",\"@id\":\"https:\\\/\\\/encompaniastj.org\\\/pt-pt\\\/#\\\/schema\\\/person\\\/520e7ecc314793d40091993c2a02b651\"},\"headline\":\"A\u00e7\u00e3o de Gra\u00e7as a Maria Montejo por uma vida de dedica\u00e7\u00e3o em Huelva\",\"datePublished\":\"2022-11-02T10:54:44+00:00\",\"dateModified\":\"2025-07-07T14:23:41+00:00\",\"mainEntityOfPage\":{\"@id\":\"https:\\\/\\\/encompaniastj.org\\\/pt-pt\\\/acao-de-gracas-a-maria-montejo-por-uma-vida-de-dedicacao-em-huelva\\\/\"},\"wordCount\":722,\"commentCount\":0,\"publisher\":{\"@id\":\"https:\\\/\\\/encompaniastj.org\\\/pt-pt\\\/#organization\"},\"image\":{\"@id\":\"https:\\\/\\\/encompaniastj.org\\\/pt-pt\\\/acao-de-gracas-a-maria-montejo-por-uma-vida-de-dedicacao-em-huelva\\\/#primaryimage\"},\"thumbnailUrl\":\"https:\\\/\\\/encompaniastj.org\\\/wp-content\\\/uploads\\\/2025\\\/05\\\/WhatsApp-Image-2022-10-23-at-10.12.08-AM.jpeg\",\"articleSection\":[\"Noticias\",\"Otras\",\"Outras\"],\"inLanguage\":\"pt-PT\",\"potentialAction\":[{\"@type\":\"CommentAction\",\"name\":\"Comment\",\"target\":[\"https:\\\/\\\/encompaniastj.org\\\/pt-pt\\\/acao-de-gracas-a-maria-montejo-por-uma-vida-de-dedicacao-em-huelva\\\/#respond\"]}]},{\"@type\":\"WebPage\",\"@id\":\"https:\\\/\\\/encompaniastj.org\\\/pt-pt\\\/acao-de-gracas-a-maria-montejo-por-uma-vida-de-dedicacao-em-huelva\\\/\",\"url\":\"https:\\\/\\\/encompaniastj.org\\\/pt-pt\\\/acao-de-gracas-a-maria-montejo-por-uma-vida-de-dedicacao-em-huelva\\\/\",\"name\":\"A\u00e7\u00e3o de Gra\u00e7as a Maria Montejo por uma vida de dedica\u00e7\u00e3o em Huelva - En Compa\u00f1\u00eda STJ\",\"isPartOf\":{\"@id\":\"https:\\\/\\\/encompaniastj.org\\\/pt-pt\\\/#website\"},\"primaryImageOfPage\":{\"@id\":\"https:\\\/\\\/encompaniastj.org\\\/pt-pt\\\/acao-de-gracas-a-maria-montejo-por-uma-vida-de-dedicacao-em-huelva\\\/#primaryimage\"},\"image\":{\"@id\":\"https:\\\/\\\/encompaniastj.org\\\/pt-pt\\\/acao-de-gracas-a-maria-montejo-por-uma-vida-de-dedicacao-em-huelva\\\/#primaryimage\"},\"thumbnailUrl\":\"https:\\\/\\\/encompaniastj.org\\\/wp-content\\\/uploads\\\/2025\\\/05\\\/WhatsApp-Image-2022-10-23-at-10.12.08-AM.jpeg\",\"datePublished\":\"2022-11-02T10:54:44+00:00\",\"dateModified\":\"2025-07-07T14:23:41+00:00\",\"breadcrumb\":{\"@id\":\"https:\\\/\\\/encompaniastj.org\\\/pt-pt\\\/acao-de-gracas-a-maria-montejo-por-uma-vida-de-dedicacao-em-huelva\\\/#breadcrumb\"},\"inLanguage\":\"pt-PT\",\"potentialAction\":[{\"@type\":\"ReadAction\",\"target\":[\"https:\\\/\\\/encompaniastj.org\\\/pt-pt\\\/acao-de-gracas-a-maria-montejo-por-uma-vida-de-dedicacao-em-huelva\\\/\"]}]},{\"@type\":\"ImageObject\",\"inLanguage\":\"pt-PT\",\"@id\":\"https:\\\/\\\/encompaniastj.org\\\/pt-pt\\\/acao-de-gracas-a-maria-montejo-por-uma-vida-de-dedicacao-em-huelva\\\/#primaryimage\",\"url\":\"https:\\\/\\\/encompaniastj.org\\\/wp-content\\\/uploads\\\/2025\\\/05\\\/WhatsApp-Image-2022-10-23-at-10.12.08-AM.jpeg\",\"contentUrl\":\"https:\\\/\\\/encompaniastj.org\\\/wp-content\\\/uploads\\\/2025\\\/05\\\/WhatsApp-Image-2022-10-23-at-10.12.08-AM.jpeg\",\"width\":1024,\"height\":768},{\"@type\":\"BreadcrumbList\",\"@id\":\"https:\\\/\\\/encompaniastj.org\\\/pt-pt\\\/acao-de-gracas-a-maria-montejo-por-uma-vida-de-dedicacao-em-huelva\\\/#breadcrumb\",\"itemListElement\":[{\"@type\":\"ListItem\",\"position\":1,\"name\":\"Portada\",\"item\":\"https:\\\/\\\/encompaniastj.org\\\/pt-pt\\\/\"},{\"@type\":\"ListItem\",\"position\":2,\"name\":\"A\u00e7\u00e3o de Gra\u00e7as a Maria Montejo por uma vida de dedica\u00e7\u00e3o em Huelva\"}]},{\"@type\":\"WebSite\",\"@id\":\"https:\\\/\\\/encompaniastj.org\\\/pt-pt\\\/#website\",\"url\":\"https:\\\/\\\/encompaniastj.org\\\/pt-pt\\\/\",\"name\":\"En Compa\u00f1\u00eda STJ\",\"description\":\"Bolet\u00edn de la Compa\u00f1\u00eda de Santa Teresa de Jes\u00fas\",\"publisher\":{\"@id\":\"https:\\\/\\\/encompaniastj.org\\\/pt-pt\\\/#organization\"},\"potentialAction\":[{\"@type\":\"SearchAction\",\"target\":{\"@type\":\"EntryPoint\",\"urlTemplate\":\"https:\\\/\\\/encompaniastj.org\\\/pt-pt\\\/?s={search_term_string}\"},\"query-input\":{\"@type\":\"PropertyValueSpecification\",\"valueRequired\":true,\"valueName\":\"search_term_string\"}}],\"inLanguage\":\"pt-PT\"},{\"@type\":\"Organization\",\"@id\":\"https:\\\/\\\/encompaniastj.org\\\/pt-pt\\\/#organization\",\"name\":\"Compa\u00f1\u00eda de Santa Teresa de Jes\u00fas\",\"url\":\"https:\\\/\\\/encompaniastj.org\\\/pt-pt\\\/\",\"logo\":{\"@type\":\"ImageObject\",\"inLanguage\":\"pt-PT\",\"@id\":\"https:\\\/\\\/encompaniastj.org\\\/pt-pt\\\/#\\\/schema\\\/logo\\\/image\\\/\",\"url\":\"https:\\\/\\\/encompaniastj.org\\\/wp-content\\\/uploads\\\/2025\\\/04\\\/logo_provincias02-1-3.png\",\"contentUrl\":\"https:\\\/\\\/encompaniastj.org\\\/wp-content\\\/uploads\\\/2025\\\/04\\\/logo_provincias02-1-3.png\",\"width\":2368,\"height\":825,\"caption\":\"Compa\u00f1\u00eda de Santa Teresa de Jes\u00fas\"},\"image\":{\"@id\":\"https:\\\/\\\/encompaniastj.org\\\/pt-pt\\\/#\\\/schema\\\/logo\\\/image\\\/\"}},{\"@type\":\"Person\",\"@id\":\"https:\\\/\\\/encompaniastj.org\\\/pt-pt\\\/#\\\/schema\\\/person\\\/520e7ecc314793d40091993c2a02b651\",\"name\":\"admin\",\"image\":{\"@type\":\"ImageObject\",\"inLanguage\":\"pt-PT\",\"@id\":\"https:\\\/\\\/secure.gravatar.com\\\/avatar\\\/948b492cce32b586ac2db0eaa926ee87024f7afe218d73b397ea5ddfc5f43ea1?s=96&d=mm&r=g\",\"url\":\"https:\\\/\\\/secure.gravatar.com\\\/avatar\\\/948b492cce32b586ac2db0eaa926ee87024f7afe218d73b397ea5ddfc5f43ea1?s=96&d=mm&r=g\",\"contentUrl\":\"https:\\\/\\\/secure.gravatar.com\\\/avatar\\\/948b492cce32b586ac2db0eaa926ee87024f7afe218d73b397ea5ddfc5f43ea1?s=96&d=mm&r=g\",\"caption\":\"admin\"},\"sameAs\":[\"https:\\\/\\\/encompaniastj.org\"],\"url\":\"https:\\\/\\\/encompaniastj.org\\\/pt-pt\\\/author\\\/sjdigital\\\/\"}]}<\/script>\n<!-- \/ Yoast SEO plugin. -->","yoast_head_json":{"title":"A\u00e7\u00e3o de Gra\u00e7as a Maria Montejo por uma vida de dedica\u00e7\u00e3o em Huelva - En Compa\u00f1\u00eda STJ","robots":{"index":"index","follow":"follow","max-snippet":"max-snippet:-1","max-image-preview":"max-image-preview:large","max-video-preview":"max-video-preview:-1"},"canonical":"https:\/\/encompaniastj.org\/pt-pt\/acao-de-gracas-a-maria-montejo-por-uma-vida-de-dedicacao-em-huelva\/","og_locale":"pt_PT","og_type":"article","og_title":"A\u00e7\u00e3o de Gra\u00e7as a Maria Montejo por uma vida de dedica\u00e7\u00e3o em Huelva - En Compa\u00f1\u00eda STJ","og_description":"\u201cSe n\u00e3o reconhecermos o que recebemos, n\u00e3o despertaremos para amar\u201d. No s\u00e1bado, 22 de outubro, desfrut\u00e1mos de um ato de homenagem e agradecimento por todo o trabalho realizado por Maria [&hellip;]","og_url":"https:\/\/encompaniastj.org\/pt-pt\/acao-de-gracas-a-maria-montejo-por-uma-vida-de-dedicacao-em-huelva\/","og_site_name":"En Compa\u00f1\u00eda STJ","article_published_time":"2022-11-02T10:54:44+00:00","article_modified_time":"2025-07-07T14:23:41+00:00","og_image":[{"width":1024,"height":768,"url":"https:\/\/encompaniastj.org\/wp-content\/uploads\/2025\/05\/WhatsApp-Image-2022-10-23-at-10.12.08-AM.jpeg","type":"image\/jpeg"}],"author":"admin","twitter_card":"summary_large_image","twitter_misc":{"Escrito por":"admin","Tempo estimado de leitura":"4 minutos"},"schema":{"@context":"https:\/\/schema.org","@graph":[{"@type":"Article","@id":"https:\/\/encompaniastj.org\/pt-pt\/acao-de-gracas-a-maria-montejo-por-uma-vida-de-dedicacao-em-huelva\/#article","isPartOf":{"@id":"https:\/\/encompaniastj.org\/pt-pt\/acao-de-gracas-a-maria-montejo-por-uma-vida-de-dedicacao-em-huelva\/"},"author":{"name":"admin","@id":"https:\/\/encompaniastj.org\/pt-pt\/#\/schema\/person\/520e7ecc314793d40091993c2a02b651"},"headline":"A\u00e7\u00e3o de Gra\u00e7as a Maria Montejo por uma vida de dedica\u00e7\u00e3o em Huelva","datePublished":"2022-11-02T10:54:44+00:00","dateModified":"2025-07-07T14:23:41+00:00","mainEntityOfPage":{"@id":"https:\/\/encompaniastj.org\/pt-pt\/acao-de-gracas-a-maria-montejo-por-uma-vida-de-dedicacao-em-huelva\/"},"wordCount":722,"commentCount":0,"publisher":{"@id":"https:\/\/encompaniastj.org\/pt-pt\/#organization"},"image":{"@id":"https:\/\/encompaniastj.org\/pt-pt\/acao-de-gracas-a-maria-montejo-por-uma-vida-de-dedicacao-em-huelva\/#primaryimage"},"thumbnailUrl":"https:\/\/encompaniastj.org\/wp-content\/uploads\/2025\/05\/WhatsApp-Image-2022-10-23-at-10.12.08-AM.jpeg","articleSection":["Noticias","Otras","Outras"],"inLanguage":"pt-PT","potentialAction":[{"@type":"CommentAction","name":"Comment","target":["https:\/\/encompaniastj.org\/pt-pt\/acao-de-gracas-a-maria-montejo-por-uma-vida-de-dedicacao-em-huelva\/#respond"]}]},{"@type":"WebPage","@id":"https:\/\/encompaniastj.org\/pt-pt\/acao-de-gracas-a-maria-montejo-por-uma-vida-de-dedicacao-em-huelva\/","url":"https:\/\/encompaniastj.org\/pt-pt\/acao-de-gracas-a-maria-montejo-por-uma-vida-de-dedicacao-em-huelva\/","name":"A\u00e7\u00e3o de Gra\u00e7as a Maria Montejo por uma vida de dedica\u00e7\u00e3o em Huelva - En Compa\u00f1\u00eda STJ","isPartOf":{"@id":"https:\/\/encompaniastj.org\/pt-pt\/#website"},"primaryImageOfPage":{"@id":"https:\/\/encompaniastj.org\/pt-pt\/acao-de-gracas-a-maria-montejo-por-uma-vida-de-dedicacao-em-huelva\/#primaryimage"},"image":{"@id":"https:\/\/encompaniastj.org\/pt-pt\/acao-de-gracas-a-maria-montejo-por-uma-vida-de-dedicacao-em-huelva\/#primaryimage"},"thumbnailUrl":"https:\/\/encompaniastj.org\/wp-content\/uploads\/2025\/05\/WhatsApp-Image-2022-10-23-at-10.12.08-AM.jpeg","datePublished":"2022-11-02T10:54:44+00:00","dateModified":"2025-07-07T14:23:41+00:00","breadcrumb":{"@id":"https:\/\/encompaniastj.org\/pt-pt\/acao-de-gracas-a-maria-montejo-por-uma-vida-de-dedicacao-em-huelva\/#breadcrumb"},"inLanguage":"pt-PT","potentialAction":[{"@type":"ReadAction","target":["https:\/\/encompaniastj.org\/pt-pt\/acao-de-gracas-a-maria-montejo-por-uma-vida-de-dedicacao-em-huelva\/"]}]},{"@type":"ImageObject","inLanguage":"pt-PT","@id":"https:\/\/encompaniastj.org\/pt-pt\/acao-de-gracas-a-maria-montejo-por-uma-vida-de-dedicacao-em-huelva\/#primaryimage","url":"https:\/\/encompaniastj.org\/wp-content\/uploads\/2025\/05\/WhatsApp-Image-2022-10-23-at-10.12.08-AM.jpeg","contentUrl":"https:\/\/encompaniastj.org\/wp-content\/uploads\/2025\/05\/WhatsApp-Image-2022-10-23-at-10.12.08-AM.jpeg","width":1024,"height":768},{"@type":"BreadcrumbList","@id":"https:\/\/encompaniastj.org\/pt-pt\/acao-de-gracas-a-maria-montejo-por-uma-vida-de-dedicacao-em-huelva\/#breadcrumb","itemListElement":[{"@type":"ListItem","position":1,"name":"Portada","item":"https:\/\/encompaniastj.org\/pt-pt\/"},{"@type":"ListItem","position":2,"name":"A\u00e7\u00e3o de Gra\u00e7as a Maria Montejo por uma vida de dedica\u00e7\u00e3o em Huelva"}]},{"@type":"WebSite","@id":"https:\/\/encompaniastj.org\/pt-pt\/#website","url":"https:\/\/encompaniastj.org\/pt-pt\/","name":"En Compa\u00f1\u00eda STJ","description":"Bolet\u00edn de la Compa\u00f1\u00eda de Santa Teresa de Jes\u00fas","publisher":{"@id":"https:\/\/encompaniastj.org\/pt-pt\/#organization"},"potentialAction":[{"@type":"SearchAction","target":{"@type":"EntryPoint","urlTemplate":"https:\/\/encompaniastj.org\/pt-pt\/?s={search_term_string}"},"query-input":{"@type":"PropertyValueSpecification","valueRequired":true,"valueName":"search_term_string"}}],"inLanguage":"pt-PT"},{"@type":"Organization","@id":"https:\/\/encompaniastj.org\/pt-pt\/#organization","name":"Compa\u00f1\u00eda de Santa Teresa de Jes\u00fas","url":"https:\/\/encompaniastj.org\/pt-pt\/","logo":{"@type":"ImageObject","inLanguage":"pt-PT","@id":"https:\/\/encompaniastj.org\/pt-pt\/#\/schema\/logo\/image\/","url":"https:\/\/encompaniastj.org\/wp-content\/uploads\/2025\/04\/logo_provincias02-1-3.png","contentUrl":"https:\/\/encompaniastj.org\/wp-content\/uploads\/2025\/04\/logo_provincias02-1-3.png","width":2368,"height":825,"caption":"Compa\u00f1\u00eda de Santa Teresa de Jes\u00fas"},"image":{"@id":"https:\/\/encompaniastj.org\/pt-pt\/#\/schema\/logo\/image\/"}},{"@type":"Person","@id":"https:\/\/encompaniastj.org\/pt-pt\/#\/schema\/person\/520e7ecc314793d40091993c2a02b651","name":"admin","image":{"@type":"ImageObject","inLanguage":"pt-PT","@id":"https:\/\/secure.gravatar.com\/avatar\/948b492cce32b586ac2db0eaa926ee87024f7afe218d73b397ea5ddfc5f43ea1?s=96&d=mm&r=g","url":"https:\/\/secure.gravatar.com\/avatar\/948b492cce32b586ac2db0eaa926ee87024f7afe218d73b397ea5ddfc5f43ea1?s=96&d=mm&r=g","contentUrl":"https:\/\/secure.gravatar.com\/avatar\/948b492cce32b586ac2db0eaa926ee87024f7afe218d73b397ea5ddfc5f43ea1?s=96&d=mm&r=g","caption":"admin"},"sameAs":["https:\/\/encompaniastj.org"],"url":"https:\/\/encompaniastj.org\/pt-pt\/author\/sjdigital\/"}]}},"_links":{"self":[{"href":"https:\/\/encompaniastj.org\/pt-pt\/wp-json\/wp\/v2\/posts\/11206","targetHints":{"allow":["GET"]}}],"collection":[{"href":"https:\/\/encompaniastj.org\/pt-pt\/wp-json\/wp\/v2\/posts"}],"about":[{"href":"https:\/\/encompaniastj.org\/pt-pt\/wp-json\/wp\/v2\/types\/post"}],"author":[{"embeddable":true,"href":"https:\/\/encompaniastj.org\/pt-pt\/wp-json\/wp\/v2\/users\/1"}],"replies":[{"embeddable":true,"href":"https:\/\/encompaniastj.org\/pt-pt\/wp-json\/wp\/v2\/comments?post=11206"}],"version-history":[{"count":1,"href":"https:\/\/encompaniastj.org\/pt-pt\/wp-json\/wp\/v2\/posts\/11206\/revisions"}],"predecessor-version":[{"id":11207,"href":"https:\/\/encompaniastj.org\/pt-pt\/wp-json\/wp\/v2\/posts\/11206\/revisions\/11207"}],"wp:featuredmedia":[{"embeddable":true,"href":"https:\/\/encompaniastj.org\/pt-pt\/wp-json\/wp\/v2\/media\/8084"}],"wp:attachment":[{"href":"https:\/\/encompaniastj.org\/pt-pt\/wp-json\/wp\/v2\/media?parent=11206"}],"wp:term":[{"taxonomy":"category","embeddable":true,"href":"https:\/\/encompaniastj.org\/pt-pt\/wp-json\/wp\/v2\/categories?post=11206"},{"taxonomy":"post_tag","embeddable":true,"href":"https:\/\/encompaniastj.org\/pt-pt\/wp-json\/wp\/v2\/tags?post=11206"}],"curies":[{"name":"wp","href":"https:\/\/api.w.org\/{rel}","templated":true}]}}