{"id":11196,"date":"2022-10-31T12:25:25","date_gmt":"2022-10-31T11:25:25","guid":{"rendered":"https:\/\/encompaniastj.org\/dao-se-as-maos\/"},"modified":"2025-07-07T16:23:39","modified_gmt":"2025-07-07T14:23:39","slug":"dao-se-as-maos","status":"publish","type":"post","link":"https:\/\/encompaniastj.org\/pt-pt\/dao-se-as-maos\/","title":{"rendered":"D\u00e3o-se as m\u00e3os"},"content":{"rendered":"<p>Sim, gera\u00e7\u00f5es muito diferentes e com um percurso de vida muito diferente. Os alunos da Ed. Infantil est\u00e3o conhecendo as Irm\u00e3s da comunidade. Estes alunos n\u00e3o t\u00eam nenhuma rela\u00e7\u00e3o com as Teresianas a n\u00e3o ser esta que foi tomando forma ao longo do ano passado como proje\u00e7\u00e3o de um Servi\u00e7o-Aprendizagem organizado por Sonsoles de Barutell, professora desse n\u00edvel.<\/p>\n<p>Este ano continuar\u00e3o esses encontros que t\u00eam esse objetivo inclu\u00eddo no seu projeto:<\/p>\n<p>\u201c<em>Nesse esp\u00edrito da aprendizagem e servi\u00e7o, os alunos preparam atividades, jogos, can\u00e7\u00f5es&#8230; para oferec\u00ea-las e partilh\u00e1-las com as Irm\u00e3s mais velhas. Assim, ao mesmo tempo, fazem com que participem da sua vitalidade e dinamizem o seu dia. E os alunos familiarizam-se com a rela\u00e7\u00e3o com a outra gera\u00e7\u00e3o e aprendem com elas<\/em>\u201d.<\/p>\n<p>Os alunos come\u00e7am a chamar as Irm\u00e3s pelo seu nome. Convidam-nas a vir ao pavilh\u00e3o da Ed. Infantil e t\u00eam sempre algo preparado para entregar a cada uma.<\/p>\n<p>O que pensar\u00e3o estes pequeninos? Para eles ser\u00e3o tias-av\u00f3s a quem \u00e9 divertido visitar por um tempo no jardim de sua casa. No princ\u00edpio tudo parecia um pouco estranho para eles, mas eles j\u00e1 se familiarizaram com o ambiente e com as pessoas idosos.<\/p>\n<p>O que pensam as Irm\u00e3s? Elas divertem-se, claro, tamb\u00e9m conhecem os alunos e na noite desse dia sempre contam alguma anedota que aconteceu. Para todos significa lembrar de uma forma ou de outra o seu per\u00edodo de atividade. Sentem-se dinamizadas, felizes, em contato com uma realidade que foi a sua, durante muit\u00edssimos anos e que agora est\u00e1 distante, embora o col\u00e9gio esteja ao lado. Agradecem tamb\u00e9m a sensibilidade da professora por ter organizado estes encontros.<\/p>\n<p>Desta vez o motivo foi o dia de Santa Teresa e estiveram em casa no dia 14 de outubro.<\/p>\n<p>Certamente n\u00e3o voltar\u00e3o at\u00e9 \u00e0s v\u00e9speras de Natal para cantar alguma can\u00e7\u00e3o de Natal. Esta tradi\u00e7\u00e3o foi institu\u00edda h\u00e1 muitos anos. Fez-se um par\u00eantese com a pandemia e no ano passado cantaram desde jardim, estando a Comunidade dentro de casa devido \u00e0s medidas do COVID.<\/p>\n<p>Com o pormenor que preparam, demonstram as suas habilidades, cantam tamb\u00e9m alguma can\u00e7\u00e3o aleg\u00f3rica ao motivo da visita e, por vezes, trazem um jogo preparado.<\/p>\n<p>Eles realizam a sua aprendizagem e as Irm\u00e3s recordam&#8230;. Certamente que h\u00e1 muito mais coisas do que eles expressam porque h\u00e1 experi\u00eancias que ficam no fundo dos seus cora\u00e7\u00f5es, mas os seus rostos iluminam-se quando dizem: hoje vieram aos meninos da Infantil.<\/p>\n<p><img loading=\"lazy\" decoding=\"async\" class=\"aligncenter wp-image-9804 size-large\" src=\"https:\/\/encompaniastj.org\/wp-content\/uploads\/2025\/05\/FOTO2-4-scaled.jpg\" alt=\"\" width=\"1024\" height=\"473\" \/><\/p>\n<p><img loading=\"lazy\" decoding=\"async\" class=\"aligncenter wp-image-9802 size-large\" src=\"https:\/\/encompaniastj.org\/wp-content\/uploads\/2025\/05\/FOTO1-4-scaled.jpg\" alt=\"\" width=\"1024\" height=\"473\" \/><\/p>\n","protected":false},"excerpt":{"rendered":"<p>Sim, gera\u00e7\u00f5es muito diferentes e com um percurso de vida muito diferente. Os alunos da Ed. Infantil est\u00e3o conhecendo as Irm\u00e3s da comunidade. Estes alunos n\u00e3o t\u00eam nenhuma rela\u00e7\u00e3o com [&hellip;]<\/p>\n","protected":false},"author":1,"featured_media":8075,"comment_status":"open","ping_status":"open","sticky":false,"template":"","format":"standard","meta":{"_acf_changed":false,"footnotes":""},"categories":[61,68],"tags":[],"class_list":["post-11196","post","type-post","status-publish","format-standard","has-post-thumbnail","hentry","category-noticias","category-outras"],"acf":[],"yoast_head":"<!-- This site is optimized with the Yoast SEO plugin v27.5 - https:\/\/yoast.com\/product\/yoast-seo-wordpress\/ -->\n<title>D\u00e3o-se as m\u00e3os - En Compa\u00f1\u00eda STJ<\/title>\n<meta name=\"robots\" content=\"index, follow, max-snippet:-1, max-image-preview:large, max-video-preview:-1\" \/>\n<link rel=\"canonical\" href=\"https:\/\/encompaniastj.org\/pt-pt\/dao-se-as-maos\/\" \/>\n<meta property=\"og:locale\" content=\"pt_PT\" \/>\n<meta property=\"og:type\" content=\"article\" \/>\n<meta property=\"og:title\" content=\"D\u00e3o-se as m\u00e3os - En Compa\u00f1\u00eda STJ\" \/>\n<meta property=\"og:description\" content=\"Sim, gera\u00e7\u00f5es muito diferentes e com um percurso de vida muito diferente. Os alunos da Ed. Infantil est\u00e3o conhecendo as Irm\u00e3s da comunidade. Estes alunos n\u00e3o t\u00eam nenhuma rela\u00e7\u00e3o com [&hellip;]\" \/>\n<meta property=\"og:url\" content=\"https:\/\/encompaniastj.org\/pt-pt\/dao-se-as-maos\/\" \/>\n<meta property=\"og:site_name\" content=\"En Compa\u00f1\u00eda STJ\" \/>\n<meta property=\"article:published_time\" content=\"2022-10-31T11:25:25+00:00\" \/>\n<meta property=\"article:modified_time\" content=\"2025-07-07T14:23:39+00:00\" \/>\n<meta property=\"og:image\" content=\"https:\/\/encompaniastj.org\/wp-content\/uploads\/2025\/05\/FOTO3-3-scaled-1.jpg\" \/>\n\t<meta property=\"og:image:width\" content=\"2560\" \/>\n\t<meta property=\"og:image:height\" content=\"1182\" \/>\n\t<meta property=\"og:image:type\" content=\"image\/jpeg\" \/>\n<meta name=\"author\" content=\"admin\" \/>\n<meta name=\"twitter:card\" content=\"summary_large_image\" \/>\n<meta name=\"twitter:label1\" content=\"Escrito por\" \/>\n\t<meta name=\"twitter:data1\" content=\"admin\" \/>\n\t<meta name=\"twitter:label2\" content=\"Tempo estimado de leitura\" \/>\n\t<meta name=\"twitter:data2\" content=\"3 minutos\" \/>\n<script type=\"application\/ld+json\" class=\"yoast-schema-graph\">{\"@context\":\"https:\\\/\\\/schema.org\",\"@graph\":[{\"@type\":\"Article\",\"@id\":\"https:\\\/\\\/encompaniastj.org\\\/pt-pt\\\/dao-se-as-maos\\\/#article\",\"isPartOf\":{\"@id\":\"https:\\\/\\\/encompaniastj.org\\\/pt-pt\\\/dao-se-as-maos\\\/\"},\"author\":{\"name\":\"admin\",\"@id\":\"https:\\\/\\\/encompaniastj.org\\\/pt-pt\\\/#\\\/schema\\\/person\\\/520e7ecc314793d40091993c2a02b651\"},\"headline\":\"D\u00e3o-se as m\u00e3os\",\"datePublished\":\"2022-10-31T11:25:25+00:00\",\"dateModified\":\"2025-07-07T14:23:39+00:00\",\"mainEntityOfPage\":{\"@id\":\"https:\\\/\\\/encompaniastj.org\\\/pt-pt\\\/dao-se-as-maos\\\/\"},\"wordCount\":452,\"commentCount\":0,\"publisher\":{\"@id\":\"https:\\\/\\\/encompaniastj.org\\\/pt-pt\\\/#organization\"},\"image\":{\"@id\":\"https:\\\/\\\/encompaniastj.org\\\/pt-pt\\\/dao-se-as-maos\\\/#primaryimage\"},\"thumbnailUrl\":\"https:\\\/\\\/encompaniastj.org\\\/wp-content\\\/uploads\\\/2025\\\/05\\\/FOTO3-3-scaled-1.jpg\",\"articleSection\":[\"Noticias\",\"Outras\"],\"inLanguage\":\"pt-PT\",\"potentialAction\":[{\"@type\":\"CommentAction\",\"name\":\"Comment\",\"target\":[\"https:\\\/\\\/encompaniastj.org\\\/pt-pt\\\/dao-se-as-maos\\\/#respond\"]}]},{\"@type\":\"WebPage\",\"@id\":\"https:\\\/\\\/encompaniastj.org\\\/pt-pt\\\/dao-se-as-maos\\\/\",\"url\":\"https:\\\/\\\/encompaniastj.org\\\/pt-pt\\\/dao-se-as-maos\\\/\",\"name\":\"D\u00e3o-se as m\u00e3os - En Compa\u00f1\u00eda STJ\",\"isPartOf\":{\"@id\":\"https:\\\/\\\/encompaniastj.org\\\/pt-pt\\\/#website\"},\"primaryImageOfPage\":{\"@id\":\"https:\\\/\\\/encompaniastj.org\\\/pt-pt\\\/dao-se-as-maos\\\/#primaryimage\"},\"image\":{\"@id\":\"https:\\\/\\\/encompaniastj.org\\\/pt-pt\\\/dao-se-as-maos\\\/#primaryimage\"},\"thumbnailUrl\":\"https:\\\/\\\/encompaniastj.org\\\/wp-content\\\/uploads\\\/2025\\\/05\\\/FOTO3-3-scaled-1.jpg\",\"datePublished\":\"2022-10-31T11:25:25+00:00\",\"dateModified\":\"2025-07-07T14:23:39+00:00\",\"breadcrumb\":{\"@id\":\"https:\\\/\\\/encompaniastj.org\\\/pt-pt\\\/dao-se-as-maos\\\/#breadcrumb\"},\"inLanguage\":\"pt-PT\",\"potentialAction\":[{\"@type\":\"ReadAction\",\"target\":[\"https:\\\/\\\/encompaniastj.org\\\/pt-pt\\\/dao-se-as-maos\\\/\"]}]},{\"@type\":\"ImageObject\",\"inLanguage\":\"pt-PT\",\"@id\":\"https:\\\/\\\/encompaniastj.org\\\/pt-pt\\\/dao-se-as-maos\\\/#primaryimage\",\"url\":\"https:\\\/\\\/encompaniastj.org\\\/wp-content\\\/uploads\\\/2025\\\/05\\\/FOTO3-3-scaled-1.jpg\",\"contentUrl\":\"https:\\\/\\\/encompaniastj.org\\\/wp-content\\\/uploads\\\/2025\\\/05\\\/FOTO3-3-scaled-1.jpg\",\"width\":2560,\"height\":1182},{\"@type\":\"BreadcrumbList\",\"@id\":\"https:\\\/\\\/encompaniastj.org\\\/pt-pt\\\/dao-se-as-maos\\\/#breadcrumb\",\"itemListElement\":[{\"@type\":\"ListItem\",\"position\":1,\"name\":\"Portada\",\"item\":\"https:\\\/\\\/encompaniastj.org\\\/pt-pt\\\/\"},{\"@type\":\"ListItem\",\"position\":2,\"name\":\"D\u00e3o-se as m\u00e3os\"}]},{\"@type\":\"WebSite\",\"@id\":\"https:\\\/\\\/encompaniastj.org\\\/pt-pt\\\/#website\",\"url\":\"https:\\\/\\\/encompaniastj.org\\\/pt-pt\\\/\",\"name\":\"En Compa\u00f1\u00eda STJ\",\"description\":\"Bolet\u00edn de la Compa\u00f1\u00eda de Santa Teresa de Jes\u00fas\",\"publisher\":{\"@id\":\"https:\\\/\\\/encompaniastj.org\\\/pt-pt\\\/#organization\"},\"potentialAction\":[{\"@type\":\"SearchAction\",\"target\":{\"@type\":\"EntryPoint\",\"urlTemplate\":\"https:\\\/\\\/encompaniastj.org\\\/pt-pt\\\/?s={search_term_string}\"},\"query-input\":{\"@type\":\"PropertyValueSpecification\",\"valueRequired\":true,\"valueName\":\"search_term_string\"}}],\"inLanguage\":\"pt-PT\"},{\"@type\":\"Organization\",\"@id\":\"https:\\\/\\\/encompaniastj.org\\\/pt-pt\\\/#organization\",\"name\":\"Compa\u00f1\u00eda de Santa Teresa de Jes\u00fas\",\"url\":\"https:\\\/\\\/encompaniastj.org\\\/pt-pt\\\/\",\"logo\":{\"@type\":\"ImageObject\",\"inLanguage\":\"pt-PT\",\"@id\":\"https:\\\/\\\/encompaniastj.org\\\/pt-pt\\\/#\\\/schema\\\/logo\\\/image\\\/\",\"url\":\"https:\\\/\\\/encompaniastj.org\\\/wp-content\\\/uploads\\\/2025\\\/04\\\/logo_provincias02-1-3.png\",\"contentUrl\":\"https:\\\/\\\/encompaniastj.org\\\/wp-content\\\/uploads\\\/2025\\\/04\\\/logo_provincias02-1-3.png\",\"width\":2368,\"height\":825,\"caption\":\"Compa\u00f1\u00eda de Santa Teresa de Jes\u00fas\"},\"image\":{\"@id\":\"https:\\\/\\\/encompaniastj.org\\\/pt-pt\\\/#\\\/schema\\\/logo\\\/image\\\/\"}},{\"@type\":\"Person\",\"@id\":\"https:\\\/\\\/encompaniastj.org\\\/pt-pt\\\/#\\\/schema\\\/person\\\/520e7ecc314793d40091993c2a02b651\",\"name\":\"admin\",\"image\":{\"@type\":\"ImageObject\",\"inLanguage\":\"pt-PT\",\"@id\":\"https:\\\/\\\/secure.gravatar.com\\\/avatar\\\/948b492cce32b586ac2db0eaa926ee87024f7afe218d73b397ea5ddfc5f43ea1?s=96&d=mm&r=g\",\"url\":\"https:\\\/\\\/secure.gravatar.com\\\/avatar\\\/948b492cce32b586ac2db0eaa926ee87024f7afe218d73b397ea5ddfc5f43ea1?s=96&d=mm&r=g\",\"contentUrl\":\"https:\\\/\\\/secure.gravatar.com\\\/avatar\\\/948b492cce32b586ac2db0eaa926ee87024f7afe218d73b397ea5ddfc5f43ea1?s=96&d=mm&r=g\",\"caption\":\"admin\"},\"sameAs\":[\"https:\\\/\\\/encompaniastj.org\"],\"url\":\"https:\\\/\\\/encompaniastj.org\\\/pt-pt\\\/author\\\/sjdigital\\\/\"}]}<\/script>\n<!-- \/ Yoast SEO plugin. -->","yoast_head_json":{"title":"D\u00e3o-se as m\u00e3os - En Compa\u00f1\u00eda STJ","robots":{"index":"index","follow":"follow","max-snippet":"max-snippet:-1","max-image-preview":"max-image-preview:large","max-video-preview":"max-video-preview:-1"},"canonical":"https:\/\/encompaniastj.org\/pt-pt\/dao-se-as-maos\/","og_locale":"pt_PT","og_type":"article","og_title":"D\u00e3o-se as m\u00e3os - En Compa\u00f1\u00eda STJ","og_description":"Sim, gera\u00e7\u00f5es muito diferentes e com um percurso de vida muito diferente. Os alunos da Ed. Infantil est\u00e3o conhecendo as Irm\u00e3s da comunidade. Estes alunos n\u00e3o t\u00eam nenhuma rela\u00e7\u00e3o com [&hellip;]","og_url":"https:\/\/encompaniastj.org\/pt-pt\/dao-se-as-maos\/","og_site_name":"En Compa\u00f1\u00eda STJ","article_published_time":"2022-10-31T11:25:25+00:00","article_modified_time":"2025-07-07T14:23:39+00:00","og_image":[{"width":2560,"height":1182,"url":"https:\/\/encompaniastj.org\/wp-content\/uploads\/2025\/05\/FOTO3-3-scaled-1.jpg","type":"image\/jpeg"}],"author":"admin","twitter_card":"summary_large_image","twitter_misc":{"Escrito por":"admin","Tempo estimado de leitura":"3 minutos"},"schema":{"@context":"https:\/\/schema.org","@graph":[{"@type":"Article","@id":"https:\/\/encompaniastj.org\/pt-pt\/dao-se-as-maos\/#article","isPartOf":{"@id":"https:\/\/encompaniastj.org\/pt-pt\/dao-se-as-maos\/"},"author":{"name":"admin","@id":"https:\/\/encompaniastj.org\/pt-pt\/#\/schema\/person\/520e7ecc314793d40091993c2a02b651"},"headline":"D\u00e3o-se as m\u00e3os","datePublished":"2022-10-31T11:25:25+00:00","dateModified":"2025-07-07T14:23:39+00:00","mainEntityOfPage":{"@id":"https:\/\/encompaniastj.org\/pt-pt\/dao-se-as-maos\/"},"wordCount":452,"commentCount":0,"publisher":{"@id":"https:\/\/encompaniastj.org\/pt-pt\/#organization"},"image":{"@id":"https:\/\/encompaniastj.org\/pt-pt\/dao-se-as-maos\/#primaryimage"},"thumbnailUrl":"https:\/\/encompaniastj.org\/wp-content\/uploads\/2025\/05\/FOTO3-3-scaled-1.jpg","articleSection":["Noticias","Outras"],"inLanguage":"pt-PT","potentialAction":[{"@type":"CommentAction","name":"Comment","target":["https:\/\/encompaniastj.org\/pt-pt\/dao-se-as-maos\/#respond"]}]},{"@type":"WebPage","@id":"https:\/\/encompaniastj.org\/pt-pt\/dao-se-as-maos\/","url":"https:\/\/encompaniastj.org\/pt-pt\/dao-se-as-maos\/","name":"D\u00e3o-se as m\u00e3os - En Compa\u00f1\u00eda STJ","isPartOf":{"@id":"https:\/\/encompaniastj.org\/pt-pt\/#website"},"primaryImageOfPage":{"@id":"https:\/\/encompaniastj.org\/pt-pt\/dao-se-as-maos\/#primaryimage"},"image":{"@id":"https:\/\/encompaniastj.org\/pt-pt\/dao-se-as-maos\/#primaryimage"},"thumbnailUrl":"https:\/\/encompaniastj.org\/wp-content\/uploads\/2025\/05\/FOTO3-3-scaled-1.jpg","datePublished":"2022-10-31T11:25:25+00:00","dateModified":"2025-07-07T14:23:39+00:00","breadcrumb":{"@id":"https:\/\/encompaniastj.org\/pt-pt\/dao-se-as-maos\/#breadcrumb"},"inLanguage":"pt-PT","potentialAction":[{"@type":"ReadAction","target":["https:\/\/encompaniastj.org\/pt-pt\/dao-se-as-maos\/"]}]},{"@type":"ImageObject","inLanguage":"pt-PT","@id":"https:\/\/encompaniastj.org\/pt-pt\/dao-se-as-maos\/#primaryimage","url":"https:\/\/encompaniastj.org\/wp-content\/uploads\/2025\/05\/FOTO3-3-scaled-1.jpg","contentUrl":"https:\/\/encompaniastj.org\/wp-content\/uploads\/2025\/05\/FOTO3-3-scaled-1.jpg","width":2560,"height":1182},{"@type":"BreadcrumbList","@id":"https:\/\/encompaniastj.org\/pt-pt\/dao-se-as-maos\/#breadcrumb","itemListElement":[{"@type":"ListItem","position":1,"name":"Portada","item":"https:\/\/encompaniastj.org\/pt-pt\/"},{"@type":"ListItem","position":2,"name":"D\u00e3o-se as m\u00e3os"}]},{"@type":"WebSite","@id":"https:\/\/encompaniastj.org\/pt-pt\/#website","url":"https:\/\/encompaniastj.org\/pt-pt\/","name":"En Compa\u00f1\u00eda STJ","description":"Bolet\u00edn de la Compa\u00f1\u00eda de Santa Teresa de Jes\u00fas","publisher":{"@id":"https:\/\/encompaniastj.org\/pt-pt\/#organization"},"potentialAction":[{"@type":"SearchAction","target":{"@type":"EntryPoint","urlTemplate":"https:\/\/encompaniastj.org\/pt-pt\/?s={search_term_string}"},"query-input":{"@type":"PropertyValueSpecification","valueRequired":true,"valueName":"search_term_string"}}],"inLanguage":"pt-PT"},{"@type":"Organization","@id":"https:\/\/encompaniastj.org\/pt-pt\/#organization","name":"Compa\u00f1\u00eda de Santa Teresa de Jes\u00fas","url":"https:\/\/encompaniastj.org\/pt-pt\/","logo":{"@type":"ImageObject","inLanguage":"pt-PT","@id":"https:\/\/encompaniastj.org\/pt-pt\/#\/schema\/logo\/image\/","url":"https:\/\/encompaniastj.org\/wp-content\/uploads\/2025\/04\/logo_provincias02-1-3.png","contentUrl":"https:\/\/encompaniastj.org\/wp-content\/uploads\/2025\/04\/logo_provincias02-1-3.png","width":2368,"height":825,"caption":"Compa\u00f1\u00eda de Santa Teresa de Jes\u00fas"},"image":{"@id":"https:\/\/encompaniastj.org\/pt-pt\/#\/schema\/logo\/image\/"}},{"@type":"Person","@id":"https:\/\/encompaniastj.org\/pt-pt\/#\/schema\/person\/520e7ecc314793d40091993c2a02b651","name":"admin","image":{"@type":"ImageObject","inLanguage":"pt-PT","@id":"https:\/\/secure.gravatar.com\/avatar\/948b492cce32b586ac2db0eaa926ee87024f7afe218d73b397ea5ddfc5f43ea1?s=96&d=mm&r=g","url":"https:\/\/secure.gravatar.com\/avatar\/948b492cce32b586ac2db0eaa926ee87024f7afe218d73b397ea5ddfc5f43ea1?s=96&d=mm&r=g","contentUrl":"https:\/\/secure.gravatar.com\/avatar\/948b492cce32b586ac2db0eaa926ee87024f7afe218d73b397ea5ddfc5f43ea1?s=96&d=mm&r=g","caption":"admin"},"sameAs":["https:\/\/encompaniastj.org"],"url":"https:\/\/encompaniastj.org\/pt-pt\/author\/sjdigital\/"}]}},"_links":{"self":[{"href":"https:\/\/encompaniastj.org\/pt-pt\/wp-json\/wp\/v2\/posts\/11196","targetHints":{"allow":["GET"]}}],"collection":[{"href":"https:\/\/encompaniastj.org\/pt-pt\/wp-json\/wp\/v2\/posts"}],"about":[{"href":"https:\/\/encompaniastj.org\/pt-pt\/wp-json\/wp\/v2\/types\/post"}],"author":[{"embeddable":true,"href":"https:\/\/encompaniastj.org\/pt-pt\/wp-json\/wp\/v2\/users\/1"}],"replies":[{"embeddable":true,"href":"https:\/\/encompaniastj.org\/pt-pt\/wp-json\/wp\/v2\/comments?post=11196"}],"version-history":[{"count":1,"href":"https:\/\/encompaniastj.org\/pt-pt\/wp-json\/wp\/v2\/posts\/11196\/revisions"}],"predecessor-version":[{"id":11197,"href":"https:\/\/encompaniastj.org\/pt-pt\/wp-json\/wp\/v2\/posts\/11196\/revisions\/11197"}],"wp:featuredmedia":[{"embeddable":true,"href":"https:\/\/encompaniastj.org\/pt-pt\/wp-json\/wp\/v2\/media\/8075"}],"wp:attachment":[{"href":"https:\/\/encompaniastj.org\/pt-pt\/wp-json\/wp\/v2\/media?parent=11196"}],"wp:term":[{"taxonomy":"category","embeddable":true,"href":"https:\/\/encompaniastj.org\/pt-pt\/wp-json\/wp\/v2\/categories?post=11196"},{"taxonomy":"post_tag","embeddable":true,"href":"https:\/\/encompaniastj.org\/pt-pt\/wp-json\/wp\/v2\/tags?post=11196"}],"curies":[{"name":"wp","href":"https:\/\/api.w.org\/{rel}","templated":true}]}}