{"id":11188,"date":"2022-10-25T09:59:46","date_gmt":"2022-10-25T07:59:46","guid":{"rendered":"https:\/\/encompaniastj.org\/homenagem-a-associacao-santa-teresa-de-jesus\/"},"modified":"2025-07-07T16:23:39","modified_gmt":"2025-07-07T14:23:39","slug":"homenagem-a-associacao-santa-teresa-de-jesus","status":"publish","type":"post","link":"https:\/\/encompaniastj.org\/pt-pt\/homenagem-a-associacao-santa-teresa-de-jesus\/","title":{"rendered":"Homenagem \u00e0 Associa\u00e7\u00e3o Santa Teresa de Jesus"},"content":{"rendered":"<p>A Junta de Freguesia de Alvalade (Lisboa) decidiu celebrar o Dia da Freguesia homenageando as institui\u00e7\u00f5es e as pessoas que v\u00eam contribuindo para a qualidade de vida e prest\u00edgio de Alvalade.<\/p>\n<p>Nesse sentido, pretende partilhar com os Alvaladenses\u00a0 o reconhecimento dos servi\u00e7os de interesse p\u00fablico que a Associa\u00e7\u00e3o vem prestando \u00e0 comunidade e ao pa\u00eds.<\/p>\n<p>Incumbe-me o Presidente da Junta de Freguesia de Alvalade, Jos\u00e9 Amaral Lopes, convidar a receber a Medalha de M\u00e9rito da Freguesia de Alvalade, em representa\u00e7\u00e3o da Associa\u00e7\u00e3o, na cerim\u00f3nia de homenagem e atribui\u00e7\u00e3o de Medalha da Freguesia, que ter\u00e1 lugar no largo do Mercado Jardim, por tr\u00e1s do Teatro Maria Matos dia 29 de setembro de 2022, pelas 19H00, em celebra\u00e7\u00e3o do Dia da Freguesia.<\/p>\n<p><img loading=\"lazy\" decoding=\"async\" class=\"alignleft wp-image-9762 size-large\" src=\"https:\/\/encompaniastj.org\/wp-content\/uploads\/2025\/05\/Medalha-de-merito-a-Associacao_page-0001.jpg\" alt=\"\" width=\"724\" height=\"1024\" \/> <img loading=\"lazy\" decoding=\"async\" class=\"alignright wp-image-9764 size-large\" src=\"https:\/\/encompaniastj.org\/wp-content\/uploads\/2025\/05\/Medalha-de-merito_page-0001.jpg\" alt=\"\" width=\"724\" height=\"1024\" \/><\/p>\n<p>&nbsp;<\/p>\n<p>&nbsp;<\/p>\n","protected":false},"excerpt":{"rendered":"<p>A Junta de Freguesia de Alvalade (Lisboa) decidiu celebrar o Dia da Freguesia homenageando as institui\u00e7\u00f5es e as pessoas que v\u00eam contribuindo para a qualidade de vida e prest\u00edgio de [&hellip;]<\/p>\n","protected":false},"author":1,"featured_media":8064,"comment_status":"open","ping_status":"open","sticky":false,"template":"","format":"standard","meta":{"_acf_changed":false,"footnotes":""},"categories":[76,74,61],"tags":[],"class_list":["post-11188","post","type-post","status-publish","format-standard","has-post-thumbnail","hentry","category-acao-social","category-accion-social","category-noticias"],"acf":[],"yoast_head":"<!-- This site is optimized with the Yoast SEO plugin v27.5 - https:\/\/yoast.com\/product\/yoast-seo-wordpress\/ -->\n<title>Homenagem \u00e0 Associa\u00e7\u00e3o Santa Teresa de Jesus - En Compa\u00f1\u00eda STJ<\/title>\n<meta name=\"robots\" content=\"index, follow, max-snippet:-1, max-image-preview:large, max-video-preview:-1\" \/>\n<link rel=\"canonical\" href=\"https:\/\/encompaniastj.org\/pt-pt\/homenagem-a-associacao-santa-teresa-de-jesus\/\" \/>\n<meta property=\"og:locale\" content=\"pt_PT\" \/>\n<meta property=\"og:type\" content=\"article\" \/>\n<meta property=\"og:title\" content=\"Homenagem \u00e0 Associa\u00e7\u00e3o Santa Teresa de Jesus - En Compa\u00f1\u00eda STJ\" \/>\n<meta property=\"og:description\" content=\"A Junta de Freguesia de Alvalade (Lisboa) decidiu celebrar o Dia da Freguesia homenageando as institui\u00e7\u00f5es e as pessoas que v\u00eam contribuindo para a qualidade de vida e prest\u00edgio de [&hellip;]\" \/>\n<meta property=\"og:url\" content=\"https:\/\/encompaniastj.org\/pt-pt\/homenagem-a-associacao-santa-teresa-de-jesus\/\" \/>\n<meta property=\"og:site_name\" content=\"En Compa\u00f1\u00eda STJ\" \/>\n<meta property=\"article:published_time\" content=\"2022-10-25T07:59:46+00:00\" \/>\n<meta property=\"article:modified_time\" content=\"2025-07-07T14:23:39+00:00\" \/>\n<meta property=\"og:image\" content=\"https:\/\/encompaniastj.org\/wp-content\/uploads\/2025\/05\/foto3-2.jpg\" \/>\n\t<meta property=\"og:image:width\" content=\"1240\" \/>\n\t<meta property=\"og:image:height\" content=\"809\" \/>\n\t<meta property=\"og:image:type\" content=\"image\/jpeg\" \/>\n<meta name=\"author\" content=\"admin\" \/>\n<meta name=\"twitter:card\" content=\"summary_large_image\" \/>\n<meta name=\"twitter:label1\" content=\"Escrito por\" \/>\n\t<meta name=\"twitter:data1\" content=\"admin\" \/>\n\t<meta name=\"twitter:label2\" content=\"Tempo estimado de leitura\" \/>\n\t<meta name=\"twitter:data2\" content=\"1 minuto\" \/>\n<script type=\"application\/ld+json\" class=\"yoast-schema-graph\">{\"@context\":\"https:\\\/\\\/schema.org\",\"@graph\":[{\"@type\":\"Article\",\"@id\":\"https:\\\/\\\/encompaniastj.org\\\/pt-pt\\\/homenagem-a-associacao-santa-teresa-de-jesus\\\/#article\",\"isPartOf\":{\"@id\":\"https:\\\/\\\/encompaniastj.org\\\/pt-pt\\\/homenagem-a-associacao-santa-teresa-de-jesus\\\/\"},\"author\":{\"name\":\"admin\",\"@id\":\"https:\\\/\\\/encompaniastj.org\\\/pt-pt\\\/#\\\/schema\\\/person\\\/520e7ecc314793d40091993c2a02b651\"},\"headline\":\"Homenagem \u00e0 Associa\u00e7\u00e3o Santa Teresa de Jesus\",\"datePublished\":\"2022-10-25T07:59:46+00:00\",\"dateModified\":\"2025-07-07T14:23:39+00:00\",\"mainEntityOfPage\":{\"@id\":\"https:\\\/\\\/encompaniastj.org\\\/pt-pt\\\/homenagem-a-associacao-santa-teresa-de-jesus\\\/\"},\"wordCount\":140,\"commentCount\":0,\"publisher\":{\"@id\":\"https:\\\/\\\/encompaniastj.org\\\/pt-pt\\\/#organization\"},\"image\":{\"@id\":\"https:\\\/\\\/encompaniastj.org\\\/pt-pt\\\/homenagem-a-associacao-santa-teresa-de-jesus\\\/#primaryimage\"},\"thumbnailUrl\":\"https:\\\/\\\/encompaniastj.org\\\/wp-content\\\/uploads\\\/2025\\\/05\\\/foto3-2.jpg\",\"articleSection\":[\"A\u00e7\u00e3o Social\",\"Acci\u00f3n Social\",\"Noticias\"],\"inLanguage\":\"pt-PT\",\"potentialAction\":[{\"@type\":\"CommentAction\",\"name\":\"Comment\",\"target\":[\"https:\\\/\\\/encompaniastj.org\\\/pt-pt\\\/homenagem-a-associacao-santa-teresa-de-jesus\\\/#respond\"]}]},{\"@type\":\"WebPage\",\"@id\":\"https:\\\/\\\/encompaniastj.org\\\/pt-pt\\\/homenagem-a-associacao-santa-teresa-de-jesus\\\/\",\"url\":\"https:\\\/\\\/encompaniastj.org\\\/pt-pt\\\/homenagem-a-associacao-santa-teresa-de-jesus\\\/\",\"name\":\"Homenagem \u00e0 Associa\u00e7\u00e3o Santa Teresa de Jesus - En Compa\u00f1\u00eda STJ\",\"isPartOf\":{\"@id\":\"https:\\\/\\\/encompaniastj.org\\\/pt-pt\\\/#website\"},\"primaryImageOfPage\":{\"@id\":\"https:\\\/\\\/encompaniastj.org\\\/pt-pt\\\/homenagem-a-associacao-santa-teresa-de-jesus\\\/#primaryimage\"},\"image\":{\"@id\":\"https:\\\/\\\/encompaniastj.org\\\/pt-pt\\\/homenagem-a-associacao-santa-teresa-de-jesus\\\/#primaryimage\"},\"thumbnailUrl\":\"https:\\\/\\\/encompaniastj.org\\\/wp-content\\\/uploads\\\/2025\\\/05\\\/foto3-2.jpg\",\"datePublished\":\"2022-10-25T07:59:46+00:00\",\"dateModified\":\"2025-07-07T14:23:39+00:00\",\"breadcrumb\":{\"@id\":\"https:\\\/\\\/encompaniastj.org\\\/pt-pt\\\/homenagem-a-associacao-santa-teresa-de-jesus\\\/#breadcrumb\"},\"inLanguage\":\"pt-PT\",\"potentialAction\":[{\"@type\":\"ReadAction\",\"target\":[\"https:\\\/\\\/encompaniastj.org\\\/pt-pt\\\/homenagem-a-associacao-santa-teresa-de-jesus\\\/\"]}]},{\"@type\":\"ImageObject\",\"inLanguage\":\"pt-PT\",\"@id\":\"https:\\\/\\\/encompaniastj.org\\\/pt-pt\\\/homenagem-a-associacao-santa-teresa-de-jesus\\\/#primaryimage\",\"url\":\"https:\\\/\\\/encompaniastj.org\\\/wp-content\\\/uploads\\\/2025\\\/05\\\/foto3-2.jpg\",\"contentUrl\":\"https:\\\/\\\/encompaniastj.org\\\/wp-content\\\/uploads\\\/2025\\\/05\\\/foto3-2.jpg\",\"width\":1240,\"height\":809},{\"@type\":\"BreadcrumbList\",\"@id\":\"https:\\\/\\\/encompaniastj.org\\\/pt-pt\\\/homenagem-a-associacao-santa-teresa-de-jesus\\\/#breadcrumb\",\"itemListElement\":[{\"@type\":\"ListItem\",\"position\":1,\"name\":\"Portada\",\"item\":\"https:\\\/\\\/encompaniastj.org\\\/pt-pt\\\/\"},{\"@type\":\"ListItem\",\"position\":2,\"name\":\"Homenagem \u00e0 Associa\u00e7\u00e3o Santa Teresa de Jesus\"}]},{\"@type\":\"WebSite\",\"@id\":\"https:\\\/\\\/encompaniastj.org\\\/pt-pt\\\/#website\",\"url\":\"https:\\\/\\\/encompaniastj.org\\\/pt-pt\\\/\",\"name\":\"En Compa\u00f1\u00eda STJ\",\"description\":\"Bolet\u00edn de la Compa\u00f1\u00eda de Santa Teresa de Jes\u00fas\",\"publisher\":{\"@id\":\"https:\\\/\\\/encompaniastj.org\\\/pt-pt\\\/#organization\"},\"potentialAction\":[{\"@type\":\"SearchAction\",\"target\":{\"@type\":\"EntryPoint\",\"urlTemplate\":\"https:\\\/\\\/encompaniastj.org\\\/pt-pt\\\/?s={search_term_string}\"},\"query-input\":{\"@type\":\"PropertyValueSpecification\",\"valueRequired\":true,\"valueName\":\"search_term_string\"}}],\"inLanguage\":\"pt-PT\"},{\"@type\":\"Organization\",\"@id\":\"https:\\\/\\\/encompaniastj.org\\\/pt-pt\\\/#organization\",\"name\":\"Compa\u00f1\u00eda de Santa Teresa de Jes\u00fas\",\"url\":\"https:\\\/\\\/encompaniastj.org\\\/pt-pt\\\/\",\"logo\":{\"@type\":\"ImageObject\",\"inLanguage\":\"pt-PT\",\"@id\":\"https:\\\/\\\/encompaniastj.org\\\/pt-pt\\\/#\\\/schema\\\/logo\\\/image\\\/\",\"url\":\"https:\\\/\\\/encompaniastj.org\\\/wp-content\\\/uploads\\\/2025\\\/04\\\/logo_provincias02-1-3.png\",\"contentUrl\":\"https:\\\/\\\/encompaniastj.org\\\/wp-content\\\/uploads\\\/2025\\\/04\\\/logo_provincias02-1-3.png\",\"width\":2368,\"height\":825,\"caption\":\"Compa\u00f1\u00eda de Santa Teresa de Jes\u00fas\"},\"image\":{\"@id\":\"https:\\\/\\\/encompaniastj.org\\\/pt-pt\\\/#\\\/schema\\\/logo\\\/image\\\/\"}},{\"@type\":\"Person\",\"@id\":\"https:\\\/\\\/encompaniastj.org\\\/pt-pt\\\/#\\\/schema\\\/person\\\/520e7ecc314793d40091993c2a02b651\",\"name\":\"admin\",\"image\":{\"@type\":\"ImageObject\",\"inLanguage\":\"pt-PT\",\"@id\":\"https:\\\/\\\/secure.gravatar.com\\\/avatar\\\/948b492cce32b586ac2db0eaa926ee87024f7afe218d73b397ea5ddfc5f43ea1?s=96&d=mm&r=g\",\"url\":\"https:\\\/\\\/secure.gravatar.com\\\/avatar\\\/948b492cce32b586ac2db0eaa926ee87024f7afe218d73b397ea5ddfc5f43ea1?s=96&d=mm&r=g\",\"contentUrl\":\"https:\\\/\\\/secure.gravatar.com\\\/avatar\\\/948b492cce32b586ac2db0eaa926ee87024f7afe218d73b397ea5ddfc5f43ea1?s=96&d=mm&r=g\",\"caption\":\"admin\"},\"sameAs\":[\"https:\\\/\\\/encompaniastj.org\"],\"url\":\"https:\\\/\\\/encompaniastj.org\\\/pt-pt\\\/author\\\/sjdigital\\\/\"}]}<\/script>\n<!-- \/ Yoast SEO plugin. -->","yoast_head_json":{"title":"Homenagem \u00e0 Associa\u00e7\u00e3o Santa Teresa de Jesus - En Compa\u00f1\u00eda STJ","robots":{"index":"index","follow":"follow","max-snippet":"max-snippet:-1","max-image-preview":"max-image-preview:large","max-video-preview":"max-video-preview:-1"},"canonical":"https:\/\/encompaniastj.org\/pt-pt\/homenagem-a-associacao-santa-teresa-de-jesus\/","og_locale":"pt_PT","og_type":"article","og_title":"Homenagem \u00e0 Associa\u00e7\u00e3o Santa Teresa de Jesus - En Compa\u00f1\u00eda STJ","og_description":"A Junta de Freguesia de Alvalade (Lisboa) decidiu celebrar o Dia da Freguesia homenageando as institui\u00e7\u00f5es e as pessoas que v\u00eam contribuindo para a qualidade de vida e prest\u00edgio de [&hellip;]","og_url":"https:\/\/encompaniastj.org\/pt-pt\/homenagem-a-associacao-santa-teresa-de-jesus\/","og_site_name":"En Compa\u00f1\u00eda STJ","article_published_time":"2022-10-25T07:59:46+00:00","article_modified_time":"2025-07-07T14:23:39+00:00","og_image":[{"width":1240,"height":809,"url":"https:\/\/encompaniastj.org\/wp-content\/uploads\/2025\/05\/foto3-2.jpg","type":"image\/jpeg"}],"author":"admin","twitter_card":"summary_large_image","twitter_misc":{"Escrito por":"admin","Tempo estimado de leitura":"1 minuto"},"schema":{"@context":"https:\/\/schema.org","@graph":[{"@type":"Article","@id":"https:\/\/encompaniastj.org\/pt-pt\/homenagem-a-associacao-santa-teresa-de-jesus\/#article","isPartOf":{"@id":"https:\/\/encompaniastj.org\/pt-pt\/homenagem-a-associacao-santa-teresa-de-jesus\/"},"author":{"name":"admin","@id":"https:\/\/encompaniastj.org\/pt-pt\/#\/schema\/person\/520e7ecc314793d40091993c2a02b651"},"headline":"Homenagem \u00e0 Associa\u00e7\u00e3o Santa Teresa de Jesus","datePublished":"2022-10-25T07:59:46+00:00","dateModified":"2025-07-07T14:23:39+00:00","mainEntityOfPage":{"@id":"https:\/\/encompaniastj.org\/pt-pt\/homenagem-a-associacao-santa-teresa-de-jesus\/"},"wordCount":140,"commentCount":0,"publisher":{"@id":"https:\/\/encompaniastj.org\/pt-pt\/#organization"},"image":{"@id":"https:\/\/encompaniastj.org\/pt-pt\/homenagem-a-associacao-santa-teresa-de-jesus\/#primaryimage"},"thumbnailUrl":"https:\/\/encompaniastj.org\/wp-content\/uploads\/2025\/05\/foto3-2.jpg","articleSection":["A\u00e7\u00e3o Social","Acci\u00f3n Social","Noticias"],"inLanguage":"pt-PT","potentialAction":[{"@type":"CommentAction","name":"Comment","target":["https:\/\/encompaniastj.org\/pt-pt\/homenagem-a-associacao-santa-teresa-de-jesus\/#respond"]}]},{"@type":"WebPage","@id":"https:\/\/encompaniastj.org\/pt-pt\/homenagem-a-associacao-santa-teresa-de-jesus\/","url":"https:\/\/encompaniastj.org\/pt-pt\/homenagem-a-associacao-santa-teresa-de-jesus\/","name":"Homenagem \u00e0 Associa\u00e7\u00e3o Santa Teresa de Jesus - En Compa\u00f1\u00eda STJ","isPartOf":{"@id":"https:\/\/encompaniastj.org\/pt-pt\/#website"},"primaryImageOfPage":{"@id":"https:\/\/encompaniastj.org\/pt-pt\/homenagem-a-associacao-santa-teresa-de-jesus\/#primaryimage"},"image":{"@id":"https:\/\/encompaniastj.org\/pt-pt\/homenagem-a-associacao-santa-teresa-de-jesus\/#primaryimage"},"thumbnailUrl":"https:\/\/encompaniastj.org\/wp-content\/uploads\/2025\/05\/foto3-2.jpg","datePublished":"2022-10-25T07:59:46+00:00","dateModified":"2025-07-07T14:23:39+00:00","breadcrumb":{"@id":"https:\/\/encompaniastj.org\/pt-pt\/homenagem-a-associacao-santa-teresa-de-jesus\/#breadcrumb"},"inLanguage":"pt-PT","potentialAction":[{"@type":"ReadAction","target":["https:\/\/encompaniastj.org\/pt-pt\/homenagem-a-associacao-santa-teresa-de-jesus\/"]}]},{"@type":"ImageObject","inLanguage":"pt-PT","@id":"https:\/\/encompaniastj.org\/pt-pt\/homenagem-a-associacao-santa-teresa-de-jesus\/#primaryimage","url":"https:\/\/encompaniastj.org\/wp-content\/uploads\/2025\/05\/foto3-2.jpg","contentUrl":"https:\/\/encompaniastj.org\/wp-content\/uploads\/2025\/05\/foto3-2.jpg","width":1240,"height":809},{"@type":"BreadcrumbList","@id":"https:\/\/encompaniastj.org\/pt-pt\/homenagem-a-associacao-santa-teresa-de-jesus\/#breadcrumb","itemListElement":[{"@type":"ListItem","position":1,"name":"Portada","item":"https:\/\/encompaniastj.org\/pt-pt\/"},{"@type":"ListItem","position":2,"name":"Homenagem \u00e0 Associa\u00e7\u00e3o Santa Teresa de Jesus"}]},{"@type":"WebSite","@id":"https:\/\/encompaniastj.org\/pt-pt\/#website","url":"https:\/\/encompaniastj.org\/pt-pt\/","name":"En Compa\u00f1\u00eda STJ","description":"Bolet\u00edn de la Compa\u00f1\u00eda de Santa Teresa de Jes\u00fas","publisher":{"@id":"https:\/\/encompaniastj.org\/pt-pt\/#organization"},"potentialAction":[{"@type":"SearchAction","target":{"@type":"EntryPoint","urlTemplate":"https:\/\/encompaniastj.org\/pt-pt\/?s={search_term_string}"},"query-input":{"@type":"PropertyValueSpecification","valueRequired":true,"valueName":"search_term_string"}}],"inLanguage":"pt-PT"},{"@type":"Organization","@id":"https:\/\/encompaniastj.org\/pt-pt\/#organization","name":"Compa\u00f1\u00eda de Santa Teresa de Jes\u00fas","url":"https:\/\/encompaniastj.org\/pt-pt\/","logo":{"@type":"ImageObject","inLanguage":"pt-PT","@id":"https:\/\/encompaniastj.org\/pt-pt\/#\/schema\/logo\/image\/","url":"https:\/\/encompaniastj.org\/wp-content\/uploads\/2025\/04\/logo_provincias02-1-3.png","contentUrl":"https:\/\/encompaniastj.org\/wp-content\/uploads\/2025\/04\/logo_provincias02-1-3.png","width":2368,"height":825,"caption":"Compa\u00f1\u00eda de Santa Teresa de Jes\u00fas"},"image":{"@id":"https:\/\/encompaniastj.org\/pt-pt\/#\/schema\/logo\/image\/"}},{"@type":"Person","@id":"https:\/\/encompaniastj.org\/pt-pt\/#\/schema\/person\/520e7ecc314793d40091993c2a02b651","name":"admin","image":{"@type":"ImageObject","inLanguage":"pt-PT","@id":"https:\/\/secure.gravatar.com\/avatar\/948b492cce32b586ac2db0eaa926ee87024f7afe218d73b397ea5ddfc5f43ea1?s=96&d=mm&r=g","url":"https:\/\/secure.gravatar.com\/avatar\/948b492cce32b586ac2db0eaa926ee87024f7afe218d73b397ea5ddfc5f43ea1?s=96&d=mm&r=g","contentUrl":"https:\/\/secure.gravatar.com\/avatar\/948b492cce32b586ac2db0eaa926ee87024f7afe218d73b397ea5ddfc5f43ea1?s=96&d=mm&r=g","caption":"admin"},"sameAs":["https:\/\/encompaniastj.org"],"url":"https:\/\/encompaniastj.org\/pt-pt\/author\/sjdigital\/"}]}},"_links":{"self":[{"href":"https:\/\/encompaniastj.org\/pt-pt\/wp-json\/wp\/v2\/posts\/11188","targetHints":{"allow":["GET"]}}],"collection":[{"href":"https:\/\/encompaniastj.org\/pt-pt\/wp-json\/wp\/v2\/posts"}],"about":[{"href":"https:\/\/encompaniastj.org\/pt-pt\/wp-json\/wp\/v2\/types\/post"}],"author":[{"embeddable":true,"href":"https:\/\/encompaniastj.org\/pt-pt\/wp-json\/wp\/v2\/users\/1"}],"replies":[{"embeddable":true,"href":"https:\/\/encompaniastj.org\/pt-pt\/wp-json\/wp\/v2\/comments?post=11188"}],"version-history":[{"count":1,"href":"https:\/\/encompaniastj.org\/pt-pt\/wp-json\/wp\/v2\/posts\/11188\/revisions"}],"predecessor-version":[{"id":11189,"href":"https:\/\/encompaniastj.org\/pt-pt\/wp-json\/wp\/v2\/posts\/11188\/revisions\/11189"}],"wp:featuredmedia":[{"embeddable":true,"href":"https:\/\/encompaniastj.org\/pt-pt\/wp-json\/wp\/v2\/media\/8064"}],"wp:attachment":[{"href":"https:\/\/encompaniastj.org\/pt-pt\/wp-json\/wp\/v2\/media?parent=11188"}],"wp:term":[{"taxonomy":"category","embeddable":true,"href":"https:\/\/encompaniastj.org\/pt-pt\/wp-json\/wp\/v2\/categories?post=11188"},{"taxonomy":"post_tag","embeddable":true,"href":"https:\/\/encompaniastj.org\/pt-pt\/wp-json\/wp\/v2\/tags?post=11188"}],"curies":[{"name":"wp","href":"https:\/\/api.w.org\/{rel}","templated":true}]}}