{"id":11148,"date":"2022-10-13T11:48:00","date_gmt":"2022-10-13T09:48:00","guid":{"rendered":"https:\/\/encompaniastj.org\/san-sebastian-residencia-um-encontro-espiritual-e-humano-para-nos-impulsionar-a-viver-melhor\/"},"modified":"2025-07-07T16:23:33","modified_gmt":"2025-07-07T14:23:33","slug":"san-sebastian-residencia-um-encontro-espiritual-e-humano-para-nos-impulsionar-a-viver-melhor","status":"publish","type":"post","link":"https:\/\/encompaniastj.org\/pt-pt\/san-sebastian-residencia-um-encontro-espiritual-e-humano-para-nos-impulsionar-a-viver-melhor\/","title":{"rendered":"SAN SEBASTI\u00c1N RESIDENCIA. UM ENCONTRO ESPIRITUAL E HUMANO"},"content":{"rendered":"<p>\u00c0 maioria de n\u00f3s, devido \u00e0s nossas condi\u00e7\u00f5es f\u00edsicas e psicol\u00f3gicas n\u00e3o nos \u00e9 permitido sair para fazer retiro ou Exerc\u00edcios Espirituais. Com o fim de nos proporcionar um est\u00edmulo para a nossa vida de rela\u00e7\u00e3o com Deus e com as irm\u00e3s, a nossa coordenadora Resu Bazt\u00e1n entrou em contacto com a Senhora Vicky Irigaray, prestigiosa conferencista em temas de vida consagrada para vir \u00e0 nossa comunidade, ter connosco um encontro de tr\u00eas dias, nos quais escutamos as suas palavras e tamb\u00e9m participamos nos di\u00e1logos e coment\u00e1rios.<\/p>\n<p>A palavra de Vicky foi direta, clara e muito pr\u00e1tica. Todas as suas confer\u00eancias tiveram um conte\u00fado profundo, expresso com palavras simples e num tom de proximidade e uma chispa de bom humor que tornaram mais f\u00e1cil a assimila\u00e7\u00e3o dos temas que propunha:<\/p>\n<ul>\n<li><strong>\u00c9 sempre uma \u201cboa ocasi\u00e3o\u201d para mudar de atitudes.<\/strong><\/li>\n<li><strong>Sempre \u00e9 poss\u00edvel melhorar as nossas rela\u00e7\u00f5es.<\/strong><\/li>\n<li><strong>Deus sempre estar\u00e1 connosco para nos ajudar na miss\u00e3o de construirmos a fraternidade e de intensificarmos o nosso compromisso de viver o Evangelho.<\/strong><\/li>\n<\/ul>\n<p>Esta experi\u00eancia nova, entre n\u00f3s, resultou muito positiva, alentadora e, sumamente agrad\u00e1vel, dadas as qualidades de proximidade, de experi\u00eancia sobre a vida religiosa e do simples esp\u00edrito evang\u00e9lico de Vicky Irigaray.<\/p>\n<p>San Sebasti\u00e1n, del 27 al 29 de septiembre de 2022<\/p>\n<p><img loading=\"lazy\" decoding=\"async\" class=\"alignnone wp-image-9609 size-full\" src=\"https:\/\/encompaniastj.org\/wp-content\/uploads\/2025\/05\/foto-1-1.jpg\" alt=\"\" width=\"751\" height=\"562\" \/><\/p>\n<p><img loading=\"lazy\" decoding=\"async\" class=\"alignnone wp-image-9611 size-full\" src=\"https:\/\/encompaniastj.org\/wp-content\/uploads\/2025\/05\/foto-2-2.jpg\" alt=\"\" width=\"867\" height=\"669\" \/><\/p>\n","protected":false},"excerpt":{"rendered":"<p>\u00c0 maioria de n\u00f3s, devido \u00e0s nossas condi\u00e7\u00f5es f\u00edsicas e psicol\u00f3gicas n\u00e3o nos \u00e9 permitido sair para fazer retiro ou Exerc\u00edcios Espirituais. Com o fim de nos proporcionar um est\u00edmulo [&hellip;]<\/p>\n","protected":false},"author":1,"featured_media":8029,"comment_status":"open","ping_status":"open","sticky":false,"template":"","format":"standard","meta":{"_acf_changed":false,"footnotes":""},"categories":[61,62,68],"tags":[],"class_list":["post-11148","post","type-post","status-publish","format-standard","has-post-thumbnail","hentry","category-noticias","category-otras","category-outras"],"acf":[],"yoast_head":"<!-- This site is optimized with the Yoast SEO plugin v27.5 - https:\/\/yoast.com\/product\/yoast-seo-wordpress\/ -->\n<title>SAN SEBASTI\u00c1N RESIDENCIA. UM ENCONTRO ESPIRITUAL E HUMANO - En Compa\u00f1\u00eda STJ<\/title>\n<meta name=\"robots\" content=\"index, follow, max-snippet:-1, max-image-preview:large, max-video-preview:-1\" \/>\n<link rel=\"canonical\" href=\"https:\/\/encompaniastj.org\/pt-pt\/san-sebastian-residencia-um-encontro-espiritual-e-humano-para-nos-impulsionar-a-viver-melhor\/\" \/>\n<meta property=\"og:locale\" content=\"pt_PT\" \/>\n<meta property=\"og:type\" content=\"article\" \/>\n<meta property=\"og:title\" content=\"SAN SEBASTI\u00c1N RESIDENCIA. UM ENCONTRO ESPIRITUAL E HUMANO - En Compa\u00f1\u00eda STJ\" \/>\n<meta property=\"og:description\" content=\"\u00c0 maioria de n\u00f3s, devido \u00e0s nossas condi\u00e7\u00f5es f\u00edsicas e psicol\u00f3gicas n\u00e3o nos \u00e9 permitido sair para fazer retiro ou Exerc\u00edcios Espirituais. Com o fim de nos proporcionar um est\u00edmulo [&hellip;]\" \/>\n<meta property=\"og:url\" content=\"https:\/\/encompaniastj.org\/pt-pt\/san-sebastian-residencia-um-encontro-espiritual-e-humano-para-nos-impulsionar-a-viver-melhor\/\" \/>\n<meta property=\"og:site_name\" content=\"En Compa\u00f1\u00eda STJ\" \/>\n<meta property=\"article:published_time\" content=\"2022-10-13T09:48:00+00:00\" \/>\n<meta property=\"article:modified_time\" content=\"2025-07-07T14:23:33+00:00\" \/>\n<meta property=\"og:image\" content=\"https:\/\/encompaniastj.org\/wp-content\/uploads\/2025\/05\/foto-1-1.jpg\" \/>\n\t<meta property=\"og:image:width\" content=\"751\" \/>\n\t<meta property=\"og:image:height\" content=\"562\" \/>\n\t<meta property=\"og:image:type\" content=\"image\/jpeg\" \/>\n<meta name=\"author\" content=\"admin\" \/>\n<meta name=\"twitter:card\" content=\"summary_large_image\" \/>\n<meta name=\"twitter:label1\" content=\"Escrito por\" \/>\n\t<meta name=\"twitter:data1\" content=\"admin\" \/>\n\t<meta name=\"twitter:label2\" content=\"Tempo estimado de leitura\" \/>\n\t<meta name=\"twitter:data2\" content=\"2 minutos\" \/>\n<script type=\"application\/ld+json\" class=\"yoast-schema-graph\">{\"@context\":\"https:\\\/\\\/schema.org\",\"@graph\":[{\"@type\":\"Article\",\"@id\":\"https:\\\/\\\/encompaniastj.org\\\/pt-pt\\\/san-sebastian-residencia-um-encontro-espiritual-e-humano-para-nos-impulsionar-a-viver-melhor\\\/#article\",\"isPartOf\":{\"@id\":\"https:\\\/\\\/encompaniastj.org\\\/pt-pt\\\/san-sebastian-residencia-um-encontro-espiritual-e-humano-para-nos-impulsionar-a-viver-melhor\\\/\"},\"author\":{\"name\":\"admin\",\"@id\":\"https:\\\/\\\/encompaniastj.org\\\/pt-pt\\\/#\\\/schema\\\/person\\\/520e7ecc314793d40091993c2a02b651\"},\"headline\":\"SAN SEBASTI\u00c1N RESIDENCIA. UM ENCONTRO ESPIRITUAL E HUMANO\",\"datePublished\":\"2022-10-13T09:48:00+00:00\",\"dateModified\":\"2025-07-07T14:23:33+00:00\",\"mainEntityOfPage\":{\"@id\":\"https:\\\/\\\/encompaniastj.org\\\/pt-pt\\\/san-sebastian-residencia-um-encontro-espiritual-e-humano-para-nos-impulsionar-a-viver-melhor\\\/\"},\"wordCount\":241,\"commentCount\":0,\"publisher\":{\"@id\":\"https:\\\/\\\/encompaniastj.org\\\/pt-pt\\\/#organization\"},\"image\":{\"@id\":\"https:\\\/\\\/encompaniastj.org\\\/pt-pt\\\/san-sebastian-residencia-um-encontro-espiritual-e-humano-para-nos-impulsionar-a-viver-melhor\\\/#primaryimage\"},\"thumbnailUrl\":\"https:\\\/\\\/encompaniastj.org\\\/wp-content\\\/uploads\\\/2025\\\/05\\\/foto-1-1.jpg\",\"articleSection\":[\"Noticias\",\"Otras\",\"Outras\"],\"inLanguage\":\"pt-PT\",\"potentialAction\":[{\"@type\":\"CommentAction\",\"name\":\"Comment\",\"target\":[\"https:\\\/\\\/encompaniastj.org\\\/pt-pt\\\/san-sebastian-residencia-um-encontro-espiritual-e-humano-para-nos-impulsionar-a-viver-melhor\\\/#respond\"]}]},{\"@type\":\"WebPage\",\"@id\":\"https:\\\/\\\/encompaniastj.org\\\/pt-pt\\\/san-sebastian-residencia-um-encontro-espiritual-e-humano-para-nos-impulsionar-a-viver-melhor\\\/\",\"url\":\"https:\\\/\\\/encompaniastj.org\\\/pt-pt\\\/san-sebastian-residencia-um-encontro-espiritual-e-humano-para-nos-impulsionar-a-viver-melhor\\\/\",\"name\":\"SAN SEBASTI\u00c1N RESIDENCIA. UM ENCONTRO ESPIRITUAL E HUMANO - En Compa\u00f1\u00eda STJ\",\"isPartOf\":{\"@id\":\"https:\\\/\\\/encompaniastj.org\\\/pt-pt\\\/#website\"},\"primaryImageOfPage\":{\"@id\":\"https:\\\/\\\/encompaniastj.org\\\/pt-pt\\\/san-sebastian-residencia-um-encontro-espiritual-e-humano-para-nos-impulsionar-a-viver-melhor\\\/#primaryimage\"},\"image\":{\"@id\":\"https:\\\/\\\/encompaniastj.org\\\/pt-pt\\\/san-sebastian-residencia-um-encontro-espiritual-e-humano-para-nos-impulsionar-a-viver-melhor\\\/#primaryimage\"},\"thumbnailUrl\":\"https:\\\/\\\/encompaniastj.org\\\/wp-content\\\/uploads\\\/2025\\\/05\\\/foto-1-1.jpg\",\"datePublished\":\"2022-10-13T09:48:00+00:00\",\"dateModified\":\"2025-07-07T14:23:33+00:00\",\"breadcrumb\":{\"@id\":\"https:\\\/\\\/encompaniastj.org\\\/pt-pt\\\/san-sebastian-residencia-um-encontro-espiritual-e-humano-para-nos-impulsionar-a-viver-melhor\\\/#breadcrumb\"},\"inLanguage\":\"pt-PT\",\"potentialAction\":[{\"@type\":\"ReadAction\",\"target\":[\"https:\\\/\\\/encompaniastj.org\\\/pt-pt\\\/san-sebastian-residencia-um-encontro-espiritual-e-humano-para-nos-impulsionar-a-viver-melhor\\\/\"]}]},{\"@type\":\"ImageObject\",\"inLanguage\":\"pt-PT\",\"@id\":\"https:\\\/\\\/encompaniastj.org\\\/pt-pt\\\/san-sebastian-residencia-um-encontro-espiritual-e-humano-para-nos-impulsionar-a-viver-melhor\\\/#primaryimage\",\"url\":\"https:\\\/\\\/encompaniastj.org\\\/wp-content\\\/uploads\\\/2025\\\/05\\\/foto-1-1.jpg\",\"contentUrl\":\"https:\\\/\\\/encompaniastj.org\\\/wp-content\\\/uploads\\\/2025\\\/05\\\/foto-1-1.jpg\",\"width\":751,\"height\":562},{\"@type\":\"BreadcrumbList\",\"@id\":\"https:\\\/\\\/encompaniastj.org\\\/pt-pt\\\/san-sebastian-residencia-um-encontro-espiritual-e-humano-para-nos-impulsionar-a-viver-melhor\\\/#breadcrumb\",\"itemListElement\":[{\"@type\":\"ListItem\",\"position\":1,\"name\":\"Portada\",\"item\":\"https:\\\/\\\/encompaniastj.org\\\/pt-pt\\\/\"},{\"@type\":\"ListItem\",\"position\":2,\"name\":\"SAN SEBASTI\u00c1N RESIDENCIA. UM ENCONTRO ESPIRITUAL E HUMANO\"}]},{\"@type\":\"WebSite\",\"@id\":\"https:\\\/\\\/encompaniastj.org\\\/pt-pt\\\/#website\",\"url\":\"https:\\\/\\\/encompaniastj.org\\\/pt-pt\\\/\",\"name\":\"En Compa\u00f1\u00eda STJ\",\"description\":\"Bolet\u00edn de la Compa\u00f1\u00eda de Santa Teresa de Jes\u00fas\",\"publisher\":{\"@id\":\"https:\\\/\\\/encompaniastj.org\\\/pt-pt\\\/#organization\"},\"potentialAction\":[{\"@type\":\"SearchAction\",\"target\":{\"@type\":\"EntryPoint\",\"urlTemplate\":\"https:\\\/\\\/encompaniastj.org\\\/pt-pt\\\/?s={search_term_string}\"},\"query-input\":{\"@type\":\"PropertyValueSpecification\",\"valueRequired\":true,\"valueName\":\"search_term_string\"}}],\"inLanguage\":\"pt-PT\"},{\"@type\":\"Organization\",\"@id\":\"https:\\\/\\\/encompaniastj.org\\\/pt-pt\\\/#organization\",\"name\":\"Compa\u00f1\u00eda de Santa Teresa de Jes\u00fas\",\"url\":\"https:\\\/\\\/encompaniastj.org\\\/pt-pt\\\/\",\"logo\":{\"@type\":\"ImageObject\",\"inLanguage\":\"pt-PT\",\"@id\":\"https:\\\/\\\/encompaniastj.org\\\/pt-pt\\\/#\\\/schema\\\/logo\\\/image\\\/\",\"url\":\"https:\\\/\\\/encompaniastj.org\\\/wp-content\\\/uploads\\\/2025\\\/04\\\/logo_provincias02-1-3.png\",\"contentUrl\":\"https:\\\/\\\/encompaniastj.org\\\/wp-content\\\/uploads\\\/2025\\\/04\\\/logo_provincias02-1-3.png\",\"width\":2368,\"height\":825,\"caption\":\"Compa\u00f1\u00eda de Santa Teresa de Jes\u00fas\"},\"image\":{\"@id\":\"https:\\\/\\\/encompaniastj.org\\\/pt-pt\\\/#\\\/schema\\\/logo\\\/image\\\/\"}},{\"@type\":\"Person\",\"@id\":\"https:\\\/\\\/encompaniastj.org\\\/pt-pt\\\/#\\\/schema\\\/person\\\/520e7ecc314793d40091993c2a02b651\",\"name\":\"admin\",\"image\":{\"@type\":\"ImageObject\",\"inLanguage\":\"pt-PT\",\"@id\":\"https:\\\/\\\/secure.gravatar.com\\\/avatar\\\/948b492cce32b586ac2db0eaa926ee87024f7afe218d73b397ea5ddfc5f43ea1?s=96&d=mm&r=g\",\"url\":\"https:\\\/\\\/secure.gravatar.com\\\/avatar\\\/948b492cce32b586ac2db0eaa926ee87024f7afe218d73b397ea5ddfc5f43ea1?s=96&d=mm&r=g\",\"contentUrl\":\"https:\\\/\\\/secure.gravatar.com\\\/avatar\\\/948b492cce32b586ac2db0eaa926ee87024f7afe218d73b397ea5ddfc5f43ea1?s=96&d=mm&r=g\",\"caption\":\"admin\"},\"sameAs\":[\"https:\\\/\\\/encompaniastj.org\"],\"url\":\"https:\\\/\\\/encompaniastj.org\\\/pt-pt\\\/author\\\/sjdigital\\\/\"}]}<\/script>\n<!-- \/ Yoast SEO plugin. -->","yoast_head_json":{"title":"SAN SEBASTI\u00c1N RESIDENCIA. UM ENCONTRO ESPIRITUAL E HUMANO - En Compa\u00f1\u00eda STJ","robots":{"index":"index","follow":"follow","max-snippet":"max-snippet:-1","max-image-preview":"max-image-preview:large","max-video-preview":"max-video-preview:-1"},"canonical":"https:\/\/encompaniastj.org\/pt-pt\/san-sebastian-residencia-um-encontro-espiritual-e-humano-para-nos-impulsionar-a-viver-melhor\/","og_locale":"pt_PT","og_type":"article","og_title":"SAN SEBASTI\u00c1N RESIDENCIA. UM ENCONTRO ESPIRITUAL E HUMANO - En Compa\u00f1\u00eda STJ","og_description":"\u00c0 maioria de n\u00f3s, devido \u00e0s nossas condi\u00e7\u00f5es f\u00edsicas e psicol\u00f3gicas n\u00e3o nos \u00e9 permitido sair para fazer retiro ou Exerc\u00edcios Espirituais. Com o fim de nos proporcionar um est\u00edmulo [&hellip;]","og_url":"https:\/\/encompaniastj.org\/pt-pt\/san-sebastian-residencia-um-encontro-espiritual-e-humano-para-nos-impulsionar-a-viver-melhor\/","og_site_name":"En Compa\u00f1\u00eda STJ","article_published_time":"2022-10-13T09:48:00+00:00","article_modified_time":"2025-07-07T14:23:33+00:00","og_image":[{"width":751,"height":562,"url":"https:\/\/encompaniastj.org\/wp-content\/uploads\/2025\/05\/foto-1-1.jpg","type":"image\/jpeg"}],"author":"admin","twitter_card":"summary_large_image","twitter_misc":{"Escrito por":"admin","Tempo estimado de leitura":"2 minutos"},"schema":{"@context":"https:\/\/schema.org","@graph":[{"@type":"Article","@id":"https:\/\/encompaniastj.org\/pt-pt\/san-sebastian-residencia-um-encontro-espiritual-e-humano-para-nos-impulsionar-a-viver-melhor\/#article","isPartOf":{"@id":"https:\/\/encompaniastj.org\/pt-pt\/san-sebastian-residencia-um-encontro-espiritual-e-humano-para-nos-impulsionar-a-viver-melhor\/"},"author":{"name":"admin","@id":"https:\/\/encompaniastj.org\/pt-pt\/#\/schema\/person\/520e7ecc314793d40091993c2a02b651"},"headline":"SAN SEBASTI\u00c1N RESIDENCIA. UM ENCONTRO ESPIRITUAL E HUMANO","datePublished":"2022-10-13T09:48:00+00:00","dateModified":"2025-07-07T14:23:33+00:00","mainEntityOfPage":{"@id":"https:\/\/encompaniastj.org\/pt-pt\/san-sebastian-residencia-um-encontro-espiritual-e-humano-para-nos-impulsionar-a-viver-melhor\/"},"wordCount":241,"commentCount":0,"publisher":{"@id":"https:\/\/encompaniastj.org\/pt-pt\/#organization"},"image":{"@id":"https:\/\/encompaniastj.org\/pt-pt\/san-sebastian-residencia-um-encontro-espiritual-e-humano-para-nos-impulsionar-a-viver-melhor\/#primaryimage"},"thumbnailUrl":"https:\/\/encompaniastj.org\/wp-content\/uploads\/2025\/05\/foto-1-1.jpg","articleSection":["Noticias","Otras","Outras"],"inLanguage":"pt-PT","potentialAction":[{"@type":"CommentAction","name":"Comment","target":["https:\/\/encompaniastj.org\/pt-pt\/san-sebastian-residencia-um-encontro-espiritual-e-humano-para-nos-impulsionar-a-viver-melhor\/#respond"]}]},{"@type":"WebPage","@id":"https:\/\/encompaniastj.org\/pt-pt\/san-sebastian-residencia-um-encontro-espiritual-e-humano-para-nos-impulsionar-a-viver-melhor\/","url":"https:\/\/encompaniastj.org\/pt-pt\/san-sebastian-residencia-um-encontro-espiritual-e-humano-para-nos-impulsionar-a-viver-melhor\/","name":"SAN SEBASTI\u00c1N RESIDENCIA. UM ENCONTRO ESPIRITUAL E HUMANO - En Compa\u00f1\u00eda STJ","isPartOf":{"@id":"https:\/\/encompaniastj.org\/pt-pt\/#website"},"primaryImageOfPage":{"@id":"https:\/\/encompaniastj.org\/pt-pt\/san-sebastian-residencia-um-encontro-espiritual-e-humano-para-nos-impulsionar-a-viver-melhor\/#primaryimage"},"image":{"@id":"https:\/\/encompaniastj.org\/pt-pt\/san-sebastian-residencia-um-encontro-espiritual-e-humano-para-nos-impulsionar-a-viver-melhor\/#primaryimage"},"thumbnailUrl":"https:\/\/encompaniastj.org\/wp-content\/uploads\/2025\/05\/foto-1-1.jpg","datePublished":"2022-10-13T09:48:00+00:00","dateModified":"2025-07-07T14:23:33+00:00","breadcrumb":{"@id":"https:\/\/encompaniastj.org\/pt-pt\/san-sebastian-residencia-um-encontro-espiritual-e-humano-para-nos-impulsionar-a-viver-melhor\/#breadcrumb"},"inLanguage":"pt-PT","potentialAction":[{"@type":"ReadAction","target":["https:\/\/encompaniastj.org\/pt-pt\/san-sebastian-residencia-um-encontro-espiritual-e-humano-para-nos-impulsionar-a-viver-melhor\/"]}]},{"@type":"ImageObject","inLanguage":"pt-PT","@id":"https:\/\/encompaniastj.org\/pt-pt\/san-sebastian-residencia-um-encontro-espiritual-e-humano-para-nos-impulsionar-a-viver-melhor\/#primaryimage","url":"https:\/\/encompaniastj.org\/wp-content\/uploads\/2025\/05\/foto-1-1.jpg","contentUrl":"https:\/\/encompaniastj.org\/wp-content\/uploads\/2025\/05\/foto-1-1.jpg","width":751,"height":562},{"@type":"BreadcrumbList","@id":"https:\/\/encompaniastj.org\/pt-pt\/san-sebastian-residencia-um-encontro-espiritual-e-humano-para-nos-impulsionar-a-viver-melhor\/#breadcrumb","itemListElement":[{"@type":"ListItem","position":1,"name":"Portada","item":"https:\/\/encompaniastj.org\/pt-pt\/"},{"@type":"ListItem","position":2,"name":"SAN SEBASTI\u00c1N RESIDENCIA. UM ENCONTRO ESPIRITUAL E HUMANO"}]},{"@type":"WebSite","@id":"https:\/\/encompaniastj.org\/pt-pt\/#website","url":"https:\/\/encompaniastj.org\/pt-pt\/","name":"En Compa\u00f1\u00eda STJ","description":"Bolet\u00edn de la Compa\u00f1\u00eda de Santa Teresa de Jes\u00fas","publisher":{"@id":"https:\/\/encompaniastj.org\/pt-pt\/#organization"},"potentialAction":[{"@type":"SearchAction","target":{"@type":"EntryPoint","urlTemplate":"https:\/\/encompaniastj.org\/pt-pt\/?s={search_term_string}"},"query-input":{"@type":"PropertyValueSpecification","valueRequired":true,"valueName":"search_term_string"}}],"inLanguage":"pt-PT"},{"@type":"Organization","@id":"https:\/\/encompaniastj.org\/pt-pt\/#organization","name":"Compa\u00f1\u00eda de Santa Teresa de Jes\u00fas","url":"https:\/\/encompaniastj.org\/pt-pt\/","logo":{"@type":"ImageObject","inLanguage":"pt-PT","@id":"https:\/\/encompaniastj.org\/pt-pt\/#\/schema\/logo\/image\/","url":"https:\/\/encompaniastj.org\/wp-content\/uploads\/2025\/04\/logo_provincias02-1-3.png","contentUrl":"https:\/\/encompaniastj.org\/wp-content\/uploads\/2025\/04\/logo_provincias02-1-3.png","width":2368,"height":825,"caption":"Compa\u00f1\u00eda de Santa Teresa de Jes\u00fas"},"image":{"@id":"https:\/\/encompaniastj.org\/pt-pt\/#\/schema\/logo\/image\/"}},{"@type":"Person","@id":"https:\/\/encompaniastj.org\/pt-pt\/#\/schema\/person\/520e7ecc314793d40091993c2a02b651","name":"admin","image":{"@type":"ImageObject","inLanguage":"pt-PT","@id":"https:\/\/secure.gravatar.com\/avatar\/948b492cce32b586ac2db0eaa926ee87024f7afe218d73b397ea5ddfc5f43ea1?s=96&d=mm&r=g","url":"https:\/\/secure.gravatar.com\/avatar\/948b492cce32b586ac2db0eaa926ee87024f7afe218d73b397ea5ddfc5f43ea1?s=96&d=mm&r=g","contentUrl":"https:\/\/secure.gravatar.com\/avatar\/948b492cce32b586ac2db0eaa926ee87024f7afe218d73b397ea5ddfc5f43ea1?s=96&d=mm&r=g","caption":"admin"},"sameAs":["https:\/\/encompaniastj.org"],"url":"https:\/\/encompaniastj.org\/pt-pt\/author\/sjdigital\/"}]}},"_links":{"self":[{"href":"https:\/\/encompaniastj.org\/pt-pt\/wp-json\/wp\/v2\/posts\/11148","targetHints":{"allow":["GET"]}}],"collection":[{"href":"https:\/\/encompaniastj.org\/pt-pt\/wp-json\/wp\/v2\/posts"}],"about":[{"href":"https:\/\/encompaniastj.org\/pt-pt\/wp-json\/wp\/v2\/types\/post"}],"author":[{"embeddable":true,"href":"https:\/\/encompaniastj.org\/pt-pt\/wp-json\/wp\/v2\/users\/1"}],"replies":[{"embeddable":true,"href":"https:\/\/encompaniastj.org\/pt-pt\/wp-json\/wp\/v2\/comments?post=11148"}],"version-history":[{"count":1,"href":"https:\/\/encompaniastj.org\/pt-pt\/wp-json\/wp\/v2\/posts\/11148\/revisions"}],"predecessor-version":[{"id":11149,"href":"https:\/\/encompaniastj.org\/pt-pt\/wp-json\/wp\/v2\/posts\/11148\/revisions\/11149"}],"wp:featuredmedia":[{"embeddable":true,"href":"https:\/\/encompaniastj.org\/pt-pt\/wp-json\/wp\/v2\/media\/8029"}],"wp:attachment":[{"href":"https:\/\/encompaniastj.org\/pt-pt\/wp-json\/wp\/v2\/media?parent=11148"}],"wp:term":[{"taxonomy":"category","embeddable":true,"href":"https:\/\/encompaniastj.org\/pt-pt\/wp-json\/wp\/v2\/categories?post=11148"},{"taxonomy":"post_tag","embeddable":true,"href":"https:\/\/encompaniastj.org\/pt-pt\/wp-json\/wp\/v2\/tags?post=11148"}],"curies":[{"name":"wp","href":"https:\/\/api.w.org\/{rel}","templated":true}]}}