{"id":11144,"date":"2022-10-05T13:31:43","date_gmt":"2022-10-05T11:31:43","guid":{"rendered":"https:\/\/encompaniastj.org\/cronica-de-uma-visita-anunciada\/"},"modified":"2025-07-07T16:23:32","modified_gmt":"2025-07-07T14:23:32","slug":"cronica-de-uma-visita-anunciada","status":"publish","type":"post","link":"https:\/\/encompaniastj.org\/pt-pt\/cronica-de-uma-visita-anunciada\/","title":{"rendered":"CR\u00d3NICA DE \u201cUMA VISITA ANUNCIADA\u201d"},"content":{"rendered":"<p>Esper\u00e1vamo-las com entusiasmo. Eram as Irm\u00e3s que, na sua \u00faltima etapa de forma\u00e7\u00e3o programada, passavam pela casa de acolhimento a fim de descansar para no dia seguinte prosseguirem o itiner\u00e1rio da viagem.<\/p>\n<p>Para n\u00f3s, as cinco irm\u00e3s da Comunidade de N\u00e1poles \u2013 casa de acolhimento em Barcelona -, acolher irm\u00e3s \u00e9 uma alegria. Mas, quando s\u00e3o irm\u00e3s que passam pela nossa casa aquando de uns meses t\u00e3o ricos em experi\u00eancia e forma\u00e7\u00e3o, como \u00e9 o TER, a sua presen\u00e7a torna-se mais agrad\u00e1vel.<\/p>\n<p>Estivemos toda a tarde, esperando que chegassem. Demoraram, como \u00e9 l\u00f3gico, mais do que estava previsto. Os lugares visitados eram demasiados significativos que reclamavam uma visita pausada: ver, sentir, alegrar-se, experimentar\u2026 todo este conjunto de experi\u00eancias justificaram a falta de pontualidade. Montserrat, um dos lugares mais emblem\u00e1ticos da Companhia de Santa Teresa pela sua influ\u00eancia na vida de Santo Henrique, em Manresa, na casa dos jesu\u00edtas, outro dos lugares emblem\u00e1ticos de Santo In\u00e1cio de Loyola, hoje enriquecida pelos famosos mosaicos de Marko Rupnik.<\/p>\n<p>Um grupo de \u201cjovens\u201d de todos os lugares -\u00a0 diferentes na sua proveni\u00eancia, iguais no carisma -\u00a0 saudaram-nos efusivamente e entusiasmadas por tudo o que tinham visto e ouvido, ao longo de todo o percurso, que veio enriquecer ainda mais os meses de forma\u00e7\u00e3o programada, para completar esta etapa em \u00c1vila e no m\u00eas de Exerc\u00edcios Espirituais.<\/p>\n<p>&nbsp;<\/p>\n<p>A foto da praxe, para que conste graficamente a presen\u00e7a na casa, os abra\u00e7os fraternais, as not\u00edcias e as perguntas feitas com entusiasmo e, a procura de um descanso merecido\u2026 Dirigiram-se ao \u201cquinto andar\u201d para saborear a ceia que t\u00ednhamos preparado com carinho e dormir umas horas antes de sair para um novo destino. Vict\u00f2ria Molins, stj<\/p>\n","protected":false},"excerpt":{"rendered":"<p>Esper\u00e1vamo-las com entusiasmo. Eram as Irm\u00e3s que, na sua \u00faltima etapa de forma\u00e7\u00e3o programada, passavam pela casa de acolhimento a fim de descansar para no dia seguinte prosseguirem o itiner\u00e1rio [&hellip;]<\/p>\n","protected":false},"author":1,"featured_media":8028,"comment_status":"open","ping_status":"open","sticky":false,"template":"","format":"standard","meta":{"_acf_changed":false,"footnotes":""},"categories":[61,62,68],"tags":[],"class_list":["post-11144","post","type-post","status-publish","format-standard","has-post-thumbnail","hentry","category-noticias","category-otras","category-outras"],"acf":[],"yoast_head":"<!-- This site is optimized with the Yoast SEO plugin v27.5 - https:\/\/yoast.com\/product\/yoast-seo-wordpress\/ -->\n<title>CR\u00d3NICA DE \u201cUMA VISITA ANUNCIADA\u201d - En Compa\u00f1\u00eda STJ<\/title>\n<meta name=\"robots\" content=\"index, follow, max-snippet:-1, max-image-preview:large, max-video-preview:-1\" \/>\n<link rel=\"canonical\" href=\"https:\/\/encompaniastj.org\/pt-pt\/cronica-de-uma-visita-anunciada\/\" \/>\n<meta property=\"og:locale\" content=\"pt_PT\" \/>\n<meta property=\"og:type\" content=\"article\" \/>\n<meta property=\"og:title\" content=\"CR\u00d3NICA DE \u201cUMA VISITA ANUNCIADA\u201d - En Compa\u00f1\u00eda STJ\" \/>\n<meta property=\"og:description\" content=\"Esper\u00e1vamo-las com entusiasmo. Eram as Irm\u00e3s que, na sua \u00faltima etapa de forma\u00e7\u00e3o programada, passavam pela casa de acolhimento a fim de descansar para no dia seguinte prosseguirem o itiner\u00e1rio [&hellip;]\" \/>\n<meta property=\"og:url\" content=\"https:\/\/encompaniastj.org\/pt-pt\/cronica-de-uma-visita-anunciada\/\" \/>\n<meta property=\"og:site_name\" content=\"En Compa\u00f1\u00eda STJ\" \/>\n<meta property=\"article:published_time\" content=\"2022-10-05T11:31:43+00:00\" \/>\n<meta property=\"article:modified_time\" content=\"2025-07-07T14:23:32+00:00\" \/>\n<meta property=\"og:image\" content=\"https:\/\/encompaniastj.org\/wp-content\/uploads\/2025\/05\/foto1-1-2.jpg\" \/>\n\t<meta property=\"og:image:width\" content=\"1600\" \/>\n\t<meta property=\"og:image:height\" content=\"1200\" \/>\n\t<meta property=\"og:image:type\" content=\"image\/jpeg\" \/>\n<meta name=\"author\" content=\"admin\" \/>\n<meta name=\"twitter:card\" content=\"summary_large_image\" \/>\n<meta name=\"twitter:label1\" content=\"Escrito por\" \/>\n\t<meta name=\"twitter:data1\" content=\"admin\" \/>\n\t<meta name=\"twitter:label2\" content=\"Tempo estimado de leitura\" \/>\n\t<meta name=\"twitter:data2\" content=\"2 minutos\" \/>\n<script type=\"application\/ld+json\" class=\"yoast-schema-graph\">{\"@context\":\"https:\\\/\\\/schema.org\",\"@graph\":[{\"@type\":\"Article\",\"@id\":\"https:\\\/\\\/encompaniastj.org\\\/pt-pt\\\/cronica-de-uma-visita-anunciada\\\/#article\",\"isPartOf\":{\"@id\":\"https:\\\/\\\/encompaniastj.org\\\/pt-pt\\\/cronica-de-uma-visita-anunciada\\\/\"},\"author\":{\"name\":\"admin\",\"@id\":\"https:\\\/\\\/encompaniastj.org\\\/pt-pt\\\/#\\\/schema\\\/person\\\/520e7ecc314793d40091993c2a02b651\"},\"headline\":\"CR\u00d3NICA DE \u201cUMA VISITA ANUNCIADA\u201d\",\"datePublished\":\"2022-10-05T11:31:43+00:00\",\"dateModified\":\"2025-07-07T14:23:32+00:00\",\"mainEntityOfPage\":{\"@id\":\"https:\\\/\\\/encompaniastj.org\\\/pt-pt\\\/cronica-de-uma-visita-anunciada\\\/\"},\"wordCount\":313,\"commentCount\":0,\"publisher\":{\"@id\":\"https:\\\/\\\/encompaniastj.org\\\/pt-pt\\\/#organization\"},\"image\":{\"@id\":\"https:\\\/\\\/encompaniastj.org\\\/pt-pt\\\/cronica-de-uma-visita-anunciada\\\/#primaryimage\"},\"thumbnailUrl\":\"https:\\\/\\\/encompaniastj.org\\\/wp-content\\\/uploads\\\/2025\\\/05\\\/foto1-1-2.jpg\",\"articleSection\":[\"Noticias\",\"Otras\",\"Outras\"],\"inLanguage\":\"pt-PT\",\"potentialAction\":[{\"@type\":\"CommentAction\",\"name\":\"Comment\",\"target\":[\"https:\\\/\\\/encompaniastj.org\\\/pt-pt\\\/cronica-de-uma-visita-anunciada\\\/#respond\"]}]},{\"@type\":\"WebPage\",\"@id\":\"https:\\\/\\\/encompaniastj.org\\\/pt-pt\\\/cronica-de-uma-visita-anunciada\\\/\",\"url\":\"https:\\\/\\\/encompaniastj.org\\\/pt-pt\\\/cronica-de-uma-visita-anunciada\\\/\",\"name\":\"CR\u00d3NICA DE \u201cUMA VISITA ANUNCIADA\u201d - En Compa\u00f1\u00eda STJ\",\"isPartOf\":{\"@id\":\"https:\\\/\\\/encompaniastj.org\\\/pt-pt\\\/#website\"},\"primaryImageOfPage\":{\"@id\":\"https:\\\/\\\/encompaniastj.org\\\/pt-pt\\\/cronica-de-uma-visita-anunciada\\\/#primaryimage\"},\"image\":{\"@id\":\"https:\\\/\\\/encompaniastj.org\\\/pt-pt\\\/cronica-de-uma-visita-anunciada\\\/#primaryimage\"},\"thumbnailUrl\":\"https:\\\/\\\/encompaniastj.org\\\/wp-content\\\/uploads\\\/2025\\\/05\\\/foto1-1-2.jpg\",\"datePublished\":\"2022-10-05T11:31:43+00:00\",\"dateModified\":\"2025-07-07T14:23:32+00:00\",\"breadcrumb\":{\"@id\":\"https:\\\/\\\/encompaniastj.org\\\/pt-pt\\\/cronica-de-uma-visita-anunciada\\\/#breadcrumb\"},\"inLanguage\":\"pt-PT\",\"potentialAction\":[{\"@type\":\"ReadAction\",\"target\":[\"https:\\\/\\\/encompaniastj.org\\\/pt-pt\\\/cronica-de-uma-visita-anunciada\\\/\"]}]},{\"@type\":\"ImageObject\",\"inLanguage\":\"pt-PT\",\"@id\":\"https:\\\/\\\/encompaniastj.org\\\/pt-pt\\\/cronica-de-uma-visita-anunciada\\\/#primaryimage\",\"url\":\"https:\\\/\\\/encompaniastj.org\\\/wp-content\\\/uploads\\\/2025\\\/05\\\/foto1-1-2.jpg\",\"contentUrl\":\"https:\\\/\\\/encompaniastj.org\\\/wp-content\\\/uploads\\\/2025\\\/05\\\/foto1-1-2.jpg\",\"width\":1600,\"height\":1200},{\"@type\":\"BreadcrumbList\",\"@id\":\"https:\\\/\\\/encompaniastj.org\\\/pt-pt\\\/cronica-de-uma-visita-anunciada\\\/#breadcrumb\",\"itemListElement\":[{\"@type\":\"ListItem\",\"position\":1,\"name\":\"Portada\",\"item\":\"https:\\\/\\\/encompaniastj.org\\\/pt-pt\\\/\"},{\"@type\":\"ListItem\",\"position\":2,\"name\":\"CR\u00d3NICA DE \u201cUMA VISITA ANUNCIADA\u201d\"}]},{\"@type\":\"WebSite\",\"@id\":\"https:\\\/\\\/encompaniastj.org\\\/pt-pt\\\/#website\",\"url\":\"https:\\\/\\\/encompaniastj.org\\\/pt-pt\\\/\",\"name\":\"En Compa\u00f1\u00eda STJ\",\"description\":\"Bolet\u00edn de la Compa\u00f1\u00eda de Santa Teresa de Jes\u00fas\",\"publisher\":{\"@id\":\"https:\\\/\\\/encompaniastj.org\\\/pt-pt\\\/#organization\"},\"potentialAction\":[{\"@type\":\"SearchAction\",\"target\":{\"@type\":\"EntryPoint\",\"urlTemplate\":\"https:\\\/\\\/encompaniastj.org\\\/pt-pt\\\/?s={search_term_string}\"},\"query-input\":{\"@type\":\"PropertyValueSpecification\",\"valueRequired\":true,\"valueName\":\"search_term_string\"}}],\"inLanguage\":\"pt-PT\"},{\"@type\":\"Organization\",\"@id\":\"https:\\\/\\\/encompaniastj.org\\\/pt-pt\\\/#organization\",\"name\":\"Compa\u00f1\u00eda de Santa Teresa de Jes\u00fas\",\"url\":\"https:\\\/\\\/encompaniastj.org\\\/pt-pt\\\/\",\"logo\":{\"@type\":\"ImageObject\",\"inLanguage\":\"pt-PT\",\"@id\":\"https:\\\/\\\/encompaniastj.org\\\/pt-pt\\\/#\\\/schema\\\/logo\\\/image\\\/\",\"url\":\"https:\\\/\\\/encompaniastj.org\\\/wp-content\\\/uploads\\\/2025\\\/04\\\/logo_provincias02-1-3.png\",\"contentUrl\":\"https:\\\/\\\/encompaniastj.org\\\/wp-content\\\/uploads\\\/2025\\\/04\\\/logo_provincias02-1-3.png\",\"width\":2368,\"height\":825,\"caption\":\"Compa\u00f1\u00eda de Santa Teresa de Jes\u00fas\"},\"image\":{\"@id\":\"https:\\\/\\\/encompaniastj.org\\\/pt-pt\\\/#\\\/schema\\\/logo\\\/image\\\/\"}},{\"@type\":\"Person\",\"@id\":\"https:\\\/\\\/encompaniastj.org\\\/pt-pt\\\/#\\\/schema\\\/person\\\/520e7ecc314793d40091993c2a02b651\",\"name\":\"admin\",\"image\":{\"@type\":\"ImageObject\",\"inLanguage\":\"pt-PT\",\"@id\":\"https:\\\/\\\/secure.gravatar.com\\\/avatar\\\/948b492cce32b586ac2db0eaa926ee87024f7afe218d73b397ea5ddfc5f43ea1?s=96&d=mm&r=g\",\"url\":\"https:\\\/\\\/secure.gravatar.com\\\/avatar\\\/948b492cce32b586ac2db0eaa926ee87024f7afe218d73b397ea5ddfc5f43ea1?s=96&d=mm&r=g\",\"contentUrl\":\"https:\\\/\\\/secure.gravatar.com\\\/avatar\\\/948b492cce32b586ac2db0eaa926ee87024f7afe218d73b397ea5ddfc5f43ea1?s=96&d=mm&r=g\",\"caption\":\"admin\"},\"sameAs\":[\"https:\\\/\\\/encompaniastj.org\"],\"url\":\"https:\\\/\\\/encompaniastj.org\\\/pt-pt\\\/author\\\/sjdigital\\\/\"}]}<\/script>\n<!-- \/ Yoast SEO plugin. -->","yoast_head_json":{"title":"CR\u00d3NICA DE \u201cUMA VISITA ANUNCIADA\u201d - En Compa\u00f1\u00eda STJ","robots":{"index":"index","follow":"follow","max-snippet":"max-snippet:-1","max-image-preview":"max-image-preview:large","max-video-preview":"max-video-preview:-1"},"canonical":"https:\/\/encompaniastj.org\/pt-pt\/cronica-de-uma-visita-anunciada\/","og_locale":"pt_PT","og_type":"article","og_title":"CR\u00d3NICA DE \u201cUMA VISITA ANUNCIADA\u201d - En Compa\u00f1\u00eda STJ","og_description":"Esper\u00e1vamo-las com entusiasmo. Eram as Irm\u00e3s que, na sua \u00faltima etapa de forma\u00e7\u00e3o programada, passavam pela casa de acolhimento a fim de descansar para no dia seguinte prosseguirem o itiner\u00e1rio [&hellip;]","og_url":"https:\/\/encompaniastj.org\/pt-pt\/cronica-de-uma-visita-anunciada\/","og_site_name":"En Compa\u00f1\u00eda STJ","article_published_time":"2022-10-05T11:31:43+00:00","article_modified_time":"2025-07-07T14:23:32+00:00","og_image":[{"width":1600,"height":1200,"url":"https:\/\/encompaniastj.org\/wp-content\/uploads\/2025\/05\/foto1-1-2.jpg","type":"image\/jpeg"}],"author":"admin","twitter_card":"summary_large_image","twitter_misc":{"Escrito por":"admin","Tempo estimado de leitura":"2 minutos"},"schema":{"@context":"https:\/\/schema.org","@graph":[{"@type":"Article","@id":"https:\/\/encompaniastj.org\/pt-pt\/cronica-de-uma-visita-anunciada\/#article","isPartOf":{"@id":"https:\/\/encompaniastj.org\/pt-pt\/cronica-de-uma-visita-anunciada\/"},"author":{"name":"admin","@id":"https:\/\/encompaniastj.org\/pt-pt\/#\/schema\/person\/520e7ecc314793d40091993c2a02b651"},"headline":"CR\u00d3NICA DE \u201cUMA VISITA ANUNCIADA\u201d","datePublished":"2022-10-05T11:31:43+00:00","dateModified":"2025-07-07T14:23:32+00:00","mainEntityOfPage":{"@id":"https:\/\/encompaniastj.org\/pt-pt\/cronica-de-uma-visita-anunciada\/"},"wordCount":313,"commentCount":0,"publisher":{"@id":"https:\/\/encompaniastj.org\/pt-pt\/#organization"},"image":{"@id":"https:\/\/encompaniastj.org\/pt-pt\/cronica-de-uma-visita-anunciada\/#primaryimage"},"thumbnailUrl":"https:\/\/encompaniastj.org\/wp-content\/uploads\/2025\/05\/foto1-1-2.jpg","articleSection":["Noticias","Otras","Outras"],"inLanguage":"pt-PT","potentialAction":[{"@type":"CommentAction","name":"Comment","target":["https:\/\/encompaniastj.org\/pt-pt\/cronica-de-uma-visita-anunciada\/#respond"]}]},{"@type":"WebPage","@id":"https:\/\/encompaniastj.org\/pt-pt\/cronica-de-uma-visita-anunciada\/","url":"https:\/\/encompaniastj.org\/pt-pt\/cronica-de-uma-visita-anunciada\/","name":"CR\u00d3NICA DE \u201cUMA VISITA ANUNCIADA\u201d - En Compa\u00f1\u00eda STJ","isPartOf":{"@id":"https:\/\/encompaniastj.org\/pt-pt\/#website"},"primaryImageOfPage":{"@id":"https:\/\/encompaniastj.org\/pt-pt\/cronica-de-uma-visita-anunciada\/#primaryimage"},"image":{"@id":"https:\/\/encompaniastj.org\/pt-pt\/cronica-de-uma-visita-anunciada\/#primaryimage"},"thumbnailUrl":"https:\/\/encompaniastj.org\/wp-content\/uploads\/2025\/05\/foto1-1-2.jpg","datePublished":"2022-10-05T11:31:43+00:00","dateModified":"2025-07-07T14:23:32+00:00","breadcrumb":{"@id":"https:\/\/encompaniastj.org\/pt-pt\/cronica-de-uma-visita-anunciada\/#breadcrumb"},"inLanguage":"pt-PT","potentialAction":[{"@type":"ReadAction","target":["https:\/\/encompaniastj.org\/pt-pt\/cronica-de-uma-visita-anunciada\/"]}]},{"@type":"ImageObject","inLanguage":"pt-PT","@id":"https:\/\/encompaniastj.org\/pt-pt\/cronica-de-uma-visita-anunciada\/#primaryimage","url":"https:\/\/encompaniastj.org\/wp-content\/uploads\/2025\/05\/foto1-1-2.jpg","contentUrl":"https:\/\/encompaniastj.org\/wp-content\/uploads\/2025\/05\/foto1-1-2.jpg","width":1600,"height":1200},{"@type":"BreadcrumbList","@id":"https:\/\/encompaniastj.org\/pt-pt\/cronica-de-uma-visita-anunciada\/#breadcrumb","itemListElement":[{"@type":"ListItem","position":1,"name":"Portada","item":"https:\/\/encompaniastj.org\/pt-pt\/"},{"@type":"ListItem","position":2,"name":"CR\u00d3NICA DE \u201cUMA VISITA ANUNCIADA\u201d"}]},{"@type":"WebSite","@id":"https:\/\/encompaniastj.org\/pt-pt\/#website","url":"https:\/\/encompaniastj.org\/pt-pt\/","name":"En Compa\u00f1\u00eda STJ","description":"Bolet\u00edn de la Compa\u00f1\u00eda de Santa Teresa de Jes\u00fas","publisher":{"@id":"https:\/\/encompaniastj.org\/pt-pt\/#organization"},"potentialAction":[{"@type":"SearchAction","target":{"@type":"EntryPoint","urlTemplate":"https:\/\/encompaniastj.org\/pt-pt\/?s={search_term_string}"},"query-input":{"@type":"PropertyValueSpecification","valueRequired":true,"valueName":"search_term_string"}}],"inLanguage":"pt-PT"},{"@type":"Organization","@id":"https:\/\/encompaniastj.org\/pt-pt\/#organization","name":"Compa\u00f1\u00eda de Santa Teresa de Jes\u00fas","url":"https:\/\/encompaniastj.org\/pt-pt\/","logo":{"@type":"ImageObject","inLanguage":"pt-PT","@id":"https:\/\/encompaniastj.org\/pt-pt\/#\/schema\/logo\/image\/","url":"https:\/\/encompaniastj.org\/wp-content\/uploads\/2025\/04\/logo_provincias02-1-3.png","contentUrl":"https:\/\/encompaniastj.org\/wp-content\/uploads\/2025\/04\/logo_provincias02-1-3.png","width":2368,"height":825,"caption":"Compa\u00f1\u00eda de Santa Teresa de Jes\u00fas"},"image":{"@id":"https:\/\/encompaniastj.org\/pt-pt\/#\/schema\/logo\/image\/"}},{"@type":"Person","@id":"https:\/\/encompaniastj.org\/pt-pt\/#\/schema\/person\/520e7ecc314793d40091993c2a02b651","name":"admin","image":{"@type":"ImageObject","inLanguage":"pt-PT","@id":"https:\/\/secure.gravatar.com\/avatar\/948b492cce32b586ac2db0eaa926ee87024f7afe218d73b397ea5ddfc5f43ea1?s=96&d=mm&r=g","url":"https:\/\/secure.gravatar.com\/avatar\/948b492cce32b586ac2db0eaa926ee87024f7afe218d73b397ea5ddfc5f43ea1?s=96&d=mm&r=g","contentUrl":"https:\/\/secure.gravatar.com\/avatar\/948b492cce32b586ac2db0eaa926ee87024f7afe218d73b397ea5ddfc5f43ea1?s=96&d=mm&r=g","caption":"admin"},"sameAs":["https:\/\/encompaniastj.org"],"url":"https:\/\/encompaniastj.org\/pt-pt\/author\/sjdigital\/"}]}},"_links":{"self":[{"href":"https:\/\/encompaniastj.org\/pt-pt\/wp-json\/wp\/v2\/posts\/11144","targetHints":{"allow":["GET"]}}],"collection":[{"href":"https:\/\/encompaniastj.org\/pt-pt\/wp-json\/wp\/v2\/posts"}],"about":[{"href":"https:\/\/encompaniastj.org\/pt-pt\/wp-json\/wp\/v2\/types\/post"}],"author":[{"embeddable":true,"href":"https:\/\/encompaniastj.org\/pt-pt\/wp-json\/wp\/v2\/users\/1"}],"replies":[{"embeddable":true,"href":"https:\/\/encompaniastj.org\/pt-pt\/wp-json\/wp\/v2\/comments?post=11144"}],"version-history":[{"count":1,"href":"https:\/\/encompaniastj.org\/pt-pt\/wp-json\/wp\/v2\/posts\/11144\/revisions"}],"predecessor-version":[{"id":11145,"href":"https:\/\/encompaniastj.org\/pt-pt\/wp-json\/wp\/v2\/posts\/11144\/revisions\/11145"}],"wp:featuredmedia":[{"embeddable":true,"href":"https:\/\/encompaniastj.org\/pt-pt\/wp-json\/wp\/v2\/media\/8028"}],"wp:attachment":[{"href":"https:\/\/encompaniastj.org\/pt-pt\/wp-json\/wp\/v2\/media?parent=11144"}],"wp:term":[{"taxonomy":"category","embeddable":true,"href":"https:\/\/encompaniastj.org\/pt-pt\/wp-json\/wp\/v2\/categories?post=11144"},{"taxonomy":"post_tag","embeddable":true,"href":"https:\/\/encompaniastj.org\/pt-pt\/wp-json\/wp\/v2\/tags?post=11144"}],"curies":[{"name":"wp","href":"https:\/\/api.w.org\/{rel}","templated":true}]}}