{"id":11132,"date":"2022-10-03T11:05:09","date_gmt":"2022-10-03T09:05:09","guid":{"rendered":"https:\/\/encompaniastj.org\/melhor-com-voce\/"},"modified":"2025-07-07T16:23:32","modified_gmt":"2025-07-07T14:23:32","slug":"melhor-com-voce","status":"publish","type":"post","link":"https:\/\/encompaniastj.org\/pt-pt\/melhor-com-voce\/","title":{"rendered":"Melhor com voc\u00ea"},"content":{"rendered":"<p>Ap\u00f3s dois anos sem realizar reuni\u00f5es devido \u00e0 &#8220;pausa for\u00e7ada&#8221; da pandemia encontr\u00e1mo-nos novamente.<\/p>\n<p>O MTA da Espanha, vindos de Madrid, Can\u00e1rias, Salamanca, Valladolid, Huelva, Sevilha, Barcelona, Val\u00eancia, Zaragoza, Tortosa, com o lema MELHOR CONTIGO reunimo-nos no fim de semana de 23 a 25 de setembro.<\/p>\n<p>Foi uma experi\u00eancia de alegria de nos vermos novamente, das novidades, reencontros e aus\u00eancias, sonhos e desejos. Juntos, partilh\u00e1mos o desejo de continuar dando vida ao MTA, ao projeto de Henrique de Oss\u00f3 para todos e ao mesmo tempo \u00e0s Irm\u00e3s a certeza da necessidade de caminhar juntamente com os leigos para formar e oferecer um MTA VIVO.<\/p>\n<p>Um fim de semana cheio de gratid\u00e3o com uma atmosfera imbat\u00edvel. O ambiente e a participa\u00e7\u00e3o foram muito positivos.<\/p>\n<p>A din\u00e2mica come\u00e7ou com uma manh\u00e3 em torno do legado teresiano do &#8220;encontro interior&#8221;, diferentes momentos de ora\u00e7\u00e3o e um recordar de que estamos habitados por ELE.<\/p>\n<p>Em seguida, tr\u00eas oficinas das quais escolhemos duas: comunica\u00e7\u00e3o familiar, intelig\u00eancia emocional e carisma teresiano. Cada um deles foi uma experi\u00eancia vital.<\/p>\n<p>Ao final da tarde celebr\u00e1mos a Eucaristia, \u00e0 qual se juntaram tamb\u00e9m outros membros da Fam\u00edlia Teresiana de Madrid, e \u00e0 noite, pelas 22h00, desfrut\u00e1mos dos cantos de Lu\u00eds Guitarra, que j\u00e1 \u00e9 fiel, pois costumamos a cham\u00e1-lo para os nossos encontros. A m\u00fasica foi tamb\u00e9m um momento de emo\u00e7\u00f5es, mem\u00f3rias e ambiente familiar.<\/p>\n<p>No domingo, finaliz\u00e1mos com o ato do envio exprimindo, como compromisso do encontro, do que queremos ser transpar\u00eancia no nosso pr\u00f3prio ambiente, ao ritmo do sopro do esp\u00edrito que nos levantou das cadeiras para nos movermos.<\/p>\n<p>N\u00e3o faltaram os &#8220;cl\u00e1ssicos dos encontros do MTA&#8221; como os doces t\u00edpicos que trouxemos de cada local e que terminaram &#8220;numa subida de a\u00e7\u00facar&#8221; e a venda\/compra de produtos do MTA (merchandising).<\/p>\n<p>Partimos agradecidos a todos que o organizaram e \u00e0 partilha do grupo. Sa\u00edmos com o compromisso de nos encontrarmos na pr\u00f3xima Assembleia Nacional que ser\u00e1 em \u00c1vila de 10 a 12 de mar\u00e7o.<\/p>\n<p>Merche Ma\u00f1eru. Delegada Nacional MTA<\/p>\n<p><img loading=\"lazy\" decoding=\"async\" class=\"size-medium wp-image-9545 aligncenter\" src=\"https:\/\/encompaniastj.org\/wp-content\/uploads\/2025\/05\/FOTO2-1.jpeg\" alt=\"\" width=\"300\" height=\"225\" \/><\/p>\n<p><img loading=\"lazy\" decoding=\"async\" class=\"size-medium wp-image-9543 aligncenter\" src=\"https:\/\/encompaniastj.org\/wp-content\/uploads\/2025\/05\/IMG-20220925-WA0050.jpg\" alt=\"\" width=\"225\" height=\"300\" \/><\/p>\n","protected":false},"excerpt":{"rendered":"<p>Ap\u00f3s dois anos sem realizar reuni\u00f5es devido \u00e0 &#8220;pausa for\u00e7ada&#8221; da pandemia encontr\u00e1mo-nos novamente. O MTA da Espanha, vindos de Madrid, Can\u00e1rias, Salamanca, Valladolid, Huelva, Sevilha, Barcelona, Val\u00eancia, Zaragoza, Tortosa, [&hellip;]<\/p>\n","protected":false},"author":1,"featured_media":8024,"comment_status":"open","ping_status":"open","sticky":false,"template":"","format":"standard","meta":{"_acf_changed":false,"footnotes":""},"categories":[81],"tags":[],"class_list":["post-11132","post","type-post","status-publish","format-standard","has-post-thumbnail","hentry","category-stj-pt"],"acf":[],"yoast_head":"<!-- This site is optimized with the Yoast SEO plugin v27.5 - https:\/\/yoast.com\/product\/yoast-seo-wordpress\/ -->\n<title>Melhor com voc\u00ea - En Compa\u00f1\u00eda STJ<\/title>\n<meta name=\"robots\" content=\"index, follow, max-snippet:-1, max-image-preview:large, max-video-preview:-1\" \/>\n<link rel=\"canonical\" href=\"https:\/\/encompaniastj.org\/pt-pt\/melhor-com-voce\/\" \/>\n<meta property=\"og:locale\" content=\"pt_PT\" \/>\n<meta property=\"og:type\" content=\"article\" \/>\n<meta property=\"og:title\" content=\"Melhor com voc\u00ea - En Compa\u00f1\u00eda STJ\" \/>\n<meta property=\"og:description\" content=\"Ap\u00f3s dois anos sem realizar reuni\u00f5es devido \u00e0 &#8220;pausa for\u00e7ada&#8221; da pandemia encontr\u00e1mo-nos novamente. O MTA da Espanha, vindos de Madrid, Can\u00e1rias, Salamanca, Valladolid, Huelva, Sevilha, Barcelona, Val\u00eancia, Zaragoza, Tortosa, [&hellip;]\" \/>\n<meta property=\"og:url\" content=\"https:\/\/encompaniastj.org\/pt-pt\/melhor-com-voce\/\" \/>\n<meta property=\"og:site_name\" content=\"En Compa\u00f1\u00eda STJ\" \/>\n<meta property=\"article:published_time\" content=\"2022-10-03T09:05:09+00:00\" \/>\n<meta property=\"article:modified_time\" content=\"2025-07-07T14:23:32+00:00\" \/>\n<meta property=\"og:image\" content=\"https:\/\/encompaniastj.org\/wp-content\/uploads\/2025\/05\/FOTO3-1.jpeg\" \/>\n\t<meta property=\"og:image:width\" content=\"1600\" \/>\n\t<meta property=\"og:image:height\" content=\"1200\" \/>\n\t<meta property=\"og:image:type\" content=\"image\/jpeg\" \/>\n<meta name=\"author\" content=\"admin\" \/>\n<meta name=\"twitter:card\" content=\"summary_large_image\" \/>\n<meta name=\"twitter:label1\" content=\"Escrito por\" \/>\n\t<meta name=\"twitter:data1\" content=\"admin\" \/>\n\t<meta name=\"twitter:label2\" content=\"Tempo estimado de leitura\" \/>\n\t<meta name=\"twitter:data2\" content=\"2 minutos\" \/>\n<script type=\"application\/ld+json\" class=\"yoast-schema-graph\">{\"@context\":\"https:\\\/\\\/schema.org\",\"@graph\":[{\"@type\":\"Article\",\"@id\":\"https:\\\/\\\/encompaniastj.org\\\/pt-pt\\\/melhor-com-voce\\\/#article\",\"isPartOf\":{\"@id\":\"https:\\\/\\\/encompaniastj.org\\\/pt-pt\\\/melhor-com-voce\\\/\"},\"author\":{\"name\":\"admin\",\"@id\":\"https:\\\/\\\/encompaniastj.org\\\/pt-pt\\\/#\\\/schema\\\/person\\\/520e7ecc314793d40091993c2a02b651\"},\"headline\":\"Melhor com voc\u00ea\",\"datePublished\":\"2022-10-03T09:05:09+00:00\",\"dateModified\":\"2025-07-07T14:23:32+00:00\",\"mainEntityOfPage\":{\"@id\":\"https:\\\/\\\/encompaniastj.org\\\/pt-pt\\\/melhor-com-voce\\\/\"},\"wordCount\":369,\"commentCount\":0,\"publisher\":{\"@id\":\"https:\\\/\\\/encompaniastj.org\\\/pt-pt\\\/#organization\"},\"image\":{\"@id\":\"https:\\\/\\\/encompaniastj.org\\\/pt-pt\\\/melhor-com-voce\\\/#primaryimage\"},\"thumbnailUrl\":\"https:\\\/\\\/encompaniastj.org\\\/wp-content\\\/uploads\\\/2025\\\/05\\\/FOTO3-1.jpeg\",\"articleSection\":[\"STJ pt\"],\"inLanguage\":\"pt-PT\",\"potentialAction\":[{\"@type\":\"CommentAction\",\"name\":\"Comment\",\"target\":[\"https:\\\/\\\/encompaniastj.org\\\/pt-pt\\\/melhor-com-voce\\\/#respond\"]}]},{\"@type\":\"WebPage\",\"@id\":\"https:\\\/\\\/encompaniastj.org\\\/pt-pt\\\/melhor-com-voce\\\/\",\"url\":\"https:\\\/\\\/encompaniastj.org\\\/pt-pt\\\/melhor-com-voce\\\/\",\"name\":\"Melhor com voc\u00ea - En Compa\u00f1\u00eda STJ\",\"isPartOf\":{\"@id\":\"https:\\\/\\\/encompaniastj.org\\\/pt-pt\\\/#website\"},\"primaryImageOfPage\":{\"@id\":\"https:\\\/\\\/encompaniastj.org\\\/pt-pt\\\/melhor-com-voce\\\/#primaryimage\"},\"image\":{\"@id\":\"https:\\\/\\\/encompaniastj.org\\\/pt-pt\\\/melhor-com-voce\\\/#primaryimage\"},\"thumbnailUrl\":\"https:\\\/\\\/encompaniastj.org\\\/wp-content\\\/uploads\\\/2025\\\/05\\\/FOTO3-1.jpeg\",\"datePublished\":\"2022-10-03T09:05:09+00:00\",\"dateModified\":\"2025-07-07T14:23:32+00:00\",\"breadcrumb\":{\"@id\":\"https:\\\/\\\/encompaniastj.org\\\/pt-pt\\\/melhor-com-voce\\\/#breadcrumb\"},\"inLanguage\":\"pt-PT\",\"potentialAction\":[{\"@type\":\"ReadAction\",\"target\":[\"https:\\\/\\\/encompaniastj.org\\\/pt-pt\\\/melhor-com-voce\\\/\"]}]},{\"@type\":\"ImageObject\",\"inLanguage\":\"pt-PT\",\"@id\":\"https:\\\/\\\/encompaniastj.org\\\/pt-pt\\\/melhor-com-voce\\\/#primaryimage\",\"url\":\"https:\\\/\\\/encompaniastj.org\\\/wp-content\\\/uploads\\\/2025\\\/05\\\/FOTO3-1.jpeg\",\"contentUrl\":\"https:\\\/\\\/encompaniastj.org\\\/wp-content\\\/uploads\\\/2025\\\/05\\\/FOTO3-1.jpeg\",\"width\":1600,\"height\":1200},{\"@type\":\"BreadcrumbList\",\"@id\":\"https:\\\/\\\/encompaniastj.org\\\/pt-pt\\\/melhor-com-voce\\\/#breadcrumb\",\"itemListElement\":[{\"@type\":\"ListItem\",\"position\":1,\"name\":\"Portada\",\"item\":\"https:\\\/\\\/encompaniastj.org\\\/pt-pt\\\/\"},{\"@type\":\"ListItem\",\"position\":2,\"name\":\"Melhor com voc\u00ea\"}]},{\"@type\":\"WebSite\",\"@id\":\"https:\\\/\\\/encompaniastj.org\\\/pt-pt\\\/#website\",\"url\":\"https:\\\/\\\/encompaniastj.org\\\/pt-pt\\\/\",\"name\":\"En Compa\u00f1\u00eda STJ\",\"description\":\"Bolet\u00edn de la Compa\u00f1\u00eda de Santa Teresa de Jes\u00fas\",\"publisher\":{\"@id\":\"https:\\\/\\\/encompaniastj.org\\\/pt-pt\\\/#organization\"},\"potentialAction\":[{\"@type\":\"SearchAction\",\"target\":{\"@type\":\"EntryPoint\",\"urlTemplate\":\"https:\\\/\\\/encompaniastj.org\\\/pt-pt\\\/?s={search_term_string}\"},\"query-input\":{\"@type\":\"PropertyValueSpecification\",\"valueRequired\":true,\"valueName\":\"search_term_string\"}}],\"inLanguage\":\"pt-PT\"},{\"@type\":\"Organization\",\"@id\":\"https:\\\/\\\/encompaniastj.org\\\/pt-pt\\\/#organization\",\"name\":\"Compa\u00f1\u00eda de Santa Teresa de Jes\u00fas\",\"url\":\"https:\\\/\\\/encompaniastj.org\\\/pt-pt\\\/\",\"logo\":{\"@type\":\"ImageObject\",\"inLanguage\":\"pt-PT\",\"@id\":\"https:\\\/\\\/encompaniastj.org\\\/pt-pt\\\/#\\\/schema\\\/logo\\\/image\\\/\",\"url\":\"https:\\\/\\\/encompaniastj.org\\\/wp-content\\\/uploads\\\/2025\\\/04\\\/logo_provincias02-1-3.png\",\"contentUrl\":\"https:\\\/\\\/encompaniastj.org\\\/wp-content\\\/uploads\\\/2025\\\/04\\\/logo_provincias02-1-3.png\",\"width\":2368,\"height\":825,\"caption\":\"Compa\u00f1\u00eda de Santa Teresa de Jes\u00fas\"},\"image\":{\"@id\":\"https:\\\/\\\/encompaniastj.org\\\/pt-pt\\\/#\\\/schema\\\/logo\\\/image\\\/\"}},{\"@type\":\"Person\",\"@id\":\"https:\\\/\\\/encompaniastj.org\\\/pt-pt\\\/#\\\/schema\\\/person\\\/520e7ecc314793d40091993c2a02b651\",\"name\":\"admin\",\"image\":{\"@type\":\"ImageObject\",\"inLanguage\":\"pt-PT\",\"@id\":\"https:\\\/\\\/secure.gravatar.com\\\/avatar\\\/948b492cce32b586ac2db0eaa926ee87024f7afe218d73b397ea5ddfc5f43ea1?s=96&d=mm&r=g\",\"url\":\"https:\\\/\\\/secure.gravatar.com\\\/avatar\\\/948b492cce32b586ac2db0eaa926ee87024f7afe218d73b397ea5ddfc5f43ea1?s=96&d=mm&r=g\",\"contentUrl\":\"https:\\\/\\\/secure.gravatar.com\\\/avatar\\\/948b492cce32b586ac2db0eaa926ee87024f7afe218d73b397ea5ddfc5f43ea1?s=96&d=mm&r=g\",\"caption\":\"admin\"},\"sameAs\":[\"https:\\\/\\\/encompaniastj.org\"],\"url\":\"https:\\\/\\\/encompaniastj.org\\\/pt-pt\\\/author\\\/sjdigital\\\/\"}]}<\/script>\n<!-- \/ Yoast SEO plugin. -->","yoast_head_json":{"title":"Melhor com voc\u00ea - En Compa\u00f1\u00eda STJ","robots":{"index":"index","follow":"follow","max-snippet":"max-snippet:-1","max-image-preview":"max-image-preview:large","max-video-preview":"max-video-preview:-1"},"canonical":"https:\/\/encompaniastj.org\/pt-pt\/melhor-com-voce\/","og_locale":"pt_PT","og_type":"article","og_title":"Melhor com voc\u00ea - En Compa\u00f1\u00eda STJ","og_description":"Ap\u00f3s dois anos sem realizar reuni\u00f5es devido \u00e0 &#8220;pausa for\u00e7ada&#8221; da pandemia encontr\u00e1mo-nos novamente. O MTA da Espanha, vindos de Madrid, Can\u00e1rias, Salamanca, Valladolid, Huelva, Sevilha, Barcelona, Val\u00eancia, Zaragoza, Tortosa, [&hellip;]","og_url":"https:\/\/encompaniastj.org\/pt-pt\/melhor-com-voce\/","og_site_name":"En Compa\u00f1\u00eda STJ","article_published_time":"2022-10-03T09:05:09+00:00","article_modified_time":"2025-07-07T14:23:32+00:00","og_image":[{"width":1600,"height":1200,"url":"https:\/\/encompaniastj.org\/wp-content\/uploads\/2025\/05\/FOTO3-1.jpeg","type":"image\/jpeg"}],"author":"admin","twitter_card":"summary_large_image","twitter_misc":{"Escrito por":"admin","Tempo estimado de leitura":"2 minutos"},"schema":{"@context":"https:\/\/schema.org","@graph":[{"@type":"Article","@id":"https:\/\/encompaniastj.org\/pt-pt\/melhor-com-voce\/#article","isPartOf":{"@id":"https:\/\/encompaniastj.org\/pt-pt\/melhor-com-voce\/"},"author":{"name":"admin","@id":"https:\/\/encompaniastj.org\/pt-pt\/#\/schema\/person\/520e7ecc314793d40091993c2a02b651"},"headline":"Melhor com voc\u00ea","datePublished":"2022-10-03T09:05:09+00:00","dateModified":"2025-07-07T14:23:32+00:00","mainEntityOfPage":{"@id":"https:\/\/encompaniastj.org\/pt-pt\/melhor-com-voce\/"},"wordCount":369,"commentCount":0,"publisher":{"@id":"https:\/\/encompaniastj.org\/pt-pt\/#organization"},"image":{"@id":"https:\/\/encompaniastj.org\/pt-pt\/melhor-com-voce\/#primaryimage"},"thumbnailUrl":"https:\/\/encompaniastj.org\/wp-content\/uploads\/2025\/05\/FOTO3-1.jpeg","articleSection":["STJ pt"],"inLanguage":"pt-PT","potentialAction":[{"@type":"CommentAction","name":"Comment","target":["https:\/\/encompaniastj.org\/pt-pt\/melhor-com-voce\/#respond"]}]},{"@type":"WebPage","@id":"https:\/\/encompaniastj.org\/pt-pt\/melhor-com-voce\/","url":"https:\/\/encompaniastj.org\/pt-pt\/melhor-com-voce\/","name":"Melhor com voc\u00ea - En Compa\u00f1\u00eda STJ","isPartOf":{"@id":"https:\/\/encompaniastj.org\/pt-pt\/#website"},"primaryImageOfPage":{"@id":"https:\/\/encompaniastj.org\/pt-pt\/melhor-com-voce\/#primaryimage"},"image":{"@id":"https:\/\/encompaniastj.org\/pt-pt\/melhor-com-voce\/#primaryimage"},"thumbnailUrl":"https:\/\/encompaniastj.org\/wp-content\/uploads\/2025\/05\/FOTO3-1.jpeg","datePublished":"2022-10-03T09:05:09+00:00","dateModified":"2025-07-07T14:23:32+00:00","breadcrumb":{"@id":"https:\/\/encompaniastj.org\/pt-pt\/melhor-com-voce\/#breadcrumb"},"inLanguage":"pt-PT","potentialAction":[{"@type":"ReadAction","target":["https:\/\/encompaniastj.org\/pt-pt\/melhor-com-voce\/"]}]},{"@type":"ImageObject","inLanguage":"pt-PT","@id":"https:\/\/encompaniastj.org\/pt-pt\/melhor-com-voce\/#primaryimage","url":"https:\/\/encompaniastj.org\/wp-content\/uploads\/2025\/05\/FOTO3-1.jpeg","contentUrl":"https:\/\/encompaniastj.org\/wp-content\/uploads\/2025\/05\/FOTO3-1.jpeg","width":1600,"height":1200},{"@type":"BreadcrumbList","@id":"https:\/\/encompaniastj.org\/pt-pt\/melhor-com-voce\/#breadcrumb","itemListElement":[{"@type":"ListItem","position":1,"name":"Portada","item":"https:\/\/encompaniastj.org\/pt-pt\/"},{"@type":"ListItem","position":2,"name":"Melhor com voc\u00ea"}]},{"@type":"WebSite","@id":"https:\/\/encompaniastj.org\/pt-pt\/#website","url":"https:\/\/encompaniastj.org\/pt-pt\/","name":"En Compa\u00f1\u00eda STJ","description":"Bolet\u00edn de la Compa\u00f1\u00eda de Santa Teresa de Jes\u00fas","publisher":{"@id":"https:\/\/encompaniastj.org\/pt-pt\/#organization"},"potentialAction":[{"@type":"SearchAction","target":{"@type":"EntryPoint","urlTemplate":"https:\/\/encompaniastj.org\/pt-pt\/?s={search_term_string}"},"query-input":{"@type":"PropertyValueSpecification","valueRequired":true,"valueName":"search_term_string"}}],"inLanguage":"pt-PT"},{"@type":"Organization","@id":"https:\/\/encompaniastj.org\/pt-pt\/#organization","name":"Compa\u00f1\u00eda de Santa Teresa de Jes\u00fas","url":"https:\/\/encompaniastj.org\/pt-pt\/","logo":{"@type":"ImageObject","inLanguage":"pt-PT","@id":"https:\/\/encompaniastj.org\/pt-pt\/#\/schema\/logo\/image\/","url":"https:\/\/encompaniastj.org\/wp-content\/uploads\/2025\/04\/logo_provincias02-1-3.png","contentUrl":"https:\/\/encompaniastj.org\/wp-content\/uploads\/2025\/04\/logo_provincias02-1-3.png","width":2368,"height":825,"caption":"Compa\u00f1\u00eda de Santa Teresa de Jes\u00fas"},"image":{"@id":"https:\/\/encompaniastj.org\/pt-pt\/#\/schema\/logo\/image\/"}},{"@type":"Person","@id":"https:\/\/encompaniastj.org\/pt-pt\/#\/schema\/person\/520e7ecc314793d40091993c2a02b651","name":"admin","image":{"@type":"ImageObject","inLanguage":"pt-PT","@id":"https:\/\/secure.gravatar.com\/avatar\/948b492cce32b586ac2db0eaa926ee87024f7afe218d73b397ea5ddfc5f43ea1?s=96&d=mm&r=g","url":"https:\/\/secure.gravatar.com\/avatar\/948b492cce32b586ac2db0eaa926ee87024f7afe218d73b397ea5ddfc5f43ea1?s=96&d=mm&r=g","contentUrl":"https:\/\/secure.gravatar.com\/avatar\/948b492cce32b586ac2db0eaa926ee87024f7afe218d73b397ea5ddfc5f43ea1?s=96&d=mm&r=g","caption":"admin"},"sameAs":["https:\/\/encompaniastj.org"],"url":"https:\/\/encompaniastj.org\/pt-pt\/author\/sjdigital\/"}]}},"_links":{"self":[{"href":"https:\/\/encompaniastj.org\/pt-pt\/wp-json\/wp\/v2\/posts\/11132","targetHints":{"allow":["GET"]}}],"collection":[{"href":"https:\/\/encompaniastj.org\/pt-pt\/wp-json\/wp\/v2\/posts"}],"about":[{"href":"https:\/\/encompaniastj.org\/pt-pt\/wp-json\/wp\/v2\/types\/post"}],"author":[{"embeddable":true,"href":"https:\/\/encompaniastj.org\/pt-pt\/wp-json\/wp\/v2\/users\/1"}],"replies":[{"embeddable":true,"href":"https:\/\/encompaniastj.org\/pt-pt\/wp-json\/wp\/v2\/comments?post=11132"}],"version-history":[{"count":1,"href":"https:\/\/encompaniastj.org\/pt-pt\/wp-json\/wp\/v2\/posts\/11132\/revisions"}],"predecessor-version":[{"id":11133,"href":"https:\/\/encompaniastj.org\/pt-pt\/wp-json\/wp\/v2\/posts\/11132\/revisions\/11133"}],"wp:featuredmedia":[{"embeddable":true,"href":"https:\/\/encompaniastj.org\/pt-pt\/wp-json\/wp\/v2\/media\/8024"}],"wp:attachment":[{"href":"https:\/\/encompaniastj.org\/pt-pt\/wp-json\/wp\/v2\/media?parent=11132"}],"wp:term":[{"taxonomy":"category","embeddable":true,"href":"https:\/\/encompaniastj.org\/pt-pt\/wp-json\/wp\/v2\/categories?post=11132"},{"taxonomy":"post_tag","embeddable":true,"href":"https:\/\/encompaniastj.org\/pt-pt\/wp-json\/wp\/v2\/tags?post=11132"}],"curies":[{"name":"wp","href":"https:\/\/api.w.org\/{rel}","templated":true}]}}