{"id":11128,"date":"2022-10-03T10:35:42","date_gmt":"2022-10-03T08:35:42","guid":{"rendered":"https:\/\/encompaniastj.org\/festa-de-mora\/"},"modified":"2025-07-07T16:23:30","modified_gmt":"2025-07-07T14:23:30","slug":"festa-de-mora","status":"publish","type":"post","link":"https:\/\/encompaniastj.org\/pt-pt\/festa-de-mora\/","title":{"rendered":"FESTA DE MORA"},"content":{"rendered":"<p>Mora, localizada num enclave privilegiado, no cora\u00e7\u00e3o da terra de La Mancha, \u00e9 um <strong>&#8220;mar de oliveiras&#8221;,<\/strong> como gostam de chamar \u00e0s paisagens que podem ser alcan\u00e7adas da colina da Ermida de La Virgem ou do Castelo de Pe\u00f1as Negras, no horizonte, e protege seus habitantes. N\u00e3o \u00e9 em v\u00e3o que o Azeite Virgem Extra \u00e9 o seu produto mais representativo.<\/p>\n<p>Da plan\u00edcie da vila cercam-na as suas ricas vinhas, que fazem as del\u00edcias das festas e as suas amendoeiras que ado\u00e7am a melhor sele\u00e7\u00e3o de amarguitos, pasta de am\u00eandoa, ma\u00e7ap\u00e3o local, torr\u00e3o&#8230;<\/p>\n<p>O religioso e o popular est\u00e3o intimamente ligados nesta terra de homens lutadores e acolhedores, onde existe a vida que transmitem e com todo o que possuem.<\/p>\n<p>Antes do in\u00edcio oficial do ano escolar, no in\u00edcio de setembro, a Romaria &#8220;Nuestra Se\u00f1ora de la Antigua&#8221; \u00e9 uma explos\u00e3o de presen\u00e7a com os filhos de Mora. Precedida da novena solene na igreja paroquial, culmina no \u00faltimo dia na colina elevada da sua ermida dedicada \u00e0 Virgem.<\/p>\n<p>N\u00e3o s\u00f3 dan\u00e7as de todas as idades acontecem. Os morachos enfeitados para dan\u00e7ar e cantar das diversas irmandades, grupos, homenageiam a sua Virgem. No final do encontro, juntamente com as irmandades, grupos de a\u00e7\u00e3o social.\u2026 as irm\u00e3s teresianas, em nome do Col\u00e9gio e da Comunidade, levamos a nossa oferenda de flores aos p\u00e9s de Maria.<\/p>\n<p>Depois de alguns dias de descanso, na noite do dia 14, a \u201cp\u00f3lvora\u201d, como aqui chamam ao lan\u00e7amento de fogo de artif\u00edcio, anuncia o in\u00edcio de uma semana de festas em grande estilo. Prociss\u00e3o de Cristo, dan\u00e7as regionais com grupos de Alicante, Ast\u00farias e como n\u00e3o de La Mancha. Teatro di\u00e1rio de diferentes companhias, passeio dramatizado pelo povo, \u201cdianas\u201d que de manh\u00e3 cedo percorrem as ruas da vila com a sua Banda Municipal, cavalos, espet\u00e1culo equestre, dan\u00e7a de cavalos trazidos da Andaluzia, concerto&#8230; e iguarias a degustar e recriar, nos v\u00e1rios bares e bancas de praia, em redor da C\u00e2mara Municipal.<\/p>\n<p>As Irm\u00e3s, em diferentes grupos, fazemo-nos presentes em quase todas as atividades programadas, dan\u00e7as regionais com grupos de Alicante, Ast\u00farias e, claro, grupos famosos de morachos locais.<\/p>\n<p>No dia 25, em peregrina\u00e7\u00e3o, desde a ermida, trazem a Virgem at\u00e9 \u00e0 entrada do povo onde sai a receb\u00ea-la o Cristo da Vera Cruz que juntamente a Santa Ana acompanham a Maria, com as suas grandes orquestras, at\u00e9 \u00e0 Igreja onde permanecer\u00e1 todo o m\u00eas.<\/p>\n<p>N\u00e3o podemos deixar a arte mais significativa, presente, no cora\u00e7\u00e3o do povo: o Col\u00e9gio \u201cdas freiras\u201d, das \u201cTeresianas\u201d como carinhosamente nos identificam, a C\u00e2mara Municipal de estilo neo-mud\u00e9jar, o \u00f3leo \u201cFelipe Vegue\u201d museu\u2026 e tantos outros, mais do que encantam quem vem visitar a sua riqueza cultural.<\/p>\n<p>E finalmente a &#8220;Festa da Oliveira&#8221;, declarada de interesse tur\u00edstico regional, no \u00faltimo domingo de abril, uma homenagem aos seus agricultores com os seus carros aleg\u00f3ricos e desfiles.<\/p>\n<p>At\u00e9 aqui, uma degusta\u00e7\u00e3o em palavras, de uma festa que come\u00e7a e continua. Se quiser descobrir as suas riquezas, \u00e9 s\u00f3 vir e conferir. A porta est\u00e1 sempre aberta.<\/p>\n<p><img loading=\"lazy\" decoding=\"async\" class=\"alignnone size-medium wp-image-9530\" src=\"https:\/\/encompaniastj.org\/wp-content\/uploads\/2025\/05\/foto3-scaled.jpg\" alt=\"\" width=\"300\" height=\"300\" \/><\/p>\n<p><img loading=\"lazy\" decoding=\"async\" class=\"alignnone size-medium wp-image-9528\" src=\"https:\/\/encompaniastj.org\/wp-content\/uploads\/2025\/05\/foto2-1.jpg\" alt=\"\" width=\"253\" height=\"300\" \/><\/p>\n<p><img loading=\"lazy\" decoding=\"async\" class=\"alignnone size-medium wp-image-9526\" src=\"https:\/\/encompaniastj.org\/wp-content\/uploads\/2025\/05\/foto1-3-scaled.jpg\" alt=\"\" width=\"300\" height=\"142\" \/><\/p>\n","protected":false},"excerpt":{"rendered":"<p>Mora, localizada num enclave privilegiado, no cora\u00e7\u00e3o da terra de La Mancha, \u00e9 um &#8220;mar de oliveiras&#8221;, como gostam de chamar \u00e0s paisagens que podem ser alcan\u00e7adas da colina da [&hellip;]<\/p>\n","protected":false},"author":1,"featured_media":8018,"comment_status":"open","ping_status":"open","sticky":false,"template":"","format":"standard","meta":{"_acf_changed":false,"footnotes":""},"categories":[61,68],"tags":[],"class_list":["post-11128","post","type-post","status-publish","format-standard","has-post-thumbnail","hentry","category-noticias","category-outras"],"acf":[],"yoast_head":"<!-- This site is optimized with the Yoast SEO plugin v27.5 - https:\/\/yoast.com\/product\/yoast-seo-wordpress\/ -->\n<title>FESTA DE MORA - En Compa\u00f1\u00eda STJ<\/title>\n<meta name=\"robots\" content=\"index, follow, max-snippet:-1, max-image-preview:large, max-video-preview:-1\" \/>\n<link rel=\"canonical\" href=\"https:\/\/encompaniastj.org\/pt-pt\/festa-de-mora\/\" \/>\n<meta property=\"og:locale\" content=\"pt_PT\" \/>\n<meta property=\"og:type\" content=\"article\" \/>\n<meta property=\"og:title\" content=\"FESTA DE MORA - En Compa\u00f1\u00eda STJ\" \/>\n<meta property=\"og:description\" content=\"Mora, localizada num enclave privilegiado, no cora\u00e7\u00e3o da terra de La Mancha, \u00e9 um &#8220;mar de oliveiras&#8221;, como gostam de chamar \u00e0s paisagens que podem ser alcan\u00e7adas da colina da [&hellip;]\" \/>\n<meta property=\"og:url\" content=\"https:\/\/encompaniastj.org\/pt-pt\/festa-de-mora\/\" \/>\n<meta property=\"og:site_name\" content=\"En Compa\u00f1\u00eda STJ\" \/>\n<meta property=\"article:published_time\" content=\"2022-10-03T08:35:42+00:00\" \/>\n<meta property=\"article:modified_time\" content=\"2025-07-07T14:23:30+00:00\" \/>\n<meta property=\"og:image\" content=\"https:\/\/encompaniastj.org\/wp-content\/uploads\/2025\/05\/foto4-1.jpg\" \/>\n\t<meta property=\"og:image:width\" content=\"1600\" \/>\n\t<meta property=\"og:image:height\" content=\"1200\" \/>\n\t<meta property=\"og:image:type\" content=\"image\/jpeg\" \/>\n<meta name=\"author\" content=\"admin\" \/>\n<meta name=\"twitter:card\" content=\"summary_large_image\" \/>\n<meta name=\"twitter:label1\" content=\"Escrito por\" \/>\n\t<meta name=\"twitter:data1\" content=\"admin\" \/>\n\t<meta name=\"twitter:label2\" content=\"Tempo estimado de leitura\" \/>\n\t<meta name=\"twitter:data2\" content=\"3 minutos\" \/>\n<script type=\"application\/ld+json\" class=\"yoast-schema-graph\">{\"@context\":\"https:\\\/\\\/schema.org\",\"@graph\":[{\"@type\":\"Article\",\"@id\":\"https:\\\/\\\/encompaniastj.org\\\/pt-pt\\\/festa-de-mora\\\/#article\",\"isPartOf\":{\"@id\":\"https:\\\/\\\/encompaniastj.org\\\/pt-pt\\\/festa-de-mora\\\/\"},\"author\":{\"name\":\"admin\",\"@id\":\"https:\\\/\\\/encompaniastj.org\\\/pt-pt\\\/#\\\/schema\\\/person\\\/520e7ecc314793d40091993c2a02b651\"},\"headline\":\"FESTA DE MORA\",\"datePublished\":\"2022-10-03T08:35:42+00:00\",\"dateModified\":\"2025-07-07T14:23:30+00:00\",\"mainEntityOfPage\":{\"@id\":\"https:\\\/\\\/encompaniastj.org\\\/pt-pt\\\/festa-de-mora\\\/\"},\"wordCount\":548,\"commentCount\":0,\"publisher\":{\"@id\":\"https:\\\/\\\/encompaniastj.org\\\/pt-pt\\\/#organization\"},\"image\":{\"@id\":\"https:\\\/\\\/encompaniastj.org\\\/pt-pt\\\/festa-de-mora\\\/#primaryimage\"},\"thumbnailUrl\":\"https:\\\/\\\/encompaniastj.org\\\/wp-content\\\/uploads\\\/2025\\\/05\\\/foto4-1.jpg\",\"articleSection\":[\"Noticias\",\"Outras\"],\"inLanguage\":\"pt-PT\",\"potentialAction\":[{\"@type\":\"CommentAction\",\"name\":\"Comment\",\"target\":[\"https:\\\/\\\/encompaniastj.org\\\/pt-pt\\\/festa-de-mora\\\/#respond\"]}]},{\"@type\":\"WebPage\",\"@id\":\"https:\\\/\\\/encompaniastj.org\\\/pt-pt\\\/festa-de-mora\\\/\",\"url\":\"https:\\\/\\\/encompaniastj.org\\\/pt-pt\\\/festa-de-mora\\\/\",\"name\":\"FESTA DE MORA - En Compa\u00f1\u00eda STJ\",\"isPartOf\":{\"@id\":\"https:\\\/\\\/encompaniastj.org\\\/pt-pt\\\/#website\"},\"primaryImageOfPage\":{\"@id\":\"https:\\\/\\\/encompaniastj.org\\\/pt-pt\\\/festa-de-mora\\\/#primaryimage\"},\"image\":{\"@id\":\"https:\\\/\\\/encompaniastj.org\\\/pt-pt\\\/festa-de-mora\\\/#primaryimage\"},\"thumbnailUrl\":\"https:\\\/\\\/encompaniastj.org\\\/wp-content\\\/uploads\\\/2025\\\/05\\\/foto4-1.jpg\",\"datePublished\":\"2022-10-03T08:35:42+00:00\",\"dateModified\":\"2025-07-07T14:23:30+00:00\",\"breadcrumb\":{\"@id\":\"https:\\\/\\\/encompaniastj.org\\\/pt-pt\\\/festa-de-mora\\\/#breadcrumb\"},\"inLanguage\":\"pt-PT\",\"potentialAction\":[{\"@type\":\"ReadAction\",\"target\":[\"https:\\\/\\\/encompaniastj.org\\\/pt-pt\\\/festa-de-mora\\\/\"]}]},{\"@type\":\"ImageObject\",\"inLanguage\":\"pt-PT\",\"@id\":\"https:\\\/\\\/encompaniastj.org\\\/pt-pt\\\/festa-de-mora\\\/#primaryimage\",\"url\":\"https:\\\/\\\/encompaniastj.org\\\/wp-content\\\/uploads\\\/2025\\\/05\\\/foto4-1.jpg\",\"contentUrl\":\"https:\\\/\\\/encompaniastj.org\\\/wp-content\\\/uploads\\\/2025\\\/05\\\/foto4-1.jpg\",\"width\":1600,\"height\":1200},{\"@type\":\"BreadcrumbList\",\"@id\":\"https:\\\/\\\/encompaniastj.org\\\/pt-pt\\\/festa-de-mora\\\/#breadcrumb\",\"itemListElement\":[{\"@type\":\"ListItem\",\"position\":1,\"name\":\"Portada\",\"item\":\"https:\\\/\\\/encompaniastj.org\\\/pt-pt\\\/\"},{\"@type\":\"ListItem\",\"position\":2,\"name\":\"FESTA DE MORA\"}]},{\"@type\":\"WebSite\",\"@id\":\"https:\\\/\\\/encompaniastj.org\\\/pt-pt\\\/#website\",\"url\":\"https:\\\/\\\/encompaniastj.org\\\/pt-pt\\\/\",\"name\":\"En Compa\u00f1\u00eda STJ\",\"description\":\"Bolet\u00edn de la Compa\u00f1\u00eda de Santa Teresa de Jes\u00fas\",\"publisher\":{\"@id\":\"https:\\\/\\\/encompaniastj.org\\\/pt-pt\\\/#organization\"},\"potentialAction\":[{\"@type\":\"SearchAction\",\"target\":{\"@type\":\"EntryPoint\",\"urlTemplate\":\"https:\\\/\\\/encompaniastj.org\\\/pt-pt\\\/?s={search_term_string}\"},\"query-input\":{\"@type\":\"PropertyValueSpecification\",\"valueRequired\":true,\"valueName\":\"search_term_string\"}}],\"inLanguage\":\"pt-PT\"},{\"@type\":\"Organization\",\"@id\":\"https:\\\/\\\/encompaniastj.org\\\/pt-pt\\\/#organization\",\"name\":\"Compa\u00f1\u00eda de Santa Teresa de Jes\u00fas\",\"url\":\"https:\\\/\\\/encompaniastj.org\\\/pt-pt\\\/\",\"logo\":{\"@type\":\"ImageObject\",\"inLanguage\":\"pt-PT\",\"@id\":\"https:\\\/\\\/encompaniastj.org\\\/pt-pt\\\/#\\\/schema\\\/logo\\\/image\\\/\",\"url\":\"https:\\\/\\\/encompaniastj.org\\\/wp-content\\\/uploads\\\/2025\\\/04\\\/logo_provincias02-1-3.png\",\"contentUrl\":\"https:\\\/\\\/encompaniastj.org\\\/wp-content\\\/uploads\\\/2025\\\/04\\\/logo_provincias02-1-3.png\",\"width\":2368,\"height\":825,\"caption\":\"Compa\u00f1\u00eda de Santa Teresa de Jes\u00fas\"},\"image\":{\"@id\":\"https:\\\/\\\/encompaniastj.org\\\/pt-pt\\\/#\\\/schema\\\/logo\\\/image\\\/\"}},{\"@type\":\"Person\",\"@id\":\"https:\\\/\\\/encompaniastj.org\\\/pt-pt\\\/#\\\/schema\\\/person\\\/520e7ecc314793d40091993c2a02b651\",\"name\":\"admin\",\"image\":{\"@type\":\"ImageObject\",\"inLanguage\":\"pt-PT\",\"@id\":\"https:\\\/\\\/secure.gravatar.com\\\/avatar\\\/948b492cce32b586ac2db0eaa926ee87024f7afe218d73b397ea5ddfc5f43ea1?s=96&d=mm&r=g\",\"url\":\"https:\\\/\\\/secure.gravatar.com\\\/avatar\\\/948b492cce32b586ac2db0eaa926ee87024f7afe218d73b397ea5ddfc5f43ea1?s=96&d=mm&r=g\",\"contentUrl\":\"https:\\\/\\\/secure.gravatar.com\\\/avatar\\\/948b492cce32b586ac2db0eaa926ee87024f7afe218d73b397ea5ddfc5f43ea1?s=96&d=mm&r=g\",\"caption\":\"admin\"},\"sameAs\":[\"https:\\\/\\\/encompaniastj.org\"],\"url\":\"https:\\\/\\\/encompaniastj.org\\\/pt-pt\\\/author\\\/sjdigital\\\/\"}]}<\/script>\n<!-- \/ Yoast SEO plugin. -->","yoast_head_json":{"title":"FESTA DE MORA - En Compa\u00f1\u00eda STJ","robots":{"index":"index","follow":"follow","max-snippet":"max-snippet:-1","max-image-preview":"max-image-preview:large","max-video-preview":"max-video-preview:-1"},"canonical":"https:\/\/encompaniastj.org\/pt-pt\/festa-de-mora\/","og_locale":"pt_PT","og_type":"article","og_title":"FESTA DE MORA - En Compa\u00f1\u00eda STJ","og_description":"Mora, localizada num enclave privilegiado, no cora\u00e7\u00e3o da terra de La Mancha, \u00e9 um &#8220;mar de oliveiras&#8221;, como gostam de chamar \u00e0s paisagens que podem ser alcan\u00e7adas da colina da [&hellip;]","og_url":"https:\/\/encompaniastj.org\/pt-pt\/festa-de-mora\/","og_site_name":"En Compa\u00f1\u00eda STJ","article_published_time":"2022-10-03T08:35:42+00:00","article_modified_time":"2025-07-07T14:23:30+00:00","og_image":[{"width":1600,"height":1200,"url":"https:\/\/encompaniastj.org\/wp-content\/uploads\/2025\/05\/foto4-1.jpg","type":"image\/jpeg"}],"author":"admin","twitter_card":"summary_large_image","twitter_misc":{"Escrito por":"admin","Tempo estimado de leitura":"3 minutos"},"schema":{"@context":"https:\/\/schema.org","@graph":[{"@type":"Article","@id":"https:\/\/encompaniastj.org\/pt-pt\/festa-de-mora\/#article","isPartOf":{"@id":"https:\/\/encompaniastj.org\/pt-pt\/festa-de-mora\/"},"author":{"name":"admin","@id":"https:\/\/encompaniastj.org\/pt-pt\/#\/schema\/person\/520e7ecc314793d40091993c2a02b651"},"headline":"FESTA DE MORA","datePublished":"2022-10-03T08:35:42+00:00","dateModified":"2025-07-07T14:23:30+00:00","mainEntityOfPage":{"@id":"https:\/\/encompaniastj.org\/pt-pt\/festa-de-mora\/"},"wordCount":548,"commentCount":0,"publisher":{"@id":"https:\/\/encompaniastj.org\/pt-pt\/#organization"},"image":{"@id":"https:\/\/encompaniastj.org\/pt-pt\/festa-de-mora\/#primaryimage"},"thumbnailUrl":"https:\/\/encompaniastj.org\/wp-content\/uploads\/2025\/05\/foto4-1.jpg","articleSection":["Noticias","Outras"],"inLanguage":"pt-PT","potentialAction":[{"@type":"CommentAction","name":"Comment","target":["https:\/\/encompaniastj.org\/pt-pt\/festa-de-mora\/#respond"]}]},{"@type":"WebPage","@id":"https:\/\/encompaniastj.org\/pt-pt\/festa-de-mora\/","url":"https:\/\/encompaniastj.org\/pt-pt\/festa-de-mora\/","name":"FESTA DE MORA - En Compa\u00f1\u00eda STJ","isPartOf":{"@id":"https:\/\/encompaniastj.org\/pt-pt\/#website"},"primaryImageOfPage":{"@id":"https:\/\/encompaniastj.org\/pt-pt\/festa-de-mora\/#primaryimage"},"image":{"@id":"https:\/\/encompaniastj.org\/pt-pt\/festa-de-mora\/#primaryimage"},"thumbnailUrl":"https:\/\/encompaniastj.org\/wp-content\/uploads\/2025\/05\/foto4-1.jpg","datePublished":"2022-10-03T08:35:42+00:00","dateModified":"2025-07-07T14:23:30+00:00","breadcrumb":{"@id":"https:\/\/encompaniastj.org\/pt-pt\/festa-de-mora\/#breadcrumb"},"inLanguage":"pt-PT","potentialAction":[{"@type":"ReadAction","target":["https:\/\/encompaniastj.org\/pt-pt\/festa-de-mora\/"]}]},{"@type":"ImageObject","inLanguage":"pt-PT","@id":"https:\/\/encompaniastj.org\/pt-pt\/festa-de-mora\/#primaryimage","url":"https:\/\/encompaniastj.org\/wp-content\/uploads\/2025\/05\/foto4-1.jpg","contentUrl":"https:\/\/encompaniastj.org\/wp-content\/uploads\/2025\/05\/foto4-1.jpg","width":1600,"height":1200},{"@type":"BreadcrumbList","@id":"https:\/\/encompaniastj.org\/pt-pt\/festa-de-mora\/#breadcrumb","itemListElement":[{"@type":"ListItem","position":1,"name":"Portada","item":"https:\/\/encompaniastj.org\/pt-pt\/"},{"@type":"ListItem","position":2,"name":"FESTA DE MORA"}]},{"@type":"WebSite","@id":"https:\/\/encompaniastj.org\/pt-pt\/#website","url":"https:\/\/encompaniastj.org\/pt-pt\/","name":"En Compa\u00f1\u00eda STJ","description":"Bolet\u00edn de la Compa\u00f1\u00eda de Santa Teresa de Jes\u00fas","publisher":{"@id":"https:\/\/encompaniastj.org\/pt-pt\/#organization"},"potentialAction":[{"@type":"SearchAction","target":{"@type":"EntryPoint","urlTemplate":"https:\/\/encompaniastj.org\/pt-pt\/?s={search_term_string}"},"query-input":{"@type":"PropertyValueSpecification","valueRequired":true,"valueName":"search_term_string"}}],"inLanguage":"pt-PT"},{"@type":"Organization","@id":"https:\/\/encompaniastj.org\/pt-pt\/#organization","name":"Compa\u00f1\u00eda de Santa Teresa de Jes\u00fas","url":"https:\/\/encompaniastj.org\/pt-pt\/","logo":{"@type":"ImageObject","inLanguage":"pt-PT","@id":"https:\/\/encompaniastj.org\/pt-pt\/#\/schema\/logo\/image\/","url":"https:\/\/encompaniastj.org\/wp-content\/uploads\/2025\/04\/logo_provincias02-1-3.png","contentUrl":"https:\/\/encompaniastj.org\/wp-content\/uploads\/2025\/04\/logo_provincias02-1-3.png","width":2368,"height":825,"caption":"Compa\u00f1\u00eda de Santa Teresa de Jes\u00fas"},"image":{"@id":"https:\/\/encompaniastj.org\/pt-pt\/#\/schema\/logo\/image\/"}},{"@type":"Person","@id":"https:\/\/encompaniastj.org\/pt-pt\/#\/schema\/person\/520e7ecc314793d40091993c2a02b651","name":"admin","image":{"@type":"ImageObject","inLanguage":"pt-PT","@id":"https:\/\/secure.gravatar.com\/avatar\/948b492cce32b586ac2db0eaa926ee87024f7afe218d73b397ea5ddfc5f43ea1?s=96&d=mm&r=g","url":"https:\/\/secure.gravatar.com\/avatar\/948b492cce32b586ac2db0eaa926ee87024f7afe218d73b397ea5ddfc5f43ea1?s=96&d=mm&r=g","contentUrl":"https:\/\/secure.gravatar.com\/avatar\/948b492cce32b586ac2db0eaa926ee87024f7afe218d73b397ea5ddfc5f43ea1?s=96&d=mm&r=g","caption":"admin"},"sameAs":["https:\/\/encompaniastj.org"],"url":"https:\/\/encompaniastj.org\/pt-pt\/author\/sjdigital\/"}]}},"_links":{"self":[{"href":"https:\/\/encompaniastj.org\/pt-pt\/wp-json\/wp\/v2\/posts\/11128","targetHints":{"allow":["GET"]}}],"collection":[{"href":"https:\/\/encompaniastj.org\/pt-pt\/wp-json\/wp\/v2\/posts"}],"about":[{"href":"https:\/\/encompaniastj.org\/pt-pt\/wp-json\/wp\/v2\/types\/post"}],"author":[{"embeddable":true,"href":"https:\/\/encompaniastj.org\/pt-pt\/wp-json\/wp\/v2\/users\/1"}],"replies":[{"embeddable":true,"href":"https:\/\/encompaniastj.org\/pt-pt\/wp-json\/wp\/v2\/comments?post=11128"}],"version-history":[{"count":1,"href":"https:\/\/encompaniastj.org\/pt-pt\/wp-json\/wp\/v2\/posts\/11128\/revisions"}],"predecessor-version":[{"id":11129,"href":"https:\/\/encompaniastj.org\/pt-pt\/wp-json\/wp\/v2\/posts\/11128\/revisions\/11129"}],"wp:featuredmedia":[{"embeddable":true,"href":"https:\/\/encompaniastj.org\/pt-pt\/wp-json\/wp\/v2\/media\/8018"}],"wp:attachment":[{"href":"https:\/\/encompaniastj.org\/pt-pt\/wp-json\/wp\/v2\/media?parent=11128"}],"wp:term":[{"taxonomy":"category","embeddable":true,"href":"https:\/\/encompaniastj.org\/pt-pt\/wp-json\/wp\/v2\/categories?post=11128"},{"taxonomy":"post_tag","embeddable":true,"href":"https:\/\/encompaniastj.org\/pt-pt\/wp-json\/wp\/v2\/tags?post=11128"}],"curies":[{"name":"wp","href":"https:\/\/api.w.org\/{rel}","templated":true}]}}