{"id":11112,"date":"2022-09-26T06:42:56","date_gmt":"2022-09-26T04:42:56","guid":{"rendered":"https:\/\/encompaniastj.org\/cronica-do-encontro-ega-em-avila-17-e-18-de-setembro\/"},"modified":"2025-07-07T16:23:29","modified_gmt":"2025-07-07T14:23:29","slug":"cronica-do-encontro-ega-em-avila-17-e-18-de-setembro","status":"publish","type":"post","link":"https:\/\/encompaniastj.org\/pt-pt\/cronica-do-encontro-ega-em-avila-17-e-18-de-setembro\/","title":{"rendered":"ENCONTRO EGA"},"content":{"rendered":"<p>Depois de um longo per\u00edodo sem encontros, o grupo de irm\u00e3s que comp\u00f5em a EGA voltou a reunir-se em \u00c1vila nos dias 17 e 18 de setembro. Na tarde anterior come\u00e7\u00e1mos a chegar. Muita alegria: cumprimentos, abra\u00e7os, sorrisos, perguntas, olhares&#8230;, gestos claros de fraternidade desejada e vivida.<\/p>\n<p>Come\u00e7\u00e1mos o primeiro dia com a celebra\u00e7\u00e3o da Eucaristia, animada pelas nossas irm\u00e3s de Portugal, com belas can\u00e7\u00f5es, que nos ajudaram a tornar mais vital a nossa participa\u00e7\u00e3o.<\/p>\n<p>J\u00e1 no sal\u00e3o, a nossa irm\u00e3 provincial, Isabel del Valle, recordou-nos e fez cair na conta de que somos chamadas pelo nosso pr\u00f3prio Deus, que somos mulheres que acompanhamos Jesus para buscar os Seus Caminhos nestes momentos espec\u00edficos da Companhia. Tivemos \u2013num ambiente acolhedor \u2013 uma lembran\u00e7a de agradecimento para as irm\u00e3s coordenadores que deixaram de o ser e outro de acolhimento para as que entram no grupo.<\/p>\n<p>Fomos convidadas a:<\/p>\n<ul>\n<li>\u201cSonhar o ano capitular\u201d sabendo que, se somos capazes de sonh\u00e1-lo, somos capazes de viv\u00ea-lo, de torn\u00e1-lo realidade. \u00c9 hora de:<\/li>\n<\/ul>\n<p><strong>IR CRIANDO NOVA CONSCI\u00caNCIA DA NOSSA IDENTIDADE COMUNIT\u00c1RIA HOJE<\/strong><\/p>\n<ul>\n<li>Recuperar a ilus\u00e3o por ser o que somos e ser capazes de traduzi-lo em gestos concretos.<\/li>\n<li>Ver este tempo como uma oportunidade.<\/li>\n<li>Alargar o <em>espa\u00e7o da nossa tenda<\/em>, pessoal e comunitariamente.<\/li>\n<\/ul>\n<p>Os encontros e di\u00e1logos nas mesas de trabalho, no jardim, na sala de jantar, nos pequenos espa\u00e7os de descanso foram muito ricos.<\/p>\n<p>No s\u00e1bado ao entardecer tivemos a oportunidade de fazer uma visita guiada \u00e0 parte oriental da muralha. Muito agrad\u00e1vel em todos os sentidos, descanso mental e contempla\u00e7\u00e3o desta joia da cidade t\u00e3o antiga e bem conservada.<\/p>\n<p>Damos gra\u00e7as por estes dias que nos ajudar\u00e3o a motivar e acompanhar a experi\u00eancia do ano capitular.<\/p>\n<p><img loading=\"lazy\" decoding=\"async\" class=\"alignnone size-medium wp-image-9336\" src=\"https:\/\/encompaniastj.org\/wp-content\/uploads\/2025\/05\/collage3-2.png\" alt=\"\" width=\"300\" height=\"300\" \/> <img loading=\"lazy\" decoding=\"async\" class=\"alignnone size-medium wp-image-9334\" src=\"https:\/\/encompaniastj.org\/wp-content\/uploads\/2025\/05\/collage2-3.png\" alt=\"\" width=\"300\" height=\"300\" \/> <img loading=\"lazy\" decoding=\"async\" class=\"alignnone size-medium wp-image-9332\" src=\"https:\/\/encompaniastj.org\/wp-content\/uploads\/2025\/05\/collage1-2.png\" alt=\"\" width=\"300\" height=\"300\" \/> <img loading=\"lazy\" decoding=\"async\" class=\"alignnone size-medium wp-image-9338\" src=\"https:\/\/encompaniastj.org\/wp-content\/uploads\/2025\/05\/collage4.png\" alt=\"\" width=\"300\" height=\"300\" \/><\/p>\n<p>&nbsp;<\/p>\n<p><img loading=\"lazy\" decoding=\"async\" class=\"wp-image-9342 aligncenter\" src=\"https:\/\/encompaniastj.org\/wp-content\/uploads\/2025\/05\/foto-3-scaled-1.jpg\" alt=\"\" width=\"468\" height=\"234\" \/><\/p>\n<p><img loading=\"lazy\" decoding=\"async\" class=\"wp-image-9346 aligncenter\" src=\"https:\/\/encompaniastj.org\/wp-content\/uploads\/2025\/05\/foto1-2-1-scaled.jpg\" alt=\"\" width=\"478\" height=\"239\" \/><\/p>\n<p><img loading=\"lazy\" decoding=\"async\" class=\"wp-image-9344 aligncenter\" src=\"https:\/\/encompaniastj.org\/wp-content\/uploads\/2025\/05\/foto-4.jpg\" alt=\"\" width=\"421\" height=\"316\" \/><\/p>\n","protected":false},"excerpt":{"rendered":"<p>Depois de um longo per\u00edodo sem encontros, o grupo de irm\u00e3s que comp\u00f5em a EGA voltou a reunir-se em \u00c1vila nos dias 17 e 18 de setembro. Na tarde anterior [&hellip;]<\/p>\n","protected":false},"author":1,"featured_media":8003,"comment_status":"open","ping_status":"open","sticky":false,"template":"","format":"standard","meta":{"_acf_changed":false,"footnotes":""},"categories":[61,62,68],"tags":[],"class_list":["post-11112","post","type-post","status-publish","format-standard","has-post-thumbnail","hentry","category-noticias","category-otras","category-outras"],"acf":[],"yoast_head":"<!-- This site is optimized with the Yoast SEO plugin v27.5 - https:\/\/yoast.com\/product\/yoast-seo-wordpress\/ -->\n<title>ENCONTRO EGA - En Compa\u00f1\u00eda STJ<\/title>\n<meta name=\"robots\" content=\"index, follow, max-snippet:-1, max-image-preview:large, max-video-preview:-1\" \/>\n<link rel=\"canonical\" href=\"https:\/\/encompaniastj.org\/pt-pt\/cronica-do-encontro-ega-em-avila-17-e-18-de-setembro\/\" \/>\n<meta property=\"og:locale\" content=\"pt_PT\" \/>\n<meta property=\"og:type\" content=\"article\" \/>\n<meta property=\"og:title\" content=\"ENCONTRO EGA - En Compa\u00f1\u00eda STJ\" \/>\n<meta property=\"og:description\" content=\"Depois de um longo per\u00edodo sem encontros, o grupo de irm\u00e3s que comp\u00f5em a EGA voltou a reunir-se em \u00c1vila nos dias 17 e 18 de setembro. Na tarde anterior [&hellip;]\" \/>\n<meta property=\"og:url\" content=\"https:\/\/encompaniastj.org\/pt-pt\/cronica-do-encontro-ega-em-avila-17-e-18-de-setembro\/\" \/>\n<meta property=\"og:site_name\" content=\"En Compa\u00f1\u00eda STJ\" \/>\n<meta property=\"article:published_time\" content=\"2022-09-26T04:42:56+00:00\" \/>\n<meta property=\"article:modified_time\" content=\"2025-07-07T14:23:29+00:00\" \/>\n<meta property=\"og:image\" content=\"https:\/\/encompaniastj.org\/wp-content\/uploads\/2025\/05\/foto-2-1-scaled.jpg\" \/>\n\t<meta property=\"og:image:width\" content=\"2560\" \/>\n\t<meta property=\"og:image:height\" content=\"1280\" \/>\n\t<meta property=\"og:image:type\" content=\"image\/jpeg\" \/>\n<meta name=\"author\" content=\"admin\" \/>\n<meta name=\"twitter:card\" content=\"summary_large_image\" \/>\n<meta name=\"twitter:label1\" content=\"Escrito por\" \/>\n\t<meta name=\"twitter:data1\" content=\"admin\" \/>\n\t<meta name=\"twitter:label2\" content=\"Tempo estimado de leitura\" \/>\n\t<meta name=\"twitter:data2\" content=\"3 minutos\" \/>\n<script type=\"application\/ld+json\" class=\"yoast-schema-graph\">{\"@context\":\"https:\\\/\\\/schema.org\",\"@graph\":[{\"@type\":\"Article\",\"@id\":\"https:\\\/\\\/encompaniastj.org\\\/pt-pt\\\/cronica-do-encontro-ega-em-avila-17-e-18-de-setembro\\\/#article\",\"isPartOf\":{\"@id\":\"https:\\\/\\\/encompaniastj.org\\\/pt-pt\\\/cronica-do-encontro-ega-em-avila-17-e-18-de-setembro\\\/\"},\"author\":{\"name\":\"admin\",\"@id\":\"https:\\\/\\\/encompaniastj.org\\\/pt-pt\\\/#\\\/schema\\\/person\\\/520e7ecc314793d40091993c2a02b651\"},\"headline\":\"ENCONTRO EGA\",\"datePublished\":\"2022-09-26T04:42:56+00:00\",\"dateModified\":\"2025-07-07T14:23:29+00:00\",\"mainEntityOfPage\":{\"@id\":\"https:\\\/\\\/encompaniastj.org\\\/pt-pt\\\/cronica-do-encontro-ega-em-avila-17-e-18-de-setembro\\\/\"},\"wordCount\":311,\"commentCount\":0,\"publisher\":{\"@id\":\"https:\\\/\\\/encompaniastj.org\\\/pt-pt\\\/#organization\"},\"image\":{\"@id\":\"https:\\\/\\\/encompaniastj.org\\\/pt-pt\\\/cronica-do-encontro-ega-em-avila-17-e-18-de-setembro\\\/#primaryimage\"},\"thumbnailUrl\":\"https:\\\/\\\/encompaniastj.org\\\/wp-content\\\/uploads\\\/2025\\\/05\\\/foto-2-1-scaled.jpg\",\"articleSection\":[\"Noticias\",\"Otras\",\"Outras\"],\"inLanguage\":\"pt-PT\",\"potentialAction\":[{\"@type\":\"CommentAction\",\"name\":\"Comment\",\"target\":[\"https:\\\/\\\/encompaniastj.org\\\/pt-pt\\\/cronica-do-encontro-ega-em-avila-17-e-18-de-setembro\\\/#respond\"]}]},{\"@type\":\"WebPage\",\"@id\":\"https:\\\/\\\/encompaniastj.org\\\/pt-pt\\\/cronica-do-encontro-ega-em-avila-17-e-18-de-setembro\\\/\",\"url\":\"https:\\\/\\\/encompaniastj.org\\\/pt-pt\\\/cronica-do-encontro-ega-em-avila-17-e-18-de-setembro\\\/\",\"name\":\"ENCONTRO EGA - En Compa\u00f1\u00eda STJ\",\"isPartOf\":{\"@id\":\"https:\\\/\\\/encompaniastj.org\\\/pt-pt\\\/#website\"},\"primaryImageOfPage\":{\"@id\":\"https:\\\/\\\/encompaniastj.org\\\/pt-pt\\\/cronica-do-encontro-ega-em-avila-17-e-18-de-setembro\\\/#primaryimage\"},\"image\":{\"@id\":\"https:\\\/\\\/encompaniastj.org\\\/pt-pt\\\/cronica-do-encontro-ega-em-avila-17-e-18-de-setembro\\\/#primaryimage\"},\"thumbnailUrl\":\"https:\\\/\\\/encompaniastj.org\\\/wp-content\\\/uploads\\\/2025\\\/05\\\/foto-2-1-scaled.jpg\",\"datePublished\":\"2022-09-26T04:42:56+00:00\",\"dateModified\":\"2025-07-07T14:23:29+00:00\",\"breadcrumb\":{\"@id\":\"https:\\\/\\\/encompaniastj.org\\\/pt-pt\\\/cronica-do-encontro-ega-em-avila-17-e-18-de-setembro\\\/#breadcrumb\"},\"inLanguage\":\"pt-PT\",\"potentialAction\":[{\"@type\":\"ReadAction\",\"target\":[\"https:\\\/\\\/encompaniastj.org\\\/pt-pt\\\/cronica-do-encontro-ega-em-avila-17-e-18-de-setembro\\\/\"]}]},{\"@type\":\"ImageObject\",\"inLanguage\":\"pt-PT\",\"@id\":\"https:\\\/\\\/encompaniastj.org\\\/pt-pt\\\/cronica-do-encontro-ega-em-avila-17-e-18-de-setembro\\\/#primaryimage\",\"url\":\"https:\\\/\\\/encompaniastj.org\\\/wp-content\\\/uploads\\\/2025\\\/05\\\/foto-2-1-scaled.jpg\",\"contentUrl\":\"https:\\\/\\\/encompaniastj.org\\\/wp-content\\\/uploads\\\/2025\\\/05\\\/foto-2-1-scaled.jpg\",\"width\":2560,\"height\":1280},{\"@type\":\"BreadcrumbList\",\"@id\":\"https:\\\/\\\/encompaniastj.org\\\/pt-pt\\\/cronica-do-encontro-ega-em-avila-17-e-18-de-setembro\\\/#breadcrumb\",\"itemListElement\":[{\"@type\":\"ListItem\",\"position\":1,\"name\":\"Portada\",\"item\":\"https:\\\/\\\/encompaniastj.org\\\/pt-pt\\\/\"},{\"@type\":\"ListItem\",\"position\":2,\"name\":\"ENCONTRO EGA\"}]},{\"@type\":\"WebSite\",\"@id\":\"https:\\\/\\\/encompaniastj.org\\\/pt-pt\\\/#website\",\"url\":\"https:\\\/\\\/encompaniastj.org\\\/pt-pt\\\/\",\"name\":\"En Compa\u00f1\u00eda STJ\",\"description\":\"Bolet\u00edn de la Compa\u00f1\u00eda de Santa Teresa de Jes\u00fas\",\"publisher\":{\"@id\":\"https:\\\/\\\/encompaniastj.org\\\/pt-pt\\\/#organization\"},\"potentialAction\":[{\"@type\":\"SearchAction\",\"target\":{\"@type\":\"EntryPoint\",\"urlTemplate\":\"https:\\\/\\\/encompaniastj.org\\\/pt-pt\\\/?s={search_term_string}\"},\"query-input\":{\"@type\":\"PropertyValueSpecification\",\"valueRequired\":true,\"valueName\":\"search_term_string\"}}],\"inLanguage\":\"pt-PT\"},{\"@type\":\"Organization\",\"@id\":\"https:\\\/\\\/encompaniastj.org\\\/pt-pt\\\/#organization\",\"name\":\"Compa\u00f1\u00eda de Santa Teresa de Jes\u00fas\",\"url\":\"https:\\\/\\\/encompaniastj.org\\\/pt-pt\\\/\",\"logo\":{\"@type\":\"ImageObject\",\"inLanguage\":\"pt-PT\",\"@id\":\"https:\\\/\\\/encompaniastj.org\\\/pt-pt\\\/#\\\/schema\\\/logo\\\/image\\\/\",\"url\":\"https:\\\/\\\/encompaniastj.org\\\/wp-content\\\/uploads\\\/2025\\\/04\\\/logo_provincias02-1-3.png\",\"contentUrl\":\"https:\\\/\\\/encompaniastj.org\\\/wp-content\\\/uploads\\\/2025\\\/04\\\/logo_provincias02-1-3.png\",\"width\":2368,\"height\":825,\"caption\":\"Compa\u00f1\u00eda de Santa Teresa de Jes\u00fas\"},\"image\":{\"@id\":\"https:\\\/\\\/encompaniastj.org\\\/pt-pt\\\/#\\\/schema\\\/logo\\\/image\\\/\"}},{\"@type\":\"Person\",\"@id\":\"https:\\\/\\\/encompaniastj.org\\\/pt-pt\\\/#\\\/schema\\\/person\\\/520e7ecc314793d40091993c2a02b651\",\"name\":\"admin\",\"image\":{\"@type\":\"ImageObject\",\"inLanguage\":\"pt-PT\",\"@id\":\"https:\\\/\\\/secure.gravatar.com\\\/avatar\\\/948b492cce32b586ac2db0eaa926ee87024f7afe218d73b397ea5ddfc5f43ea1?s=96&d=mm&r=g\",\"url\":\"https:\\\/\\\/secure.gravatar.com\\\/avatar\\\/948b492cce32b586ac2db0eaa926ee87024f7afe218d73b397ea5ddfc5f43ea1?s=96&d=mm&r=g\",\"contentUrl\":\"https:\\\/\\\/secure.gravatar.com\\\/avatar\\\/948b492cce32b586ac2db0eaa926ee87024f7afe218d73b397ea5ddfc5f43ea1?s=96&d=mm&r=g\",\"caption\":\"admin\"},\"sameAs\":[\"https:\\\/\\\/encompaniastj.org\"],\"url\":\"https:\\\/\\\/encompaniastj.org\\\/pt-pt\\\/author\\\/sjdigital\\\/\"}]}<\/script>\n<!-- \/ Yoast SEO plugin. -->","yoast_head_json":{"title":"ENCONTRO EGA - En Compa\u00f1\u00eda STJ","robots":{"index":"index","follow":"follow","max-snippet":"max-snippet:-1","max-image-preview":"max-image-preview:large","max-video-preview":"max-video-preview:-1"},"canonical":"https:\/\/encompaniastj.org\/pt-pt\/cronica-do-encontro-ega-em-avila-17-e-18-de-setembro\/","og_locale":"pt_PT","og_type":"article","og_title":"ENCONTRO EGA - En Compa\u00f1\u00eda STJ","og_description":"Depois de um longo per\u00edodo sem encontros, o grupo de irm\u00e3s que comp\u00f5em a EGA voltou a reunir-se em \u00c1vila nos dias 17 e 18 de setembro. Na tarde anterior [&hellip;]","og_url":"https:\/\/encompaniastj.org\/pt-pt\/cronica-do-encontro-ega-em-avila-17-e-18-de-setembro\/","og_site_name":"En Compa\u00f1\u00eda STJ","article_published_time":"2022-09-26T04:42:56+00:00","article_modified_time":"2025-07-07T14:23:29+00:00","og_image":[{"width":2560,"height":1280,"url":"https:\/\/encompaniastj.org\/wp-content\/uploads\/2025\/05\/foto-2-1-scaled.jpg","type":"image\/jpeg"}],"author":"admin","twitter_card":"summary_large_image","twitter_misc":{"Escrito por":"admin","Tempo estimado de leitura":"3 minutos"},"schema":{"@context":"https:\/\/schema.org","@graph":[{"@type":"Article","@id":"https:\/\/encompaniastj.org\/pt-pt\/cronica-do-encontro-ega-em-avila-17-e-18-de-setembro\/#article","isPartOf":{"@id":"https:\/\/encompaniastj.org\/pt-pt\/cronica-do-encontro-ega-em-avila-17-e-18-de-setembro\/"},"author":{"name":"admin","@id":"https:\/\/encompaniastj.org\/pt-pt\/#\/schema\/person\/520e7ecc314793d40091993c2a02b651"},"headline":"ENCONTRO EGA","datePublished":"2022-09-26T04:42:56+00:00","dateModified":"2025-07-07T14:23:29+00:00","mainEntityOfPage":{"@id":"https:\/\/encompaniastj.org\/pt-pt\/cronica-do-encontro-ega-em-avila-17-e-18-de-setembro\/"},"wordCount":311,"commentCount":0,"publisher":{"@id":"https:\/\/encompaniastj.org\/pt-pt\/#organization"},"image":{"@id":"https:\/\/encompaniastj.org\/pt-pt\/cronica-do-encontro-ega-em-avila-17-e-18-de-setembro\/#primaryimage"},"thumbnailUrl":"https:\/\/encompaniastj.org\/wp-content\/uploads\/2025\/05\/foto-2-1-scaled.jpg","articleSection":["Noticias","Otras","Outras"],"inLanguage":"pt-PT","potentialAction":[{"@type":"CommentAction","name":"Comment","target":["https:\/\/encompaniastj.org\/pt-pt\/cronica-do-encontro-ega-em-avila-17-e-18-de-setembro\/#respond"]}]},{"@type":"WebPage","@id":"https:\/\/encompaniastj.org\/pt-pt\/cronica-do-encontro-ega-em-avila-17-e-18-de-setembro\/","url":"https:\/\/encompaniastj.org\/pt-pt\/cronica-do-encontro-ega-em-avila-17-e-18-de-setembro\/","name":"ENCONTRO EGA - En Compa\u00f1\u00eda STJ","isPartOf":{"@id":"https:\/\/encompaniastj.org\/pt-pt\/#website"},"primaryImageOfPage":{"@id":"https:\/\/encompaniastj.org\/pt-pt\/cronica-do-encontro-ega-em-avila-17-e-18-de-setembro\/#primaryimage"},"image":{"@id":"https:\/\/encompaniastj.org\/pt-pt\/cronica-do-encontro-ega-em-avila-17-e-18-de-setembro\/#primaryimage"},"thumbnailUrl":"https:\/\/encompaniastj.org\/wp-content\/uploads\/2025\/05\/foto-2-1-scaled.jpg","datePublished":"2022-09-26T04:42:56+00:00","dateModified":"2025-07-07T14:23:29+00:00","breadcrumb":{"@id":"https:\/\/encompaniastj.org\/pt-pt\/cronica-do-encontro-ega-em-avila-17-e-18-de-setembro\/#breadcrumb"},"inLanguage":"pt-PT","potentialAction":[{"@type":"ReadAction","target":["https:\/\/encompaniastj.org\/pt-pt\/cronica-do-encontro-ega-em-avila-17-e-18-de-setembro\/"]}]},{"@type":"ImageObject","inLanguage":"pt-PT","@id":"https:\/\/encompaniastj.org\/pt-pt\/cronica-do-encontro-ega-em-avila-17-e-18-de-setembro\/#primaryimage","url":"https:\/\/encompaniastj.org\/wp-content\/uploads\/2025\/05\/foto-2-1-scaled.jpg","contentUrl":"https:\/\/encompaniastj.org\/wp-content\/uploads\/2025\/05\/foto-2-1-scaled.jpg","width":2560,"height":1280},{"@type":"BreadcrumbList","@id":"https:\/\/encompaniastj.org\/pt-pt\/cronica-do-encontro-ega-em-avila-17-e-18-de-setembro\/#breadcrumb","itemListElement":[{"@type":"ListItem","position":1,"name":"Portada","item":"https:\/\/encompaniastj.org\/pt-pt\/"},{"@type":"ListItem","position":2,"name":"ENCONTRO EGA"}]},{"@type":"WebSite","@id":"https:\/\/encompaniastj.org\/pt-pt\/#website","url":"https:\/\/encompaniastj.org\/pt-pt\/","name":"En Compa\u00f1\u00eda STJ","description":"Bolet\u00edn de la Compa\u00f1\u00eda de Santa Teresa de Jes\u00fas","publisher":{"@id":"https:\/\/encompaniastj.org\/pt-pt\/#organization"},"potentialAction":[{"@type":"SearchAction","target":{"@type":"EntryPoint","urlTemplate":"https:\/\/encompaniastj.org\/pt-pt\/?s={search_term_string}"},"query-input":{"@type":"PropertyValueSpecification","valueRequired":true,"valueName":"search_term_string"}}],"inLanguage":"pt-PT"},{"@type":"Organization","@id":"https:\/\/encompaniastj.org\/pt-pt\/#organization","name":"Compa\u00f1\u00eda de Santa Teresa de Jes\u00fas","url":"https:\/\/encompaniastj.org\/pt-pt\/","logo":{"@type":"ImageObject","inLanguage":"pt-PT","@id":"https:\/\/encompaniastj.org\/pt-pt\/#\/schema\/logo\/image\/","url":"https:\/\/encompaniastj.org\/wp-content\/uploads\/2025\/04\/logo_provincias02-1-3.png","contentUrl":"https:\/\/encompaniastj.org\/wp-content\/uploads\/2025\/04\/logo_provincias02-1-3.png","width":2368,"height":825,"caption":"Compa\u00f1\u00eda de Santa Teresa de Jes\u00fas"},"image":{"@id":"https:\/\/encompaniastj.org\/pt-pt\/#\/schema\/logo\/image\/"}},{"@type":"Person","@id":"https:\/\/encompaniastj.org\/pt-pt\/#\/schema\/person\/520e7ecc314793d40091993c2a02b651","name":"admin","image":{"@type":"ImageObject","inLanguage":"pt-PT","@id":"https:\/\/secure.gravatar.com\/avatar\/948b492cce32b586ac2db0eaa926ee87024f7afe218d73b397ea5ddfc5f43ea1?s=96&d=mm&r=g","url":"https:\/\/secure.gravatar.com\/avatar\/948b492cce32b586ac2db0eaa926ee87024f7afe218d73b397ea5ddfc5f43ea1?s=96&d=mm&r=g","contentUrl":"https:\/\/secure.gravatar.com\/avatar\/948b492cce32b586ac2db0eaa926ee87024f7afe218d73b397ea5ddfc5f43ea1?s=96&d=mm&r=g","caption":"admin"},"sameAs":["https:\/\/encompaniastj.org"],"url":"https:\/\/encompaniastj.org\/pt-pt\/author\/sjdigital\/"}]}},"_links":{"self":[{"href":"https:\/\/encompaniastj.org\/pt-pt\/wp-json\/wp\/v2\/posts\/11112","targetHints":{"allow":["GET"]}}],"collection":[{"href":"https:\/\/encompaniastj.org\/pt-pt\/wp-json\/wp\/v2\/posts"}],"about":[{"href":"https:\/\/encompaniastj.org\/pt-pt\/wp-json\/wp\/v2\/types\/post"}],"author":[{"embeddable":true,"href":"https:\/\/encompaniastj.org\/pt-pt\/wp-json\/wp\/v2\/users\/1"}],"replies":[{"embeddable":true,"href":"https:\/\/encompaniastj.org\/pt-pt\/wp-json\/wp\/v2\/comments?post=11112"}],"version-history":[{"count":1,"href":"https:\/\/encompaniastj.org\/pt-pt\/wp-json\/wp\/v2\/posts\/11112\/revisions"}],"predecessor-version":[{"id":11113,"href":"https:\/\/encompaniastj.org\/pt-pt\/wp-json\/wp\/v2\/posts\/11112\/revisions\/11113"}],"wp:featuredmedia":[{"embeddable":true,"href":"https:\/\/encompaniastj.org\/pt-pt\/wp-json\/wp\/v2\/media\/8003"}],"wp:attachment":[{"href":"https:\/\/encompaniastj.org\/pt-pt\/wp-json\/wp\/v2\/media?parent=11112"}],"wp:term":[{"taxonomy":"category","embeddable":true,"href":"https:\/\/encompaniastj.org\/pt-pt\/wp-json\/wp\/v2\/categories?post=11112"},{"taxonomy":"post_tag","embeddable":true,"href":"https:\/\/encompaniastj.org\/pt-pt\/wp-json\/wp\/v2\/tags?post=11112"}],"curies":[{"name":"wp","href":"https:\/\/api.w.org\/{rel}","templated":true}]}}