{"id":11104,"date":"2022-09-14T12:03:42","date_gmt":"2022-09-14T10:03:42","guid":{"rendered":"https:\/\/encompaniastj.org\/a-minha-experiencia-do-cit-tabor-2022\/"},"modified":"2025-07-07T16:23:27","modified_gmt":"2025-07-07T14:23:27","slug":"a-minha-experiencia-do-cit-tabor-2022","status":"publish","type":"post","link":"https:\/\/encompaniastj.org\/pt-pt\/a-minha-experiencia-do-cit-tabor-2022\/","title":{"rendered":"A MINHA EXPERI\u00caNCIA DO CIT TABOR 2022"},"content":{"rendered":"<p>Durante o m\u00eas de julho, 17 irm\u00e3s da Am\u00e9rica, \u00c1frica e Europa reuniram-se para viver o CIT Tabor.<\/p>\n<p>Estamos todas na Companhia entre 25 e 30 anos e, neste m\u00eas, par\u00e1mos, reconhecemos e agradecemos a nossa vida e experi\u00eancia.<\/p>\n<p>Come\u00e7\u00e1mos em Tortosa com tempo para nos conhecermos e come\u00e7armos a formar um grupo; e todas sentimos a alegria do encontro e o desejo de aprofundar e viver seriamente esta proposta.<\/p>\n<p>Em Tortosa, aproxim\u00e1mo-nos do Tabor de Jesus e Henrique; e, j\u00e1 em \u00c1vila, a de Teresa de Jesus e a da pr\u00f3pria Companhia e da nossa vida religiosa, com os seus desafios, presen\u00e7as e incertezas. Tudo isso nos levou a reler estes anos e a visualizar o nosso pr\u00f3prio Tabor, a realidade para a qual somos enviados&#8230; Estes dias intensos terminaram com os Exerc\u00edcios Espirituais.<\/p>\n<p>Para mim foi um m\u00eas precioso de experi\u00eancia de como, sem nos conhecermos e sermos t\u00e3o diferentes, h\u00e1 um forte v\u00ednculo entre n\u00f3s que nos faz sentir como irm\u00e3s, Companhia, desde o in\u00edcio da experi\u00eancia.<\/p>\n<p>Pude ouvir novamente a voz do Pai que me diz &#8220;Tu \u00e9s minha filha amada&#8221; e a do Filho, que me olha nos olhos, estende a m\u00e3o para mim e diz &#8220;Vem&#8221;. E esta experi\u00eancia convida-me a continuar caminhando a partir da confian\u00e7a depositada somente em Deus, como \u00fanico fiador.<\/p>\n<p>Obrigado \u00e0 Prov\u00edncia, \u00e0 Companhia, pelo convite para este CIT, e \u00e0s pessoas que nos acompanharam, com as suas palavras e os seus textos, e que nela foram mediadoras.<\/p>\n<p>OBRIGADA POR TANTO DOM!\u00a0\u00a0 Virg\u00ednia Mozo<\/p>\n<p><img loading=\"lazy\" decoding=\"async\" class=\"alignnone wp-image-9282\" src=\"https:\/\/encompaniastj.org\/wp-content\/uploads\/2025\/05\/grupo-con-Teresa-1.jpg\" alt=\"\" width=\"407\" height=\"305\" \/> <img loading=\"lazy\" decoding=\"async\" class=\"size-medium wp-image-9278 alignright\" src=\"https:\/\/encompaniastj.org\/wp-content\/uploads\/2025\/05\/foto1-3.png\" alt=\"\" width=\"300\" height=\"300\" \/><\/p>\n","protected":false},"excerpt":{"rendered":"<p>Durante o m\u00eas de julho, 17 irm\u00e3s da Am\u00e9rica, \u00c1frica e Europa reuniram-se para viver o CIT Tabor. Estamos todas na Companhia entre 25 e 30 anos e, neste m\u00eas, [&hellip;]<\/p>\n","protected":false},"author":1,"featured_media":7991,"comment_status":"open","ping_status":"open","sticky":false,"template":"","format":"standard","meta":{"_acf_changed":false,"footnotes":""},"categories":[61,62,68],"tags":[],"class_list":["post-11104","post","type-post","status-publish","format-standard","has-post-thumbnail","hentry","category-noticias","category-otras","category-outras"],"acf":[],"yoast_head":"<!-- This site is optimized with the Yoast SEO plugin v27.5 - https:\/\/yoast.com\/product\/yoast-seo-wordpress\/ -->\n<title>A MINHA EXPERI\u00caNCIA DO CIT TABOR 2022 - En Compa\u00f1\u00eda STJ<\/title>\n<meta name=\"robots\" content=\"index, follow, max-snippet:-1, max-image-preview:large, max-video-preview:-1\" \/>\n<link rel=\"canonical\" href=\"https:\/\/encompaniastj.org\/pt-pt\/a-minha-experiencia-do-cit-tabor-2022\/\" \/>\n<meta property=\"og:locale\" content=\"pt_PT\" \/>\n<meta property=\"og:type\" content=\"article\" \/>\n<meta property=\"og:title\" content=\"A MINHA EXPERI\u00caNCIA DO CIT TABOR 2022 - En Compa\u00f1\u00eda STJ\" \/>\n<meta property=\"og:description\" content=\"Durante o m\u00eas de julho, 17 irm\u00e3s da Am\u00e9rica, \u00c1frica e Europa reuniram-se para viver o CIT Tabor. Estamos todas na Companhia entre 25 e 30 anos e, neste m\u00eas, [&hellip;]\" \/>\n<meta property=\"og:url\" content=\"https:\/\/encompaniastj.org\/pt-pt\/a-minha-experiencia-do-cit-tabor-2022\/\" \/>\n<meta property=\"og:site_name\" content=\"En Compa\u00f1\u00eda STJ\" \/>\n<meta property=\"article:published_time\" content=\"2022-09-14T10:03:42+00:00\" \/>\n<meta property=\"article:modified_time\" content=\"2025-07-07T14:23:27+00:00\" \/>\n<meta property=\"og:image\" content=\"https:\/\/encompaniastj.org\/wp-content\/uploads\/2025\/05\/grupo-con-Enrique-1.jpg\" \/>\n\t<meta property=\"og:image:width\" content=\"1189\" \/>\n\t<meta property=\"og:image:height\" content=\"677\" \/>\n\t<meta property=\"og:image:type\" content=\"image\/jpeg\" \/>\n<meta name=\"author\" content=\"admin\" \/>\n<meta name=\"twitter:card\" content=\"summary_large_image\" \/>\n<meta name=\"twitter:label1\" content=\"Escrito por\" \/>\n\t<meta name=\"twitter:data1\" content=\"admin\" \/>\n\t<meta name=\"twitter:label2\" content=\"Tempo estimado de leitura\" \/>\n\t<meta name=\"twitter:data2\" content=\"2 minutos\" \/>\n<script type=\"application\/ld+json\" class=\"yoast-schema-graph\">{\"@context\":\"https:\\\/\\\/schema.org\",\"@graph\":[{\"@type\":\"Article\",\"@id\":\"https:\\\/\\\/encompaniastj.org\\\/pt-pt\\\/a-minha-experiencia-do-cit-tabor-2022\\\/#article\",\"isPartOf\":{\"@id\":\"https:\\\/\\\/encompaniastj.org\\\/pt-pt\\\/a-minha-experiencia-do-cit-tabor-2022\\\/\"},\"author\":{\"name\":\"admin\",\"@id\":\"https:\\\/\\\/encompaniastj.org\\\/pt-pt\\\/#\\\/schema\\\/person\\\/520e7ecc314793d40091993c2a02b651\"},\"headline\":\"A MINHA EXPERI\u00caNCIA DO CIT TABOR 2022\",\"datePublished\":\"2022-09-14T10:03:42+00:00\",\"dateModified\":\"2025-07-07T14:23:27+00:00\",\"mainEntityOfPage\":{\"@id\":\"https:\\\/\\\/encompaniastj.org\\\/pt-pt\\\/a-minha-experiencia-do-cit-tabor-2022\\\/\"},\"wordCount\":283,\"commentCount\":0,\"publisher\":{\"@id\":\"https:\\\/\\\/encompaniastj.org\\\/pt-pt\\\/#organization\"},\"image\":{\"@id\":\"https:\\\/\\\/encompaniastj.org\\\/pt-pt\\\/a-minha-experiencia-do-cit-tabor-2022\\\/#primaryimage\"},\"thumbnailUrl\":\"https:\\\/\\\/encompaniastj.org\\\/wp-content\\\/uploads\\\/2025\\\/05\\\/grupo-con-Enrique-1.jpg\",\"articleSection\":[\"Noticias\",\"Otras\",\"Outras\"],\"inLanguage\":\"pt-PT\",\"potentialAction\":[{\"@type\":\"CommentAction\",\"name\":\"Comment\",\"target\":[\"https:\\\/\\\/encompaniastj.org\\\/pt-pt\\\/a-minha-experiencia-do-cit-tabor-2022\\\/#respond\"]}]},{\"@type\":\"WebPage\",\"@id\":\"https:\\\/\\\/encompaniastj.org\\\/pt-pt\\\/a-minha-experiencia-do-cit-tabor-2022\\\/\",\"url\":\"https:\\\/\\\/encompaniastj.org\\\/pt-pt\\\/a-minha-experiencia-do-cit-tabor-2022\\\/\",\"name\":\"A MINHA EXPERI\u00caNCIA DO CIT TABOR 2022 - En Compa\u00f1\u00eda STJ\",\"isPartOf\":{\"@id\":\"https:\\\/\\\/encompaniastj.org\\\/pt-pt\\\/#website\"},\"primaryImageOfPage\":{\"@id\":\"https:\\\/\\\/encompaniastj.org\\\/pt-pt\\\/a-minha-experiencia-do-cit-tabor-2022\\\/#primaryimage\"},\"image\":{\"@id\":\"https:\\\/\\\/encompaniastj.org\\\/pt-pt\\\/a-minha-experiencia-do-cit-tabor-2022\\\/#primaryimage\"},\"thumbnailUrl\":\"https:\\\/\\\/encompaniastj.org\\\/wp-content\\\/uploads\\\/2025\\\/05\\\/grupo-con-Enrique-1.jpg\",\"datePublished\":\"2022-09-14T10:03:42+00:00\",\"dateModified\":\"2025-07-07T14:23:27+00:00\",\"breadcrumb\":{\"@id\":\"https:\\\/\\\/encompaniastj.org\\\/pt-pt\\\/a-minha-experiencia-do-cit-tabor-2022\\\/#breadcrumb\"},\"inLanguage\":\"pt-PT\",\"potentialAction\":[{\"@type\":\"ReadAction\",\"target\":[\"https:\\\/\\\/encompaniastj.org\\\/pt-pt\\\/a-minha-experiencia-do-cit-tabor-2022\\\/\"]}]},{\"@type\":\"ImageObject\",\"inLanguage\":\"pt-PT\",\"@id\":\"https:\\\/\\\/encompaniastj.org\\\/pt-pt\\\/a-minha-experiencia-do-cit-tabor-2022\\\/#primaryimage\",\"url\":\"https:\\\/\\\/encompaniastj.org\\\/wp-content\\\/uploads\\\/2025\\\/05\\\/grupo-con-Enrique-1.jpg\",\"contentUrl\":\"https:\\\/\\\/encompaniastj.org\\\/wp-content\\\/uploads\\\/2025\\\/05\\\/grupo-con-Enrique-1.jpg\",\"width\":1189,\"height\":677},{\"@type\":\"BreadcrumbList\",\"@id\":\"https:\\\/\\\/encompaniastj.org\\\/pt-pt\\\/a-minha-experiencia-do-cit-tabor-2022\\\/#breadcrumb\",\"itemListElement\":[{\"@type\":\"ListItem\",\"position\":1,\"name\":\"Portada\",\"item\":\"https:\\\/\\\/encompaniastj.org\\\/pt-pt\\\/\"},{\"@type\":\"ListItem\",\"position\":2,\"name\":\"A MINHA EXPERI\u00caNCIA DO CIT TABOR 2022\"}]},{\"@type\":\"WebSite\",\"@id\":\"https:\\\/\\\/encompaniastj.org\\\/pt-pt\\\/#website\",\"url\":\"https:\\\/\\\/encompaniastj.org\\\/pt-pt\\\/\",\"name\":\"En Compa\u00f1\u00eda STJ\",\"description\":\"Bolet\u00edn de la Compa\u00f1\u00eda de Santa Teresa de Jes\u00fas\",\"publisher\":{\"@id\":\"https:\\\/\\\/encompaniastj.org\\\/pt-pt\\\/#organization\"},\"potentialAction\":[{\"@type\":\"SearchAction\",\"target\":{\"@type\":\"EntryPoint\",\"urlTemplate\":\"https:\\\/\\\/encompaniastj.org\\\/pt-pt\\\/?s={search_term_string}\"},\"query-input\":{\"@type\":\"PropertyValueSpecification\",\"valueRequired\":true,\"valueName\":\"search_term_string\"}}],\"inLanguage\":\"pt-PT\"},{\"@type\":\"Organization\",\"@id\":\"https:\\\/\\\/encompaniastj.org\\\/pt-pt\\\/#organization\",\"name\":\"Compa\u00f1\u00eda de Santa Teresa de Jes\u00fas\",\"url\":\"https:\\\/\\\/encompaniastj.org\\\/pt-pt\\\/\",\"logo\":{\"@type\":\"ImageObject\",\"inLanguage\":\"pt-PT\",\"@id\":\"https:\\\/\\\/encompaniastj.org\\\/pt-pt\\\/#\\\/schema\\\/logo\\\/image\\\/\",\"url\":\"https:\\\/\\\/encompaniastj.org\\\/wp-content\\\/uploads\\\/2025\\\/04\\\/logo_provincias02-1-3.png\",\"contentUrl\":\"https:\\\/\\\/encompaniastj.org\\\/wp-content\\\/uploads\\\/2025\\\/04\\\/logo_provincias02-1-3.png\",\"width\":2368,\"height\":825,\"caption\":\"Compa\u00f1\u00eda de Santa Teresa de Jes\u00fas\"},\"image\":{\"@id\":\"https:\\\/\\\/encompaniastj.org\\\/pt-pt\\\/#\\\/schema\\\/logo\\\/image\\\/\"}},{\"@type\":\"Person\",\"@id\":\"https:\\\/\\\/encompaniastj.org\\\/pt-pt\\\/#\\\/schema\\\/person\\\/520e7ecc314793d40091993c2a02b651\",\"name\":\"admin\",\"image\":{\"@type\":\"ImageObject\",\"inLanguage\":\"pt-PT\",\"@id\":\"https:\\\/\\\/secure.gravatar.com\\\/avatar\\\/948b492cce32b586ac2db0eaa926ee87024f7afe218d73b397ea5ddfc5f43ea1?s=96&d=mm&r=g\",\"url\":\"https:\\\/\\\/secure.gravatar.com\\\/avatar\\\/948b492cce32b586ac2db0eaa926ee87024f7afe218d73b397ea5ddfc5f43ea1?s=96&d=mm&r=g\",\"contentUrl\":\"https:\\\/\\\/secure.gravatar.com\\\/avatar\\\/948b492cce32b586ac2db0eaa926ee87024f7afe218d73b397ea5ddfc5f43ea1?s=96&d=mm&r=g\",\"caption\":\"admin\"},\"sameAs\":[\"https:\\\/\\\/encompaniastj.org\"],\"url\":\"https:\\\/\\\/encompaniastj.org\\\/pt-pt\\\/author\\\/sjdigital\\\/\"}]}<\/script>\n<!-- \/ Yoast SEO plugin. -->","yoast_head_json":{"title":"A MINHA EXPERI\u00caNCIA DO CIT TABOR 2022 - En Compa\u00f1\u00eda STJ","robots":{"index":"index","follow":"follow","max-snippet":"max-snippet:-1","max-image-preview":"max-image-preview:large","max-video-preview":"max-video-preview:-1"},"canonical":"https:\/\/encompaniastj.org\/pt-pt\/a-minha-experiencia-do-cit-tabor-2022\/","og_locale":"pt_PT","og_type":"article","og_title":"A MINHA EXPERI\u00caNCIA DO CIT TABOR 2022 - En Compa\u00f1\u00eda STJ","og_description":"Durante o m\u00eas de julho, 17 irm\u00e3s da Am\u00e9rica, \u00c1frica e Europa reuniram-se para viver o CIT Tabor. Estamos todas na Companhia entre 25 e 30 anos e, neste m\u00eas, [&hellip;]","og_url":"https:\/\/encompaniastj.org\/pt-pt\/a-minha-experiencia-do-cit-tabor-2022\/","og_site_name":"En Compa\u00f1\u00eda STJ","article_published_time":"2022-09-14T10:03:42+00:00","article_modified_time":"2025-07-07T14:23:27+00:00","og_image":[{"width":1189,"height":677,"url":"https:\/\/encompaniastj.org\/wp-content\/uploads\/2025\/05\/grupo-con-Enrique-1.jpg","type":"image\/jpeg"}],"author":"admin","twitter_card":"summary_large_image","twitter_misc":{"Escrito por":"admin","Tempo estimado de leitura":"2 minutos"},"schema":{"@context":"https:\/\/schema.org","@graph":[{"@type":"Article","@id":"https:\/\/encompaniastj.org\/pt-pt\/a-minha-experiencia-do-cit-tabor-2022\/#article","isPartOf":{"@id":"https:\/\/encompaniastj.org\/pt-pt\/a-minha-experiencia-do-cit-tabor-2022\/"},"author":{"name":"admin","@id":"https:\/\/encompaniastj.org\/pt-pt\/#\/schema\/person\/520e7ecc314793d40091993c2a02b651"},"headline":"A MINHA EXPERI\u00caNCIA DO CIT TABOR 2022","datePublished":"2022-09-14T10:03:42+00:00","dateModified":"2025-07-07T14:23:27+00:00","mainEntityOfPage":{"@id":"https:\/\/encompaniastj.org\/pt-pt\/a-minha-experiencia-do-cit-tabor-2022\/"},"wordCount":283,"commentCount":0,"publisher":{"@id":"https:\/\/encompaniastj.org\/pt-pt\/#organization"},"image":{"@id":"https:\/\/encompaniastj.org\/pt-pt\/a-minha-experiencia-do-cit-tabor-2022\/#primaryimage"},"thumbnailUrl":"https:\/\/encompaniastj.org\/wp-content\/uploads\/2025\/05\/grupo-con-Enrique-1.jpg","articleSection":["Noticias","Otras","Outras"],"inLanguage":"pt-PT","potentialAction":[{"@type":"CommentAction","name":"Comment","target":["https:\/\/encompaniastj.org\/pt-pt\/a-minha-experiencia-do-cit-tabor-2022\/#respond"]}]},{"@type":"WebPage","@id":"https:\/\/encompaniastj.org\/pt-pt\/a-minha-experiencia-do-cit-tabor-2022\/","url":"https:\/\/encompaniastj.org\/pt-pt\/a-minha-experiencia-do-cit-tabor-2022\/","name":"A MINHA EXPERI\u00caNCIA DO CIT TABOR 2022 - En Compa\u00f1\u00eda STJ","isPartOf":{"@id":"https:\/\/encompaniastj.org\/pt-pt\/#website"},"primaryImageOfPage":{"@id":"https:\/\/encompaniastj.org\/pt-pt\/a-minha-experiencia-do-cit-tabor-2022\/#primaryimage"},"image":{"@id":"https:\/\/encompaniastj.org\/pt-pt\/a-minha-experiencia-do-cit-tabor-2022\/#primaryimage"},"thumbnailUrl":"https:\/\/encompaniastj.org\/wp-content\/uploads\/2025\/05\/grupo-con-Enrique-1.jpg","datePublished":"2022-09-14T10:03:42+00:00","dateModified":"2025-07-07T14:23:27+00:00","breadcrumb":{"@id":"https:\/\/encompaniastj.org\/pt-pt\/a-minha-experiencia-do-cit-tabor-2022\/#breadcrumb"},"inLanguage":"pt-PT","potentialAction":[{"@type":"ReadAction","target":["https:\/\/encompaniastj.org\/pt-pt\/a-minha-experiencia-do-cit-tabor-2022\/"]}]},{"@type":"ImageObject","inLanguage":"pt-PT","@id":"https:\/\/encompaniastj.org\/pt-pt\/a-minha-experiencia-do-cit-tabor-2022\/#primaryimage","url":"https:\/\/encompaniastj.org\/wp-content\/uploads\/2025\/05\/grupo-con-Enrique-1.jpg","contentUrl":"https:\/\/encompaniastj.org\/wp-content\/uploads\/2025\/05\/grupo-con-Enrique-1.jpg","width":1189,"height":677},{"@type":"BreadcrumbList","@id":"https:\/\/encompaniastj.org\/pt-pt\/a-minha-experiencia-do-cit-tabor-2022\/#breadcrumb","itemListElement":[{"@type":"ListItem","position":1,"name":"Portada","item":"https:\/\/encompaniastj.org\/pt-pt\/"},{"@type":"ListItem","position":2,"name":"A MINHA EXPERI\u00caNCIA DO CIT TABOR 2022"}]},{"@type":"WebSite","@id":"https:\/\/encompaniastj.org\/pt-pt\/#website","url":"https:\/\/encompaniastj.org\/pt-pt\/","name":"En Compa\u00f1\u00eda STJ","description":"Bolet\u00edn de la Compa\u00f1\u00eda de Santa Teresa de Jes\u00fas","publisher":{"@id":"https:\/\/encompaniastj.org\/pt-pt\/#organization"},"potentialAction":[{"@type":"SearchAction","target":{"@type":"EntryPoint","urlTemplate":"https:\/\/encompaniastj.org\/pt-pt\/?s={search_term_string}"},"query-input":{"@type":"PropertyValueSpecification","valueRequired":true,"valueName":"search_term_string"}}],"inLanguage":"pt-PT"},{"@type":"Organization","@id":"https:\/\/encompaniastj.org\/pt-pt\/#organization","name":"Compa\u00f1\u00eda de Santa Teresa de Jes\u00fas","url":"https:\/\/encompaniastj.org\/pt-pt\/","logo":{"@type":"ImageObject","inLanguage":"pt-PT","@id":"https:\/\/encompaniastj.org\/pt-pt\/#\/schema\/logo\/image\/","url":"https:\/\/encompaniastj.org\/wp-content\/uploads\/2025\/04\/logo_provincias02-1-3.png","contentUrl":"https:\/\/encompaniastj.org\/wp-content\/uploads\/2025\/04\/logo_provincias02-1-3.png","width":2368,"height":825,"caption":"Compa\u00f1\u00eda de Santa Teresa de Jes\u00fas"},"image":{"@id":"https:\/\/encompaniastj.org\/pt-pt\/#\/schema\/logo\/image\/"}},{"@type":"Person","@id":"https:\/\/encompaniastj.org\/pt-pt\/#\/schema\/person\/520e7ecc314793d40091993c2a02b651","name":"admin","image":{"@type":"ImageObject","inLanguage":"pt-PT","@id":"https:\/\/secure.gravatar.com\/avatar\/948b492cce32b586ac2db0eaa926ee87024f7afe218d73b397ea5ddfc5f43ea1?s=96&d=mm&r=g","url":"https:\/\/secure.gravatar.com\/avatar\/948b492cce32b586ac2db0eaa926ee87024f7afe218d73b397ea5ddfc5f43ea1?s=96&d=mm&r=g","contentUrl":"https:\/\/secure.gravatar.com\/avatar\/948b492cce32b586ac2db0eaa926ee87024f7afe218d73b397ea5ddfc5f43ea1?s=96&d=mm&r=g","caption":"admin"},"sameAs":["https:\/\/encompaniastj.org"],"url":"https:\/\/encompaniastj.org\/pt-pt\/author\/sjdigital\/"}]}},"_links":{"self":[{"href":"https:\/\/encompaniastj.org\/pt-pt\/wp-json\/wp\/v2\/posts\/11104","targetHints":{"allow":["GET"]}}],"collection":[{"href":"https:\/\/encompaniastj.org\/pt-pt\/wp-json\/wp\/v2\/posts"}],"about":[{"href":"https:\/\/encompaniastj.org\/pt-pt\/wp-json\/wp\/v2\/types\/post"}],"author":[{"embeddable":true,"href":"https:\/\/encompaniastj.org\/pt-pt\/wp-json\/wp\/v2\/users\/1"}],"replies":[{"embeddable":true,"href":"https:\/\/encompaniastj.org\/pt-pt\/wp-json\/wp\/v2\/comments?post=11104"}],"version-history":[{"count":1,"href":"https:\/\/encompaniastj.org\/pt-pt\/wp-json\/wp\/v2\/posts\/11104\/revisions"}],"predecessor-version":[{"id":11105,"href":"https:\/\/encompaniastj.org\/pt-pt\/wp-json\/wp\/v2\/posts\/11104\/revisions\/11105"}],"wp:featuredmedia":[{"embeddable":true,"href":"https:\/\/encompaniastj.org\/pt-pt\/wp-json\/wp\/v2\/media\/7991"}],"wp:attachment":[{"href":"https:\/\/encompaniastj.org\/pt-pt\/wp-json\/wp\/v2\/media?parent=11104"}],"wp:term":[{"taxonomy":"category","embeddable":true,"href":"https:\/\/encompaniastj.org\/pt-pt\/wp-json\/wp\/v2\/categories?post=11104"},{"taxonomy":"post_tag","embeddable":true,"href":"https:\/\/encompaniastj.org\/pt-pt\/wp-json\/wp\/v2\/tags?post=11104"}],"curies":[{"name":"wp","href":"https:\/\/api.w.org\/{rel}","templated":true}]}}