{"id":11084,"date":"2022-08-26T06:34:31","date_gmt":"2022-08-26T04:34:31","guid":{"rendered":"https:\/\/encompaniastj.org\/ma-lourdes-oyarbide-jauregui-25-de-agosto-de-2022-san-sebastian-residencia-2\/"},"modified":"2025-07-07T16:23:23","modified_gmt":"2025-07-07T14:23:23","slug":"ma-lourdes-oyarbide-jauregui-25-de-agosto-de-2022-san-sebastian-residencia-2","status":"publish","type":"post","link":"https:\/\/encompaniastj.org\/pt-pt\/ma-lourdes-oyarbide-jauregui-25-de-agosto-de-2022-san-sebastian-residencia-2\/","title":{"rendered":"M\u00aa Lourdes Oyarbide J\u00e1uregui. 25 de agosto de 2022 (San Sebasti\u00e1n Benta Berri)"},"content":{"rendered":"<p>Damos gra\u00e7as pela vida de Lourdes, uma vida doada e dedicada a Jesus <em>&#8220;o amigo que nunca falha&#8221;<\/em>. Assim viveu toda a sua vida e assim a viveu nesta \u00faltima etapa que foi reflexo da sua vida simples, da aceita\u00e7\u00e3o da doen\u00e7a, da sua entrega em sil\u00eancio, do seu fazer sem ru\u00eddo, do seu acolhimento da vida no dia a dia.<\/p>\n<p>Ela nasceu no dia 20 de fevereiro de 1946 em Arama, uma pequena cidade na regi\u00e3o de Goierri de Gipuzkoa, sendo a mais nova de uma fam\u00edlia muito numerosa.<\/p>\n<p>Ao longo da sua vida soube viver e tornar realidade o legado que Henrique de Oss\u00f3 nos deixou: <em>&#8220;conhecer e amar Jesus para o tornar conhecido e amado&#8221;.<\/em> Ela viveu isso ainda crian\u00e7a na sua fam\u00edlia, onde aprendeu a conhecer e amar Jesus; viveu-o em todos os seus anos na Companhia nos diversos lugares onde demonstrou todo o seu zelo apost\u00f3lico.<\/p>\n<p>Pouco depois de deixar o noviciado, foi destinada \u00e0 Col\u00f4mbia, terra e povo que sempre guardou no cora\u00e7\u00e3o e onde \u00e9 lembrada com muito carinho. Na Espanha, desenvolveu o seu trabalho educativo em Calahorra, Zaragoza, Lasarte, Pamplona e nos \u00faltimos anos na comunidade de Bentaberri em San Sebasti\u00e1n. Dedicou a sua vida \u00e0 educa\u00e7\u00e3o tanto nos col\u00e9gios como professora de prim\u00e1ria, como nas par\u00f3quias onde ajudava na catequese de crian\u00e7as e jovens.<\/p>\n<p>Todos nos lembramos dela como uma mulher com grande capacidade de hospitalidade e relacionamento. Ela tinha uma palavra pr\u00f3xima para todos, interessava-se por todos e sentia-os a todos como amigos. Era paciente com todos e principalmente com os mais fracos e necessitados.<\/p>\n<p>Ela nunca correu para conseguir o primeiro lugar, sentia-se mais confort\u00e1vel em segundo plano, em todos os sentidos. <em>&#8220;N\u00e3o pendurava medalhas nem proclamava os seus m\u00e9ritos&#8221;,<\/em> por\u00e9m era eficiente no seu trabalho, e muitas vezes indispens\u00e1vel. Lourdes foi uma campe\u00e3 do \u201cmeio-termo\u201d.<\/p>\n<p>Ap\u00f3s sua morte no dia 25 de agosto de 2022 \u00e0s 15h35, deixa um grande vazio que se transforma numa paz serena pela certeza do encontro com Deus. Unidas \u00e0 nossa irm\u00e3 e a toda a sua fam\u00edlia dizemos: descansa em paz, Lourdes, e d\u00e1-nos uma pequena parte do teu feliz encontro.<\/p>\n<p>Tivemos a sorte de ter partilhado a vida contigo.<\/p>\n","protected":false},"excerpt":{"rendered":"<p>Damos gra\u00e7as pela vida de Lourdes, uma vida doada e dedicada a Jesus &#8220;o amigo que nunca falha&#8221;. Assim viveu toda a sua vida e assim a viveu nesta \u00faltima [&hellip;]<\/p>\n","protected":false},"author":1,"featured_media":7972,"comment_status":"open","ping_status":"open","sticky":false,"template":"","format":"standard","meta":{"_acf_changed":false,"footnotes":""},"categories":[69,63],"tags":[],"class_list":["post-11084","post","type-post","status-publish","format-standard","has-post-thumbnail","hentry","category-falecimentos","category-fallecimientos"],"acf":[],"yoast_head":"<!-- This site is optimized with the Yoast SEO plugin v27.5 - https:\/\/yoast.com\/product\/yoast-seo-wordpress\/ -->\n<title>M\u00aa Lourdes Oyarbide J\u00e1uregui. 25 de agosto de 2022 (San Sebasti\u00e1n Benta Berri) - En Compa\u00f1\u00eda STJ<\/title>\n<meta name=\"robots\" content=\"index, follow, max-snippet:-1, max-image-preview:large, max-video-preview:-1\" \/>\n<link rel=\"canonical\" href=\"https:\/\/encompaniastj.org\/pt-pt\/ma-lourdes-oyarbide-jauregui-25-de-agosto-de-2022-san-sebastian-residencia-2\/\" \/>\n<meta property=\"og:locale\" content=\"pt_PT\" \/>\n<meta property=\"og:type\" content=\"article\" \/>\n<meta property=\"og:title\" content=\"M\u00aa Lourdes Oyarbide J\u00e1uregui. 25 de agosto de 2022 (San Sebasti\u00e1n Benta Berri) - En Compa\u00f1\u00eda STJ\" \/>\n<meta property=\"og:description\" content=\"Damos gra\u00e7as pela vida de Lourdes, uma vida doada e dedicada a Jesus &#8220;o amigo que nunca falha&#8221;. Assim viveu toda a sua vida e assim a viveu nesta \u00faltima [&hellip;]\" \/>\n<meta property=\"og:url\" content=\"https:\/\/encompaniastj.org\/pt-pt\/ma-lourdes-oyarbide-jauregui-25-de-agosto-de-2022-san-sebastian-residencia-2\/\" \/>\n<meta property=\"og:site_name\" content=\"En Compa\u00f1\u00eda STJ\" \/>\n<meta property=\"article:published_time\" content=\"2022-08-26T04:34:31+00:00\" \/>\n<meta property=\"article:modified_time\" content=\"2025-07-07T14:23:23+00:00\" \/>\n<meta property=\"og:image\" content=\"https:\/\/encompaniastj.org\/wp-content\/uploads\/2025\/05\/Gupuzcoa.jpg\" \/>\n\t<meta property=\"og:image:width\" content=\"612\" \/>\n\t<meta property=\"og:image:height\" content=\"407\" \/>\n\t<meta property=\"og:image:type\" content=\"image\/jpeg\" \/>\n<meta name=\"author\" content=\"admin\" \/>\n<meta name=\"twitter:card\" content=\"summary_large_image\" \/>\n<meta name=\"twitter:label1\" content=\"Escrito por\" \/>\n\t<meta name=\"twitter:data1\" content=\"admin\" \/>\n\t<meta name=\"twitter:label2\" content=\"Tempo estimado de leitura\" \/>\n\t<meta name=\"twitter:data2\" content=\"2 minutos\" \/>\n<script type=\"application\/ld+json\" class=\"yoast-schema-graph\">{\"@context\":\"https:\\\/\\\/schema.org\",\"@graph\":[{\"@type\":\"Article\",\"@id\":\"https:\\\/\\\/encompaniastj.org\\\/pt-pt\\\/ma-lourdes-oyarbide-jauregui-25-de-agosto-de-2022-san-sebastian-residencia-2\\\/#article\",\"isPartOf\":{\"@id\":\"https:\\\/\\\/encompaniastj.org\\\/pt-pt\\\/ma-lourdes-oyarbide-jauregui-25-de-agosto-de-2022-san-sebastian-residencia-2\\\/\"},\"author\":{\"name\":\"admin\",\"@id\":\"https:\\\/\\\/encompaniastj.org\\\/pt-pt\\\/#\\\/schema\\\/person\\\/520e7ecc314793d40091993c2a02b651\"},\"headline\":\"M\u00aa Lourdes Oyarbide J\u00e1uregui. 25 de agosto de 2022 (San Sebasti\u00e1n Benta Berri)\",\"datePublished\":\"2022-08-26T04:34:31+00:00\",\"dateModified\":\"2025-07-07T14:23:23+00:00\",\"mainEntityOfPage\":{\"@id\":\"https:\\\/\\\/encompaniastj.org\\\/pt-pt\\\/ma-lourdes-oyarbide-jauregui-25-de-agosto-de-2022-san-sebastian-residencia-2\\\/\"},\"wordCount\":400,\"commentCount\":0,\"publisher\":{\"@id\":\"https:\\\/\\\/encompaniastj.org\\\/pt-pt\\\/#organization\"},\"image\":{\"@id\":\"https:\\\/\\\/encompaniastj.org\\\/pt-pt\\\/ma-lourdes-oyarbide-jauregui-25-de-agosto-de-2022-san-sebastian-residencia-2\\\/#primaryimage\"},\"thumbnailUrl\":\"https:\\\/\\\/encompaniastj.org\\\/wp-content\\\/uploads\\\/2025\\\/05\\\/Gupuzcoa.jpg\",\"articleSection\":[\"Falecimentos\",\"Fallecimientos\"],\"inLanguage\":\"pt-PT\",\"potentialAction\":[{\"@type\":\"CommentAction\",\"name\":\"Comment\",\"target\":[\"https:\\\/\\\/encompaniastj.org\\\/pt-pt\\\/ma-lourdes-oyarbide-jauregui-25-de-agosto-de-2022-san-sebastian-residencia-2\\\/#respond\"]}]},{\"@type\":\"WebPage\",\"@id\":\"https:\\\/\\\/encompaniastj.org\\\/pt-pt\\\/ma-lourdes-oyarbide-jauregui-25-de-agosto-de-2022-san-sebastian-residencia-2\\\/\",\"url\":\"https:\\\/\\\/encompaniastj.org\\\/pt-pt\\\/ma-lourdes-oyarbide-jauregui-25-de-agosto-de-2022-san-sebastian-residencia-2\\\/\",\"name\":\"M\u00aa Lourdes Oyarbide J\u00e1uregui. 25 de agosto de 2022 (San Sebasti\u00e1n Benta Berri) - En Compa\u00f1\u00eda STJ\",\"isPartOf\":{\"@id\":\"https:\\\/\\\/encompaniastj.org\\\/pt-pt\\\/#website\"},\"primaryImageOfPage\":{\"@id\":\"https:\\\/\\\/encompaniastj.org\\\/pt-pt\\\/ma-lourdes-oyarbide-jauregui-25-de-agosto-de-2022-san-sebastian-residencia-2\\\/#primaryimage\"},\"image\":{\"@id\":\"https:\\\/\\\/encompaniastj.org\\\/pt-pt\\\/ma-lourdes-oyarbide-jauregui-25-de-agosto-de-2022-san-sebastian-residencia-2\\\/#primaryimage\"},\"thumbnailUrl\":\"https:\\\/\\\/encompaniastj.org\\\/wp-content\\\/uploads\\\/2025\\\/05\\\/Gupuzcoa.jpg\",\"datePublished\":\"2022-08-26T04:34:31+00:00\",\"dateModified\":\"2025-07-07T14:23:23+00:00\",\"breadcrumb\":{\"@id\":\"https:\\\/\\\/encompaniastj.org\\\/pt-pt\\\/ma-lourdes-oyarbide-jauregui-25-de-agosto-de-2022-san-sebastian-residencia-2\\\/#breadcrumb\"},\"inLanguage\":\"pt-PT\",\"potentialAction\":[{\"@type\":\"ReadAction\",\"target\":[\"https:\\\/\\\/encompaniastj.org\\\/pt-pt\\\/ma-lourdes-oyarbide-jauregui-25-de-agosto-de-2022-san-sebastian-residencia-2\\\/\"]}]},{\"@type\":\"ImageObject\",\"inLanguage\":\"pt-PT\",\"@id\":\"https:\\\/\\\/encompaniastj.org\\\/pt-pt\\\/ma-lourdes-oyarbide-jauregui-25-de-agosto-de-2022-san-sebastian-residencia-2\\\/#primaryimage\",\"url\":\"https:\\\/\\\/encompaniastj.org\\\/wp-content\\\/uploads\\\/2025\\\/05\\\/Gupuzcoa.jpg\",\"contentUrl\":\"https:\\\/\\\/encompaniastj.org\\\/wp-content\\\/uploads\\\/2025\\\/05\\\/Gupuzcoa.jpg\",\"width\":612,\"height\":407},{\"@type\":\"BreadcrumbList\",\"@id\":\"https:\\\/\\\/encompaniastj.org\\\/pt-pt\\\/ma-lourdes-oyarbide-jauregui-25-de-agosto-de-2022-san-sebastian-residencia-2\\\/#breadcrumb\",\"itemListElement\":[{\"@type\":\"ListItem\",\"position\":1,\"name\":\"Portada\",\"item\":\"https:\\\/\\\/encompaniastj.org\\\/pt-pt\\\/\"},{\"@type\":\"ListItem\",\"position\":2,\"name\":\"M\u00aa Lourdes Oyarbide J\u00e1uregui. 25 de agosto de 2022 (San Sebasti\u00e1n Benta Berri)\"}]},{\"@type\":\"WebSite\",\"@id\":\"https:\\\/\\\/encompaniastj.org\\\/pt-pt\\\/#website\",\"url\":\"https:\\\/\\\/encompaniastj.org\\\/pt-pt\\\/\",\"name\":\"En Compa\u00f1\u00eda STJ\",\"description\":\"Bolet\u00edn de la Compa\u00f1\u00eda de Santa Teresa de Jes\u00fas\",\"publisher\":{\"@id\":\"https:\\\/\\\/encompaniastj.org\\\/pt-pt\\\/#organization\"},\"potentialAction\":[{\"@type\":\"SearchAction\",\"target\":{\"@type\":\"EntryPoint\",\"urlTemplate\":\"https:\\\/\\\/encompaniastj.org\\\/pt-pt\\\/?s={search_term_string}\"},\"query-input\":{\"@type\":\"PropertyValueSpecification\",\"valueRequired\":true,\"valueName\":\"search_term_string\"}}],\"inLanguage\":\"pt-PT\"},{\"@type\":\"Organization\",\"@id\":\"https:\\\/\\\/encompaniastj.org\\\/pt-pt\\\/#organization\",\"name\":\"Compa\u00f1\u00eda de Santa Teresa de Jes\u00fas\",\"url\":\"https:\\\/\\\/encompaniastj.org\\\/pt-pt\\\/\",\"logo\":{\"@type\":\"ImageObject\",\"inLanguage\":\"pt-PT\",\"@id\":\"https:\\\/\\\/encompaniastj.org\\\/pt-pt\\\/#\\\/schema\\\/logo\\\/image\\\/\",\"url\":\"https:\\\/\\\/encompaniastj.org\\\/wp-content\\\/uploads\\\/2025\\\/04\\\/logo_provincias02-1-3.png\",\"contentUrl\":\"https:\\\/\\\/encompaniastj.org\\\/wp-content\\\/uploads\\\/2025\\\/04\\\/logo_provincias02-1-3.png\",\"width\":2368,\"height\":825,\"caption\":\"Compa\u00f1\u00eda de Santa Teresa de Jes\u00fas\"},\"image\":{\"@id\":\"https:\\\/\\\/encompaniastj.org\\\/pt-pt\\\/#\\\/schema\\\/logo\\\/image\\\/\"}},{\"@type\":\"Person\",\"@id\":\"https:\\\/\\\/encompaniastj.org\\\/pt-pt\\\/#\\\/schema\\\/person\\\/520e7ecc314793d40091993c2a02b651\",\"name\":\"admin\",\"image\":{\"@type\":\"ImageObject\",\"inLanguage\":\"pt-PT\",\"@id\":\"https:\\\/\\\/secure.gravatar.com\\\/avatar\\\/948b492cce32b586ac2db0eaa926ee87024f7afe218d73b397ea5ddfc5f43ea1?s=96&d=mm&r=g\",\"url\":\"https:\\\/\\\/secure.gravatar.com\\\/avatar\\\/948b492cce32b586ac2db0eaa926ee87024f7afe218d73b397ea5ddfc5f43ea1?s=96&d=mm&r=g\",\"contentUrl\":\"https:\\\/\\\/secure.gravatar.com\\\/avatar\\\/948b492cce32b586ac2db0eaa926ee87024f7afe218d73b397ea5ddfc5f43ea1?s=96&d=mm&r=g\",\"caption\":\"admin\"},\"sameAs\":[\"https:\\\/\\\/encompaniastj.org\"],\"url\":\"https:\\\/\\\/encompaniastj.org\\\/pt-pt\\\/author\\\/sjdigital\\\/\"}]}<\/script>\n<!-- \/ Yoast SEO plugin. -->","yoast_head_json":{"title":"M\u00aa Lourdes Oyarbide J\u00e1uregui. 25 de agosto de 2022 (San Sebasti\u00e1n Benta Berri) - En Compa\u00f1\u00eda STJ","robots":{"index":"index","follow":"follow","max-snippet":"max-snippet:-1","max-image-preview":"max-image-preview:large","max-video-preview":"max-video-preview:-1"},"canonical":"https:\/\/encompaniastj.org\/pt-pt\/ma-lourdes-oyarbide-jauregui-25-de-agosto-de-2022-san-sebastian-residencia-2\/","og_locale":"pt_PT","og_type":"article","og_title":"M\u00aa Lourdes Oyarbide J\u00e1uregui. 25 de agosto de 2022 (San Sebasti\u00e1n Benta Berri) - En Compa\u00f1\u00eda STJ","og_description":"Damos gra\u00e7as pela vida de Lourdes, uma vida doada e dedicada a Jesus &#8220;o amigo que nunca falha&#8221;. Assim viveu toda a sua vida e assim a viveu nesta \u00faltima [&hellip;]","og_url":"https:\/\/encompaniastj.org\/pt-pt\/ma-lourdes-oyarbide-jauregui-25-de-agosto-de-2022-san-sebastian-residencia-2\/","og_site_name":"En Compa\u00f1\u00eda STJ","article_published_time":"2022-08-26T04:34:31+00:00","article_modified_time":"2025-07-07T14:23:23+00:00","og_image":[{"width":612,"height":407,"url":"https:\/\/encompaniastj.org\/wp-content\/uploads\/2025\/05\/Gupuzcoa.jpg","type":"image\/jpeg"}],"author":"admin","twitter_card":"summary_large_image","twitter_misc":{"Escrito por":"admin","Tempo estimado de leitura":"2 minutos"},"schema":{"@context":"https:\/\/schema.org","@graph":[{"@type":"Article","@id":"https:\/\/encompaniastj.org\/pt-pt\/ma-lourdes-oyarbide-jauregui-25-de-agosto-de-2022-san-sebastian-residencia-2\/#article","isPartOf":{"@id":"https:\/\/encompaniastj.org\/pt-pt\/ma-lourdes-oyarbide-jauregui-25-de-agosto-de-2022-san-sebastian-residencia-2\/"},"author":{"name":"admin","@id":"https:\/\/encompaniastj.org\/pt-pt\/#\/schema\/person\/520e7ecc314793d40091993c2a02b651"},"headline":"M\u00aa Lourdes Oyarbide J\u00e1uregui. 25 de agosto de 2022 (San Sebasti\u00e1n Benta Berri)","datePublished":"2022-08-26T04:34:31+00:00","dateModified":"2025-07-07T14:23:23+00:00","mainEntityOfPage":{"@id":"https:\/\/encompaniastj.org\/pt-pt\/ma-lourdes-oyarbide-jauregui-25-de-agosto-de-2022-san-sebastian-residencia-2\/"},"wordCount":400,"commentCount":0,"publisher":{"@id":"https:\/\/encompaniastj.org\/pt-pt\/#organization"},"image":{"@id":"https:\/\/encompaniastj.org\/pt-pt\/ma-lourdes-oyarbide-jauregui-25-de-agosto-de-2022-san-sebastian-residencia-2\/#primaryimage"},"thumbnailUrl":"https:\/\/encompaniastj.org\/wp-content\/uploads\/2025\/05\/Gupuzcoa.jpg","articleSection":["Falecimentos","Fallecimientos"],"inLanguage":"pt-PT","potentialAction":[{"@type":"CommentAction","name":"Comment","target":["https:\/\/encompaniastj.org\/pt-pt\/ma-lourdes-oyarbide-jauregui-25-de-agosto-de-2022-san-sebastian-residencia-2\/#respond"]}]},{"@type":"WebPage","@id":"https:\/\/encompaniastj.org\/pt-pt\/ma-lourdes-oyarbide-jauregui-25-de-agosto-de-2022-san-sebastian-residencia-2\/","url":"https:\/\/encompaniastj.org\/pt-pt\/ma-lourdes-oyarbide-jauregui-25-de-agosto-de-2022-san-sebastian-residencia-2\/","name":"M\u00aa Lourdes Oyarbide J\u00e1uregui. 25 de agosto de 2022 (San Sebasti\u00e1n Benta Berri) - En Compa\u00f1\u00eda STJ","isPartOf":{"@id":"https:\/\/encompaniastj.org\/pt-pt\/#website"},"primaryImageOfPage":{"@id":"https:\/\/encompaniastj.org\/pt-pt\/ma-lourdes-oyarbide-jauregui-25-de-agosto-de-2022-san-sebastian-residencia-2\/#primaryimage"},"image":{"@id":"https:\/\/encompaniastj.org\/pt-pt\/ma-lourdes-oyarbide-jauregui-25-de-agosto-de-2022-san-sebastian-residencia-2\/#primaryimage"},"thumbnailUrl":"https:\/\/encompaniastj.org\/wp-content\/uploads\/2025\/05\/Gupuzcoa.jpg","datePublished":"2022-08-26T04:34:31+00:00","dateModified":"2025-07-07T14:23:23+00:00","breadcrumb":{"@id":"https:\/\/encompaniastj.org\/pt-pt\/ma-lourdes-oyarbide-jauregui-25-de-agosto-de-2022-san-sebastian-residencia-2\/#breadcrumb"},"inLanguage":"pt-PT","potentialAction":[{"@type":"ReadAction","target":["https:\/\/encompaniastj.org\/pt-pt\/ma-lourdes-oyarbide-jauregui-25-de-agosto-de-2022-san-sebastian-residencia-2\/"]}]},{"@type":"ImageObject","inLanguage":"pt-PT","@id":"https:\/\/encompaniastj.org\/pt-pt\/ma-lourdes-oyarbide-jauregui-25-de-agosto-de-2022-san-sebastian-residencia-2\/#primaryimage","url":"https:\/\/encompaniastj.org\/wp-content\/uploads\/2025\/05\/Gupuzcoa.jpg","contentUrl":"https:\/\/encompaniastj.org\/wp-content\/uploads\/2025\/05\/Gupuzcoa.jpg","width":612,"height":407},{"@type":"BreadcrumbList","@id":"https:\/\/encompaniastj.org\/pt-pt\/ma-lourdes-oyarbide-jauregui-25-de-agosto-de-2022-san-sebastian-residencia-2\/#breadcrumb","itemListElement":[{"@type":"ListItem","position":1,"name":"Portada","item":"https:\/\/encompaniastj.org\/pt-pt\/"},{"@type":"ListItem","position":2,"name":"M\u00aa Lourdes Oyarbide J\u00e1uregui. 25 de agosto de 2022 (San Sebasti\u00e1n Benta Berri)"}]},{"@type":"WebSite","@id":"https:\/\/encompaniastj.org\/pt-pt\/#website","url":"https:\/\/encompaniastj.org\/pt-pt\/","name":"En Compa\u00f1\u00eda STJ","description":"Bolet\u00edn de la Compa\u00f1\u00eda de Santa Teresa de Jes\u00fas","publisher":{"@id":"https:\/\/encompaniastj.org\/pt-pt\/#organization"},"potentialAction":[{"@type":"SearchAction","target":{"@type":"EntryPoint","urlTemplate":"https:\/\/encompaniastj.org\/pt-pt\/?s={search_term_string}"},"query-input":{"@type":"PropertyValueSpecification","valueRequired":true,"valueName":"search_term_string"}}],"inLanguage":"pt-PT"},{"@type":"Organization","@id":"https:\/\/encompaniastj.org\/pt-pt\/#organization","name":"Compa\u00f1\u00eda de Santa Teresa de Jes\u00fas","url":"https:\/\/encompaniastj.org\/pt-pt\/","logo":{"@type":"ImageObject","inLanguage":"pt-PT","@id":"https:\/\/encompaniastj.org\/pt-pt\/#\/schema\/logo\/image\/","url":"https:\/\/encompaniastj.org\/wp-content\/uploads\/2025\/04\/logo_provincias02-1-3.png","contentUrl":"https:\/\/encompaniastj.org\/wp-content\/uploads\/2025\/04\/logo_provincias02-1-3.png","width":2368,"height":825,"caption":"Compa\u00f1\u00eda de Santa Teresa de Jes\u00fas"},"image":{"@id":"https:\/\/encompaniastj.org\/pt-pt\/#\/schema\/logo\/image\/"}},{"@type":"Person","@id":"https:\/\/encompaniastj.org\/pt-pt\/#\/schema\/person\/520e7ecc314793d40091993c2a02b651","name":"admin","image":{"@type":"ImageObject","inLanguage":"pt-PT","@id":"https:\/\/secure.gravatar.com\/avatar\/948b492cce32b586ac2db0eaa926ee87024f7afe218d73b397ea5ddfc5f43ea1?s=96&d=mm&r=g","url":"https:\/\/secure.gravatar.com\/avatar\/948b492cce32b586ac2db0eaa926ee87024f7afe218d73b397ea5ddfc5f43ea1?s=96&d=mm&r=g","contentUrl":"https:\/\/secure.gravatar.com\/avatar\/948b492cce32b586ac2db0eaa926ee87024f7afe218d73b397ea5ddfc5f43ea1?s=96&d=mm&r=g","caption":"admin"},"sameAs":["https:\/\/encompaniastj.org"],"url":"https:\/\/encompaniastj.org\/pt-pt\/author\/sjdigital\/"}]}},"_links":{"self":[{"href":"https:\/\/encompaniastj.org\/pt-pt\/wp-json\/wp\/v2\/posts\/11084","targetHints":{"allow":["GET"]}}],"collection":[{"href":"https:\/\/encompaniastj.org\/pt-pt\/wp-json\/wp\/v2\/posts"}],"about":[{"href":"https:\/\/encompaniastj.org\/pt-pt\/wp-json\/wp\/v2\/types\/post"}],"author":[{"embeddable":true,"href":"https:\/\/encompaniastj.org\/pt-pt\/wp-json\/wp\/v2\/users\/1"}],"replies":[{"embeddable":true,"href":"https:\/\/encompaniastj.org\/pt-pt\/wp-json\/wp\/v2\/comments?post=11084"}],"version-history":[{"count":1,"href":"https:\/\/encompaniastj.org\/pt-pt\/wp-json\/wp\/v2\/posts\/11084\/revisions"}],"predecessor-version":[{"id":11085,"href":"https:\/\/encompaniastj.org\/pt-pt\/wp-json\/wp\/v2\/posts\/11084\/revisions\/11085"}],"wp:featuredmedia":[{"embeddable":true,"href":"https:\/\/encompaniastj.org\/pt-pt\/wp-json\/wp\/v2\/media\/7972"}],"wp:attachment":[{"href":"https:\/\/encompaniastj.org\/pt-pt\/wp-json\/wp\/v2\/media?parent=11084"}],"wp:term":[{"taxonomy":"category","embeddable":true,"href":"https:\/\/encompaniastj.org\/pt-pt\/wp-json\/wp\/v2\/categories?post=11084"},{"taxonomy":"post_tag","embeddable":true,"href":"https:\/\/encompaniastj.org\/pt-pt\/wp-json\/wp\/v2\/tags?post=11084"}],"curies":[{"name":"wp","href":"https:\/\/api.w.org\/{rel}","templated":true}]}}