{"id":11080,"date":"2022-08-25T06:15:28","date_gmt":"2022-08-25T04:15:28","guid":{"rendered":"https:\/\/encompaniastj.org\/a-paroquia-del-carmen-despede-se-da-comunidade-teresiana-do-raval\/"},"modified":"2025-07-07T16:23:23","modified_gmt":"2025-07-07T14:23:23","slug":"a-paroquia-del-carmen-despede-se-da-comunidade-teresiana-do-raval","status":"publish","type":"post","link":"https:\/\/encompaniastj.org\/pt-pt\/a-paroquia-del-carmen-despede-se-da-comunidade-teresiana-do-raval\/","title":{"rendered":"A PAR\u00d3QUIA DEL CARMEN DESPEDE-SE DA COMUNIDADE TERESIANA DO RAVAL"},"content":{"rendered":"<p>N\u00e3o esper\u00e1vamos que aquele dia, 16 de julho, festa da Virgem del Carmen e padroeira da nossa par\u00f3quia, tivesse uma despedida emocionante reservada para n\u00f3s.<\/p>\n<p>Assim que entr\u00e1mos pela porta central do fundo da igreja, alguns dos paroquianos mais comprometidos esperavam-nos e disseram-nos para irmos para a primeira fila de bancos que nos tinham reservado.<\/p>\n<p>De fato, uns grandes letreiros - &#8220;RESERVADO \u00c0 COMUNIDADE TERESIANA&#8221; - ocupavam os nossos lugares.<\/p>\n<p>Sendo a grande festa da patrona, concelebraram mais de dez sacerdotes desde o arcipreste da zona, a v\u00e1rios Escol\u00e1pios, cuja Congrega\u00e7\u00e3o \u00e9 respons\u00e1vel da par\u00f3quia.<\/p>\n<p>O mais emocionante foi que foram celebrados tr\u00eas anivers\u00e1rios: os 50 anos de vida religiosa como Escol\u00e1pio do vig\u00e1rio da par\u00f3quia, os 25 anos de presid\u00eancia do Centro Cultural de um casal muito comprometido e a nossa despedida do Raval.<\/p>\n<p>Com alus\u00e3o aos tr\u00eas acontecimentos na homilia e nos pequenos \u201cdiscursos\u201d dos tr\u00eas homenageados, record\u00e1mos tudo o que foi recebido e partilhado.<\/p>\n<p>No final da Eucaristia, o P. Provincial Eduardo Pini quis que os \u201chomenageados\u201d d\u00e9ssemos a b\u00ean\u00e7\u00e3o aos paroquianos que encheram a igreja como nas grandes ocasi\u00f5es.<\/p>\n<p>E, para terminar, houve um concerto e algumas lembran\u00e7as que foram entregues a cada um de n\u00f3s.<\/p>\n<p>Sentimo-nos animados e agradecidos.<\/p>\n<p>As fotos dizem muito do ato. (M. Vict\u00f3ria Molins)<\/p>\n<p><img loading=\"lazy\" decoding=\"async\" class=\"size-medium wp-image-9150 alignleft\" src=\"https:\/\/encompaniastj.org\/wp-content\/uploads\/2025\/05\/foto1-2.png\" alt=\"\" width=\"300\" height=\"300\" \/> <img loading=\"lazy\" decoding=\"async\" class=\"aligncenter size-medium wp-image-9152\" src=\"https:\/\/encompaniastj.org\/wp-content\/uploads\/2025\/05\/foto2-1.png\" alt=\"\" width=\"300\" height=\"300\" \/><\/p>\n<p>&nbsp;<\/p>\n<p><img loading=\"lazy\" decoding=\"async\" class=\"size-medium wp-image-9148 alignleft\" src=\"https:\/\/encompaniastj.org\/wp-content\/uploads\/2025\/05\/6.-Carmen-Villaba-la-laica-de-la-Comunidad.jpg\" alt=\"\" width=\"300\" height=\"200\" \/> <img loading=\"lazy\" decoding=\"async\" class=\"aligncenter wp-image-9146\" src=\"https:\/\/encompaniastj.org\/wp-content\/uploads\/2025\/05\/5.-M.-Victoria-fundadora-y-la-mas-antigua-explica-lo-que-ha-sido-para-la-comunidad-el-barrio-y-la-parroquia.jpg\" alt=\"\" width=\"358\" height=\"209\" \/><\/p>\n","protected":false},"excerpt":{"rendered":"<p>N\u00e3o esper\u00e1vamos que aquele dia, 16 de julho, festa da Virgem del Carmen e padroeira da nossa par\u00f3quia, tivesse uma despedida emocionante reservada para n\u00f3s. Assim que entr\u00e1mos pela porta [&hellip;]<\/p>\n","protected":false},"author":1,"featured_media":7971,"comment_status":"open","ping_status":"open","sticky":false,"template":"","format":"standard","meta":{"_acf_changed":false,"footnotes":""},"categories":[61,80,78],"tags":[],"class_list":["post-11080","post","type-post","status-publish","format-standard","has-post-thumbnail","hentry","category-noticias","category-paroquial-eclesial","category-parroquial-eclesial"],"acf":[],"yoast_head":"<!-- This site is optimized with the Yoast SEO plugin v27.5 - https:\/\/yoast.com\/product\/yoast-seo-wordpress\/ -->\n<title>A PAR\u00d3QUIA DEL CARMEN DESPEDE-SE DA COMUNIDADE TERESIANA DO RAVAL - En Compa\u00f1\u00eda STJ<\/title>\n<meta name=\"robots\" content=\"index, follow, max-snippet:-1, max-image-preview:large, max-video-preview:-1\" \/>\n<link rel=\"canonical\" href=\"https:\/\/encompaniastj.org\/pt-pt\/a-paroquia-del-carmen-despede-se-da-comunidade-teresiana-do-raval\/\" \/>\n<meta property=\"og:locale\" content=\"pt_PT\" \/>\n<meta property=\"og:type\" content=\"article\" \/>\n<meta property=\"og:title\" content=\"A PAR\u00d3QUIA DEL CARMEN DESPEDE-SE DA COMUNIDADE TERESIANA DO RAVAL - En Compa\u00f1\u00eda STJ\" \/>\n<meta property=\"og:description\" content=\"N\u00e3o esper\u00e1vamos que aquele dia, 16 de julho, festa da Virgem del Carmen e padroeira da nossa par\u00f3quia, tivesse uma despedida emocionante reservada para n\u00f3s. Assim que entr\u00e1mos pela porta [&hellip;]\" \/>\n<meta property=\"og:url\" content=\"https:\/\/encompaniastj.org\/pt-pt\/a-paroquia-del-carmen-despede-se-da-comunidade-teresiana-do-raval\/\" \/>\n<meta property=\"og:site_name\" content=\"En Compa\u00f1\u00eda STJ\" \/>\n<meta property=\"article:published_time\" content=\"2022-08-25T04:15:28+00:00\" \/>\n<meta property=\"article:modified_time\" content=\"2025-07-07T14:23:23+00:00\" \/>\n<meta property=\"og:image\" content=\"https:\/\/encompaniastj.org\/wp-content\/uploads\/2025\/05\/1.-la-Comunidad-en-lugar-reservado.jpg\" \/>\n\t<meta property=\"og:image:width\" content=\"1600\" \/>\n\t<meta property=\"og:image:height\" content=\"1066\" \/>\n\t<meta property=\"og:image:type\" content=\"image\/jpeg\" \/>\n<meta name=\"author\" content=\"admin\" \/>\n<meta name=\"twitter:card\" content=\"summary_large_image\" \/>\n<meta name=\"twitter:label1\" content=\"Escrito por\" \/>\n\t<meta name=\"twitter:data1\" content=\"admin\" \/>\n\t<meta name=\"twitter:label2\" content=\"Tempo estimado de leitura\" \/>\n\t<meta name=\"twitter:data2\" content=\"2 minutos\" \/>\n<script type=\"application\/ld+json\" class=\"yoast-schema-graph\">{\"@context\":\"https:\\\/\\\/schema.org\",\"@graph\":[{\"@type\":\"Article\",\"@id\":\"https:\\\/\\\/encompaniastj.org\\\/pt-pt\\\/a-paroquia-del-carmen-despede-se-da-comunidade-teresiana-do-raval\\\/#article\",\"isPartOf\":{\"@id\":\"https:\\\/\\\/encompaniastj.org\\\/pt-pt\\\/a-paroquia-del-carmen-despede-se-da-comunidade-teresiana-do-raval\\\/\"},\"author\":{\"name\":\"admin\",\"@id\":\"https:\\\/\\\/encompaniastj.org\\\/pt-pt\\\/#\\\/schema\\\/person\\\/520e7ecc314793d40091993c2a02b651\"},\"headline\":\"A PAR\u00d3QUIA DEL CARMEN DESPEDE-SE DA COMUNIDADE TERESIANA DO RAVAL\",\"datePublished\":\"2022-08-25T04:15:28+00:00\",\"dateModified\":\"2025-07-07T14:23:23+00:00\",\"mainEntityOfPage\":{\"@id\":\"https:\\\/\\\/encompaniastj.org\\\/pt-pt\\\/a-paroquia-del-carmen-despede-se-da-comunidade-teresiana-do-raval\\\/\"},\"wordCount\":247,\"commentCount\":0,\"publisher\":{\"@id\":\"https:\\\/\\\/encompaniastj.org\\\/pt-pt\\\/#organization\"},\"image\":{\"@id\":\"https:\\\/\\\/encompaniastj.org\\\/pt-pt\\\/a-paroquia-del-carmen-despede-se-da-comunidade-teresiana-do-raval\\\/#primaryimage\"},\"thumbnailUrl\":\"https:\\\/\\\/encompaniastj.org\\\/wp-content\\\/uploads\\\/2025\\\/05\\\/1.-la-Comunidad-en-lugar-reservado.jpg\",\"articleSection\":[\"Noticias\",\"Paroquial - eclesial\",\"Parroquial - Eclesial\"],\"inLanguage\":\"pt-PT\",\"potentialAction\":[{\"@type\":\"CommentAction\",\"name\":\"Comment\",\"target\":[\"https:\\\/\\\/encompaniastj.org\\\/pt-pt\\\/a-paroquia-del-carmen-despede-se-da-comunidade-teresiana-do-raval\\\/#respond\"]}]},{\"@type\":\"WebPage\",\"@id\":\"https:\\\/\\\/encompaniastj.org\\\/pt-pt\\\/a-paroquia-del-carmen-despede-se-da-comunidade-teresiana-do-raval\\\/\",\"url\":\"https:\\\/\\\/encompaniastj.org\\\/pt-pt\\\/a-paroquia-del-carmen-despede-se-da-comunidade-teresiana-do-raval\\\/\",\"name\":\"A PAR\u00d3QUIA DEL CARMEN DESPEDE-SE DA COMUNIDADE TERESIANA DO RAVAL - En Compa\u00f1\u00eda STJ\",\"isPartOf\":{\"@id\":\"https:\\\/\\\/encompaniastj.org\\\/pt-pt\\\/#website\"},\"primaryImageOfPage\":{\"@id\":\"https:\\\/\\\/encompaniastj.org\\\/pt-pt\\\/a-paroquia-del-carmen-despede-se-da-comunidade-teresiana-do-raval\\\/#primaryimage\"},\"image\":{\"@id\":\"https:\\\/\\\/encompaniastj.org\\\/pt-pt\\\/a-paroquia-del-carmen-despede-se-da-comunidade-teresiana-do-raval\\\/#primaryimage\"},\"thumbnailUrl\":\"https:\\\/\\\/encompaniastj.org\\\/wp-content\\\/uploads\\\/2025\\\/05\\\/1.-la-Comunidad-en-lugar-reservado.jpg\",\"datePublished\":\"2022-08-25T04:15:28+00:00\",\"dateModified\":\"2025-07-07T14:23:23+00:00\",\"breadcrumb\":{\"@id\":\"https:\\\/\\\/encompaniastj.org\\\/pt-pt\\\/a-paroquia-del-carmen-despede-se-da-comunidade-teresiana-do-raval\\\/#breadcrumb\"},\"inLanguage\":\"pt-PT\",\"potentialAction\":[{\"@type\":\"ReadAction\",\"target\":[\"https:\\\/\\\/encompaniastj.org\\\/pt-pt\\\/a-paroquia-del-carmen-despede-se-da-comunidade-teresiana-do-raval\\\/\"]}]},{\"@type\":\"ImageObject\",\"inLanguage\":\"pt-PT\",\"@id\":\"https:\\\/\\\/encompaniastj.org\\\/pt-pt\\\/a-paroquia-del-carmen-despede-se-da-comunidade-teresiana-do-raval\\\/#primaryimage\",\"url\":\"https:\\\/\\\/encompaniastj.org\\\/wp-content\\\/uploads\\\/2025\\\/05\\\/1.-la-Comunidad-en-lugar-reservado.jpg\",\"contentUrl\":\"https:\\\/\\\/encompaniastj.org\\\/wp-content\\\/uploads\\\/2025\\\/05\\\/1.-la-Comunidad-en-lugar-reservado.jpg\",\"width\":1600,\"height\":1066},{\"@type\":\"BreadcrumbList\",\"@id\":\"https:\\\/\\\/encompaniastj.org\\\/pt-pt\\\/a-paroquia-del-carmen-despede-se-da-comunidade-teresiana-do-raval\\\/#breadcrumb\",\"itemListElement\":[{\"@type\":\"ListItem\",\"position\":1,\"name\":\"Portada\",\"item\":\"https:\\\/\\\/encompaniastj.org\\\/pt-pt\\\/\"},{\"@type\":\"ListItem\",\"position\":2,\"name\":\"A PAR\u00d3QUIA DEL CARMEN DESPEDE-SE DA COMUNIDADE TERESIANA DO RAVAL\"}]},{\"@type\":\"WebSite\",\"@id\":\"https:\\\/\\\/encompaniastj.org\\\/pt-pt\\\/#website\",\"url\":\"https:\\\/\\\/encompaniastj.org\\\/pt-pt\\\/\",\"name\":\"En Compa\u00f1\u00eda STJ\",\"description\":\"Bolet\u00edn de la Compa\u00f1\u00eda de Santa Teresa de Jes\u00fas\",\"publisher\":{\"@id\":\"https:\\\/\\\/encompaniastj.org\\\/pt-pt\\\/#organization\"},\"potentialAction\":[{\"@type\":\"SearchAction\",\"target\":{\"@type\":\"EntryPoint\",\"urlTemplate\":\"https:\\\/\\\/encompaniastj.org\\\/pt-pt\\\/?s={search_term_string}\"},\"query-input\":{\"@type\":\"PropertyValueSpecification\",\"valueRequired\":true,\"valueName\":\"search_term_string\"}}],\"inLanguage\":\"pt-PT\"},{\"@type\":\"Organization\",\"@id\":\"https:\\\/\\\/encompaniastj.org\\\/pt-pt\\\/#organization\",\"name\":\"Compa\u00f1\u00eda de Santa Teresa de Jes\u00fas\",\"url\":\"https:\\\/\\\/encompaniastj.org\\\/pt-pt\\\/\",\"logo\":{\"@type\":\"ImageObject\",\"inLanguage\":\"pt-PT\",\"@id\":\"https:\\\/\\\/encompaniastj.org\\\/pt-pt\\\/#\\\/schema\\\/logo\\\/image\\\/\",\"url\":\"https:\\\/\\\/encompaniastj.org\\\/wp-content\\\/uploads\\\/2025\\\/04\\\/logo_provincias02-1-3.png\",\"contentUrl\":\"https:\\\/\\\/encompaniastj.org\\\/wp-content\\\/uploads\\\/2025\\\/04\\\/logo_provincias02-1-3.png\",\"width\":2368,\"height\":825,\"caption\":\"Compa\u00f1\u00eda de Santa Teresa de Jes\u00fas\"},\"image\":{\"@id\":\"https:\\\/\\\/encompaniastj.org\\\/pt-pt\\\/#\\\/schema\\\/logo\\\/image\\\/\"}},{\"@type\":\"Person\",\"@id\":\"https:\\\/\\\/encompaniastj.org\\\/pt-pt\\\/#\\\/schema\\\/person\\\/520e7ecc314793d40091993c2a02b651\",\"name\":\"admin\",\"image\":{\"@type\":\"ImageObject\",\"inLanguage\":\"pt-PT\",\"@id\":\"https:\\\/\\\/secure.gravatar.com\\\/avatar\\\/948b492cce32b586ac2db0eaa926ee87024f7afe218d73b397ea5ddfc5f43ea1?s=96&d=mm&r=g\",\"url\":\"https:\\\/\\\/secure.gravatar.com\\\/avatar\\\/948b492cce32b586ac2db0eaa926ee87024f7afe218d73b397ea5ddfc5f43ea1?s=96&d=mm&r=g\",\"contentUrl\":\"https:\\\/\\\/secure.gravatar.com\\\/avatar\\\/948b492cce32b586ac2db0eaa926ee87024f7afe218d73b397ea5ddfc5f43ea1?s=96&d=mm&r=g\",\"caption\":\"admin\"},\"sameAs\":[\"https:\\\/\\\/encompaniastj.org\"],\"url\":\"https:\\\/\\\/encompaniastj.org\\\/pt-pt\\\/author\\\/sjdigital\\\/\"}]}<\/script>\n<!-- \/ Yoast SEO plugin. -->","yoast_head_json":{"title":"A PAR\u00d3QUIA DEL CARMEN DESPEDE-SE DA COMUNIDADE TERESIANA DO RAVAL - En Compa\u00f1\u00eda STJ","robots":{"index":"index","follow":"follow","max-snippet":"max-snippet:-1","max-image-preview":"max-image-preview:large","max-video-preview":"max-video-preview:-1"},"canonical":"https:\/\/encompaniastj.org\/pt-pt\/a-paroquia-del-carmen-despede-se-da-comunidade-teresiana-do-raval\/","og_locale":"pt_PT","og_type":"article","og_title":"A PAR\u00d3QUIA DEL CARMEN DESPEDE-SE DA COMUNIDADE TERESIANA DO RAVAL - En Compa\u00f1\u00eda STJ","og_description":"N\u00e3o esper\u00e1vamos que aquele dia, 16 de julho, festa da Virgem del Carmen e padroeira da nossa par\u00f3quia, tivesse uma despedida emocionante reservada para n\u00f3s. Assim que entr\u00e1mos pela porta [&hellip;]","og_url":"https:\/\/encompaniastj.org\/pt-pt\/a-paroquia-del-carmen-despede-se-da-comunidade-teresiana-do-raval\/","og_site_name":"En Compa\u00f1\u00eda STJ","article_published_time":"2022-08-25T04:15:28+00:00","article_modified_time":"2025-07-07T14:23:23+00:00","og_image":[{"width":1600,"height":1066,"url":"https:\/\/encompaniastj.org\/wp-content\/uploads\/2025\/05\/1.-la-Comunidad-en-lugar-reservado.jpg","type":"image\/jpeg"}],"author":"admin","twitter_card":"summary_large_image","twitter_misc":{"Escrito por":"admin","Tempo estimado de leitura":"2 minutos"},"schema":{"@context":"https:\/\/schema.org","@graph":[{"@type":"Article","@id":"https:\/\/encompaniastj.org\/pt-pt\/a-paroquia-del-carmen-despede-se-da-comunidade-teresiana-do-raval\/#article","isPartOf":{"@id":"https:\/\/encompaniastj.org\/pt-pt\/a-paroquia-del-carmen-despede-se-da-comunidade-teresiana-do-raval\/"},"author":{"name":"admin","@id":"https:\/\/encompaniastj.org\/pt-pt\/#\/schema\/person\/520e7ecc314793d40091993c2a02b651"},"headline":"A PAR\u00d3QUIA DEL CARMEN DESPEDE-SE DA COMUNIDADE TERESIANA DO RAVAL","datePublished":"2022-08-25T04:15:28+00:00","dateModified":"2025-07-07T14:23:23+00:00","mainEntityOfPage":{"@id":"https:\/\/encompaniastj.org\/pt-pt\/a-paroquia-del-carmen-despede-se-da-comunidade-teresiana-do-raval\/"},"wordCount":247,"commentCount":0,"publisher":{"@id":"https:\/\/encompaniastj.org\/pt-pt\/#organization"},"image":{"@id":"https:\/\/encompaniastj.org\/pt-pt\/a-paroquia-del-carmen-despede-se-da-comunidade-teresiana-do-raval\/#primaryimage"},"thumbnailUrl":"https:\/\/encompaniastj.org\/wp-content\/uploads\/2025\/05\/1.-la-Comunidad-en-lugar-reservado.jpg","articleSection":["Noticias","Paroquial - eclesial","Parroquial - Eclesial"],"inLanguage":"pt-PT","potentialAction":[{"@type":"CommentAction","name":"Comment","target":["https:\/\/encompaniastj.org\/pt-pt\/a-paroquia-del-carmen-despede-se-da-comunidade-teresiana-do-raval\/#respond"]}]},{"@type":"WebPage","@id":"https:\/\/encompaniastj.org\/pt-pt\/a-paroquia-del-carmen-despede-se-da-comunidade-teresiana-do-raval\/","url":"https:\/\/encompaniastj.org\/pt-pt\/a-paroquia-del-carmen-despede-se-da-comunidade-teresiana-do-raval\/","name":"A PAR\u00d3QUIA DEL CARMEN DESPEDE-SE DA COMUNIDADE TERESIANA DO RAVAL - En Compa\u00f1\u00eda STJ","isPartOf":{"@id":"https:\/\/encompaniastj.org\/pt-pt\/#website"},"primaryImageOfPage":{"@id":"https:\/\/encompaniastj.org\/pt-pt\/a-paroquia-del-carmen-despede-se-da-comunidade-teresiana-do-raval\/#primaryimage"},"image":{"@id":"https:\/\/encompaniastj.org\/pt-pt\/a-paroquia-del-carmen-despede-se-da-comunidade-teresiana-do-raval\/#primaryimage"},"thumbnailUrl":"https:\/\/encompaniastj.org\/wp-content\/uploads\/2025\/05\/1.-la-Comunidad-en-lugar-reservado.jpg","datePublished":"2022-08-25T04:15:28+00:00","dateModified":"2025-07-07T14:23:23+00:00","breadcrumb":{"@id":"https:\/\/encompaniastj.org\/pt-pt\/a-paroquia-del-carmen-despede-se-da-comunidade-teresiana-do-raval\/#breadcrumb"},"inLanguage":"pt-PT","potentialAction":[{"@type":"ReadAction","target":["https:\/\/encompaniastj.org\/pt-pt\/a-paroquia-del-carmen-despede-se-da-comunidade-teresiana-do-raval\/"]}]},{"@type":"ImageObject","inLanguage":"pt-PT","@id":"https:\/\/encompaniastj.org\/pt-pt\/a-paroquia-del-carmen-despede-se-da-comunidade-teresiana-do-raval\/#primaryimage","url":"https:\/\/encompaniastj.org\/wp-content\/uploads\/2025\/05\/1.-la-Comunidad-en-lugar-reservado.jpg","contentUrl":"https:\/\/encompaniastj.org\/wp-content\/uploads\/2025\/05\/1.-la-Comunidad-en-lugar-reservado.jpg","width":1600,"height":1066},{"@type":"BreadcrumbList","@id":"https:\/\/encompaniastj.org\/pt-pt\/a-paroquia-del-carmen-despede-se-da-comunidade-teresiana-do-raval\/#breadcrumb","itemListElement":[{"@type":"ListItem","position":1,"name":"Portada","item":"https:\/\/encompaniastj.org\/pt-pt\/"},{"@type":"ListItem","position":2,"name":"A PAR\u00d3QUIA DEL CARMEN DESPEDE-SE DA COMUNIDADE TERESIANA DO RAVAL"}]},{"@type":"WebSite","@id":"https:\/\/encompaniastj.org\/pt-pt\/#website","url":"https:\/\/encompaniastj.org\/pt-pt\/","name":"En Compa\u00f1\u00eda STJ","description":"Bolet\u00edn de la Compa\u00f1\u00eda de Santa Teresa de Jes\u00fas","publisher":{"@id":"https:\/\/encompaniastj.org\/pt-pt\/#organization"},"potentialAction":[{"@type":"SearchAction","target":{"@type":"EntryPoint","urlTemplate":"https:\/\/encompaniastj.org\/pt-pt\/?s={search_term_string}"},"query-input":{"@type":"PropertyValueSpecification","valueRequired":true,"valueName":"search_term_string"}}],"inLanguage":"pt-PT"},{"@type":"Organization","@id":"https:\/\/encompaniastj.org\/pt-pt\/#organization","name":"Compa\u00f1\u00eda de Santa Teresa de Jes\u00fas","url":"https:\/\/encompaniastj.org\/pt-pt\/","logo":{"@type":"ImageObject","inLanguage":"pt-PT","@id":"https:\/\/encompaniastj.org\/pt-pt\/#\/schema\/logo\/image\/","url":"https:\/\/encompaniastj.org\/wp-content\/uploads\/2025\/04\/logo_provincias02-1-3.png","contentUrl":"https:\/\/encompaniastj.org\/wp-content\/uploads\/2025\/04\/logo_provincias02-1-3.png","width":2368,"height":825,"caption":"Compa\u00f1\u00eda de Santa Teresa de Jes\u00fas"},"image":{"@id":"https:\/\/encompaniastj.org\/pt-pt\/#\/schema\/logo\/image\/"}},{"@type":"Person","@id":"https:\/\/encompaniastj.org\/pt-pt\/#\/schema\/person\/520e7ecc314793d40091993c2a02b651","name":"admin","image":{"@type":"ImageObject","inLanguage":"pt-PT","@id":"https:\/\/secure.gravatar.com\/avatar\/948b492cce32b586ac2db0eaa926ee87024f7afe218d73b397ea5ddfc5f43ea1?s=96&d=mm&r=g","url":"https:\/\/secure.gravatar.com\/avatar\/948b492cce32b586ac2db0eaa926ee87024f7afe218d73b397ea5ddfc5f43ea1?s=96&d=mm&r=g","contentUrl":"https:\/\/secure.gravatar.com\/avatar\/948b492cce32b586ac2db0eaa926ee87024f7afe218d73b397ea5ddfc5f43ea1?s=96&d=mm&r=g","caption":"admin"},"sameAs":["https:\/\/encompaniastj.org"],"url":"https:\/\/encompaniastj.org\/pt-pt\/author\/sjdigital\/"}]}},"_links":{"self":[{"href":"https:\/\/encompaniastj.org\/pt-pt\/wp-json\/wp\/v2\/posts\/11080","targetHints":{"allow":["GET"]}}],"collection":[{"href":"https:\/\/encompaniastj.org\/pt-pt\/wp-json\/wp\/v2\/posts"}],"about":[{"href":"https:\/\/encompaniastj.org\/pt-pt\/wp-json\/wp\/v2\/types\/post"}],"author":[{"embeddable":true,"href":"https:\/\/encompaniastj.org\/pt-pt\/wp-json\/wp\/v2\/users\/1"}],"replies":[{"embeddable":true,"href":"https:\/\/encompaniastj.org\/pt-pt\/wp-json\/wp\/v2\/comments?post=11080"}],"version-history":[{"count":1,"href":"https:\/\/encompaniastj.org\/pt-pt\/wp-json\/wp\/v2\/posts\/11080\/revisions"}],"predecessor-version":[{"id":11081,"href":"https:\/\/encompaniastj.org\/pt-pt\/wp-json\/wp\/v2\/posts\/11080\/revisions\/11081"}],"wp:featuredmedia":[{"embeddable":true,"href":"https:\/\/encompaniastj.org\/pt-pt\/wp-json\/wp\/v2\/media\/7971"}],"wp:attachment":[{"href":"https:\/\/encompaniastj.org\/pt-pt\/wp-json\/wp\/v2\/media?parent=11080"}],"wp:term":[{"taxonomy":"category","embeddable":true,"href":"https:\/\/encompaniastj.org\/pt-pt\/wp-json\/wp\/v2\/categories?post=11080"},{"taxonomy":"post_tag","embeddable":true,"href":"https:\/\/encompaniastj.org\/pt-pt\/wp-json\/wp\/v2\/tags?post=11080"}],"curies":[{"name":"wp","href":"https:\/\/api.w.org\/{rel}","templated":true}]}}