{"id":11076,"date":"2022-08-24T09:09:43","date_gmt":"2022-08-24T07:09:43","guid":{"rendered":"https:\/\/encompaniastj.org\/juana-marina-carro-23-de-agosto-de-2022-torrent-el-vedat-residencia-2\/"},"modified":"2025-07-07T16:23:23","modified_gmt":"2025-07-07T14:23:23","slug":"juana-marina-carro-23-de-agosto-de-2022-torrent-el-vedat-residencia-2","status":"publish","type":"post","link":"https:\/\/encompaniastj.org\/pt-pt\/juana-marina-carro-23-de-agosto-de-2022-torrent-el-vedat-residencia-2\/","title":{"rendered":"Juana Marina Carro. 23 de agosto de 2022 (Torrent El Vedat Residencia)"},"content":{"rendered":"<p>No dia 23 de agosto de 2022, \u00e0s 22h, faleceu em Torrent, El Vedat - Resid\u00eancia, a nossa irm\u00e3 Joana de Jesus Eucaristia Marina Carro. Nascida em Burgo de Osma (S\u00f3ria), tinha 96 anos e estava doente h\u00e1 algum tempo e necessitava de cuidados.<\/p>\n<p>Entrou na Companhia, no noviciado de Tortosa, em 1943. Ap\u00f3s alguns anos de trabalho apost\u00f3lico em Vilanova e Barcelona, \u200b\u200bfoi destinada ao Chile, onde viveu em diferentes comunidades, Illapel, Santiago, Los Angeles, Nascimento, Canela Alta\u2026 1962 a 2007. Duas palavras resumem a sua miss\u00e3o apost\u00f3lica: Grande mestra e grande ap\u00f3stolo de Jesus. \u00c9 assim que \u00e9 lembrado. Em 2007, ao chegar \u00e0 Espanha, foi destinada \u00e0 comunidade do Ramo de Sarago\u00e7a, onde viveu por quatro anos, antes de ser destinada \u00e0 comunidade Vedat Resid\u00eancia.<\/p>\n<p>As irm\u00e3s que viveram com ela -j\u00e1 muito doente- na resid\u00eancia de Vedat d\u00e3o conta de sua discri\u00e7\u00e3o, bondade, afeto e gratid\u00e3o, que ela muitas vezes expressava com os olhos ou estendendo a m\u00e3o para sentir o contato f\u00edsico das irm\u00e3s e cuidadores. Certamente n\u00e3o poder expressar-se com palavras ajudou-a a crescer na intimidade com aquele Jesus que ela tanto amava e que, ao ser nomeado, os seus olhos se lhe iluminavam.<\/p>\n<p>Vamos sentir a falta dela, mas sabemos que o lugar dela agora, no cora\u00e7\u00e3o de Deus, \u00e9 o lugar da alegria que ningu\u00e9m pode tirar dela. Descansa em paz, Juanita.<\/p>\n","protected":false},"excerpt":{"rendered":"<p>No dia 23 de agosto de 2022, \u00e0s 22h, faleceu em Torrent, El Vedat - Resid\u00eancia, a nossa irm\u00e3 Joana de Jesus Eucaristia Marina Carro. Nascida em Burgo de Osma [&hellip;]<\/p>\n","protected":false},"author":1,"featured_media":7966,"comment_status":"open","ping_status":"open","sticky":false,"template":"","format":"standard","meta":{"_acf_changed":false,"_et_pb_use_builder":"","_et_pb_old_content":"","_et_gb_content_width":"","footnotes":""},"categories":[69,63],"tags":[],"class_list":["post-11076","post","type-post","status-publish","format-standard","has-post-thumbnail","hentry","category-falecimentos","category-fallecimientos"],"acf":[],"yoast_head":"<!-- This site is optimized with the Yoast SEO plugin v27.5 - https:\/\/yoast.com\/product\/yoast-seo-wordpress\/ -->\n<title>Juana Marina Carro. 23 de agosto de 2022 (Torrent El Vedat Residencia) - En Compa\u00f1\u00eda STJ<\/title>\n<meta name=\"robots\" content=\"index, follow, max-snippet:-1, max-image-preview:large, max-video-preview:-1\" \/>\n<link rel=\"canonical\" href=\"https:\/\/encompaniastj.org\/pt-pt\/juana-marina-carro-23-de-agosto-de-2022-torrent-el-vedat-residencia-2\/\" \/>\n<meta property=\"og:locale\" content=\"pt_PT\" \/>\n<meta property=\"og:type\" content=\"article\" \/>\n<meta property=\"og:title\" content=\"Juana Marina Carro. 23 de agosto de 2022 (Torrent El Vedat Residencia) - En Compa\u00f1\u00eda STJ\" \/>\n<meta property=\"og:description\" content=\"No dia 23 de agosto de 2022, \u00e0s 22h, faleceu em Torrent, El Vedat - Resid\u00eancia, a nossa irm\u00e3 Joana de Jesus Eucaristia Marina Carro. Nascida em Burgo de Osma [&hellip;]\" \/>\n<meta property=\"og:url\" content=\"https:\/\/encompaniastj.org\/pt-pt\/juana-marina-carro-23-de-agosto-de-2022-torrent-el-vedat-residencia-2\/\" \/>\n<meta property=\"og:site_name\" content=\"En Compa\u00f1\u00eda STJ\" \/>\n<meta property=\"article:published_time\" content=\"2022-08-24T07:09:43+00:00\" \/>\n<meta property=\"article:modified_time\" content=\"2025-07-07T14:23:23+00:00\" \/>\n<meta property=\"og:image\" content=\"https:\/\/encompaniastj.org\/wp-content\/uploads\/2025\/05\/Juana-M.jpg\" \/>\n\t<meta property=\"og:image:width\" content=\"1280\" \/>\n\t<meta property=\"og:image:height\" content=\"943\" \/>\n\t<meta property=\"og:image:type\" content=\"image\/jpeg\" \/>\n<meta name=\"author\" content=\"admin\" \/>\n<meta name=\"twitter:card\" content=\"summary_large_image\" \/>\n<meta name=\"twitter:label1\" content=\"Escrito por\" \/>\n\t<meta name=\"twitter:data1\" content=\"admin\" \/>\n\t<meta name=\"twitter:label2\" content=\"Tempo estimado de leitura\" \/>\n\t<meta name=\"twitter:data2\" content=\"2 minutos\" \/>\n<script type=\"application\/ld+json\" class=\"yoast-schema-graph\">{\"@context\":\"https:\\\/\\\/schema.org\",\"@graph\":[{\"@type\":\"Article\",\"@id\":\"https:\\\/\\\/encompaniastj.org\\\/pt-pt\\\/juana-marina-carro-23-de-agosto-de-2022-torrent-el-vedat-residencia-2\\\/#article\",\"isPartOf\":{\"@id\":\"https:\\\/\\\/encompaniastj.org\\\/pt-pt\\\/juana-marina-carro-23-de-agosto-de-2022-torrent-el-vedat-residencia-2\\\/\"},\"author\":{\"name\":\"admin\",\"@id\":\"https:\\\/\\\/encompaniastj.org\\\/pt-pt\\\/#\\\/schema\\\/person\\\/520e7ecc314793d40091993c2a02b651\"},\"headline\":\"Juana Marina Carro. 23 de agosto de 2022 (Torrent El Vedat Residencia)\",\"datePublished\":\"2022-08-24T07:09:43+00:00\",\"dateModified\":\"2025-07-07T14:23:23+00:00\",\"mainEntityOfPage\":{\"@id\":\"https:\\\/\\\/encompaniastj.org\\\/pt-pt\\\/juana-marina-carro-23-de-agosto-de-2022-torrent-el-vedat-residencia-2\\\/\"},\"wordCount\":247,\"commentCount\":0,\"publisher\":{\"@id\":\"https:\\\/\\\/encompaniastj.org\\\/pt-pt\\\/#organization\"},\"image\":{\"@id\":\"https:\\\/\\\/encompaniastj.org\\\/pt-pt\\\/juana-marina-carro-23-de-agosto-de-2022-torrent-el-vedat-residencia-2\\\/#primaryimage\"},\"thumbnailUrl\":\"https:\\\/\\\/encompaniastj.org\\\/wp-content\\\/uploads\\\/2025\\\/05\\\/Juana-M.jpg\",\"articleSection\":[\"Falecimentos\",\"Fallecimientos\"],\"inLanguage\":\"pt-PT\",\"potentialAction\":[{\"@type\":\"CommentAction\",\"name\":\"Comment\",\"target\":[\"https:\\\/\\\/encompaniastj.org\\\/pt-pt\\\/juana-marina-carro-23-de-agosto-de-2022-torrent-el-vedat-residencia-2\\\/#respond\"]}]},{\"@type\":\"WebPage\",\"@id\":\"https:\\\/\\\/encompaniastj.org\\\/pt-pt\\\/juana-marina-carro-23-de-agosto-de-2022-torrent-el-vedat-residencia-2\\\/\",\"url\":\"https:\\\/\\\/encompaniastj.org\\\/pt-pt\\\/juana-marina-carro-23-de-agosto-de-2022-torrent-el-vedat-residencia-2\\\/\",\"name\":\"Juana Marina Carro. 23 de agosto de 2022 (Torrent El Vedat Residencia) - En Compa\u00f1\u00eda STJ\",\"isPartOf\":{\"@id\":\"https:\\\/\\\/encompaniastj.org\\\/pt-pt\\\/#website\"},\"primaryImageOfPage\":{\"@id\":\"https:\\\/\\\/encompaniastj.org\\\/pt-pt\\\/juana-marina-carro-23-de-agosto-de-2022-torrent-el-vedat-residencia-2\\\/#primaryimage\"},\"image\":{\"@id\":\"https:\\\/\\\/encompaniastj.org\\\/pt-pt\\\/juana-marina-carro-23-de-agosto-de-2022-torrent-el-vedat-residencia-2\\\/#primaryimage\"},\"thumbnailUrl\":\"https:\\\/\\\/encompaniastj.org\\\/wp-content\\\/uploads\\\/2025\\\/05\\\/Juana-M.jpg\",\"datePublished\":\"2022-08-24T07:09:43+00:00\",\"dateModified\":\"2025-07-07T14:23:23+00:00\",\"breadcrumb\":{\"@id\":\"https:\\\/\\\/encompaniastj.org\\\/pt-pt\\\/juana-marina-carro-23-de-agosto-de-2022-torrent-el-vedat-residencia-2\\\/#breadcrumb\"},\"inLanguage\":\"pt-PT\",\"potentialAction\":[{\"@type\":\"ReadAction\",\"target\":[\"https:\\\/\\\/encompaniastj.org\\\/pt-pt\\\/juana-marina-carro-23-de-agosto-de-2022-torrent-el-vedat-residencia-2\\\/\"]}]},{\"@type\":\"ImageObject\",\"inLanguage\":\"pt-PT\",\"@id\":\"https:\\\/\\\/encompaniastj.org\\\/pt-pt\\\/juana-marina-carro-23-de-agosto-de-2022-torrent-el-vedat-residencia-2\\\/#primaryimage\",\"url\":\"https:\\\/\\\/encompaniastj.org\\\/wp-content\\\/uploads\\\/2025\\\/05\\\/Juana-M.jpg\",\"contentUrl\":\"https:\\\/\\\/encompaniastj.org\\\/wp-content\\\/uploads\\\/2025\\\/05\\\/Juana-M.jpg\",\"width\":1280,\"height\":943},{\"@type\":\"BreadcrumbList\",\"@id\":\"https:\\\/\\\/encompaniastj.org\\\/pt-pt\\\/juana-marina-carro-23-de-agosto-de-2022-torrent-el-vedat-residencia-2\\\/#breadcrumb\",\"itemListElement\":[{\"@type\":\"ListItem\",\"position\":1,\"name\":\"Portada\",\"item\":\"https:\\\/\\\/encompaniastj.org\\\/pt-pt\\\/\"},{\"@type\":\"ListItem\",\"position\":2,\"name\":\"Juana Marina Carro. 23 de agosto de 2022 (Torrent El Vedat Residencia)\"}]},{\"@type\":\"WebSite\",\"@id\":\"https:\\\/\\\/encompaniastj.org\\\/pt-pt\\\/#website\",\"url\":\"https:\\\/\\\/encompaniastj.org\\\/pt-pt\\\/\",\"name\":\"En Compa\u00f1\u00eda STJ\",\"description\":\"Bolet\u00edn de la Compa\u00f1\u00eda de Santa Teresa de Jes\u00fas\",\"publisher\":{\"@id\":\"https:\\\/\\\/encompaniastj.org\\\/pt-pt\\\/#organization\"},\"potentialAction\":[{\"@type\":\"SearchAction\",\"target\":{\"@type\":\"EntryPoint\",\"urlTemplate\":\"https:\\\/\\\/encompaniastj.org\\\/pt-pt\\\/?s={search_term_string}\"},\"query-input\":{\"@type\":\"PropertyValueSpecification\",\"valueRequired\":true,\"valueName\":\"search_term_string\"}}],\"inLanguage\":\"pt-PT\"},{\"@type\":\"Organization\",\"@id\":\"https:\\\/\\\/encompaniastj.org\\\/pt-pt\\\/#organization\",\"name\":\"Compa\u00f1\u00eda de Santa Teresa de Jes\u00fas\",\"url\":\"https:\\\/\\\/encompaniastj.org\\\/pt-pt\\\/\",\"logo\":{\"@type\":\"ImageObject\",\"inLanguage\":\"pt-PT\",\"@id\":\"https:\\\/\\\/encompaniastj.org\\\/pt-pt\\\/#\\\/schema\\\/logo\\\/image\\\/\",\"url\":\"https:\\\/\\\/encompaniastj.org\\\/wp-content\\\/uploads\\\/2025\\\/04\\\/logo_provincias02-1-3.png\",\"contentUrl\":\"https:\\\/\\\/encompaniastj.org\\\/wp-content\\\/uploads\\\/2025\\\/04\\\/logo_provincias02-1-3.png\",\"width\":2368,\"height\":825,\"caption\":\"Compa\u00f1\u00eda de Santa Teresa de Jes\u00fas\"},\"image\":{\"@id\":\"https:\\\/\\\/encompaniastj.org\\\/pt-pt\\\/#\\\/schema\\\/logo\\\/image\\\/\"}},{\"@type\":\"Person\",\"@id\":\"https:\\\/\\\/encompaniastj.org\\\/pt-pt\\\/#\\\/schema\\\/person\\\/520e7ecc314793d40091993c2a02b651\",\"name\":\"admin\",\"image\":{\"@type\":\"ImageObject\",\"inLanguage\":\"pt-PT\",\"@id\":\"https:\\\/\\\/secure.gravatar.com\\\/avatar\\\/948b492cce32b586ac2db0eaa926ee87024f7afe218d73b397ea5ddfc5f43ea1?s=96&d=mm&r=g\",\"url\":\"https:\\\/\\\/secure.gravatar.com\\\/avatar\\\/948b492cce32b586ac2db0eaa926ee87024f7afe218d73b397ea5ddfc5f43ea1?s=96&d=mm&r=g\",\"contentUrl\":\"https:\\\/\\\/secure.gravatar.com\\\/avatar\\\/948b492cce32b586ac2db0eaa926ee87024f7afe218d73b397ea5ddfc5f43ea1?s=96&d=mm&r=g\",\"caption\":\"admin\"},\"sameAs\":[\"https:\\\/\\\/encompaniastj.org\"],\"url\":\"https:\\\/\\\/encompaniastj.org\\\/pt-pt\\\/author\\\/sjdigital\\\/\"}]}<\/script>\n<!-- \/ Yoast SEO plugin. -->","yoast_head_json":{"title":"Juana Marina Carro. 23 de agosto de 2022 (Torrent El Vedat Residencia) - En Compa\u00f1\u00eda STJ","robots":{"index":"index","follow":"follow","max-snippet":"max-snippet:-1","max-image-preview":"max-image-preview:large","max-video-preview":"max-video-preview:-1"},"canonical":"https:\/\/encompaniastj.org\/pt-pt\/juana-marina-carro-23-de-agosto-de-2022-torrent-el-vedat-residencia-2\/","og_locale":"pt_PT","og_type":"article","og_title":"Juana Marina Carro. 23 de agosto de 2022 (Torrent El Vedat Residencia) - En Compa\u00f1\u00eda STJ","og_description":"No dia 23 de agosto de 2022, \u00e0s 22h, faleceu em Torrent, El Vedat - Resid\u00eancia, a nossa irm\u00e3 Joana de Jesus Eucaristia Marina Carro. Nascida em Burgo de Osma [&hellip;]","og_url":"https:\/\/encompaniastj.org\/pt-pt\/juana-marina-carro-23-de-agosto-de-2022-torrent-el-vedat-residencia-2\/","og_site_name":"En Compa\u00f1\u00eda STJ","article_published_time":"2022-08-24T07:09:43+00:00","article_modified_time":"2025-07-07T14:23:23+00:00","og_image":[{"width":1280,"height":943,"url":"https:\/\/encompaniastj.org\/wp-content\/uploads\/2025\/05\/Juana-M.jpg","type":"image\/jpeg"}],"author":"admin","twitter_card":"summary_large_image","twitter_misc":{"Escrito por":"admin","Tempo estimado de leitura":"2 minutos"},"schema":{"@context":"https:\/\/schema.org","@graph":[{"@type":"Article","@id":"https:\/\/encompaniastj.org\/pt-pt\/juana-marina-carro-23-de-agosto-de-2022-torrent-el-vedat-residencia-2\/#article","isPartOf":{"@id":"https:\/\/encompaniastj.org\/pt-pt\/juana-marina-carro-23-de-agosto-de-2022-torrent-el-vedat-residencia-2\/"},"author":{"name":"admin","@id":"https:\/\/encompaniastj.org\/pt-pt\/#\/schema\/person\/520e7ecc314793d40091993c2a02b651"},"headline":"Juana Marina Carro. 23 de agosto de 2022 (Torrent El Vedat Residencia)","datePublished":"2022-08-24T07:09:43+00:00","dateModified":"2025-07-07T14:23:23+00:00","mainEntityOfPage":{"@id":"https:\/\/encompaniastj.org\/pt-pt\/juana-marina-carro-23-de-agosto-de-2022-torrent-el-vedat-residencia-2\/"},"wordCount":247,"commentCount":0,"publisher":{"@id":"https:\/\/encompaniastj.org\/pt-pt\/#organization"},"image":{"@id":"https:\/\/encompaniastj.org\/pt-pt\/juana-marina-carro-23-de-agosto-de-2022-torrent-el-vedat-residencia-2\/#primaryimage"},"thumbnailUrl":"https:\/\/encompaniastj.org\/wp-content\/uploads\/2025\/05\/Juana-M.jpg","articleSection":["Falecimentos","Fallecimientos"],"inLanguage":"pt-PT","potentialAction":[{"@type":"CommentAction","name":"Comment","target":["https:\/\/encompaniastj.org\/pt-pt\/juana-marina-carro-23-de-agosto-de-2022-torrent-el-vedat-residencia-2\/#respond"]}]},{"@type":"WebPage","@id":"https:\/\/encompaniastj.org\/pt-pt\/juana-marina-carro-23-de-agosto-de-2022-torrent-el-vedat-residencia-2\/","url":"https:\/\/encompaniastj.org\/pt-pt\/juana-marina-carro-23-de-agosto-de-2022-torrent-el-vedat-residencia-2\/","name":"Juana Marina Carro. 23 de agosto de 2022 (Torrent El Vedat Residencia) - En Compa\u00f1\u00eda STJ","isPartOf":{"@id":"https:\/\/encompaniastj.org\/pt-pt\/#website"},"primaryImageOfPage":{"@id":"https:\/\/encompaniastj.org\/pt-pt\/juana-marina-carro-23-de-agosto-de-2022-torrent-el-vedat-residencia-2\/#primaryimage"},"image":{"@id":"https:\/\/encompaniastj.org\/pt-pt\/juana-marina-carro-23-de-agosto-de-2022-torrent-el-vedat-residencia-2\/#primaryimage"},"thumbnailUrl":"https:\/\/encompaniastj.org\/wp-content\/uploads\/2025\/05\/Juana-M.jpg","datePublished":"2022-08-24T07:09:43+00:00","dateModified":"2025-07-07T14:23:23+00:00","breadcrumb":{"@id":"https:\/\/encompaniastj.org\/pt-pt\/juana-marina-carro-23-de-agosto-de-2022-torrent-el-vedat-residencia-2\/#breadcrumb"},"inLanguage":"pt-PT","potentialAction":[{"@type":"ReadAction","target":["https:\/\/encompaniastj.org\/pt-pt\/juana-marina-carro-23-de-agosto-de-2022-torrent-el-vedat-residencia-2\/"]}]},{"@type":"ImageObject","inLanguage":"pt-PT","@id":"https:\/\/encompaniastj.org\/pt-pt\/juana-marina-carro-23-de-agosto-de-2022-torrent-el-vedat-residencia-2\/#primaryimage","url":"https:\/\/encompaniastj.org\/wp-content\/uploads\/2025\/05\/Juana-M.jpg","contentUrl":"https:\/\/encompaniastj.org\/wp-content\/uploads\/2025\/05\/Juana-M.jpg","width":1280,"height":943},{"@type":"BreadcrumbList","@id":"https:\/\/encompaniastj.org\/pt-pt\/juana-marina-carro-23-de-agosto-de-2022-torrent-el-vedat-residencia-2\/#breadcrumb","itemListElement":[{"@type":"ListItem","position":1,"name":"Portada","item":"https:\/\/encompaniastj.org\/pt-pt\/"},{"@type":"ListItem","position":2,"name":"Juana Marina Carro. 23 de agosto de 2022 (Torrent El Vedat Residencia)"}]},{"@type":"WebSite","@id":"https:\/\/encompaniastj.org\/pt-pt\/#website","url":"https:\/\/encompaniastj.org\/pt-pt\/","name":"En Compa\u00f1\u00eda STJ","description":"Bolet\u00edn de la Compa\u00f1\u00eda de Santa Teresa de Jes\u00fas","publisher":{"@id":"https:\/\/encompaniastj.org\/pt-pt\/#organization"},"potentialAction":[{"@type":"SearchAction","target":{"@type":"EntryPoint","urlTemplate":"https:\/\/encompaniastj.org\/pt-pt\/?s={search_term_string}"},"query-input":{"@type":"PropertyValueSpecification","valueRequired":true,"valueName":"search_term_string"}}],"inLanguage":"pt-PT"},{"@type":"Organization","@id":"https:\/\/encompaniastj.org\/pt-pt\/#organization","name":"Compa\u00f1\u00eda de Santa Teresa de Jes\u00fas","url":"https:\/\/encompaniastj.org\/pt-pt\/","logo":{"@type":"ImageObject","inLanguage":"pt-PT","@id":"https:\/\/encompaniastj.org\/pt-pt\/#\/schema\/logo\/image\/","url":"https:\/\/encompaniastj.org\/wp-content\/uploads\/2025\/04\/logo_provincias02-1-3.png","contentUrl":"https:\/\/encompaniastj.org\/wp-content\/uploads\/2025\/04\/logo_provincias02-1-3.png","width":2368,"height":825,"caption":"Compa\u00f1\u00eda de Santa Teresa de Jes\u00fas"},"image":{"@id":"https:\/\/encompaniastj.org\/pt-pt\/#\/schema\/logo\/image\/"}},{"@type":"Person","@id":"https:\/\/encompaniastj.org\/pt-pt\/#\/schema\/person\/520e7ecc314793d40091993c2a02b651","name":"admin","image":{"@type":"ImageObject","inLanguage":"pt-PT","@id":"https:\/\/secure.gravatar.com\/avatar\/948b492cce32b586ac2db0eaa926ee87024f7afe218d73b397ea5ddfc5f43ea1?s=96&d=mm&r=g","url":"https:\/\/secure.gravatar.com\/avatar\/948b492cce32b586ac2db0eaa926ee87024f7afe218d73b397ea5ddfc5f43ea1?s=96&d=mm&r=g","contentUrl":"https:\/\/secure.gravatar.com\/avatar\/948b492cce32b586ac2db0eaa926ee87024f7afe218d73b397ea5ddfc5f43ea1?s=96&d=mm&r=g","caption":"admin"},"sameAs":["https:\/\/encompaniastj.org"],"url":"https:\/\/encompaniastj.org\/pt-pt\/author\/sjdigital\/"}]}},"_links":{"self":[{"href":"https:\/\/encompaniastj.org\/pt-pt\/wp-json\/wp\/v2\/posts\/11076","targetHints":{"allow":["GET"]}}],"collection":[{"href":"https:\/\/encompaniastj.org\/pt-pt\/wp-json\/wp\/v2\/posts"}],"about":[{"href":"https:\/\/encompaniastj.org\/pt-pt\/wp-json\/wp\/v2\/types\/post"}],"author":[{"embeddable":true,"href":"https:\/\/encompaniastj.org\/pt-pt\/wp-json\/wp\/v2\/users\/1"}],"replies":[{"embeddable":true,"href":"https:\/\/encompaniastj.org\/pt-pt\/wp-json\/wp\/v2\/comments?post=11076"}],"version-history":[{"count":1,"href":"https:\/\/encompaniastj.org\/pt-pt\/wp-json\/wp\/v2\/posts\/11076\/revisions"}],"predecessor-version":[{"id":11077,"href":"https:\/\/encompaniastj.org\/pt-pt\/wp-json\/wp\/v2\/posts\/11076\/revisions\/11077"}],"wp:featuredmedia":[{"embeddable":true,"href":"https:\/\/encompaniastj.org\/pt-pt\/wp-json\/wp\/v2\/media\/7966"}],"wp:attachment":[{"href":"https:\/\/encompaniastj.org\/pt-pt\/wp-json\/wp\/v2\/media?parent=11076"}],"wp:term":[{"taxonomy":"category","embeddable":true,"href":"https:\/\/encompaniastj.org\/pt-pt\/wp-json\/wp\/v2\/categories?post=11076"},{"taxonomy":"post_tag","embeddable":true,"href":"https:\/\/encompaniastj.org\/pt-pt\/wp-json\/wp\/v2\/tags?post=11076"}],"curies":[{"name":"wp","href":"https:\/\/api.w.org\/{rel}","templated":true}]}}