{"id":11072,"date":"2022-08-01T12:04:04","date_gmt":"2022-08-01T10:04:04","guid":{"rendered":"https:\/\/encompaniastj.org\/ascension-martinez-luna-1-de-agosto-de-2022-huelva-residencia\/"},"modified":"2025-07-07T16:23:22","modified_gmt":"2025-07-07T14:23:22","slug":"ascension-martinez-luna-1-de-agosto-de-2022-huelva-residencia","status":"publish","type":"post","link":"https:\/\/encompaniastj.org\/pt-pt\/ascension-martinez-luna-1-de-agosto-de-2022-huelva-residencia\/","title":{"rendered":"Ascensi\u00f3n Mart\u00ednez Luna. 1 de agosto de 2022 (Huelva Residencia)"},"content":{"rendered":"<p>A Irm\u00e3 Ascens\u00e3o Mart\u00ednez morreu em Huelva \u2014 Resid\u00eancia no dia 1 de agosto de 2022. Ela tinha 91 anos e sofreu uma queda significativa no ano passado, mas n\u00e3o se esperava um fim t\u00e3o r\u00e1pido. O Senhor ofereceu-lhe o encontro com Ele com uma morte tranquila sem passar pelo mal-estar do sofrimento.<\/p>\n<p>Ascens\u00e3o nasceu em Valdepe\u00f1as, (Ja\u00e9n) e foi ex-aluna de Madrid Puebla, col\u00e9gio que levava no cora\u00e7\u00e3o com carinho e gratid\u00e3o. L\u00e1 ela aprendeu o amor pela m\u00fasica e pelos trabalhos manuais. Foi professora prim\u00e1ria nas escolas de Andaluzia, Mora e Cidade Rodrigo. Durante muitos anos trabalhou na secretaria do col\u00e9gio de Oviedo e os \u00faltimos 10 anos passou-os na Resid\u00eancia de Huelva. Do tempo que passou em Oviedo guardava a mem\u00f3ria da Virgem de Covadonga a quem muito amava. Sem d\u00favida, Maria acompanhou os seus \u00faltimos momentos e apresentou-a a Jesus com o cuidado de uma M\u00e3e.<\/p>\n<p>Agradecemos a sua vida na Companhia e a sua miss\u00e3o nos diversos \u00e2mbitos onde colocou em jogo os dons que o Senhor lhe deu e pedimos que agora goze da P\u00e1scoa eterna.<\/p>\n","protected":false},"excerpt":{"rendered":"<p>A Irm\u00e3 Ascens\u00e3o Mart\u00ednez morreu em Huelva \u2014 Resid\u00eancia no dia 1 de agosto de 2022. Ela tinha 91 anos e sofreu uma queda significativa no ano passado, mas n\u00e3o [&hellip;]<\/p>\n","protected":false},"author":1,"featured_media":7962,"comment_status":"open","ping_status":"open","sticky":false,"template":"","format":"standard","meta":{"_acf_changed":false,"footnotes":""},"categories":[69],"tags":[],"class_list":["post-11072","post","type-post","status-publish","format-standard","has-post-thumbnail","hentry","category-falecimentos"],"acf":[],"yoast_head":"<!-- This site is optimized with the Yoast SEO plugin v27.5 - https:\/\/yoast.com\/product\/yoast-seo-wordpress\/ -->\n<title>Ascensi\u00f3n Mart\u00ednez Luna. 1 de agosto de 2022 (Huelva Residencia) - En Compa\u00f1\u00eda STJ<\/title>\n<meta name=\"robots\" content=\"index, follow, max-snippet:-1, max-image-preview:large, max-video-preview:-1\" \/>\n<link rel=\"canonical\" href=\"https:\/\/encompaniastj.org\/pt-pt\/ascension-martinez-luna-1-de-agosto-de-2022-huelva-residencia\/\" \/>\n<meta property=\"og:locale\" content=\"pt_PT\" \/>\n<meta property=\"og:type\" content=\"article\" \/>\n<meta property=\"og:title\" content=\"Ascensi\u00f3n Mart\u00ednez Luna. 1 de agosto de 2022 (Huelva Residencia) - En Compa\u00f1\u00eda STJ\" \/>\n<meta property=\"og:description\" content=\"A Irm\u00e3 Ascens\u00e3o Mart\u00ednez morreu em Huelva \u2014 Resid\u00eancia no dia 1 de agosto de 2022. Ela tinha 91 anos e sofreu uma queda significativa no ano passado, mas n\u00e3o [&hellip;]\" \/>\n<meta property=\"og:url\" content=\"https:\/\/encompaniastj.org\/pt-pt\/ascension-martinez-luna-1-de-agosto-de-2022-huelva-residencia\/\" \/>\n<meta property=\"og:site_name\" content=\"En Compa\u00f1\u00eda STJ\" \/>\n<meta property=\"article:published_time\" content=\"2022-08-01T10:04:04+00:00\" \/>\n<meta property=\"article:modified_time\" content=\"2025-07-07T14:23:22+00:00\" \/>\n<meta property=\"og:image\" content=\"https:\/\/encompaniastj.org\/wp-content\/uploads\/2025\/05\/hojas.jpg\" \/>\n\t<meta property=\"og:image:width\" content=\"1280\" \/>\n\t<meta property=\"og:image:height\" content=\"853\" \/>\n\t<meta property=\"og:image:type\" content=\"image\/jpeg\" \/>\n<meta name=\"author\" content=\"admin\" \/>\n<meta name=\"twitter:card\" content=\"summary_large_image\" \/>\n<meta name=\"twitter:label1\" content=\"Escrito por\" \/>\n\t<meta name=\"twitter:data1\" content=\"admin\" \/>\n\t<meta name=\"twitter:label2\" content=\"Tempo estimado de leitura\" \/>\n\t<meta name=\"twitter:data2\" content=\"1 minuto\" \/>\n<script type=\"application\/ld+json\" class=\"yoast-schema-graph\">{\"@context\":\"https:\\\/\\\/schema.org\",\"@graph\":[{\"@type\":\"Article\",\"@id\":\"https:\\\/\\\/encompaniastj.org\\\/pt-pt\\\/ascension-martinez-luna-1-de-agosto-de-2022-huelva-residencia\\\/#article\",\"isPartOf\":{\"@id\":\"https:\\\/\\\/encompaniastj.org\\\/pt-pt\\\/ascension-martinez-luna-1-de-agosto-de-2022-huelva-residencia\\\/\"},\"author\":{\"name\":\"admin\",\"@id\":\"https:\\\/\\\/encompaniastj.org\\\/pt-pt\\\/#\\\/schema\\\/person\\\/520e7ecc314793d40091993c2a02b651\"},\"headline\":\"Ascensi\u00f3n Mart\u00ednez Luna. 1 de agosto de 2022 (Huelva Residencia)\",\"datePublished\":\"2022-08-01T10:04:04+00:00\",\"dateModified\":\"2025-07-07T14:23:22+00:00\",\"mainEntityOfPage\":{\"@id\":\"https:\\\/\\\/encompaniastj.org\\\/pt-pt\\\/ascension-martinez-luna-1-de-agosto-de-2022-huelva-residencia\\\/\"},\"wordCount\":208,\"commentCount\":0,\"publisher\":{\"@id\":\"https:\\\/\\\/encompaniastj.org\\\/pt-pt\\\/#organization\"},\"image\":{\"@id\":\"https:\\\/\\\/encompaniastj.org\\\/pt-pt\\\/ascension-martinez-luna-1-de-agosto-de-2022-huelva-residencia\\\/#primaryimage\"},\"thumbnailUrl\":\"https:\\\/\\\/encompaniastj.org\\\/wp-content\\\/uploads\\\/2025\\\/05\\\/hojas.jpg\",\"articleSection\":[\"Falecimentos\"],\"inLanguage\":\"pt-PT\",\"potentialAction\":[{\"@type\":\"CommentAction\",\"name\":\"Comment\",\"target\":[\"https:\\\/\\\/encompaniastj.org\\\/pt-pt\\\/ascension-martinez-luna-1-de-agosto-de-2022-huelva-residencia\\\/#respond\"]}]},{\"@type\":\"WebPage\",\"@id\":\"https:\\\/\\\/encompaniastj.org\\\/pt-pt\\\/ascension-martinez-luna-1-de-agosto-de-2022-huelva-residencia\\\/\",\"url\":\"https:\\\/\\\/encompaniastj.org\\\/pt-pt\\\/ascension-martinez-luna-1-de-agosto-de-2022-huelva-residencia\\\/\",\"name\":\"Ascensi\u00f3n Mart\u00ednez Luna. 1 de agosto de 2022 (Huelva Residencia) - En Compa\u00f1\u00eda STJ\",\"isPartOf\":{\"@id\":\"https:\\\/\\\/encompaniastj.org\\\/pt-pt\\\/#website\"},\"primaryImageOfPage\":{\"@id\":\"https:\\\/\\\/encompaniastj.org\\\/pt-pt\\\/ascension-martinez-luna-1-de-agosto-de-2022-huelva-residencia\\\/#primaryimage\"},\"image\":{\"@id\":\"https:\\\/\\\/encompaniastj.org\\\/pt-pt\\\/ascension-martinez-luna-1-de-agosto-de-2022-huelva-residencia\\\/#primaryimage\"},\"thumbnailUrl\":\"https:\\\/\\\/encompaniastj.org\\\/wp-content\\\/uploads\\\/2025\\\/05\\\/hojas.jpg\",\"datePublished\":\"2022-08-01T10:04:04+00:00\",\"dateModified\":\"2025-07-07T14:23:22+00:00\",\"breadcrumb\":{\"@id\":\"https:\\\/\\\/encompaniastj.org\\\/pt-pt\\\/ascension-martinez-luna-1-de-agosto-de-2022-huelva-residencia\\\/#breadcrumb\"},\"inLanguage\":\"pt-PT\",\"potentialAction\":[{\"@type\":\"ReadAction\",\"target\":[\"https:\\\/\\\/encompaniastj.org\\\/pt-pt\\\/ascension-martinez-luna-1-de-agosto-de-2022-huelva-residencia\\\/\"]}]},{\"@type\":\"ImageObject\",\"inLanguage\":\"pt-PT\",\"@id\":\"https:\\\/\\\/encompaniastj.org\\\/pt-pt\\\/ascension-martinez-luna-1-de-agosto-de-2022-huelva-residencia\\\/#primaryimage\",\"url\":\"https:\\\/\\\/encompaniastj.org\\\/wp-content\\\/uploads\\\/2025\\\/05\\\/hojas.jpg\",\"contentUrl\":\"https:\\\/\\\/encompaniastj.org\\\/wp-content\\\/uploads\\\/2025\\\/05\\\/hojas.jpg\",\"width\":1280,\"height\":853},{\"@type\":\"BreadcrumbList\",\"@id\":\"https:\\\/\\\/encompaniastj.org\\\/pt-pt\\\/ascension-martinez-luna-1-de-agosto-de-2022-huelva-residencia\\\/#breadcrumb\",\"itemListElement\":[{\"@type\":\"ListItem\",\"position\":1,\"name\":\"Portada\",\"item\":\"https:\\\/\\\/encompaniastj.org\\\/pt-pt\\\/\"},{\"@type\":\"ListItem\",\"position\":2,\"name\":\"Ascensi\u00f3n Mart\u00ednez Luna. 1 de agosto de 2022 (Huelva Residencia)\"}]},{\"@type\":\"WebSite\",\"@id\":\"https:\\\/\\\/encompaniastj.org\\\/pt-pt\\\/#website\",\"url\":\"https:\\\/\\\/encompaniastj.org\\\/pt-pt\\\/\",\"name\":\"En Compa\u00f1\u00eda STJ\",\"description\":\"Bolet\u00edn de la Compa\u00f1\u00eda de Santa Teresa de Jes\u00fas\",\"publisher\":{\"@id\":\"https:\\\/\\\/encompaniastj.org\\\/pt-pt\\\/#organization\"},\"potentialAction\":[{\"@type\":\"SearchAction\",\"target\":{\"@type\":\"EntryPoint\",\"urlTemplate\":\"https:\\\/\\\/encompaniastj.org\\\/pt-pt\\\/?s={search_term_string}\"},\"query-input\":{\"@type\":\"PropertyValueSpecification\",\"valueRequired\":true,\"valueName\":\"search_term_string\"}}],\"inLanguage\":\"pt-PT\"},{\"@type\":\"Organization\",\"@id\":\"https:\\\/\\\/encompaniastj.org\\\/pt-pt\\\/#organization\",\"name\":\"Compa\u00f1\u00eda de Santa Teresa de Jes\u00fas\",\"url\":\"https:\\\/\\\/encompaniastj.org\\\/pt-pt\\\/\",\"logo\":{\"@type\":\"ImageObject\",\"inLanguage\":\"pt-PT\",\"@id\":\"https:\\\/\\\/encompaniastj.org\\\/pt-pt\\\/#\\\/schema\\\/logo\\\/image\\\/\",\"url\":\"https:\\\/\\\/encompaniastj.org\\\/wp-content\\\/uploads\\\/2025\\\/04\\\/logo_provincias02-1-3.png\",\"contentUrl\":\"https:\\\/\\\/encompaniastj.org\\\/wp-content\\\/uploads\\\/2025\\\/04\\\/logo_provincias02-1-3.png\",\"width\":2368,\"height\":825,\"caption\":\"Compa\u00f1\u00eda de Santa Teresa de Jes\u00fas\"},\"image\":{\"@id\":\"https:\\\/\\\/encompaniastj.org\\\/pt-pt\\\/#\\\/schema\\\/logo\\\/image\\\/\"}},{\"@type\":\"Person\",\"@id\":\"https:\\\/\\\/encompaniastj.org\\\/pt-pt\\\/#\\\/schema\\\/person\\\/520e7ecc314793d40091993c2a02b651\",\"name\":\"admin\",\"image\":{\"@type\":\"ImageObject\",\"inLanguage\":\"pt-PT\",\"@id\":\"https:\\\/\\\/secure.gravatar.com\\\/avatar\\\/948b492cce32b586ac2db0eaa926ee87024f7afe218d73b397ea5ddfc5f43ea1?s=96&d=mm&r=g\",\"url\":\"https:\\\/\\\/secure.gravatar.com\\\/avatar\\\/948b492cce32b586ac2db0eaa926ee87024f7afe218d73b397ea5ddfc5f43ea1?s=96&d=mm&r=g\",\"contentUrl\":\"https:\\\/\\\/secure.gravatar.com\\\/avatar\\\/948b492cce32b586ac2db0eaa926ee87024f7afe218d73b397ea5ddfc5f43ea1?s=96&d=mm&r=g\",\"caption\":\"admin\"},\"sameAs\":[\"https:\\\/\\\/encompaniastj.org\"],\"url\":\"https:\\\/\\\/encompaniastj.org\\\/pt-pt\\\/author\\\/sjdigital\\\/\"}]}<\/script>\n<!-- \/ Yoast SEO plugin. -->","yoast_head_json":{"title":"Ascensi\u00f3n Mart\u00ednez Luna. 1 de agosto de 2022 (Huelva Residencia) - En Compa\u00f1\u00eda STJ","robots":{"index":"index","follow":"follow","max-snippet":"max-snippet:-1","max-image-preview":"max-image-preview:large","max-video-preview":"max-video-preview:-1"},"canonical":"https:\/\/encompaniastj.org\/pt-pt\/ascension-martinez-luna-1-de-agosto-de-2022-huelva-residencia\/","og_locale":"pt_PT","og_type":"article","og_title":"Ascensi\u00f3n Mart\u00ednez Luna. 1 de agosto de 2022 (Huelva Residencia) - En Compa\u00f1\u00eda STJ","og_description":"A Irm\u00e3 Ascens\u00e3o Mart\u00ednez morreu em Huelva \u2014 Resid\u00eancia no dia 1 de agosto de 2022. Ela tinha 91 anos e sofreu uma queda significativa no ano passado, mas n\u00e3o [&hellip;]","og_url":"https:\/\/encompaniastj.org\/pt-pt\/ascension-martinez-luna-1-de-agosto-de-2022-huelva-residencia\/","og_site_name":"En Compa\u00f1\u00eda STJ","article_published_time":"2022-08-01T10:04:04+00:00","article_modified_time":"2025-07-07T14:23:22+00:00","og_image":[{"width":1280,"height":853,"url":"https:\/\/encompaniastj.org\/wp-content\/uploads\/2025\/05\/hojas.jpg","type":"image\/jpeg"}],"author":"admin","twitter_card":"summary_large_image","twitter_misc":{"Escrito por":"admin","Tempo estimado de leitura":"1 minuto"},"schema":{"@context":"https:\/\/schema.org","@graph":[{"@type":"Article","@id":"https:\/\/encompaniastj.org\/pt-pt\/ascension-martinez-luna-1-de-agosto-de-2022-huelva-residencia\/#article","isPartOf":{"@id":"https:\/\/encompaniastj.org\/pt-pt\/ascension-martinez-luna-1-de-agosto-de-2022-huelva-residencia\/"},"author":{"name":"admin","@id":"https:\/\/encompaniastj.org\/pt-pt\/#\/schema\/person\/520e7ecc314793d40091993c2a02b651"},"headline":"Ascensi\u00f3n Mart\u00ednez Luna. 1 de agosto de 2022 (Huelva Residencia)","datePublished":"2022-08-01T10:04:04+00:00","dateModified":"2025-07-07T14:23:22+00:00","mainEntityOfPage":{"@id":"https:\/\/encompaniastj.org\/pt-pt\/ascension-martinez-luna-1-de-agosto-de-2022-huelva-residencia\/"},"wordCount":208,"commentCount":0,"publisher":{"@id":"https:\/\/encompaniastj.org\/pt-pt\/#organization"},"image":{"@id":"https:\/\/encompaniastj.org\/pt-pt\/ascension-martinez-luna-1-de-agosto-de-2022-huelva-residencia\/#primaryimage"},"thumbnailUrl":"https:\/\/encompaniastj.org\/wp-content\/uploads\/2025\/05\/hojas.jpg","articleSection":["Falecimentos"],"inLanguage":"pt-PT","potentialAction":[{"@type":"CommentAction","name":"Comment","target":["https:\/\/encompaniastj.org\/pt-pt\/ascension-martinez-luna-1-de-agosto-de-2022-huelva-residencia\/#respond"]}]},{"@type":"WebPage","@id":"https:\/\/encompaniastj.org\/pt-pt\/ascension-martinez-luna-1-de-agosto-de-2022-huelva-residencia\/","url":"https:\/\/encompaniastj.org\/pt-pt\/ascension-martinez-luna-1-de-agosto-de-2022-huelva-residencia\/","name":"Ascensi\u00f3n Mart\u00ednez Luna. 1 de agosto de 2022 (Huelva Residencia) - En Compa\u00f1\u00eda STJ","isPartOf":{"@id":"https:\/\/encompaniastj.org\/pt-pt\/#website"},"primaryImageOfPage":{"@id":"https:\/\/encompaniastj.org\/pt-pt\/ascension-martinez-luna-1-de-agosto-de-2022-huelva-residencia\/#primaryimage"},"image":{"@id":"https:\/\/encompaniastj.org\/pt-pt\/ascension-martinez-luna-1-de-agosto-de-2022-huelva-residencia\/#primaryimage"},"thumbnailUrl":"https:\/\/encompaniastj.org\/wp-content\/uploads\/2025\/05\/hojas.jpg","datePublished":"2022-08-01T10:04:04+00:00","dateModified":"2025-07-07T14:23:22+00:00","breadcrumb":{"@id":"https:\/\/encompaniastj.org\/pt-pt\/ascension-martinez-luna-1-de-agosto-de-2022-huelva-residencia\/#breadcrumb"},"inLanguage":"pt-PT","potentialAction":[{"@type":"ReadAction","target":["https:\/\/encompaniastj.org\/pt-pt\/ascension-martinez-luna-1-de-agosto-de-2022-huelva-residencia\/"]}]},{"@type":"ImageObject","inLanguage":"pt-PT","@id":"https:\/\/encompaniastj.org\/pt-pt\/ascension-martinez-luna-1-de-agosto-de-2022-huelva-residencia\/#primaryimage","url":"https:\/\/encompaniastj.org\/wp-content\/uploads\/2025\/05\/hojas.jpg","contentUrl":"https:\/\/encompaniastj.org\/wp-content\/uploads\/2025\/05\/hojas.jpg","width":1280,"height":853},{"@type":"BreadcrumbList","@id":"https:\/\/encompaniastj.org\/pt-pt\/ascension-martinez-luna-1-de-agosto-de-2022-huelva-residencia\/#breadcrumb","itemListElement":[{"@type":"ListItem","position":1,"name":"Portada","item":"https:\/\/encompaniastj.org\/pt-pt\/"},{"@type":"ListItem","position":2,"name":"Ascensi\u00f3n Mart\u00ednez Luna. 1 de agosto de 2022 (Huelva Residencia)"}]},{"@type":"WebSite","@id":"https:\/\/encompaniastj.org\/pt-pt\/#website","url":"https:\/\/encompaniastj.org\/pt-pt\/","name":"En Compa\u00f1\u00eda STJ","description":"Bolet\u00edn de la Compa\u00f1\u00eda de Santa Teresa de Jes\u00fas","publisher":{"@id":"https:\/\/encompaniastj.org\/pt-pt\/#organization"},"potentialAction":[{"@type":"SearchAction","target":{"@type":"EntryPoint","urlTemplate":"https:\/\/encompaniastj.org\/pt-pt\/?s={search_term_string}"},"query-input":{"@type":"PropertyValueSpecification","valueRequired":true,"valueName":"search_term_string"}}],"inLanguage":"pt-PT"},{"@type":"Organization","@id":"https:\/\/encompaniastj.org\/pt-pt\/#organization","name":"Compa\u00f1\u00eda de Santa Teresa de Jes\u00fas","url":"https:\/\/encompaniastj.org\/pt-pt\/","logo":{"@type":"ImageObject","inLanguage":"pt-PT","@id":"https:\/\/encompaniastj.org\/pt-pt\/#\/schema\/logo\/image\/","url":"https:\/\/encompaniastj.org\/wp-content\/uploads\/2025\/04\/logo_provincias02-1-3.png","contentUrl":"https:\/\/encompaniastj.org\/wp-content\/uploads\/2025\/04\/logo_provincias02-1-3.png","width":2368,"height":825,"caption":"Compa\u00f1\u00eda de Santa Teresa de Jes\u00fas"},"image":{"@id":"https:\/\/encompaniastj.org\/pt-pt\/#\/schema\/logo\/image\/"}},{"@type":"Person","@id":"https:\/\/encompaniastj.org\/pt-pt\/#\/schema\/person\/520e7ecc314793d40091993c2a02b651","name":"admin","image":{"@type":"ImageObject","inLanguage":"pt-PT","@id":"https:\/\/secure.gravatar.com\/avatar\/948b492cce32b586ac2db0eaa926ee87024f7afe218d73b397ea5ddfc5f43ea1?s=96&d=mm&r=g","url":"https:\/\/secure.gravatar.com\/avatar\/948b492cce32b586ac2db0eaa926ee87024f7afe218d73b397ea5ddfc5f43ea1?s=96&d=mm&r=g","contentUrl":"https:\/\/secure.gravatar.com\/avatar\/948b492cce32b586ac2db0eaa926ee87024f7afe218d73b397ea5ddfc5f43ea1?s=96&d=mm&r=g","caption":"admin"},"sameAs":["https:\/\/encompaniastj.org"],"url":"https:\/\/encompaniastj.org\/pt-pt\/author\/sjdigital\/"}]}},"_links":{"self":[{"href":"https:\/\/encompaniastj.org\/pt-pt\/wp-json\/wp\/v2\/posts\/11072","targetHints":{"allow":["GET"]}}],"collection":[{"href":"https:\/\/encompaniastj.org\/pt-pt\/wp-json\/wp\/v2\/posts"}],"about":[{"href":"https:\/\/encompaniastj.org\/pt-pt\/wp-json\/wp\/v2\/types\/post"}],"author":[{"embeddable":true,"href":"https:\/\/encompaniastj.org\/pt-pt\/wp-json\/wp\/v2\/users\/1"}],"replies":[{"embeddable":true,"href":"https:\/\/encompaniastj.org\/pt-pt\/wp-json\/wp\/v2\/comments?post=11072"}],"version-history":[{"count":1,"href":"https:\/\/encompaniastj.org\/pt-pt\/wp-json\/wp\/v2\/posts\/11072\/revisions"}],"predecessor-version":[{"id":11073,"href":"https:\/\/encompaniastj.org\/pt-pt\/wp-json\/wp\/v2\/posts\/11072\/revisions\/11073"}],"wp:featuredmedia":[{"embeddable":true,"href":"https:\/\/encompaniastj.org\/pt-pt\/wp-json\/wp\/v2\/media\/7962"}],"wp:attachment":[{"href":"https:\/\/encompaniastj.org\/pt-pt\/wp-json\/wp\/v2\/media?parent=11072"}],"wp:term":[{"taxonomy":"category","embeddable":true,"href":"https:\/\/encompaniastj.org\/pt-pt\/wp-json\/wp\/v2\/categories?post=11072"},{"taxonomy":"post_tag","embeddable":true,"href":"https:\/\/encompaniastj.org\/pt-pt\/wp-json\/wp\/v2\/tags?post=11072"}],"curies":[{"name":"wp","href":"https:\/\/api.w.org\/{rel}","templated":true}]}}