{"id":11070,"date":"2022-08-11T09:59:57","date_gmt":"2022-08-11T07:59:57","guid":{"rendered":"https:\/\/encompaniastj.org\/ana-ma-rivero-rieckers-11-de-agosto-de-2022-oviedo-residencia-2\/"},"modified":"2025-07-07T16:23:22","modified_gmt":"2025-07-07T14:23:22","slug":"ana-ma-rivero-rieckers-11-de-agosto-de-2022-oviedo-residencia-2","status":"publish","type":"post","link":"https:\/\/encompaniastj.org\/pt-pt\/ana-ma-rivero-rieckers-11-de-agosto-de-2022-oviedo-residencia-2\/","title":{"rendered":"Ana M\u00aa Rivero Rieckers. 11 de agosto de 2022 (Oviedo Residencia)"},"content":{"rendered":"<p>Ana M\u00aa faleceu em Oviedo no dia 11 de agosto de 2022 depois de muito tempo, mais de um ano, a viver com cancro em fase muito avan\u00e7ada quando foi diagnosticado. Ap\u00f3s o processo de ciclos de quimioterapia, como n\u00e3o havia outra possibilidade, a not\u00edcia n\u00e3o foi boa, pois n\u00e3o teve o efeito esperado e desejado. Ana acolheu as diferentes not\u00edcias negativas sobre o seu estado de sa\u00fade e preparou-se para o fim com firmeza e coragem confiando na bondade de Deus.<\/p>\n<p>Nasceu em Las Palmas de Gran Can\u00e1ria no dia 15 de agosto de 1946. Era a mais velha de seis filhos, dos quais sempre guardou boas lembran\u00e7as, bem como da rela\u00e7\u00e3o com seus pais e com os seus numerosos primos.<\/p>\n<p>Na Companhia teve v\u00e1rias mudan\u00e7as, n\u00e3o s\u00f3 em Espanha: Madrid, Jesus Maestro, Barcelona, \u200b\u200b\u200b\u200bGanduxer, Las Palmas, Chile (Santiago, casa provincial e resid\u00eancia universit\u00e1ria, duas vezes, Illapel, Nascimento, comunidade do Sul), Bol\u00edvia (Santa Cruz de la Sierra, El Trompillo, El Plato-El Carmen) e novamente na Espanha: Due\u00f1as, Puente del R\u00edo (Almer\u00eda), Las Palmas, novamente, Toledo, Sevilla-Pino Montano e, finalmente, Oviedo.<\/p>\n<p>Em Barcelona, \u200b\u200btrabalhou na editora STJ. Era uma mulher culta que lia muito e escrevia com facilidade e simplicidade. Isso possibilitou que ela pudesse transmitir muito bem o que queria exprimir e torn\u00e1-lo pr\u00f3ximo aos leitores. Nos anos que passou no Chile foi professora e as aulas que dava estavam relacionadas com os estudos que realizou, com licenciatura em Filosofia. Noutros lugares ela ensinou religi\u00e3o ou outras disciplinas no \u00e2mbito das humanidades.<\/p>\n<p>A sua forma\u00e7\u00e3o e o seu jeito de ser fizeram dela, por um lado, uma pessoa capaz de realizar uma an\u00e1lise cr\u00edtica da realidade e, ao mesmo tempo, carinhosa e pr\u00f3xima, grata \u00e0 vida.<\/p>\n<p>Por onde passou deixou boas lembran\u00e7as e boas amizades. Em Oviedo, o seu \u00faltimo destino, deixou muitas lembran\u00e7as muito boas e ela mesma disse que lhe parecia imposs\u00edvel, quando mais velha, ter formado aquele c\u00edrculo de amigos e conhecidos. Ela era assim.<\/p>\n<p>Ela sorria, fazia coment\u00e1rios carinhosos e sempre tinha uma palavra gentil com todos.<\/p>\n<p>Ela era uma grande amante dos animais e nos seus \u00faltimos anos ela gostava da proximidade de um c\u00e3o e de todos os gatinhos da rua pr\u00f3ximos da casa.<\/p>\n<p>Registamos alguma mem\u00f3ria sobre ela e h\u00e1 muitas outras semelhantes:<\/p>\n<p>\u201cPorque quase sem fazeres barulho, sempre conseguiste ser necess\u00e1ria para n\u00f3s. E \u00e9 que, \u00e0s vezes, basta o interesse e a predisposi\u00e7\u00e3o para se tornar uma pessoa essencial num conv\u00edvio\u2026\u201d<\/p>\n<p>\u201cQuando comecei esta aventura h\u00e1 cinco anos, n\u00e3o imaginava que fosse t\u00e3o longe, e devo admitir que, em grande parte, foi gra\u00e7as \u00e0s tuas catequeses e \u00e0s tuas palestras. Deixaste uma grande marca no meu cora\u00e7\u00e3o\u2026\u201d<\/p>\n<p>Ela deixa-nos o seu testemunho, escrito aproximadamente um ano antes de sua morte, quando enfrentou o seu processo com todo o \u00e2nimo poss\u00edvel<em>: <\/em><\/p>\n<p><em>&#8230; E como tenho cancro, vamos aproveitar a parte que amo: o carinho das irm\u00e3s da comunidade; os mimos, as ora\u00e7\u00f5es, os gestos de aproxima\u00e7\u00e3o; todo o amor que recebo de voc\u00eas, fam\u00edlia, primos, amigos, amigos, irm\u00e3s e pessoas que n\u00e3o conhecia h\u00e1 tr\u00eas anos quando cheguei \u00e0s Ast\u00farias e agora s\u00e3o amigos e fa\u00e7o parte da vida deles, e eles da minha. <\/em><\/p>\n<p><em>\u00a0<\/em><em>\u2026 Isto \u00e9 um cancro. E eu estou conformada com que me tenha tocado, com o que a medicina possa fazer para meu bem, seja bem-vindo. E se a medicina para mim n\u00e3o funcionar, seja bem-vinda a Irm\u00e3 Morte, que \u00e9 a nossa companheira de viagem desde o in\u00edcio e nos leva para o outro lado, onde tantos entes queridos nos esperam e mais um caminho a percorrer. A maravilhosa inc\u00f3gnita do encontro com Deus, a contempla\u00e7\u00e3o do Universo, &#8220;nem os olhos viram, nem a nossa mente \u00e9 capaz de compreender o que Deus preparou para n\u00f3s&#8221; e s\u00e3o muitas e diferentes mans\u00f5es, gra\u00e7as a Deus, MUITAS E GRA\u00c7AS A DEUS, DIFERENTE, ISSO ME ENTUSIASMA. E UM NOVO C\u00c9U E UMA NOVA TERRA E O LE\u00c3O HABITAR\u00c1 COM O CABRITO E O MENINO POR\u00c1 A SUA M\u00c3O NA COVA DA SERPENTE. QUEM DIZ QUE N\u00c3O HAVER\u00c1 ANIMAIS NO C\u00c9U? E o que eu faria num c\u00e9u silencioso de ladridos, miados, trinados? Por muito bem que os anjos cantem, eu sou feita de barro e gosto dos sons do barro, da \u00e1gua, dos macacos e papagaios, elefantes, tartarugas, girafas, c\u00e3es, gatos e ouri\u00e7os. UM NOVO C\u00c9U E UMA NOVA TERRA, onde eu n\u00e3o seja uma aberra\u00e7\u00e3o, porque perten\u00e7o a essa p\u00e1tria e a reconhe\u00e7o e todas as criaturas criadas me reconhecem como delas&#8230;\u2026 <\/em><\/p>\n<p><em>\u00a0<\/em><em>\u2026Num tempo de tanto sofrimento pela pandemia e das suas sequelas de todo o tipo, eu sou uma mulher privilegiada, bem cuidada, amada, mulher feliz, vivendo o momento presente e com f\u00e9 no futuro de cada dia, pelo qual quero AGRADCER A VIDA. <\/em><em>EU AMO MUITO TODOS VOC\u00caS. OBRIGADA.<\/em><\/p>\n<p>Obrigada, Ana, pela tua vida entusiasta e obrigada ao Deus da Vida por nos permitir percorrer uma parte do caminho com ela.<\/p>\n","protected":false},"excerpt":{"rendered":"<p>Ana M\u00aa faleceu em Oviedo no dia 11 de agosto de 2022 depois de muito tempo, mais de um ano, a viver com cancro em fase muito avan\u00e7ada quando foi [&hellip;]<\/p>\n","protected":false},"author":1,"featured_media":7963,"comment_status":"open","ping_status":"open","sticky":false,"template":"","format":"standard","meta":{"_acf_changed":false,"footnotes":""},"categories":[69],"tags":[],"class_list":["post-11070","post","type-post","status-publish","format-standard","has-post-thumbnail","hentry","category-falecimentos"],"acf":[],"yoast_head":"<!-- This site is optimized with the Yoast SEO plugin v27.5 - https:\/\/yoast.com\/product\/yoast-seo-wordpress\/ -->\n<title>Ana M\u00aa Rivero Rieckers. 11 de agosto de 2022 (Oviedo Residencia) - En Compa\u00f1\u00eda STJ<\/title>\n<meta name=\"robots\" content=\"index, follow, max-snippet:-1, max-image-preview:large, max-video-preview:-1\" \/>\n<link rel=\"canonical\" href=\"https:\/\/encompaniastj.org\/pt-pt\/ana-ma-rivero-rieckers-11-de-agosto-de-2022-oviedo-residencia-2\/\" \/>\n<meta property=\"og:locale\" content=\"pt_PT\" \/>\n<meta property=\"og:type\" content=\"article\" \/>\n<meta property=\"og:title\" content=\"Ana M\u00aa Rivero Rieckers. 11 de agosto de 2022 (Oviedo Residencia) - En Compa\u00f1\u00eda STJ\" \/>\n<meta property=\"og:description\" content=\"Ana M\u00aa faleceu em Oviedo no dia 11 de agosto de 2022 depois de muito tempo, mais de um ano, a viver com cancro em fase muito avan\u00e7ada quando foi [&hellip;]\" \/>\n<meta property=\"og:url\" content=\"https:\/\/encompaniastj.org\/pt-pt\/ana-ma-rivero-rieckers-11-de-agosto-de-2022-oviedo-residencia-2\/\" \/>\n<meta property=\"og:site_name\" content=\"En Compa\u00f1\u00eda STJ\" \/>\n<meta property=\"article:published_time\" content=\"2022-08-11T07:59:57+00:00\" \/>\n<meta property=\"article:modified_time\" content=\"2025-07-07T14:23:22+00:00\" \/>\n<meta property=\"og:image\" content=\"https:\/\/encompaniastj.org\/wp-content\/uploads\/2025\/05\/wave-213809__480.jpg\" \/>\n\t<meta property=\"og:image:width\" content=\"640\" \/>\n\t<meta property=\"og:image:height\" content=\"480\" \/>\n\t<meta property=\"og:image:type\" content=\"image\/jpeg\" \/>\n<meta name=\"author\" content=\"admin\" \/>\n<meta name=\"twitter:card\" content=\"summary_large_image\" \/>\n<meta name=\"twitter:label1\" content=\"Escrito por\" \/>\n\t<meta name=\"twitter:data1\" content=\"admin\" \/>\n\t<meta name=\"twitter:label2\" content=\"Tempo estimado de leitura\" \/>\n\t<meta name=\"twitter:data2\" content=\"4 minutos\" \/>\n<script type=\"application\/ld+json\" class=\"yoast-schema-graph\">{\"@context\":\"https:\\\/\\\/schema.org\",\"@graph\":[{\"@type\":\"Article\",\"@id\":\"https:\\\/\\\/encompaniastj.org\\\/pt-pt\\\/ana-ma-rivero-rieckers-11-de-agosto-de-2022-oviedo-residencia-2\\\/#article\",\"isPartOf\":{\"@id\":\"https:\\\/\\\/encompaniastj.org\\\/pt-pt\\\/ana-ma-rivero-rieckers-11-de-agosto-de-2022-oviedo-residencia-2\\\/\"},\"author\":{\"name\":\"admin\",\"@id\":\"https:\\\/\\\/encompaniastj.org\\\/pt-pt\\\/#\\\/schema\\\/person\\\/520e7ecc314793d40091993c2a02b651\"},\"headline\":\"Ana M\u00aa Rivero Rieckers. 11 de agosto de 2022 (Oviedo Residencia)\",\"datePublished\":\"2022-08-11T07:59:57+00:00\",\"dateModified\":\"2025-07-07T14:23:22+00:00\",\"mainEntityOfPage\":{\"@id\":\"https:\\\/\\\/encompaniastj.org\\\/pt-pt\\\/ana-ma-rivero-rieckers-11-de-agosto-de-2022-oviedo-residencia-2\\\/\"},\"wordCount\":903,\"commentCount\":0,\"publisher\":{\"@id\":\"https:\\\/\\\/encompaniastj.org\\\/pt-pt\\\/#organization\"},\"image\":{\"@id\":\"https:\\\/\\\/encompaniastj.org\\\/pt-pt\\\/ana-ma-rivero-rieckers-11-de-agosto-de-2022-oviedo-residencia-2\\\/#primaryimage\"},\"thumbnailUrl\":\"https:\\\/\\\/encompaniastj.org\\\/wp-content\\\/uploads\\\/2025\\\/05\\\/wave-213809__480.jpg\",\"articleSection\":[\"Falecimentos\"],\"inLanguage\":\"pt-PT\",\"potentialAction\":[{\"@type\":\"CommentAction\",\"name\":\"Comment\",\"target\":[\"https:\\\/\\\/encompaniastj.org\\\/pt-pt\\\/ana-ma-rivero-rieckers-11-de-agosto-de-2022-oviedo-residencia-2\\\/#respond\"]}]},{\"@type\":\"WebPage\",\"@id\":\"https:\\\/\\\/encompaniastj.org\\\/pt-pt\\\/ana-ma-rivero-rieckers-11-de-agosto-de-2022-oviedo-residencia-2\\\/\",\"url\":\"https:\\\/\\\/encompaniastj.org\\\/pt-pt\\\/ana-ma-rivero-rieckers-11-de-agosto-de-2022-oviedo-residencia-2\\\/\",\"name\":\"Ana M\u00aa Rivero Rieckers. 11 de agosto de 2022 (Oviedo Residencia) - En Compa\u00f1\u00eda STJ\",\"isPartOf\":{\"@id\":\"https:\\\/\\\/encompaniastj.org\\\/pt-pt\\\/#website\"},\"primaryImageOfPage\":{\"@id\":\"https:\\\/\\\/encompaniastj.org\\\/pt-pt\\\/ana-ma-rivero-rieckers-11-de-agosto-de-2022-oviedo-residencia-2\\\/#primaryimage\"},\"image\":{\"@id\":\"https:\\\/\\\/encompaniastj.org\\\/pt-pt\\\/ana-ma-rivero-rieckers-11-de-agosto-de-2022-oviedo-residencia-2\\\/#primaryimage\"},\"thumbnailUrl\":\"https:\\\/\\\/encompaniastj.org\\\/wp-content\\\/uploads\\\/2025\\\/05\\\/wave-213809__480.jpg\",\"datePublished\":\"2022-08-11T07:59:57+00:00\",\"dateModified\":\"2025-07-07T14:23:22+00:00\",\"breadcrumb\":{\"@id\":\"https:\\\/\\\/encompaniastj.org\\\/pt-pt\\\/ana-ma-rivero-rieckers-11-de-agosto-de-2022-oviedo-residencia-2\\\/#breadcrumb\"},\"inLanguage\":\"pt-PT\",\"potentialAction\":[{\"@type\":\"ReadAction\",\"target\":[\"https:\\\/\\\/encompaniastj.org\\\/pt-pt\\\/ana-ma-rivero-rieckers-11-de-agosto-de-2022-oviedo-residencia-2\\\/\"]}]},{\"@type\":\"ImageObject\",\"inLanguage\":\"pt-PT\",\"@id\":\"https:\\\/\\\/encompaniastj.org\\\/pt-pt\\\/ana-ma-rivero-rieckers-11-de-agosto-de-2022-oviedo-residencia-2\\\/#primaryimage\",\"url\":\"https:\\\/\\\/encompaniastj.org\\\/wp-content\\\/uploads\\\/2025\\\/05\\\/wave-213809__480.jpg\",\"contentUrl\":\"https:\\\/\\\/encompaniastj.org\\\/wp-content\\\/uploads\\\/2025\\\/05\\\/wave-213809__480.jpg\",\"width\":640,\"height\":480},{\"@type\":\"BreadcrumbList\",\"@id\":\"https:\\\/\\\/encompaniastj.org\\\/pt-pt\\\/ana-ma-rivero-rieckers-11-de-agosto-de-2022-oviedo-residencia-2\\\/#breadcrumb\",\"itemListElement\":[{\"@type\":\"ListItem\",\"position\":1,\"name\":\"Portada\",\"item\":\"https:\\\/\\\/encompaniastj.org\\\/pt-pt\\\/\"},{\"@type\":\"ListItem\",\"position\":2,\"name\":\"Ana M\u00aa Rivero Rieckers. 11 de agosto de 2022 (Oviedo Residencia)\"}]},{\"@type\":\"WebSite\",\"@id\":\"https:\\\/\\\/encompaniastj.org\\\/pt-pt\\\/#website\",\"url\":\"https:\\\/\\\/encompaniastj.org\\\/pt-pt\\\/\",\"name\":\"En Compa\u00f1\u00eda STJ\",\"description\":\"Bolet\u00edn de la Compa\u00f1\u00eda de Santa Teresa de Jes\u00fas\",\"publisher\":{\"@id\":\"https:\\\/\\\/encompaniastj.org\\\/pt-pt\\\/#organization\"},\"potentialAction\":[{\"@type\":\"SearchAction\",\"target\":{\"@type\":\"EntryPoint\",\"urlTemplate\":\"https:\\\/\\\/encompaniastj.org\\\/pt-pt\\\/?s={search_term_string}\"},\"query-input\":{\"@type\":\"PropertyValueSpecification\",\"valueRequired\":true,\"valueName\":\"search_term_string\"}}],\"inLanguage\":\"pt-PT\"},{\"@type\":\"Organization\",\"@id\":\"https:\\\/\\\/encompaniastj.org\\\/pt-pt\\\/#organization\",\"name\":\"Compa\u00f1\u00eda de Santa Teresa de Jes\u00fas\",\"url\":\"https:\\\/\\\/encompaniastj.org\\\/pt-pt\\\/\",\"logo\":{\"@type\":\"ImageObject\",\"inLanguage\":\"pt-PT\",\"@id\":\"https:\\\/\\\/encompaniastj.org\\\/pt-pt\\\/#\\\/schema\\\/logo\\\/image\\\/\",\"url\":\"https:\\\/\\\/encompaniastj.org\\\/wp-content\\\/uploads\\\/2025\\\/04\\\/logo_provincias02-1-3.png\",\"contentUrl\":\"https:\\\/\\\/encompaniastj.org\\\/wp-content\\\/uploads\\\/2025\\\/04\\\/logo_provincias02-1-3.png\",\"width\":2368,\"height\":825,\"caption\":\"Compa\u00f1\u00eda de Santa Teresa de Jes\u00fas\"},\"image\":{\"@id\":\"https:\\\/\\\/encompaniastj.org\\\/pt-pt\\\/#\\\/schema\\\/logo\\\/image\\\/\"}},{\"@type\":\"Person\",\"@id\":\"https:\\\/\\\/encompaniastj.org\\\/pt-pt\\\/#\\\/schema\\\/person\\\/520e7ecc314793d40091993c2a02b651\",\"name\":\"admin\",\"image\":{\"@type\":\"ImageObject\",\"inLanguage\":\"pt-PT\",\"@id\":\"https:\\\/\\\/secure.gravatar.com\\\/avatar\\\/948b492cce32b586ac2db0eaa926ee87024f7afe218d73b397ea5ddfc5f43ea1?s=96&d=mm&r=g\",\"url\":\"https:\\\/\\\/secure.gravatar.com\\\/avatar\\\/948b492cce32b586ac2db0eaa926ee87024f7afe218d73b397ea5ddfc5f43ea1?s=96&d=mm&r=g\",\"contentUrl\":\"https:\\\/\\\/secure.gravatar.com\\\/avatar\\\/948b492cce32b586ac2db0eaa926ee87024f7afe218d73b397ea5ddfc5f43ea1?s=96&d=mm&r=g\",\"caption\":\"admin\"},\"sameAs\":[\"https:\\\/\\\/encompaniastj.org\"],\"url\":\"https:\\\/\\\/encompaniastj.org\\\/pt-pt\\\/author\\\/sjdigital\\\/\"}]}<\/script>\n<!-- \/ Yoast SEO plugin. -->","yoast_head_json":{"title":"Ana M\u00aa Rivero Rieckers. 11 de agosto de 2022 (Oviedo Residencia) - En Compa\u00f1\u00eda STJ","robots":{"index":"index","follow":"follow","max-snippet":"max-snippet:-1","max-image-preview":"max-image-preview:large","max-video-preview":"max-video-preview:-1"},"canonical":"https:\/\/encompaniastj.org\/pt-pt\/ana-ma-rivero-rieckers-11-de-agosto-de-2022-oviedo-residencia-2\/","og_locale":"pt_PT","og_type":"article","og_title":"Ana M\u00aa Rivero Rieckers. 11 de agosto de 2022 (Oviedo Residencia) - En Compa\u00f1\u00eda STJ","og_description":"Ana M\u00aa faleceu em Oviedo no dia 11 de agosto de 2022 depois de muito tempo, mais de um ano, a viver com cancro em fase muito avan\u00e7ada quando foi [&hellip;]","og_url":"https:\/\/encompaniastj.org\/pt-pt\/ana-ma-rivero-rieckers-11-de-agosto-de-2022-oviedo-residencia-2\/","og_site_name":"En Compa\u00f1\u00eda STJ","article_published_time":"2022-08-11T07:59:57+00:00","article_modified_time":"2025-07-07T14:23:22+00:00","og_image":[{"width":640,"height":480,"url":"https:\/\/encompaniastj.org\/wp-content\/uploads\/2025\/05\/wave-213809__480.jpg","type":"image\/jpeg"}],"author":"admin","twitter_card":"summary_large_image","twitter_misc":{"Escrito por":"admin","Tempo estimado de leitura":"4 minutos"},"schema":{"@context":"https:\/\/schema.org","@graph":[{"@type":"Article","@id":"https:\/\/encompaniastj.org\/pt-pt\/ana-ma-rivero-rieckers-11-de-agosto-de-2022-oviedo-residencia-2\/#article","isPartOf":{"@id":"https:\/\/encompaniastj.org\/pt-pt\/ana-ma-rivero-rieckers-11-de-agosto-de-2022-oviedo-residencia-2\/"},"author":{"name":"admin","@id":"https:\/\/encompaniastj.org\/pt-pt\/#\/schema\/person\/520e7ecc314793d40091993c2a02b651"},"headline":"Ana M\u00aa Rivero Rieckers. 11 de agosto de 2022 (Oviedo Residencia)","datePublished":"2022-08-11T07:59:57+00:00","dateModified":"2025-07-07T14:23:22+00:00","mainEntityOfPage":{"@id":"https:\/\/encompaniastj.org\/pt-pt\/ana-ma-rivero-rieckers-11-de-agosto-de-2022-oviedo-residencia-2\/"},"wordCount":903,"commentCount":0,"publisher":{"@id":"https:\/\/encompaniastj.org\/pt-pt\/#organization"},"image":{"@id":"https:\/\/encompaniastj.org\/pt-pt\/ana-ma-rivero-rieckers-11-de-agosto-de-2022-oviedo-residencia-2\/#primaryimage"},"thumbnailUrl":"https:\/\/encompaniastj.org\/wp-content\/uploads\/2025\/05\/wave-213809__480.jpg","articleSection":["Falecimentos"],"inLanguage":"pt-PT","potentialAction":[{"@type":"CommentAction","name":"Comment","target":["https:\/\/encompaniastj.org\/pt-pt\/ana-ma-rivero-rieckers-11-de-agosto-de-2022-oviedo-residencia-2\/#respond"]}]},{"@type":"WebPage","@id":"https:\/\/encompaniastj.org\/pt-pt\/ana-ma-rivero-rieckers-11-de-agosto-de-2022-oviedo-residencia-2\/","url":"https:\/\/encompaniastj.org\/pt-pt\/ana-ma-rivero-rieckers-11-de-agosto-de-2022-oviedo-residencia-2\/","name":"Ana M\u00aa Rivero Rieckers. 11 de agosto de 2022 (Oviedo Residencia) - En Compa\u00f1\u00eda STJ","isPartOf":{"@id":"https:\/\/encompaniastj.org\/pt-pt\/#website"},"primaryImageOfPage":{"@id":"https:\/\/encompaniastj.org\/pt-pt\/ana-ma-rivero-rieckers-11-de-agosto-de-2022-oviedo-residencia-2\/#primaryimage"},"image":{"@id":"https:\/\/encompaniastj.org\/pt-pt\/ana-ma-rivero-rieckers-11-de-agosto-de-2022-oviedo-residencia-2\/#primaryimage"},"thumbnailUrl":"https:\/\/encompaniastj.org\/wp-content\/uploads\/2025\/05\/wave-213809__480.jpg","datePublished":"2022-08-11T07:59:57+00:00","dateModified":"2025-07-07T14:23:22+00:00","breadcrumb":{"@id":"https:\/\/encompaniastj.org\/pt-pt\/ana-ma-rivero-rieckers-11-de-agosto-de-2022-oviedo-residencia-2\/#breadcrumb"},"inLanguage":"pt-PT","potentialAction":[{"@type":"ReadAction","target":["https:\/\/encompaniastj.org\/pt-pt\/ana-ma-rivero-rieckers-11-de-agosto-de-2022-oviedo-residencia-2\/"]}]},{"@type":"ImageObject","inLanguage":"pt-PT","@id":"https:\/\/encompaniastj.org\/pt-pt\/ana-ma-rivero-rieckers-11-de-agosto-de-2022-oviedo-residencia-2\/#primaryimage","url":"https:\/\/encompaniastj.org\/wp-content\/uploads\/2025\/05\/wave-213809__480.jpg","contentUrl":"https:\/\/encompaniastj.org\/wp-content\/uploads\/2025\/05\/wave-213809__480.jpg","width":640,"height":480},{"@type":"BreadcrumbList","@id":"https:\/\/encompaniastj.org\/pt-pt\/ana-ma-rivero-rieckers-11-de-agosto-de-2022-oviedo-residencia-2\/#breadcrumb","itemListElement":[{"@type":"ListItem","position":1,"name":"Portada","item":"https:\/\/encompaniastj.org\/pt-pt\/"},{"@type":"ListItem","position":2,"name":"Ana M\u00aa Rivero Rieckers. 11 de agosto de 2022 (Oviedo Residencia)"}]},{"@type":"WebSite","@id":"https:\/\/encompaniastj.org\/pt-pt\/#website","url":"https:\/\/encompaniastj.org\/pt-pt\/","name":"En Compa\u00f1\u00eda STJ","description":"Bolet\u00edn de la Compa\u00f1\u00eda de Santa Teresa de Jes\u00fas","publisher":{"@id":"https:\/\/encompaniastj.org\/pt-pt\/#organization"},"potentialAction":[{"@type":"SearchAction","target":{"@type":"EntryPoint","urlTemplate":"https:\/\/encompaniastj.org\/pt-pt\/?s={search_term_string}"},"query-input":{"@type":"PropertyValueSpecification","valueRequired":true,"valueName":"search_term_string"}}],"inLanguage":"pt-PT"},{"@type":"Organization","@id":"https:\/\/encompaniastj.org\/pt-pt\/#organization","name":"Compa\u00f1\u00eda de Santa Teresa de Jes\u00fas","url":"https:\/\/encompaniastj.org\/pt-pt\/","logo":{"@type":"ImageObject","inLanguage":"pt-PT","@id":"https:\/\/encompaniastj.org\/pt-pt\/#\/schema\/logo\/image\/","url":"https:\/\/encompaniastj.org\/wp-content\/uploads\/2025\/04\/logo_provincias02-1-3.png","contentUrl":"https:\/\/encompaniastj.org\/wp-content\/uploads\/2025\/04\/logo_provincias02-1-3.png","width":2368,"height":825,"caption":"Compa\u00f1\u00eda de Santa Teresa de Jes\u00fas"},"image":{"@id":"https:\/\/encompaniastj.org\/pt-pt\/#\/schema\/logo\/image\/"}},{"@type":"Person","@id":"https:\/\/encompaniastj.org\/pt-pt\/#\/schema\/person\/520e7ecc314793d40091993c2a02b651","name":"admin","image":{"@type":"ImageObject","inLanguage":"pt-PT","@id":"https:\/\/secure.gravatar.com\/avatar\/948b492cce32b586ac2db0eaa926ee87024f7afe218d73b397ea5ddfc5f43ea1?s=96&d=mm&r=g","url":"https:\/\/secure.gravatar.com\/avatar\/948b492cce32b586ac2db0eaa926ee87024f7afe218d73b397ea5ddfc5f43ea1?s=96&d=mm&r=g","contentUrl":"https:\/\/secure.gravatar.com\/avatar\/948b492cce32b586ac2db0eaa926ee87024f7afe218d73b397ea5ddfc5f43ea1?s=96&d=mm&r=g","caption":"admin"},"sameAs":["https:\/\/encompaniastj.org"],"url":"https:\/\/encompaniastj.org\/pt-pt\/author\/sjdigital\/"}]}},"_links":{"self":[{"href":"https:\/\/encompaniastj.org\/pt-pt\/wp-json\/wp\/v2\/posts\/11070","targetHints":{"allow":["GET"]}}],"collection":[{"href":"https:\/\/encompaniastj.org\/pt-pt\/wp-json\/wp\/v2\/posts"}],"about":[{"href":"https:\/\/encompaniastj.org\/pt-pt\/wp-json\/wp\/v2\/types\/post"}],"author":[{"embeddable":true,"href":"https:\/\/encompaniastj.org\/pt-pt\/wp-json\/wp\/v2\/users\/1"}],"replies":[{"embeddable":true,"href":"https:\/\/encompaniastj.org\/pt-pt\/wp-json\/wp\/v2\/comments?post=11070"}],"version-history":[{"count":1,"href":"https:\/\/encompaniastj.org\/pt-pt\/wp-json\/wp\/v2\/posts\/11070\/revisions"}],"predecessor-version":[{"id":11071,"href":"https:\/\/encompaniastj.org\/pt-pt\/wp-json\/wp\/v2\/posts\/11070\/revisions\/11071"}],"wp:featuredmedia":[{"embeddable":true,"href":"https:\/\/encompaniastj.org\/pt-pt\/wp-json\/wp\/v2\/media\/7963"}],"wp:attachment":[{"href":"https:\/\/encompaniastj.org\/pt-pt\/wp-json\/wp\/v2\/media?parent=11070"}],"wp:term":[{"taxonomy":"category","embeddable":true,"href":"https:\/\/encompaniastj.org\/pt-pt\/wp-json\/wp\/v2\/categories?post=11070"},{"taxonomy":"post_tag","embeddable":true,"href":"https:\/\/encompaniastj.org\/pt-pt\/wp-json\/wp\/v2\/tags?post=11070"}],"curies":[{"name":"wp","href":"https:\/\/api.w.org\/{rel}","templated":true}]}}